{"id":6174,"date":"2023-06-15T07:59:12","date_gmt":"2023-06-15T07:59:12","guid":{"rendered":"https://www.mnkvillas.com/blog\/?p=6174"},"modified":"2023-06-15T07:59:12","modified_gmt":"2023-06-15T07:59:12","slug":"casas-de-verano-en-menorca-inolvidables","status":"publish","type":"post","link":"https://www.mnkvillas.com/blog\/casas-de-verano-en-menorca-inolvidables","title":{"rendered":"Casas de verano en Menorca inolvidables"},"content":{"rendered":"\n<figure class=\"wp-block-image size-full is-style-default\"><a href=\"https://www.mnkvillas.com/blog\/wp-content\/uploads\/2023\/06\/Casas-de-verano-en-Menorca-inolvidables-MNK-Villas.jpg\"><img loading=\"lazy\" decoding=\"async\" width=\"840\" height=\"389\" src=\"https://www.mnkvillas.com/blog\/wp-content\/uploads\/2023\/06\/Casas-de-verano-en-Menorca-inolvidables-MNK-Villas.jpg\" alt=\"\" class=\"wp-image-6177\" srcset=\"https://www.mnkvillas.com/blog\/wp-content\/uploads\/2023\/06\/Casas-de-verano-en-Menorca-inolvidables-MNK-Villas.jpg 840w, https://www.mnkvillas.com/blog\/wp-content\/uploads\/2023\/06\/Casas-de-verano-en-Menorca-inolvidables-MNK-Villas-300x139.jpg 300w, https://www.mnkvillas.com/blog\/wp-content\/uploads\/2023\/06\/Casas-de-verano-en-Menorca-inolvidables-MNK-Villas-768x356.jpg 768w\" sizes=\"auto, (max-width: 840px) 100vw, 840px\" \/><\/a><\/figure>\n\n\n\n<div style=\"height:30px\" aria-hidden=\"true\" class=\"wp-block-spacer\"><\/div>\n\n\n\n<p>El verano ya est\u00e1 aqu\u00ed: \u00a1es hora de organizar unas vacaciones de pel\u00edcula! Tras todo un a\u00f1o inmerso en la rutina, es momento de desconectar y escaparte al para\u00edso del Mediterr\u00e1neo, Menorca. Y, para ayudarte a organizar tus pr\u00f3ximas vacaciones, en este post descubrir\u00e1s algunas de las <strong>casas de verano en Menorca <\/strong>que convertir\u00e1n tus vacaciones en (a\u00fan m\u00e1s, si puede) inolvidables: \u00a1sigue navegando!<\/p>\n\n\n\n<div style=\"height:15px\" aria-hidden=\"true\" class=\"wp-block-spacer\"><\/div>\n\n\n\n<p>Escoger un buen alojamiento es crucial a la hora de organizar unas vacaciones. Dependiendo de si viajas con familiares, amigos o pareja, pueden surgir unas necesidades u otras de los requerimientos que debe cumplir la <strong>casa de verano en Menorca. <\/strong>Tambi\u00e9n, si valoras m\u00e1s la cercan\u00eda a la playa o eres m\u00e1s de monta\u00f1a, la isla dispone de alojamientos de ensue\u00f1o.<\/p>\n\n\n\n<div style=\"height:15px\" aria-hidden=\"true\" class=\"wp-block-spacer\"><\/div>\n\n\n\n<div class=\"wp-block-columns is-layout-flex wp-container-core-columns-is-layout-9d6595d7 wp-block-columns-is-layout-flex\">\n<div class=\"wp-block-column is-layout-flow wp-block-column-is-layout-flow\" style=\"flex-basis:33.33%\"><div class=\"wp-block-image is-style-rounded\">\n<figure class=\"aligncenter size-full is-resized\"><a href=\"https://www.mnkvillas.com/blog\/wp-content\/uploads\/2023\/06\/Menorca-SA-FONT.jpg\"><img loading=\"lazy\" decoding=\"async\" src=\"https://www.mnkvillas.com/blog\/wp-content\/uploads\/2023\/06\/Menorca-SA-FONT.jpg\" alt=\"\" class=\"wp-image-6179\" width=\"160\" height=\"160\" srcset=\"https://www.mnkvillas.com/blog\/wp-content\/uploads\/2023\/06\/Menorca-SA-FONT.jpg 200w, https://www.mnkvillas.com/blog\/wp-content\/uploads\/2023\/06\/Menorca-SA-FONT-150x150.jpg 150w\" sizes=\"auto, (max-width: 160px) 100vw, 160px\" \/><\/a><\/figure>\n<\/div><\/div>\n\n\n\n<div class=\"wp-block-column is-layout-flow wp-block-column-is-layout-flow\" style=\"flex-basis:66.66%\">\n<h3 class=\"wp-block-heading\"><strong><a href=\"https:\/\/www.mnkvillas.com\/alquiler\/casa-ciutadella-de-menorca-menorca-sa-font-217787.html\" target=\"_blank\" rel=\"noreferrer noopener\">Menorca SA FONT<\/a><\/strong><\/h3>\n\n\n\n<p>Ubicada en el pueblo maravilloso de Ciutadella y a pocos pasos de su puerto, esta casa totalmente reformada cuenta con todo lo necesario. Con capacidad para alojar a 5 personas, esta casa de 150 metros cuadrados es perfecta para <a href=\"https:\/\/www.mnkvillas.com\/blog\/que-ver-en-ciutadella-en-un-dia\" target=\"_blank\" rel=\"noreferrer noopener\">disfrutar de Ciutadella.<\/a><\/p>\n<\/div>\n<\/div>\n\n\n\n<div class=\"wp-block-columns is-layout-flex wp-container-core-columns-is-layout-9d6595d7 wp-block-columns-is-layout-flex\">\n<div class=\"wp-block-column is-layout-flow wp-block-column-is-layout-flow\" style=\"flex-basis:33.33%\"><div class=\"wp-block-image is-style-rounded\">\n<figure class=\"aligncenter size-full is-resized\"><a href=\"https://www.mnkvillas.com/blog\/wp-content\/uploads\/2023\/06\/Villa-ELENA.jpg\"><img loading=\"lazy\" decoding=\"async\" src=\"https://www.mnkvillas.com/blog\/wp-content\/uploads\/2023\/06\/Villa-ELENA.jpg\" alt=\"\" class=\"wp-image-6181\" width=\"160\" height=\"160\" srcset=\"https://www.mnkvillas.com/blog\/wp-content\/uploads\/2023\/06\/Villa-ELENA.jpg 200w, https://www.mnkvillas.com/blog\/wp-content\/uploads\/2023\/06\/Villa-ELENA-150x150.jpg 150w\" sizes=\"auto, (max-width: 160px) 100vw, 160px\" \/><\/a><\/figure>\n<\/div><\/div>\n\n\n\n<div class=\"wp-block-column is-layout-flow wp-block-column-is-layout-flow\" style=\"flex-basis:66.66%\">\n<h3 class=\"wp-block-heading\"><strong><a href=\"https:\/\/www.mnkvillas.com\/alquiler\/villa-binisafuller-villa-elena-393825.html\" target=\"_blank\" rel=\"noreferrer noopener\">Villa ELENA<\/a><\/strong><\/h3>\n\n\n\n<p>Un jard\u00edn y una piscina con mucho encanto: esta villa situada en Binisaf\u00faller te encantar\u00e1. Con 175 metros cuadrados y capacidad para 8 personas, esta cuenta con un amplio jard\u00edn con c\u00e9sped, piscina y mobiliario en exterior para descansar.<\/p>\n<\/div>\n<\/div>\n\n\n\n<div class=\"wp-block-columns is-layout-flex wp-container-core-columns-is-layout-9d6595d7 wp-block-columns-is-layout-flex\">\n<div class=\"wp-block-column is-layout-flow wp-block-column-is-layout-flow\" style=\"flex-basis:33.33%\"><div class=\"wp-block-image is-style-rounded\">\n<figure class=\"aligncenter size-full is-resized\"><a href=\"https://www.mnkvillas.com/blog\/wp-content\/uploads\/2023\/06\/Finca-SANT-JAUME-2023.jpg\"><img loading=\"lazy\" decoding=\"async\" src=\"https://www.mnkvillas.com/blog\/wp-content\/uploads\/2023\/06\/Finca-SANT-JAUME-2023.jpg\" alt=\"\" class=\"wp-image-6178\" width=\"160\" height=\"160\" srcset=\"https://www.mnkvillas.com/blog\/wp-content\/uploads\/2023\/06\/Finca-SANT-JAUME-2023.jpg 200w, https://www.mnkvillas.com/blog\/wp-content\/uploads\/2023\/06\/Finca-SANT-JAUME-2023-150x150.jpg 150w\" sizes=\"auto, (max-width: 160px) 100vw, 160px\" \/><\/a><\/figure>\n<\/div><\/div>\n\n\n\n<div class=\"wp-block-column is-layout-flow wp-block-column-is-layout-flow\" style=\"flex-basis:66.66%\">\n<h3 class=\"wp-block-heading\"><a href=\"https:\/\/www.mnkvillas.com\/alquiler\/finca-son-bou-finca-sant-jaume-223902.html\" target=\"_blank\" rel=\"noreferrer noopener\"><strong>Finca SANT JAUME<\/strong><\/a><\/h3>\n\n\n\n<p>Situada a menos de un kil\u00f3metro de la playa de Son Bou, esta finca ubicada en el campo cuenta con 350 metros cuadrados, repartidos en un alojamiento para 12 personas, con piscina, amplia zona de c\u00e9sped, as\u00ed como tambi\u00e9n con una barbacoa y p\u00e9rgola con sillas y mesas.<\/p>\n<\/div>\n<\/div>\n\n\n\n<div class=\"wp-block-columns is-layout-flex wp-container-core-columns-is-layout-9d6595d7 wp-block-columns-is-layout-flex\">\n<div class=\"wp-block-column is-layout-flow wp-block-column-is-layout-flow\" style=\"flex-basis:33.33%\"><div class=\"wp-block-image is-style-rounded\">\n<figure class=\"aligncenter size-full is-resized\"><a href=\"https://www.mnkvillas.com/blog\/wp-content\/uploads\/2023\/06\/villa-clara-2023.jpg\"><img loading=\"lazy\" decoding=\"async\" src=\"https://www.mnkvillas.com/blog\/wp-content\/uploads\/2023\/06\/villa-clara-2023.jpg\" alt=\"\" class=\"wp-image-6180\" width=\"160\" height=\"160\" srcset=\"https://www.mnkvillas.com/blog\/wp-content\/uploads\/2023\/06\/villa-clara-2023.jpg 200w, https://www.mnkvillas.com/blog\/wp-content\/uploads\/2023\/06\/villa-clara-2023-150x150.jpg 150w\" sizes=\"auto, (max-width: 160px) 100vw, 160px\" \/><\/a><\/figure>\n<\/div><\/div>\n\n\n\n<div class=\"wp-block-column is-layout-flow wp-block-column-is-layout-flow\" style=\"flex-basis:66.66%\">\n<h3 class=\"wp-block-heading\"><a href=\"https:\/\/www.mnkvillas.com\/alquiler\/villa-cap-d-en-font-villa-clara-209186.html\" target=\"_blank\" rel=\"noreferrer noopener\"><strong>Villa CLARA<\/strong><\/a><\/h3>\n\n\n\n<p>A tan solo 5 minutos caminando de la playa, esta villa ubicada en Cap d\u2019en Font tiene capacidad para 8 personas, repartido en 4 amplios dormitorios. Cuenta con 170 metros cuadrados y est\u00e1 rodeada de c\u00e9sped y una amplia parcela y piscina.<\/p>\n<\/div>\n<\/div>\n\n\n\n<div class=\"wp-block-columns is-layout-flex wp-container-core-columns-is-layout-9d6595d7 wp-block-columns-is-layout-flex\">\n<div class=\"wp-block-column is-layout-flow wp-block-column-is-layout-flow\" style=\"flex-basis:33.33%\"><div class=\"wp-block-image is-style-rounded\">\n<figure class=\"aligncenter size-full is-resized\"><a href=\"https://www.mnkvillas.com/blog\/wp-content\/uploads\/2023\/06\/Villa-VISTA-BELLA-2023.jpg\"><img loading=\"lazy\" decoding=\"async\" src=\"https://www.mnkvillas.com/blog\/wp-content\/uploads\/2023\/06\/Villa-VISTA-BELLA-2023.jpg\" alt=\"\" class=\"wp-image-6182\" width=\"160\" height=\"160\" srcset=\"https://www.mnkvillas.com/blog\/wp-content\/uploads\/2023\/06\/Villa-VISTA-BELLA-2023.jpg 200w, https://www.mnkvillas.com/blog\/wp-content\/uploads\/2023\/06\/Villa-VISTA-BELLA-2023-150x150.jpg 150w\" sizes=\"auto, (max-width: 160px) 100vw, 160px\" \/><\/a><\/figure>\n<\/div><\/div>\n\n\n\n<div class=\"wp-block-column is-layout-flow wp-block-column-is-layout-flow\" style=\"flex-basis:66.66%\">\n<h3 class=\"wp-block-heading\"><a href=\"https:\/\/www.mnkvillas.com\/alquiler\/villa-punta-prima-villa-vista-bella-395825.html\" target=\"_blank\" rel=\"noreferrer noopener\"><strong>Villa VISTA BELLA<\/strong><\/a><\/h3>\n\n\n\n<p>Y si las vistas son un <em>must<\/em>, este alojamiento te asombrar\u00e1. Ubicada en primera l\u00ednea de mar, esta villa cuenta con dos terrazas: una con acceso directo al sal\u00f3n y otra terraza sol\u00e1rium con unas vistas inolvidables hacia el mar.<\/p>\n<\/div>\n<\/div>\n\n\n\n<div style=\"height:25px\" aria-hidden=\"true\" class=\"wp-block-spacer\"><\/div>\n\n\n\n<div class=\"wp-block-columns is-layout-flex wp-container-core-columns-is-layout-9d6595d7 wp-block-columns-is-layout-flex\">\n<div class=\"wp-block-column is-layout-flow wp-block-column-is-layout-flow\" style=\"flex-basis:5%\"><\/div>\n\n\n\n<div class=\"wp-block-column is-layout-flow wp-block-column-is-layout-flow\" style=\"flex-basis:90%\">\n<p style=\"text-align:center;\">Por tanto, si ya tienes preparado tu maleta y todo lo necesario para viajar a esta isla ubicada en el Mediterr\u00e1neo\u2026 \u00a1las mejores <strong>casas de verano en Menorca<\/strong> te est\u00e1n esperando!<\/p>\n<\/div>\n\n\n\n<div class=\"wp-block-column is-layout-flow wp-block-column-is-layout-flow\" style=\"flex-basis:5%\"><\/div>\n<\/div>\n\n\n\n<div class=\"wp-block-columns is-layout-flex wp-container-core-columns-is-layout-9d6595d7 wp-block-columns-is-layout-flex\">\n<div class=\"wp-block-column is-layout-flow wp-block-column-is-layout-flow\" style=\"flex-basis:10%\"><\/div>\n\n\n\n<div class=\"wp-block-column is-layout-flow wp-block-column-is-layout-flow\" style=\"flex-basis:80%\">\n<p style=\"text-align:center;color:#06407a;font-weight:600;\">Ya tienes la lista perfecta para recorrer los lugares imprescindibles para visitar en Menorca, \u00bfa qu\u00e9 esperas para descubrirlos?<\/p>\n<\/div>\n\n\n\n<div class=\"wp-block-column is-layout-flow wp-block-column-is-layout-flow\" style=\"flex-basis:10%\"><\/div>\n<\/div>\n\n\n\n<div class=\"wp-block-image\" style=\"padding-top:0px;\"><figure class=\"aligncenter size-large\" style=\"padding-top:15px;\"><img loading=\"lazy\" decoding=\"async\" width=\"144\" height=\"41\" src=\"https://www.mnkvillas.com/blog\/wp-content\/uploads\/2019\/10\/image.png\" alt=\"\" class=\"wp-image-4338\"><\/figure><\/div>\n\n<figure class=\"wp-block-image\" style=\"padding-top:30px;\"><a href=\"https:\/\/www.mnkvillas.com\/\" target=\"_blank\" rel=\"noreferrer noopener\"><img loading=\"lazy\" decoding=\"async\" width=\"800\" height=\"195\" src=\"https://www.mnkvillas.com/blog\/wp-content\/uploads\/2018\/12\/Alojamiento-en-menorca.jpg\" alt=\"alojamiento en menorca\" class=\"wp-image-3782\" srcset=\"https://www.mnkvillas.com/blog\/wp-content\/uploads\/2018\/12\/Alojamiento-en-menorca.jpg 800w, https://www.mnkvillas.com/blog\/wp-content\/uploads\/2018\/12\/Alojamiento-en-menorca-300x73.jpg 300w, https://www.mnkvillas.com/blog\/wp-content\/uploads\/2018\/12\/Alojamiento-en-menorca-768x187.jpg 768w\" sizes=\"auto, (max-width: 800px) 100vw, 800px\" \/><\/a><\/figure>\n","protected":false},"excerpt":{"rendered":"<p>El verano ya est\u00e1 aqu\u00ed: \u00a1es hora de organizar unas vacaciones de pel\u00edcula! Tras todo un a\u00f1o inmerso en la rutina, es momento de desconectar y escaparte al para\u00edso del Mediterr\u00e1neo, Menorca. Y, para ayudarte a organizar tus pr\u00f3ximas vacaciones, en este post descubrir\u00e1s algunas de las casas de verano en Menorca que convertir\u00e1n tus &#8230; <a href=\"https://www.mnkvillas.com/blog\/casas-de-verano-en-menorca-inolvidables\">Continuar<\/a><\/p>\n","protected":false},"author":2,"featured_media":6177,"comment_status":"closed","ping_status":"open","sticky":false,"template":"","format":"standard","meta":{"footnotes":""},"categories":[9,10],"tags":[],"class_list":["post-6174","post","type-post","status-publish","format-standard","has-post-thumbnail","hentry","category-turismo-en-menorca","category-villas-en-menorca"],"yoast_head":"<!-- This site is optimized with the Yoast SEO plugin v27.5 - https:\/\/yoast.com\/product\/yoast-seo-wordpress\/ -->\n<title>Casas de verano en Menorca inolvidables<\/title>\n<meta name=\"description\" content=\"Descubre las mejores casas de verano en Menorca que no te puedes perder estas pr\u00f3ximas vacaciones: \u00a1desc\u00fabrelas!\" \/>\n<meta name=\"robots\" content=\"index, follow, max-snippet:-1, max-image-preview:large, max-video-preview:-1\" \/>\n<link rel=\"canonical\" href=\"https://www.mnkvillas.com/blog\/casas-de-verano-en-menorca-inolvidables\" \/>\n<meta property=\"og:locale\" content=\"es_ES\" \/>\n<meta property=\"og:type\" content=\"article\" \/>\n<meta property=\"og:title\" content=\"Casas de verano en Menorca inolvidables\" \/>\n<meta property=\"og:description\" content=\"Descubre las mejores casas de verano en Menorca que no te puedes perder estas pr\u00f3ximas vacaciones: \u00a1desc\u00fabrelas!\" \/>\n<meta property=\"og:url\" content=\"https://www.mnkvillas.com/blog\/casas-de-verano-en-menorca-inolvidables\" \/>\n<meta property=\"og:site_name\" content=\"El Blog de MNK Villas\" \/>\n<meta property=\"article:published_time\" content=\"2023-06-15T07:59:12+00:00\" \/>\n<meta property=\"og:image\" content=\"https://www.mnkvillas.com/blog\/wp-content\/uploads\/2023\/06\/Casas-de-verano-en-Menorca-inolvidables-MNK-Villas.jpg\" \/>\n\t<meta property=\"og:image:width\" content=\"840\" \/>\n\t<meta property=\"og:image:height\" content=\"389\" \/>\n\t<meta property=\"og:image:type\" content=\"image\/jpeg\" \/>\n<meta name=\"author\" content=\"MNK Villas\" \/>\n<meta name=\"twitter:card\" content=\"summary_large_image\" \/>\n<meta name=\"twitter:label1\" content=\"Escrito por\" \/>\n\t<meta name=\"twitter:data1\" content=\"MNK Villas\" \/>\n\t<meta name=\"twitter:label2\" content=\"Tiempo de lectura\" \/>\n\t<meta name=\"twitter:data2\" content=\"4 minutos\" \/>\n<script type=\"application\/ld+json\" class=\"yoast-schema-graph\">{\"@context\":\"https:\\\/\\\/schema.org\",\"@graph\":[{\"@type\":\"Article\",\"@id\":\"https:\\\/\\\/blog.mnkvillas.com\\\/casas-de-verano-en-menorca-inolvidables#article\",\"isPartOf\":{\"@id\":\"https:\\\/\\\/blog.mnkvillas.com\\\/casas-de-verano-en-menorca-inolvidables\"},\"author\":{\"name\":\"MNK Villas\",\"@id\":\"https:\\\/\\\/blog.mnkvillas.com\\\/#\\\/schema\\\/person\\\/5efebb89c1bdae18cb0ab6c4a34d438d\"},\"headline\":\"Casas de verano en Menorca inolvidables\",\"datePublished\":\"2023-06-15T07:59:12+00:00\",\"mainEntityOfPage\":{\"@id\":\"https:\\\/\\\/blog.mnkvillas.com\\\/casas-de-verano-en-menorca-inolvidables\"},\"wordCount\":425,\"image\":{\"@id\":\"https:\\\/\\\/blog.mnkvillas.com\\\/casas-de-verano-en-menorca-inolvidables#primaryimage\"},\"thumbnailUrl\":\"https:\\\/\\\/blog.mnkvillas.com\\\/wp-content\\\/uploads\\\/2023\\\/06\\\/Casas-de-verano-en-Menorca-inolvidables-MNK-Villas.jpg\",\"articleSection\":[\"Turismo en Menorca\",\"Villas en Menorca\"],\"inLanguage\":\"es\"},{\"@type\":\"WebPage\",\"@id\":\"https:\\\/\\\/blog.mnkvillas.com\\\/casas-de-verano-en-menorca-inolvidables\",\"url\":\"https:\\\/\\\/blog.mnkvillas.com\\\/casas-de-verano-en-menorca-inolvidables\",\"name\":\"Casas de verano en Menorca inolvidables\",\"isPartOf\":{\"@id\":\"https:\\\/\\\/blog.mnkvillas.com\\\/#website\"},\"primaryImageOfPage\":{\"@id\":\"https:\\\/\\\/blog.mnkvillas.com\\\/casas-de-verano-en-menorca-inolvidables#primaryimage\"},\"image\":{\"@id\":\"https:\\\/\\\/blog.mnkvillas.com\\\/casas-de-verano-en-menorca-inolvidables#primaryimage\"},\"thumbnailUrl\":\"https:\\\/\\\/blog.mnkvillas.com\\\/wp-content\\\/uploads\\\/2023\\\/06\\\/Casas-de-verano-en-Menorca-inolvidables-MNK-Villas.jpg\",\"datePublished\":\"2023-06-15T07:59:12+00:00\",\"author\":{\"@id\":\"https:\\\/\\\/blog.mnkvillas.com\\\/#\\\/schema\\\/person\\\/5efebb89c1bdae18cb0ab6c4a34d438d\"},\"description\":\"Descubre las mejores casas de verano en Menorca que no te puedes perder estas pr\u00f3ximas vacaciones: \u00a1desc\u00fabrelas!\",\"breadcrumb\":{\"@id\":\"https:\\\/\\\/blog.mnkvillas.com\\\/casas-de-verano-en-menorca-inolvidables#breadcrumb\"},\"inLanguage\":\"es\",\"potentialAction\":[{\"@type\":\"ReadAction\",\"target\":[\"https:\\\/\\\/blog.mnkvillas.com\\\/casas-de-verano-en-menorca-inolvidables\"]}]},{\"@type\":\"ImageObject\",\"inLanguage\":\"es\",\"@id\":\"https:\\\/\\\/blog.mnkvillas.com\\\/casas-de-verano-en-menorca-inolvidables#primaryimage\",\"url\":\"https:\\\/\\\/blog.mnkvillas.com\\\/wp-content\\\/uploads\\\/2023\\\/06\\\/Casas-de-verano-en-Menorca-inolvidables-MNK-Villas.jpg\",\"contentUrl\":\"https:\\\/\\\/blog.mnkvillas.com\\\/wp-content\\\/uploads\\\/2023\\\/06\\\/Casas-de-verano-en-Menorca-inolvidables-MNK-Villas.jpg\",\"width\":840,\"height\":389},{\"@type\":\"BreadcrumbList\",\"@id\":\"https:\\\/\\\/blog.mnkvillas.com\\\/casas-de-verano-en-menorca-inolvidables#breadcrumb\",\"itemListElement\":[{\"@type\":\"ListItem\",\"position\":1,\"name\":\"Portada\",\"item\":\"https:\\\/\\\/blog.mnkvillas.com\\\/\"},{\"@type\":\"ListItem\",\"position\":2,\"name\":\"Casas de verano en Menorca inolvidables\"}]},{\"@type\":\"WebSite\",\"@id\":\"https:\\\/\\\/blog.mnkvillas.com\\\/#website\",\"url\":\"https:\\\/\\\/blog.mnkvillas.com\\\/\",\"name\":\"El Blog de MNK Villas\",\"description\":\"Gesti\u00f3n y comercializaci\u00f3n de casas y villas en Menorca\",\"potentialAction\":[{\"@type\":\"SearchAction\",\"target\":{\"@type\":\"EntryPoint\",\"urlTemplate\":\"https:\\\/\\\/blog.mnkvillas.com\\\/?s={search_term_string}\"},\"query-input\":{\"@type\":\"PropertyValueSpecification\",\"valueRequired\":true,\"valueName\":\"search_term_string\"}}],\"inLanguage\":\"es\"},{\"@type\":\"Person\",\"@id\":\"https:\\\/\\\/blog.mnkvillas.com\\\/#\\\/schema\\\/person\\\/5efebb89c1bdae18cb0ab6c4a34d438d\",\"name\":\"MNK Villas\",\"image\":{\"@type\":\"ImageObject\",\"inLanguage\":\"es\",\"@id\":\"https:\\\/\\\/secure.gravatar.com\\\/avatar\\\/32fd5f16b06bfc66336905f2701aff5bb0df631080894bd3d84147be1c1a1ac8?s=96&d=mm&r=g\",\"url\":\"https:\\\/\\\/secure.gravatar.com\\\/avatar\\\/32fd5f16b06bfc66336905f2701aff5bb0df631080894bd3d84147be1c1a1ac8?s=96&d=mm&r=g\",\"contentUrl\":\"https:\\\/\\\/secure.gravatar.com\\\/avatar\\\/32fd5f16b06bfc66336905f2701aff5bb0df631080894bd3d84147be1c1a1ac8?s=96&d=mm&r=g\",\"caption\":\"MNK Villas\"},\"url\":\"https:\\\/\\\/blog.mnkvillas.com\\\/author\\\/mnk-villas\"}]}<\/script>\n<!-- \/ Yoast SEO plugin. -->","yoast_head_json":{"title":"Casas de verano en Menorca inolvidables","description":"Descubre las mejores casas de verano en Menorca que no te puedes perder estas pr\u00f3ximas vacaciones: \u00a1desc\u00fabrelas!","robots":{"index":"index","follow":"follow","max-snippet":"max-snippet:-1","max-image-preview":"max-image-preview:large","max-video-preview":"max-video-preview:-1"},"canonical":"https://www.mnkvillas.com/blog\/casas-de-verano-en-menorca-inolvidables","og_locale":"es_ES","og_type":"article","og_title":"Casas de verano en Menorca inolvidables","og_description":"Descubre las mejores casas de verano en Menorca que no te puedes perder estas pr\u00f3ximas vacaciones: \u00a1desc\u00fabrelas!","og_url":"https://www.mnkvillas.com/blog\/casas-de-verano-en-menorca-inolvidables","og_site_name":"El Blog de MNK Villas","article_published_time":"2023-06-15T07:59:12+00:00","og_image":[{"width":840,"height":389,"url":"https://www.mnkvillas.com/blog\/wp-content\/uploads\/2023\/06\/Casas-de-verano-en-Menorca-inolvidables-MNK-Villas.jpg","type":"image\/jpeg"}],"author":"MNK Villas","twitter_card":"summary_large_image","twitter_misc":{"Escrito por":"MNK Villas","Tiempo de lectura":"4 minutos"},"schema":{"@context":"https:\/\/schema.org","@graph":[{"@type":"Article","@id":"https://www.mnkvillas.com/blog\/casas-de-verano-en-menorca-inolvidables#article","isPartOf":{"@id":"https://www.mnkvillas.com/blog\/casas-de-verano-en-menorca-inolvidables"},"author":{"name":"MNK Villas","@id":"https://www.mnkvillas.com/blog\/#\/schema\/person\/5efebb89c1bdae18cb0ab6c4a34d438d"},"headline":"Casas de verano en Menorca inolvidables","datePublished":"2023-06-15T07:59:12+00:00","mainEntityOfPage":{"@id":"https://www.mnkvillas.com/blog\/casas-de-verano-en-menorca-inolvidables"},"wordCount":425,"image":{"@id":"https://www.mnkvillas.com/blog\/casas-de-verano-en-menorca-inolvidables#primaryimage"},"thumbnailUrl":"https://www.mnkvillas.com/blog\/wp-content\/uploads\/2023\/06\/Casas-de-verano-en-Menorca-inolvidables-MNK-Villas.jpg","articleSection":["Turismo en Menorca","Villas en Menorca"],"inLanguage":"es"},{"@type":"WebPage","@id":"https://www.mnkvillas.com/blog\/casas-de-verano-en-menorca-inolvidables","url":"https://www.mnkvillas.com/blog\/casas-de-verano-en-menorca-inolvidables","name":"Casas de verano en Menorca inolvidables","isPartOf":{"@id":"https://www.mnkvillas.com/blog\/#website"},"primaryImageOfPage":{"@id":"https://www.mnkvillas.com/blog\/casas-de-verano-en-menorca-inolvidables#primaryimage"},"image":{"@id":"https://www.mnkvillas.com/blog\/casas-de-verano-en-menorca-inolvidables#primaryimage"},"thumbnailUrl":"https://www.mnkvillas.com/blog\/wp-content\/uploads\/2023\/06\/Casas-de-verano-en-Menorca-inolvidables-MNK-Villas.jpg","datePublished":"2023-06-15T07:59:12+00:00","author":{"@id":"https://www.mnkvillas.com/blog\/#\/schema\/person\/5efebb89c1bdae18cb0ab6c4a34d438d"},"description":"Descubre las mejores casas de verano en Menorca que no te puedes perder estas pr\u00f3ximas vacaciones: \u00a1desc\u00fabrelas!","breadcrumb":{"@id":"https://www.mnkvillas.com/blog\/casas-de-verano-en-menorca-inolvidables#breadcrumb"},"inLanguage":"es","potentialAction":[{"@type":"ReadAction","target":["https://www.mnkvillas.com/blog\/casas-de-verano-en-menorca-inolvidables"]}]},{"@type":"ImageObject","inLanguage":"es","@id":"https://www.mnkvillas.com/blog\/casas-de-verano-en-menorca-inolvidables#primaryimage","url":"https://www.mnkvillas.com/blog\/wp-content\/uploads\/2023\/06\/Casas-de-verano-en-Menorca-inolvidables-MNK-Villas.jpg","contentUrl":"https://www.mnkvillas.com/blog\/wp-content\/uploads\/2023\/06\/Casas-de-verano-en-Menorca-inolvidables-MNK-Villas.jpg","width":840,"height":389},{"@type":"BreadcrumbList","@id":"https://www.mnkvillas.com/blog\/casas-de-verano-en-menorca-inolvidables#breadcrumb","itemListElement":[{"@type":"ListItem","position":1,"name":"Portada","item":"https://www.mnkvillas.com/blog\/"},{"@type":"ListItem","position":2,"name":"Casas de verano en Menorca inolvidables"}]},{"@type":"WebSite","@id":"https://www.mnkvillas.com/blog\/#website","url":"https://www.mnkvillas.com/blog\/","name":"El Blog de MNK Villas","description":"Gesti\u00f3n y comercializaci\u00f3n de casas y villas en Menorca","potentialAction":[{"@type":"SearchAction","target":{"@type":"EntryPoint","urlTemplate":"https://www.mnkvillas.com/blog\/?s={search_term_string}"},"query-input":{"@type":"PropertyValueSpecification","valueRequired":true,"valueName":"search_term_string"}}],"inLanguage":"es"},{"@type":"Person","@id":"https://www.mnkvillas.com/blog\/#\/schema\/person\/5efebb89c1bdae18cb0ab6c4a34d438d","name":"MNK Villas","image":{"@type":"ImageObject","inLanguage":"es","@id":"https:\/\/secure.gravatar.com\/avatar\/32fd5f16b06bfc66336905f2701aff5bb0df631080894bd3d84147be1c1a1ac8?s=96&d=mm&r=g","url":"https:\/\/secure.gravatar.com\/avatar\/32fd5f16b06bfc66336905f2701aff5bb0df631080894bd3d84147be1c1a1ac8?s=96&d=mm&r=g","contentUrl":"https:\/\/secure.gravatar.com\/avatar\/32fd5f16b06bfc66336905f2701aff5bb0df631080894bd3d84147be1c1a1ac8?s=96&d=mm&r=g","caption":"MNK Villas"},"url":"https://www.mnkvillas.com/blog\/author\/mnk-villas"}]}},"_links":{"self":[{"href":"https://www.mnkvillas.com/blog\/wp-json\/wp\/v2\/posts\/6174","targetHints":{"allow":["GET"]}}],"collection":[{"href":"https://www.mnkvillas.com/blog\/wp-json\/wp\/v2\/posts"}],"about":[{"href":"https://www.mnkvillas.com/blog\/wp-json\/wp\/v2\/types\/post"}],"author":[{"embeddable":true,"href":"https://www.mnkvillas.com/blog\/wp-json\/wp\/v2\/users\/2"}],"replies":[{"embeddable":true,"href":"https://www.mnkvillas.com/blog\/wp-json\/wp\/v2\/comments?post=6174"}],"version-history":[{"count":22,"href":"https://www.mnkvillas.com/blog\/wp-json\/wp\/v2\/posts\/6174\/revisions"}],"predecessor-version":[{"id":6202,"href":"https://www.mnkvillas.com/blog\/wp-json\/wp\/v2\/posts\/6174\/revisions\/6202"}],"wp:featuredmedia":[{"embeddable":true,"href":"https://www.mnkvillas.com/blog\/wp-json\/wp\/v2\/media\/6177"}],"wp:attachment":[{"href":"https://www.mnkvillas.com/blog\/wp-json\/wp\/v2\/media?parent=6174"}],"wp:term":[{"taxonomy":"category","embeddable":true,"href":"https://www.mnkvillas.com/blog\/wp-json\/wp\/v2\/categories?post=6174"},{"taxonomy":"post_tag","embeddable":true,"href":"https://www.mnkvillas.com/blog\/wp-json\/wp\/v2\/tags?post=6174"}],"curies":[{"name":"wp","href":"https:\/\/api.w.org\/{rel}","templated":true}]}}