{"id":5584,"date":"2021-08-15T10:42:00","date_gmt":"2021-08-15T10:42:00","guid":{"rendered":"https://www.mnkvillas.com/blog\/?p=5584"},"modified":"2021-08-20T10:42:46","modified_gmt":"2021-08-20T10:42:46","slug":"alquiler-vacacional-en-menorca","status":"publish","type":"post","link":"https://www.mnkvillas.com/blog\/alquiler-vacacional-en-menorca","title":{"rendered":"\u00bfTe apetece conocer Menorca este verano?"},"content":{"rendered":"\n<figure class=\"wp-block-image size-full is-style-default\"><a href=\"https://www.mnkvillas.com/blog\/wp-content\/uploads\/2021\/08\/Te-apetece-conocer-Menorca-este-verano.jpg\"><img loading=\"lazy\" decoding=\"async\" width=\"840\" height=\"389\" src=\"https://www.mnkvillas.com/blog\/wp-content\/uploads\/2021\/08\/Te-apetece-conocer-Menorca-este-verano.jpg\" alt=\"\" class=\"wp-image-5585\" srcset=\"https://www.mnkvillas.com/blog\/wp-content\/uploads\/2021\/08\/Te-apetece-conocer-Menorca-este-verano.jpg 840w, https://www.mnkvillas.com/blog\/wp-content\/uploads\/2021\/08\/Te-apetece-conocer-Menorca-este-verano-300x139.jpg 300w, https://www.mnkvillas.com/blog\/wp-content\/uploads\/2021\/08\/Te-apetece-conocer-Menorca-este-verano-768x356.jpg 768w\" sizes=\"auto, (max-width: 840px) 100vw, 840px\" \/><\/a><\/figure>\n\n\n\n<div style=\"height:30px\" aria-hidden=\"true\" class=\"wp-block-spacer\"><\/div>\n\n\n\n<p>El verano ya est\u00e1 aqu\u00ed, pero no durar\u00e1 mucho. Por eso, mientras antes tomemos una decisi\u00f3n sobre las vacaciones que merecemos, mejor. A fin de cuentas, el estr\u00e9s causado por la pandemia, sumado adem\u00e1s a las largas jornadas de estudios o trabajo, no nos ponen las cosas f\u00e1ciles para descansar.<\/p>\n\n\n\n<div style=\"height:15px\" aria-hidden=\"true\" class=\"wp-block-spacer\"><\/div>\n\n\n\n<p>Permitirnos un viaje a un lugar precioso y paradis\u00edaco, lleno de naturaleza, relax y diversi\u00f3n, es lo mejor que podemos hacer por nosotros. As\u00ed, por ejemplo, podemos tomar la acertada decisi\u00f3n de reservar un <strong>alquiler vacacional en Menorca<\/strong>.<\/p>\n\n\n\n<div style=\"height:15px\" aria-hidden=\"true\" class=\"wp-block-spacer\"><\/div>\n\n\n\n<p>\u00bfQu\u00e9 puede ofrecernos esta bonita isla del Mediterr\u00e1neo? \u00bfPor qu\u00e9 es una opci\u00f3n digna para irnos de vacaciones? Veamos algunos ejemplos que sin duda nos convencer\u00e1n:<\/p>\n\n\n\n<div style=\"height:30px\" aria-hidden=\"true\" class=\"wp-block-spacer\"><\/div>\n\n\n\n<div class=\"wp-block-columns is-layout-flex wp-container-core-columns-is-layout-9d6595d7 wp-block-columns-is-layout-flex\">\n<div class=\"wp-block-column is-layout-flow wp-block-column-is-layout-flow\" style=\"flex-basis:33.33%\">\n<div class=\"wp-block-image is-style-rounded\"><figure class=\"aligncenter size-full is-resized\"><a href=\"https://www.mnkvillas.com/blog\/wp-content\/uploads\/2021\/08\/playas-en-menorca.jpg\"><img loading=\"lazy\" decoding=\"async\" src=\"https://www.mnkvillas.com/blog\/wp-content\/uploads\/2021\/08\/playas-en-menorca.jpg\" alt=\"\" class=\"wp-image-5587\" width=\"200\" height=\"200\" srcset=\"https://www.mnkvillas.com/blog\/wp-content\/uploads\/2021\/08\/playas-en-menorca.jpg 800w, https://www.mnkvillas.com/blog\/wp-content\/uploads\/2021\/08\/playas-en-menorca-300x300.jpg 300w, https://www.mnkvillas.com/blog\/wp-content\/uploads\/2021\/08\/playas-en-menorca-150x150.jpg 150w, https://www.mnkvillas.com/blog\/wp-content\/uploads\/2021\/08\/playas-en-menorca-768x768.jpg 768w, https://www.mnkvillas.com/blog\/wp-content\/uploads\/2021\/08\/playas-en-menorca-365x365.jpg 365w\" sizes=\"auto, (max-width: 200px) 100vw, 200px\" \/><\/a><\/figure><\/div>\n<\/div>\n\n\n\n<div class=\"wp-block-column is-layout-flow wp-block-column-is-layout-flow\" style=\"flex-basis:66.66%\">\n<div style=\"height:20px\" aria-hidden=\"true\" class=\"wp-block-spacer\"><\/div>\n\n\n\n<h2 class=\"has-text-color\" style=\"color:#06407a; font-size:26px;\"><strong>Sol, playa y mar<\/strong><\/h2>\n\n\n\n<p>Por supuesto, en la \u00e9poca estival es normal que encontrar un destino con playas de ensue\u00f1o sea una de nuestras prioridades. Si decidimos recurrir al <strong>alquiler vacacional en Menorca<\/strong>, cada d\u00eda podemos descubrir calas de ensue\u00f1o como Macarelleta, Turqueta o <a href=\"https:\/\/www.mnkvillas.com\/blog\/cala-pregonda\" target=\"_blank\" rel=\"noreferrer noopener\">Pregonda<\/a>, de aguas turquesas, arena dorada y vegetaci\u00f3n llena de frescor.<\/p>\n\n\n\n<div style=\"height:20px\" aria-hidden=\"true\" class=\"wp-block-spacer\"><\/div>\n<\/div>\n<\/div>\n\n\n\n<div class=\"wp-block-columns is-layout-flex wp-container-core-columns-is-layout-9d6595d7 wp-block-columns-is-layout-flex\">\n<div class=\"wp-block-column is-layout-flow wp-block-column-is-layout-flow\" style=\"flex-basis:33.33%\">\n<div class=\"wp-block-image is-style-rounded\"><figure class=\"aligncenter size-full is-resized\"><a href=\"https://www.mnkvillas.com/blog\/wp-content\/uploads\/2021\/08\/bosques-en-menorca.jpg\"><img loading=\"lazy\" decoding=\"async\" src=\"https://www.mnkvillas.com/blog\/wp-content\/uploads\/2021\/08\/bosques-en-menorca.jpg\" alt=\"\" class=\"wp-image-5591\" width=\"200\" height=\"200\" srcset=\"https://www.mnkvillas.com/blog\/wp-content\/uploads\/2021\/08\/bosques-en-menorca.jpg 800w, https://www.mnkvillas.com/blog\/wp-content\/uploads\/2021\/08\/bosques-en-menorca-300x300.jpg 300w, https://www.mnkvillas.com/blog\/wp-content\/uploads\/2021\/08\/bosques-en-menorca-150x150.jpg 150w, https://www.mnkvillas.com/blog\/wp-content\/uploads\/2021\/08\/bosques-en-menorca-768x768.jpg 768w, https://www.mnkvillas.com/blog\/wp-content\/uploads\/2021\/08\/bosques-en-menorca-365x365.jpg 365w\" sizes=\"auto, (max-width: 200px) 100vw, 200px\" \/><\/a><\/figure><\/div>\n<\/div>\n\n\n\n<div class=\"wp-block-column is-layout-flow wp-block-column-is-layout-flow\" style=\"flex-basis:66.66%\">\n<div style=\"height:10px\" aria-hidden=\"true\" class=\"wp-block-spacer\"><\/div>\n\n\n\n<h2 class=\"has-text-color\" style=\"color:#06407a; font-size:26px;\"><strong>Bosques llenos de vida<\/strong><\/h2>\n\n\n\n<p>Si nos apetece sumergirnos un poco entre bosques de pino, o quiz\u00e1 conocer la flora y fauna de la isla, podemos adentrarnos entre los \u00e1rboles de Menorca, o descubrir la heterog\u00e9nea flora y fauna aut\u00f3ctonas en el Parque Natural de S&#8217;Albufera des Grau.<\/p>\n\n\n\n<div style=\"height:20px\" aria-hidden=\"true\" class=\"wp-block-spacer\"><\/div>\n<\/div>\n<\/div>\n\n\n\n<div class=\"wp-block-columns is-layout-flex wp-container-core-columns-is-layout-9d6595d7 wp-block-columns-is-layout-flex\">\n<div class=\"wp-block-column is-layout-flow wp-block-column-is-layout-flow\" style=\"flex-basis:33.33%\">\n<div class=\"wp-block-image is-style-rounded\"><figure class=\"aligncenter size-full is-resized\"><a href=\"https://www.mnkvillas.com/blog\/wp-content\/uploads\/2021\/08\/caldereta-de-langosta-menorquina.jpg\"><img loading=\"lazy\" decoding=\"async\" src=\"https://www.mnkvillas.com/blog\/wp-content\/uploads\/2021\/08\/caldereta-de-langosta-menorquina.jpg\" alt=\"\" class=\"wp-image-5599\" width=\"200\" height=\"200\" srcset=\"https://www.mnkvillas.com/blog\/wp-content\/uploads\/2021\/08\/caldereta-de-langosta-menorquina.jpg 800w, https://www.mnkvillas.com/blog\/wp-content\/uploads\/2021\/08\/caldereta-de-langosta-menorquina-300x300.jpg 300w, https://www.mnkvillas.com/blog\/wp-content\/uploads\/2021\/08\/caldereta-de-langosta-menorquina-150x150.jpg 150w, https://www.mnkvillas.com/blog\/wp-content\/uploads\/2021\/08\/caldereta-de-langosta-menorquina-768x768.jpg 768w, https://www.mnkvillas.com/blog\/wp-content\/uploads\/2021\/08\/caldereta-de-langosta-menorquina-365x365.jpg 365w\" sizes=\"auto, (max-width: 200px) 100vw, 200px\" \/><\/a><\/figure><\/div>\n<\/div>\n\n\n\n<div class=\"wp-block-column is-layout-flow wp-block-column-is-layout-flow\" style=\"flex-basis:66.66%\">\n<div style=\"height:10px\" aria-hidden=\"true\" class=\"wp-block-spacer\"><\/div>\n\n\n\n<h2 class=\"has-text-color\" style=\"color:#06407a; font-size:26px;\"><strong>Gastronom\u00eda y tradici\u00f3n<\/strong><\/h2>\n\n\n\n<p>Los pueblecitos de tradici\u00f3n pesquera, calles empedradas y arquitectura que refleja la luz del sol son ideales para conocer la vida m\u00e1s costumbrista de Menorca. Si tomamos la decisi\u00f3n de reservar <strong>alquiler vacacional en Menorca<\/strong>, no solo podemos visitarlos, sino disfrutar en ellos de la gastronom\u00eda menorquina, como la langosta u otras delicias del mar.<\/p>\n\n\n\n<div style=\"height:20px\" aria-hidden=\"true\" class=\"wp-block-spacer\"><\/div>\n<\/div>\n<\/div>\n\n\n\n<div class=\"wp-block-columns is-layout-flex wp-container-core-columns-is-layout-9d6595d7 wp-block-columns-is-layout-flex\">\n<div class=\"wp-block-column is-layout-flow wp-block-column-is-layout-flow\" style=\"flex-basis:33.33%\">\n<div class=\"wp-block-image is-style-rounded\"><figure class=\"aligncenter size-full is-resized\"><a href=\"https://www.mnkvillas.com/blog\/wp-content\/uploads\/2021\/08\/monumentos-en-menorca.jpg\"><img loading=\"lazy\" decoding=\"async\" src=\"https://www.mnkvillas.com/blog\/wp-content\/uploads\/2021\/08\/monumentos-en-menorca.jpg\" alt=\"\" class=\"wp-image-5600\" width=\"200\" height=\"200\" srcset=\"https://www.mnkvillas.com/blog\/wp-content\/uploads\/2021\/08\/monumentos-en-menorca.jpg 800w, https://www.mnkvillas.com/blog\/wp-content\/uploads\/2021\/08\/monumentos-en-menorca-300x300.jpg 300w, https://www.mnkvillas.com/blog\/wp-content\/uploads\/2021\/08\/monumentos-en-menorca-150x150.jpg 150w, https://www.mnkvillas.com/blog\/wp-content\/uploads\/2021\/08\/monumentos-en-menorca-768x768.jpg 768w, https://www.mnkvillas.com/blog\/wp-content\/uploads\/2021\/08\/monumentos-en-menorca-365x365.jpg 365w\" sizes=\"auto, (max-width: 200px) 100vw, 200px\" \/><\/a><\/figure><\/div>\n<\/div>\n\n\n\n<div class=\"wp-block-column is-layout-flow wp-block-column-is-layout-flow\" style=\"flex-basis:66.66%\">\n<div style=\"height:10px\" aria-hidden=\"true\" class=\"wp-block-spacer\"><\/div>\n\n\n\n<h2 class=\"has-text-color\" style=\"color:#06407a; font-size:26px;\"><strong>Historia y cultura<\/strong><\/h2>\n\n\n\n<p>\u00bfQui\u00e9n dice que unas vacaciones de verano no son una \u00e9poca ideal para aprender arqueolog\u00eda? Los monumentos prehist\u00f3ricos talay\u00f3ticos de Menorca, como las ruinas funerarias de la Naveta des Tudons, son una ocasi\u00f3n ideal para ello.<\/p>\n\n\n\n<div style=\"height:20px\" aria-hidden=\"true\" class=\"wp-block-spacer\"><\/div>\n<\/div>\n<\/div>\n\n\n\n<div class=\"wp-block-columns is-layout-flex wp-container-core-columns-is-layout-9d6595d7 wp-block-columns-is-layout-flex\">\n<div class=\"wp-block-column is-layout-flow wp-block-column-is-layout-flow\" style=\"flex-basis:33.33%\">\n<div class=\"wp-block-image is-style-rounded\"><figure class=\"aligncenter size-full is-resized\"><a href=\"https://www.mnkvillas.com/blog\/wp-content\/uploads\/2021\/08\/villa-de-lujos-en-menorca.jpg\"><img loading=\"lazy\" decoding=\"async\" src=\"https://www.mnkvillas.com/blog\/wp-content\/uploads\/2021\/08\/villa-de-lujos-en-menorca.jpg\" alt=\"\" class=\"wp-image-5601\" width=\"200\" height=\"200\" srcset=\"https://www.mnkvillas.com/blog\/wp-content\/uploads\/2021\/08\/villa-de-lujos-en-menorca.jpg 800w, https://www.mnkvillas.com/blog\/wp-content\/uploads\/2021\/08\/villa-de-lujos-en-menorca-300x300.jpg 300w, https://www.mnkvillas.com/blog\/wp-content\/uploads\/2021\/08\/villa-de-lujos-en-menorca-150x150.jpg 150w, https://www.mnkvillas.com/blog\/wp-content\/uploads\/2021\/08\/villa-de-lujos-en-menorca-768x768.jpg 768w, https://www.mnkvillas.com/blog\/wp-content\/uploads\/2021\/08\/villa-de-lujos-en-menorca-365x365.jpg 365w\" sizes=\"auto, (max-width: 200px) 100vw, 200px\" \/><\/a><\/figure><\/div>\n<\/div>\n\n\n\n<div class=\"wp-block-column is-layout-flow wp-block-column-is-layout-flow\" style=\"flex-basis:66.66%\">\n<div style=\"height:10px\" aria-hidden=\"true\" class=\"wp-block-spacer\"><\/div>\n\n\n\n<h2 class=\"has-text-color\" style=\"color:#06407a; font-size:26px;\"><strong>Villas de lujo inolvidables<\/strong><\/h2>\n\n\n\n<p>Por supuesto, no debemos olvidar el <strong><a href=\"https:\/\/www.mnkvillas.com\/alquiler\/alquiler-alquileres-d0\/\">alquiler vacacional en Menorca<\/a> <\/strong>propiamente dicho. Nuestras villas, sin ir m\u00e1s lejos, ofrecen un espacio \u00edntimo, hogare\u00f1o y lujoso con piscina privada, campo y habitaciones confortables.<\/p>\n\n\n\n<div style=\"height:20px\" aria-hidden=\"true\" class=\"wp-block-spacer\"><\/div>\n<\/div>\n<\/div>\n\n\n\n<p>En resumen, esta encantadora isla mediterr\u00e1nea tiene todo lo que cualquier persona necesita para pasar unos d\u00edas memorables. \u00bfNecesitas m\u00e1s excusas para conocer Menorca este verano?<\/p>\n\n\n\n<div class=\"wp-block-image\" style=\"padding-top:30px;\"><figure class=\"aligncenter size-large\" style=\"padding-top:15px;\"><img loading=\"lazy\" decoding=\"async\" width=\"144\" height=\"41\" src=\"https://www.mnkvillas.com/blog\/wp-content\/uploads\/2019\/10\/image.png\" alt=\"\" class=\"wp-image-4338\"><\/figure><\/div>\n\n<figure class=\"wp-block-image\" style=\"padding-top:30px;\"><a href=\"https:\/\/www.mnkvillas.com\/\" target=\"_blank\" rel=\"noreferrer noopener\"><img loading=\"lazy\" decoding=\"async\" width=\"800\" height=\"195\" src=\"https://www.mnkvillas.com/blog\/wp-content\/uploads\/2018\/12\/Alojamiento-en-menorca.jpg\" alt=\"alojamiento en menorca\" class=\"wp-image-3782\" srcset=\"https://www.mnkvillas.com/blog\/wp-content\/uploads\/2018\/12\/Alojamiento-en-menorca.jpg 800w, https://www.mnkvillas.com/blog\/wp-content\/uploads\/2018\/12\/Alojamiento-en-menorca-300x73.jpg 300w, https://www.mnkvillas.com/blog\/wp-content\/uploads\/2018\/12\/Alojamiento-en-menorca-768x187.jpg 768w\" sizes=\"auto, (max-width: 800px) 100vw, 800px\" \/><\/a><\/figure>\n","protected":false},"excerpt":{"rendered":"<p>El verano ya est\u00e1 aqu\u00ed, pero no durar\u00e1 mucho. Por eso, mientras antes tomemos una decisi\u00f3n sobre las vacaciones que merecemos, mejor. A fin de cuentas, el estr\u00e9s causado por la pandemia, sumado adem\u00e1s a las largas jornadas de estudios o trabajo, no nos ponen las cosas f\u00e1ciles para descansar. Permitirnos un viaje a un &#8230; <a href=\"https://www.mnkvillas.com/blog\/alquiler-vacacional-en-menorca\">Continuar<\/a><\/p>\n","protected":false},"author":2,"featured_media":5585,"comment_status":"closed","ping_status":"open","sticky":false,"template":"","format":"standard","meta":{"footnotes":""},"categories":[9,10],"tags":[],"class_list":["post-5584","post","type-post","status-publish","format-standard","has-post-thumbnail","hentry","category-turismo-en-menorca","category-villas-en-menorca"],"yoast_head":"<!-- This site is optimized with the Yoast SEO plugin v27.5 - https:\/\/yoast.com\/product\/yoast-seo-wordpress\/ -->\n<title>\u00bfTe apetece conocer Menorca este verano? - El Blog de MNK Villas<\/title>\n<meta name=\"robots\" content=\"index, follow, max-snippet:-1, max-image-preview:large, max-video-preview:-1\" \/>\n<link rel=\"canonical\" href=\"https://www.mnkvillas.com/blog\/alquiler-vacacional-en-menorca\" \/>\n<meta property=\"og:locale\" content=\"es_ES\" \/>\n<meta property=\"og:type\" content=\"article\" \/>\n<meta property=\"og:title\" content=\"\u00bfTe apetece conocer Menorca este verano? - El Blog de MNK Villas\" \/>\n<meta property=\"og:description\" content=\"El verano ya est\u00e1 aqu\u00ed, pero no durar\u00e1 mucho. Por eso, mientras antes tomemos una decisi\u00f3n sobre las vacaciones que merecemos, mejor. A fin de cuentas, el estr\u00e9s causado por la pandemia, sumado adem\u00e1s a las largas jornadas de estudios o trabajo, no nos ponen las cosas f\u00e1ciles para descansar. Permitirnos un viaje a un ... Continuar\" \/>\n<meta property=\"og:url\" content=\"https://www.mnkvillas.com/blog\/alquiler-vacacional-en-menorca\" \/>\n<meta property=\"og:site_name\" content=\"El Blog de MNK Villas\" \/>\n<meta property=\"article:published_time\" content=\"2021-08-15T10:42:00+00:00\" \/>\n<meta property=\"article:modified_time\" content=\"2021-08-20T10:42:46+00:00\" \/>\n<meta property=\"og:image\" content=\"https://www.mnkvillas.com/blog\/wp-content\/uploads\/2021\/08\/Te-apetece-conocer-Menorca-este-verano.jpg\" \/>\n\t<meta property=\"og:image:width\" content=\"840\" \/>\n\t<meta property=\"og:image:height\" content=\"389\" \/>\n\t<meta property=\"og:image:type\" content=\"image\/jpeg\" \/>\n<meta name=\"author\" content=\"MNK Villas\" \/>\n<meta name=\"twitter:card\" content=\"summary_large_image\" \/>\n<meta name=\"twitter:label1\" content=\"Escrito por\" \/>\n\t<meta name=\"twitter:data1\" content=\"MNK Villas\" \/>\n\t<meta name=\"twitter:label2\" content=\"Tiempo de lectura\" \/>\n\t<meta name=\"twitter:data2\" content=\"4 minutos\" \/>\n<script type=\"application\/ld+json\" class=\"yoast-schema-graph\">{\"@context\":\"https:\\\/\\\/schema.org\",\"@graph\":[{\"@type\":\"Article\",\"@id\":\"https:\\\/\\\/blog.mnkvillas.com\\\/alquiler-vacacional-en-menorca#article\",\"isPartOf\":{\"@id\":\"https:\\\/\\\/blog.mnkvillas.com\\\/alquiler-vacacional-en-menorca\"},\"author\":{\"name\":\"MNK Villas\",\"@id\":\"https:\\\/\\\/blog.mnkvillas.com\\\/#\\\/schema\\\/person\\\/5efebb89c1bdae18cb0ab6c4a34d438d\"},\"headline\":\"\u00bfTe apetece conocer Menorca este verano?\",\"datePublished\":\"2021-08-15T10:42:00+00:00\",\"dateModified\":\"2021-08-20T10:42:46+00:00\",\"mainEntityOfPage\":{\"@id\":\"https:\\\/\\\/blog.mnkvillas.com\\\/alquiler-vacacional-en-menorca\"},\"wordCount\":414,\"image\":{\"@id\":\"https:\\\/\\\/blog.mnkvillas.com\\\/alquiler-vacacional-en-menorca#primaryimage\"},\"thumbnailUrl\":\"https:\\\/\\\/blog.mnkvillas.com\\\/wp-content\\\/uploads\\\/2021\\\/08\\\/Te-apetece-conocer-Menorca-este-verano.jpg\",\"articleSection\":[\"Turismo en Menorca\",\"Villas en Menorca\"],\"inLanguage\":\"es\"},{\"@type\":\"WebPage\",\"@id\":\"https:\\\/\\\/blog.mnkvillas.com\\\/alquiler-vacacional-en-menorca\",\"url\":\"https:\\\/\\\/blog.mnkvillas.com\\\/alquiler-vacacional-en-menorca\",\"name\":\"\u00bfTe apetece conocer Menorca este verano? - El Blog de MNK Villas\",\"isPartOf\":{\"@id\":\"https:\\\/\\\/blog.mnkvillas.com\\\/#website\"},\"primaryImageOfPage\":{\"@id\":\"https:\\\/\\\/blog.mnkvillas.com\\\/alquiler-vacacional-en-menorca#primaryimage\"},\"image\":{\"@id\":\"https:\\\/\\\/blog.mnkvillas.com\\\/alquiler-vacacional-en-menorca#primaryimage\"},\"thumbnailUrl\":\"https:\\\/\\\/blog.mnkvillas.com\\\/wp-content\\\/uploads\\\/2021\\\/08\\\/Te-apetece-conocer-Menorca-este-verano.jpg\",\"datePublished\":\"2021-08-15T10:42:00+00:00\",\"dateModified\":\"2021-08-20T10:42:46+00:00\",\"author\":{\"@id\":\"https:\\\/\\\/blog.mnkvillas.com\\\/#\\\/schema\\\/person\\\/5efebb89c1bdae18cb0ab6c4a34d438d\"},\"breadcrumb\":{\"@id\":\"https:\\\/\\\/blog.mnkvillas.com\\\/alquiler-vacacional-en-menorca#breadcrumb\"},\"inLanguage\":\"es\",\"potentialAction\":[{\"@type\":\"ReadAction\",\"target\":[\"https:\\\/\\\/blog.mnkvillas.com\\\/alquiler-vacacional-en-menorca\"]}]},{\"@type\":\"ImageObject\",\"inLanguage\":\"es\",\"@id\":\"https:\\\/\\\/blog.mnkvillas.com\\\/alquiler-vacacional-en-menorca#primaryimage\",\"url\":\"https:\\\/\\\/blog.mnkvillas.com\\\/wp-content\\\/uploads\\\/2021\\\/08\\\/Te-apetece-conocer-Menorca-este-verano.jpg\",\"contentUrl\":\"https:\\\/\\\/blog.mnkvillas.com\\\/wp-content\\\/uploads\\\/2021\\\/08\\\/Te-apetece-conocer-Menorca-este-verano.jpg\",\"width\":840,\"height\":389,\"caption\":\"alquiler vacacional en Menorca\"},{\"@type\":\"BreadcrumbList\",\"@id\":\"https:\\\/\\\/blog.mnkvillas.com\\\/alquiler-vacacional-en-menorca#breadcrumb\",\"itemListElement\":[{\"@type\":\"ListItem\",\"position\":1,\"name\":\"Portada\",\"item\":\"https:\\\/\\\/blog.mnkvillas.com\\\/\"},{\"@type\":\"ListItem\",\"position\":2,\"name\":\"\u00bfTe apetece conocer Menorca este verano?\"}]},{\"@type\":\"WebSite\",\"@id\":\"https:\\\/\\\/blog.mnkvillas.com\\\/#website\",\"url\":\"https:\\\/\\\/blog.mnkvillas.com\\\/\",\"name\":\"El Blog de MNK Villas\",\"description\":\"Gesti\u00f3n y comercializaci\u00f3n de casas y villas en Menorca\",\"potentialAction\":[{\"@type\":\"SearchAction\",\"target\":{\"@type\":\"EntryPoint\",\"urlTemplate\":\"https:\\\/\\\/blog.mnkvillas.com\\\/?s={search_term_string}\"},\"query-input\":{\"@type\":\"PropertyValueSpecification\",\"valueRequired\":true,\"valueName\":\"search_term_string\"}}],\"inLanguage\":\"es\"},{\"@type\":\"Person\",\"@id\":\"https:\\\/\\\/blog.mnkvillas.com\\\/#\\\/schema\\\/person\\\/5efebb89c1bdae18cb0ab6c4a34d438d\",\"name\":\"MNK Villas\",\"image\":{\"@type\":\"ImageObject\",\"inLanguage\":\"es\",\"@id\":\"https:\\\/\\\/secure.gravatar.com\\\/avatar\\\/32fd5f16b06bfc66336905f2701aff5bb0df631080894bd3d84147be1c1a1ac8?s=96&d=mm&r=g\",\"url\":\"https:\\\/\\\/secure.gravatar.com\\\/avatar\\\/32fd5f16b06bfc66336905f2701aff5bb0df631080894bd3d84147be1c1a1ac8?s=96&d=mm&r=g\",\"contentUrl\":\"https:\\\/\\\/secure.gravatar.com\\\/avatar\\\/32fd5f16b06bfc66336905f2701aff5bb0df631080894bd3d84147be1c1a1ac8?s=96&d=mm&r=g\",\"caption\":\"MNK Villas\"},\"url\":\"https:\\\/\\\/blog.mnkvillas.com\\\/author\\\/mnk-villas\"}]}<\/script>\n<!-- \/ Yoast SEO plugin. -->","yoast_head_json":{"title":"\u00bfTe apetece conocer Menorca este verano? - El Blog de MNK Villas","robots":{"index":"index","follow":"follow","max-snippet":"max-snippet:-1","max-image-preview":"max-image-preview:large","max-video-preview":"max-video-preview:-1"},"canonical":"https://www.mnkvillas.com/blog\/alquiler-vacacional-en-menorca","og_locale":"es_ES","og_type":"article","og_title":"\u00bfTe apetece conocer Menorca este verano? - El Blog de MNK Villas","og_description":"El verano ya est\u00e1 aqu\u00ed, pero no durar\u00e1 mucho. Por eso, mientras antes tomemos una decisi\u00f3n sobre las vacaciones que merecemos, mejor. A fin de cuentas, el estr\u00e9s causado por la pandemia, sumado adem\u00e1s a las largas jornadas de estudios o trabajo, no nos ponen las cosas f\u00e1ciles para descansar. Permitirnos un viaje a un ... Continuar","og_url":"https://www.mnkvillas.com/blog\/alquiler-vacacional-en-menorca","og_site_name":"El Blog de MNK Villas","article_published_time":"2021-08-15T10:42:00+00:00","article_modified_time":"2021-08-20T10:42:46+00:00","og_image":[{"width":840,"height":389,"url":"https://www.mnkvillas.com/blog\/wp-content\/uploads\/2021\/08\/Te-apetece-conocer-Menorca-este-verano.jpg","type":"image\/jpeg"}],"author":"MNK Villas","twitter_card":"summary_large_image","twitter_misc":{"Escrito por":"MNK Villas","Tiempo de lectura":"4 minutos"},"schema":{"@context":"https:\/\/schema.org","@graph":[{"@type":"Article","@id":"https://www.mnkvillas.com/blog\/alquiler-vacacional-en-menorca#article","isPartOf":{"@id":"https://www.mnkvillas.com/blog\/alquiler-vacacional-en-menorca"},"author":{"name":"MNK Villas","@id":"https://www.mnkvillas.com/blog\/#\/schema\/person\/5efebb89c1bdae18cb0ab6c4a34d438d"},"headline":"\u00bfTe apetece conocer Menorca este verano?","datePublished":"2021-08-15T10:42:00+00:00","dateModified":"2021-08-20T10:42:46+00:00","mainEntityOfPage":{"@id":"https://www.mnkvillas.com/blog\/alquiler-vacacional-en-menorca"},"wordCount":414,"image":{"@id":"https://www.mnkvillas.com/blog\/alquiler-vacacional-en-menorca#primaryimage"},"thumbnailUrl":"https://www.mnkvillas.com/blog\/wp-content\/uploads\/2021\/08\/Te-apetece-conocer-Menorca-este-verano.jpg","articleSection":["Turismo en Menorca","Villas en Menorca"],"inLanguage":"es"},{"@type":"WebPage","@id":"https://www.mnkvillas.com/blog\/alquiler-vacacional-en-menorca","url":"https://www.mnkvillas.com/blog\/alquiler-vacacional-en-menorca","name":"\u00bfTe apetece conocer Menorca este verano? - El Blog de MNK Villas","isPartOf":{"@id":"https://www.mnkvillas.com/blog\/#website"},"primaryImageOfPage":{"@id":"https://www.mnkvillas.com/blog\/alquiler-vacacional-en-menorca#primaryimage"},"image":{"@id":"https://www.mnkvillas.com/blog\/alquiler-vacacional-en-menorca#primaryimage"},"thumbnailUrl":"https://www.mnkvillas.com/blog\/wp-content\/uploads\/2021\/08\/Te-apetece-conocer-Menorca-este-verano.jpg","datePublished":"2021-08-15T10:42:00+00:00","dateModified":"2021-08-20T10:42:46+00:00","author":{"@id":"https://www.mnkvillas.com/blog\/#\/schema\/person\/5efebb89c1bdae18cb0ab6c4a34d438d"},"breadcrumb":{"@id":"https://www.mnkvillas.com/blog\/alquiler-vacacional-en-menorca#breadcrumb"},"inLanguage":"es","potentialAction":[{"@type":"ReadAction","target":["https://www.mnkvillas.com/blog\/alquiler-vacacional-en-menorca"]}]},{"@type":"ImageObject","inLanguage":"es","@id":"https://www.mnkvillas.com/blog\/alquiler-vacacional-en-menorca#primaryimage","url":"https://www.mnkvillas.com/blog\/wp-content\/uploads\/2021\/08\/Te-apetece-conocer-Menorca-este-verano.jpg","contentUrl":"https://www.mnkvillas.com/blog\/wp-content\/uploads\/2021\/08\/Te-apetece-conocer-Menorca-este-verano.jpg","width":840,"height":389,"caption":"alquiler vacacional en Menorca"},{"@type":"BreadcrumbList","@id":"https://www.mnkvillas.com/blog\/alquiler-vacacional-en-menorca#breadcrumb","itemListElement":[{"@type":"ListItem","position":1,"name":"Portada","item":"https://www.mnkvillas.com/blog\/"},{"@type":"ListItem","position":2,"name":"\u00bfTe apetece conocer Menorca este verano?"}]},{"@type":"WebSite","@id":"https://www.mnkvillas.com/blog\/#website","url":"https://www.mnkvillas.com/blog\/","name":"El Blog de MNK Villas","description":"Gesti\u00f3n y comercializaci\u00f3n de casas y villas en Menorca","potentialAction":[{"@type":"SearchAction","target":{"@type":"EntryPoint","urlTemplate":"https://www.mnkvillas.com/blog\/?s={search_term_string}"},"query-input":{"@type":"PropertyValueSpecification","valueRequired":true,"valueName":"search_term_string"}}],"inLanguage":"es"},{"@type":"Person","@id":"https://www.mnkvillas.com/blog\/#\/schema\/person\/5efebb89c1bdae18cb0ab6c4a34d438d","name":"MNK Villas","image":{"@type":"ImageObject","inLanguage":"es","@id":"https:\/\/secure.gravatar.com\/avatar\/32fd5f16b06bfc66336905f2701aff5bb0df631080894bd3d84147be1c1a1ac8?s=96&d=mm&r=g","url":"https:\/\/secure.gravatar.com\/avatar\/32fd5f16b06bfc66336905f2701aff5bb0df631080894bd3d84147be1c1a1ac8?s=96&d=mm&r=g","contentUrl":"https:\/\/secure.gravatar.com\/avatar\/32fd5f16b06bfc66336905f2701aff5bb0df631080894bd3d84147be1c1a1ac8?s=96&d=mm&r=g","caption":"MNK Villas"},"url":"https://www.mnkvillas.com/blog\/author\/mnk-villas"}]}},"_links":{"self":[{"href":"https://www.mnkvillas.com/blog\/wp-json\/wp\/v2\/posts\/5584","targetHints":{"allow":["GET"]}}],"collection":[{"href":"https://www.mnkvillas.com/blog\/wp-json\/wp\/v2\/posts"}],"about":[{"href":"https://www.mnkvillas.com/blog\/wp-json\/wp\/v2\/types\/post"}],"author":[{"embeddable":true,"href":"https://www.mnkvillas.com/blog\/wp-json\/wp\/v2\/users\/2"}],"replies":[{"embeddable":true,"href":"https://www.mnkvillas.com/blog\/wp-json\/wp\/v2\/comments?post=5584"}],"version-history":[{"count":13,"href":"https://www.mnkvillas.com/blog\/wp-json\/wp\/v2\/posts\/5584\/revisions"}],"predecessor-version":[{"id":5612,"href":"https://www.mnkvillas.com/blog\/wp-json\/wp\/v2\/posts\/5584\/revisions\/5612"}],"wp:featuredmedia":[{"embeddable":true,"href":"https://www.mnkvillas.com/blog\/wp-json\/wp\/v2\/media\/5585"}],"wp:attachment":[{"href":"https://www.mnkvillas.com/blog\/wp-json\/wp\/v2\/media?parent=5584"}],"wp:term":[{"taxonomy":"category","embeddable":true,"href":"https://www.mnkvillas.com/blog\/wp-json\/wp\/v2\/categories?post=5584"},{"taxonomy":"post_tag","embeddable":true,"href":"https://www.mnkvillas.com/blog\/wp-json\/wp\/v2\/tags?post=5584"}],"curies":[{"name":"wp","href":"https:\/\/api.w.org\/{rel}","templated":true}]}}