{"id":5282,"date":"2020-09-14T08:00:00","date_gmt":"2020-09-14T08:00:00","guid":{"rendered":"https://www.mnkvillas.com/blog\/?p=5282"},"modified":"2020-09-11T08:56:22","modified_gmt":"2020-09-11T08:56:22","slug":"faro-de-punta-nati","status":"publish","type":"post","link":"https://www.mnkvillas.com/blog\/faro-de-punta-nati","title":{"rendered":"Descubriendo el faro de Punta Nati"},"content":{"rendered":"\n<figure class=\"wp-block-image size-large is-style-default\"><img loading=\"lazy\" decoding=\"async\" width=\"840\" height=\"389\" src=\"https://www.mnkvillas.com/blog\/wp-content\/uploads\/2020\/09\/faro-de-Punta-Nati.jpg\" alt=\"\" class=\"wp-image-5287\" srcset=\"https://www.mnkvillas.com/blog\/wp-content\/uploads\/2020\/09\/faro-de-Punta-Nati.jpg 840w, https://www.mnkvillas.com/blog\/wp-content\/uploads\/2020\/09\/faro-de-Punta-Nati-300x139.jpg 300w, https://www.mnkvillas.com/blog\/wp-content\/uploads\/2020\/09\/faro-de-Punta-Nati-768x356.jpg 768w\" sizes=\"auto, (max-width: 840px) 100vw, 840px\" \/><\/figure>\n\n\n\n<div style=\"height:20px\" aria-hidden=\"true\" class=\"wp-block-spacer\"><\/div>\n\n\n\n<p>Aunque el paisaje menorqu\u00edn costero y de interior es uno de los grandes tesoros de Menorca, no es lo \u00fanico que podemos descubrir si nos dejamos caer en la isla durante una escapada de verano o unas vacaciones largas en cualquier \u00e9poca del a\u00f1o. Ya sea primavera, verano, oto\u00f1o e invierno, los monumentos arquitect\u00f3nicos, inamovibles y llenos de historia, siempre esperan.<\/p>\n\n\n\n<div style=\"height:20px\" aria-hidden=\"true\" class=\"wp-block-spacer\"><\/div>\n\n\n\n<p>Podr\u00edamos poner cientos de ejemplos del encanto urbano de pueblos y ciudades, pero uno de los que mejor describen el tipo de belleza del que estamos hablando es sin duda el <strong>faro de Punta Nati<\/strong>. Esta bella construcci\u00f3n a\u00fana en un solo espacio sentido de la est\u00e9tica, funcionalidad e historia, y merece la pena que exploremos cada una de esas facetas por separado.<\/p>\n\n\n\n<div style=\"height:20px\" aria-hidden=\"true\" class=\"wp-block-spacer\"><\/div>\n\n\n\n<ul><h3 class=\"has-text-color\" style=\"color:#000000\"><img decoding=\"async\" src=\"https://www.mnkvillas.com/blog\/wp-content\/uploads\/2020\/01\/simbolito-mnk.png\" alt=\"\"> <strong> La interesante historia tras el faro<\/strong><\/h3>\n\n\n\n<div style=\"height:20px\" aria-hidden=\"true\" class=\"wp-block-spacer\"><\/div>\n\n\n\n<p>El <strong>faro de Punta Nati<\/strong> fue erigido en el a\u00f1o 1912 con la finalidad de evitar los, por aquel entonces, constantes naufragios al norte de <a href=\"https:\/\/www.mnkvillas.com\/blog\/una-ciudadela-encantadora\" target=\"_blank\" rel=\"noreferrer noopener\"><u>Ciutadella<\/u><\/a>. Fue la tragedia del barco de vapor G\u00e9n\u00e9ral Chanzy de 1910 lo que impuls\u00f3 definitivamente su construcci\u00f3n. En otras palabras, estamos ante un vestigio de principios del siglo pasado.<\/p>\n\n\n\n<div style=\"height:20px\" aria-hidden=\"true\" class=\"wp-block-spacer\"><\/div>\n\n\n\n<h3 class=\"has-text-color\" style=\"color:#000000\"><img decoding=\"async\" src=\"https://www.mnkvillas.com/blog\/wp-content\/uploads\/2020\/01\/simbolito-mnk.png\" alt=\"\"> <strong> El sublime acabado de su construcci\u00f3n<\/strong><\/h3>\n\n\n\n<div style=\"height:20px\" aria-hidden=\"true\" class=\"wp-block-spacer\"><\/div>\n\n\n\n<p>Unas casitas blancas de tejados rojos rodean la torre, el n\u00facleo principal de su arquitectura. Su aspecto es agradable y se funde con los alrededores, la naturaleza de los acantilados y las grandes extensiones de tierra. Por esa raz\u00f3n, el<strong> faro de Punta Nati<\/strong> tambi\u00e9n es uno de los mejores lugares posibles para contemplar la puesta de sol de Menorca.<\/p>\n\n\n\n<div style=\"height:20px\" aria-hidden=\"true\" class=\"wp-block-spacer\"><\/div>\n\n\n\n<h3 class=\"has-text-color\" style=\"color:#000000\"><img decoding=\"async\" src=\"https://www.mnkvillas.com/blog\/wp-content\/uploads\/2020\/01\/simbolito-mnk.png\" alt=\"\"> <strong> La mejor ubicaci\u00f3n posible<\/strong><\/h3>\n\n\n\n<div style=\"height:20px\" aria-hidden=\"true\" class=\"wp-block-spacer\"><\/div>\n\n\n\n<p><strong>Al encontrarse el faro de Punta Nati tan cerca de la Ciutadella, tenemos la posibilidad de ver el faro y la ciudad el mismo d\u00eda<\/strong>. Adem\u00e1s, al situarse en pleno Cam\u00ed de Cavalls, puedes hacer senderismo y descubrir la naturaleza circundante. Si quieres puedes incluso llegar hasta el Pont d&#8217;en Gil, el sobrecogedor puente colgante natural que te dejar\u00e1 sin aliento.<\/p>\n\n\n\n<div style=\"height:20px\" aria-hidden=\"true\" class=\"wp-block-spacer\"><\/div>\n\n\n\n<h3 class=\"has-text-color\" style=\"color:#000000\"><img decoding=\"async\" src=\"https://www.mnkvillas.com/blog\/wp-content\/uploads\/2020\/01\/simbolito-mnk.png\" alt=\"\"> <strong> Disfrutar del cielo nocturno<\/strong><\/h3>\n\n\n\n<div style=\"height:20px\" aria-hidden=\"true\" class=\"wp-block-spacer\"><\/div>\n\n\n\n<p>El faro no solo es excepcional para disfrutar del atardecer ti\u00f1endo el mar abierto de dorado, sino para contemplar todo lo que viene despu\u00e9s. Al encontrarse en una zona tan despejada, el cielo nocturno cuajado de estrellas puede ser un espect\u00e1culo incre\u00edble.<\/p>\n\n\n\n<div style=\"height:20px\" aria-hidden=\"true\" class=\"wp-block-spacer\"><\/div><\/ul>\n\n\n\n<p>\u00bfTe ha convencido el <strong>faro de Punta Nati <\/strong>y las maravillas que ofrece? Entonces no lo pienses m\u00e1s e incl\u00fayelo en tu itinerario. Descubrir Menorca es una experiencia diferente visitando este fant\u00e1stico monumento.<\/p>\n\n\n\n<div class=\"wp-block-image\" style=\"padding-top:30px;\"><figure class=\"aligncenter size-large\" style=\"padding-top:15px;\"><img loading=\"lazy\" decoding=\"async\" width=\"144\" height=\"41\" src=\"https://www.mnkvillas.com/blog\/wp-content\/uploads\/2019\/10\/image.png\" alt=\"\" class=\"wp-image-4338\"><\/figure><\/div>\n\n<figure class=\"wp-block-image\" style=\"padding-top:30px;\"><a href=\"https:\/\/www.mnkvillas.com\/\" target=\"_blank\" rel=\"noreferrer noopener\"><img loading=\"lazy\" decoding=\"async\" width=\"800\" height=\"195\" src=\"https://www.mnkvillas.com/blog\/wp-content\/uploads\/2018\/12\/Alojamiento-en-menorca.jpg\" alt=\"alojamiento en menorca\" class=\"wp-image-3782\" srcset=\"https://www.mnkvillas.com/blog\/wp-content\/uploads\/2018\/12\/Alojamiento-en-menorca.jpg 800w, https://www.mnkvillas.com/blog\/wp-content\/uploads\/2018\/12\/Alojamiento-en-menorca-300x73.jpg 300w, https://www.mnkvillas.com/blog\/wp-content\/uploads\/2018\/12\/Alojamiento-en-menorca-768x187.jpg 768w\" sizes=\"auto, (max-width: 800px) 100vw, 800px\" \/><\/a><\/figure>\n","protected":false},"excerpt":{"rendered":"<p>Aunque el paisaje menorqu\u00edn costero y de interior es uno de los grandes tesoros de Menorca, no es lo \u00fanico que podemos descubrir si nos dejamos caer en la isla durante una escapada de verano o unas vacaciones largas en cualquier \u00e9poca del a\u00f1o. Ya sea primavera, verano, oto\u00f1o e invierno, los monumentos arquitect\u00f3nicos, inamovibles &#8230; <a href=\"https://www.mnkvillas.com/blog\/faro-de-punta-nati\">Continuar<\/a><\/p>\n","protected":false},"author":2,"featured_media":5287,"comment_status":"closed","ping_status":"open","sticky":false,"template":"","format":"standard","meta":{"footnotes":""},"categories":[319,16,9],"tags":[],"class_list":["post-5282","post","type-post","status-publish","format-standard","has-post-thumbnail","hentry","category-cultura-de-menorca","category-naturaleza-en-menorca","category-turismo-en-menorca"],"yoast_head":"<!-- This site is optimized with the Yoast SEO plugin v27.5 - https:\/\/yoast.com\/product\/yoast-seo-wordpress\/ -->\n<title>Descubriendo el faro de Punta Nati - El Blog de MNK Villas<\/title>\n<meta name=\"robots\" content=\"index, follow, max-snippet:-1, max-image-preview:large, max-video-preview:-1\" \/>\n<link rel=\"canonical\" href=\"https://www.mnkvillas.com/blog\/faro-de-punta-nati\" \/>\n<meta property=\"og:locale\" content=\"es_ES\" \/>\n<meta property=\"og:type\" content=\"article\" \/>\n<meta property=\"og:title\" content=\"Descubriendo el faro de Punta Nati - El Blog de MNK Villas\" \/>\n<meta property=\"og:description\" content=\"Aunque el paisaje menorqu\u00edn costero y de interior es uno de los grandes tesoros de Menorca, no es lo \u00fanico que podemos descubrir si nos dejamos caer en la isla durante una escapada de verano o unas vacaciones largas en cualquier \u00e9poca del a\u00f1o. Ya sea primavera, verano, oto\u00f1o e invierno, los monumentos arquitect\u00f3nicos, inamovibles ... Continuar\" \/>\n<meta property=\"og:url\" content=\"https://www.mnkvillas.com/blog\/faro-de-punta-nati\" \/>\n<meta property=\"og:site_name\" content=\"El Blog de MNK Villas\" \/>\n<meta property=\"article:published_time\" content=\"2020-09-14T08:00:00+00:00\" \/>\n<meta property=\"og:image\" content=\"https://www.mnkvillas.com/blog\/wp-content\/uploads\/2020\/09\/faro-de-Punta-Nati.jpg\" \/>\n\t<meta property=\"og:image:width\" content=\"840\" \/>\n\t<meta property=\"og:image:height\" content=\"389\" \/>\n\t<meta property=\"og:image:type\" content=\"image\/jpeg\" \/>\n<meta name=\"author\" content=\"MNK Villas\" \/>\n<meta name=\"twitter:card\" content=\"summary_large_image\" \/>\n<meta name=\"twitter:label1\" content=\"Escrito por\" \/>\n\t<meta name=\"twitter:data1\" content=\"MNK Villas\" \/>\n\t<meta name=\"twitter:label2\" content=\"Tiempo de lectura\" \/>\n\t<meta name=\"twitter:data2\" content=\"2 minutos\" \/>\n<script type=\"application\/ld+json\" class=\"yoast-schema-graph\">{\"@context\":\"https:\\\/\\\/schema.org\",\"@graph\":[{\"@type\":\"Article\",\"@id\":\"https:\\\/\\\/blog.mnkvillas.com\\\/faro-de-punta-nati#article\",\"isPartOf\":{\"@id\":\"https:\\\/\\\/blog.mnkvillas.com\\\/faro-de-punta-nati\"},\"author\":{\"name\":\"MNK Villas\",\"@id\":\"https:\\\/\\\/blog.mnkvillas.com\\\/#\\\/schema\\\/person\\\/5efebb89c1bdae18cb0ab6c4a34d438d\"},\"headline\":\"Descubriendo el faro de Punta Nati\",\"datePublished\":\"2020-09-14T08:00:00+00:00\",\"mainEntityOfPage\":{\"@id\":\"https:\\\/\\\/blog.mnkvillas.com\\\/faro-de-punta-nati\"},\"wordCount\":426,\"image\":{\"@id\":\"https:\\\/\\\/blog.mnkvillas.com\\\/faro-de-punta-nati#primaryimage\"},\"thumbnailUrl\":\"https:\\\/\\\/blog.mnkvillas.com\\\/wp-content\\\/uploads\\\/2020\\\/09\\\/faro-de-Punta-Nati.jpg\",\"articleSection\":[\"Cultura de Menorca\",\"Naturaleza en Menorca\",\"Turismo en Menorca\"],\"inLanguage\":\"es\"},{\"@type\":\"WebPage\",\"@id\":\"https:\\\/\\\/blog.mnkvillas.com\\\/faro-de-punta-nati\",\"url\":\"https:\\\/\\\/blog.mnkvillas.com\\\/faro-de-punta-nati\",\"name\":\"Descubriendo el faro de Punta Nati - El Blog de MNK Villas\",\"isPartOf\":{\"@id\":\"https:\\\/\\\/blog.mnkvillas.com\\\/#website\"},\"primaryImageOfPage\":{\"@id\":\"https:\\\/\\\/blog.mnkvillas.com\\\/faro-de-punta-nati#primaryimage\"},\"image\":{\"@id\":\"https:\\\/\\\/blog.mnkvillas.com\\\/faro-de-punta-nati#primaryimage\"},\"thumbnailUrl\":\"https:\\\/\\\/blog.mnkvillas.com\\\/wp-content\\\/uploads\\\/2020\\\/09\\\/faro-de-Punta-Nati.jpg\",\"datePublished\":\"2020-09-14T08:00:00+00:00\",\"author\":{\"@id\":\"https:\\\/\\\/blog.mnkvillas.com\\\/#\\\/schema\\\/person\\\/5efebb89c1bdae18cb0ab6c4a34d438d\"},\"breadcrumb\":{\"@id\":\"https:\\\/\\\/blog.mnkvillas.com\\\/faro-de-punta-nati#breadcrumb\"},\"inLanguage\":\"es\",\"potentialAction\":[{\"@type\":\"ReadAction\",\"target\":[\"https:\\\/\\\/blog.mnkvillas.com\\\/faro-de-punta-nati\"]}]},{\"@type\":\"ImageObject\",\"inLanguage\":\"es\",\"@id\":\"https:\\\/\\\/blog.mnkvillas.com\\\/faro-de-punta-nati#primaryimage\",\"url\":\"https:\\\/\\\/blog.mnkvillas.com\\\/wp-content\\\/uploads\\\/2020\\\/09\\\/faro-de-Punta-Nati.jpg\",\"contentUrl\":\"https:\\\/\\\/blog.mnkvillas.com\\\/wp-content\\\/uploads\\\/2020\\\/09\\\/faro-de-Punta-Nati.jpg\",\"width\":840,\"height\":389,\"caption\":\"faro de Punta Nati\"},{\"@type\":\"BreadcrumbList\",\"@id\":\"https:\\\/\\\/blog.mnkvillas.com\\\/faro-de-punta-nati#breadcrumb\",\"itemListElement\":[{\"@type\":\"ListItem\",\"position\":1,\"name\":\"Portada\",\"item\":\"https:\\\/\\\/blog.mnkvillas.com\\\/\"},{\"@type\":\"ListItem\",\"position\":2,\"name\":\"Descubriendo el faro de Punta Nati\"}]},{\"@type\":\"WebSite\",\"@id\":\"https:\\\/\\\/blog.mnkvillas.com\\\/#website\",\"url\":\"https:\\\/\\\/blog.mnkvillas.com\\\/\",\"name\":\"El Blog de MNK Villas\",\"description\":\"Gesti\u00f3n y comercializaci\u00f3n de casas y villas en Menorca\",\"potentialAction\":[{\"@type\":\"SearchAction\",\"target\":{\"@type\":\"EntryPoint\",\"urlTemplate\":\"https:\\\/\\\/blog.mnkvillas.com\\\/?s={search_term_string}\"},\"query-input\":{\"@type\":\"PropertyValueSpecification\",\"valueRequired\":true,\"valueName\":\"search_term_string\"}}],\"inLanguage\":\"es\"},{\"@type\":\"Person\",\"@id\":\"https:\\\/\\\/blog.mnkvillas.com\\\/#\\\/schema\\\/person\\\/5efebb89c1bdae18cb0ab6c4a34d438d\",\"name\":\"MNK Villas\",\"image\":{\"@type\":\"ImageObject\",\"inLanguage\":\"es\",\"@id\":\"https:\\\/\\\/secure.gravatar.com\\\/avatar\\\/32fd5f16b06bfc66336905f2701aff5bb0df631080894bd3d84147be1c1a1ac8?s=96&d=mm&r=g\",\"url\":\"https:\\\/\\\/secure.gravatar.com\\\/avatar\\\/32fd5f16b06bfc66336905f2701aff5bb0df631080894bd3d84147be1c1a1ac8?s=96&d=mm&r=g\",\"contentUrl\":\"https:\\\/\\\/secure.gravatar.com\\\/avatar\\\/32fd5f16b06bfc66336905f2701aff5bb0df631080894bd3d84147be1c1a1ac8?s=96&d=mm&r=g\",\"caption\":\"MNK Villas\"},\"url\":\"https:\\\/\\\/blog.mnkvillas.com\\\/author\\\/mnk-villas\"}]}<\/script>\n<!-- \/ Yoast SEO plugin. -->","yoast_head_json":{"title":"Descubriendo el faro de Punta Nati - El Blog de MNK Villas","robots":{"index":"index","follow":"follow","max-snippet":"max-snippet:-1","max-image-preview":"max-image-preview:large","max-video-preview":"max-video-preview:-1"},"canonical":"https://www.mnkvillas.com/blog\/faro-de-punta-nati","og_locale":"es_ES","og_type":"article","og_title":"Descubriendo el faro de Punta Nati - El Blog de MNK Villas","og_description":"Aunque el paisaje menorqu\u00edn costero y de interior es uno de los grandes tesoros de Menorca, no es lo \u00fanico que podemos descubrir si nos dejamos caer en la isla durante una escapada de verano o unas vacaciones largas en cualquier \u00e9poca del a\u00f1o. Ya sea primavera, verano, oto\u00f1o e invierno, los monumentos arquitect\u00f3nicos, inamovibles ... Continuar","og_url":"https://www.mnkvillas.com/blog\/faro-de-punta-nati","og_site_name":"El Blog de MNK Villas","article_published_time":"2020-09-14T08:00:00+00:00","og_image":[{"width":840,"height":389,"url":"https://www.mnkvillas.com/blog\/wp-content\/uploads\/2020\/09\/faro-de-Punta-Nati.jpg","type":"image\/jpeg"}],"author":"MNK Villas","twitter_card":"summary_large_image","twitter_misc":{"Escrito por":"MNK Villas","Tiempo de lectura":"2 minutos"},"schema":{"@context":"https:\/\/schema.org","@graph":[{"@type":"Article","@id":"https://www.mnkvillas.com/blog\/faro-de-punta-nati#article","isPartOf":{"@id":"https://www.mnkvillas.com/blog\/faro-de-punta-nati"},"author":{"name":"MNK Villas","@id":"https://www.mnkvillas.com/blog\/#\/schema\/person\/5efebb89c1bdae18cb0ab6c4a34d438d"},"headline":"Descubriendo el faro de Punta Nati","datePublished":"2020-09-14T08:00:00+00:00","mainEntityOfPage":{"@id":"https://www.mnkvillas.com/blog\/faro-de-punta-nati"},"wordCount":426,"image":{"@id":"https://www.mnkvillas.com/blog\/faro-de-punta-nati#primaryimage"},"thumbnailUrl":"https://www.mnkvillas.com/blog\/wp-content\/uploads\/2020\/09\/faro-de-Punta-Nati.jpg","articleSection":["Cultura de Menorca","Naturaleza en Menorca","Turismo en Menorca"],"inLanguage":"es"},{"@type":"WebPage","@id":"https://www.mnkvillas.com/blog\/faro-de-punta-nati","url":"https://www.mnkvillas.com/blog\/faro-de-punta-nati","name":"Descubriendo el faro de Punta Nati - El Blog de MNK Villas","isPartOf":{"@id":"https://www.mnkvillas.com/blog\/#website"},"primaryImageOfPage":{"@id":"https://www.mnkvillas.com/blog\/faro-de-punta-nati#primaryimage"},"image":{"@id":"https://www.mnkvillas.com/blog\/faro-de-punta-nati#primaryimage"},"thumbnailUrl":"https://www.mnkvillas.com/blog\/wp-content\/uploads\/2020\/09\/faro-de-Punta-Nati.jpg","datePublished":"2020-09-14T08:00:00+00:00","author":{"@id":"https://www.mnkvillas.com/blog\/#\/schema\/person\/5efebb89c1bdae18cb0ab6c4a34d438d"},"breadcrumb":{"@id":"https://www.mnkvillas.com/blog\/faro-de-punta-nati#breadcrumb"},"inLanguage":"es","potentialAction":[{"@type":"ReadAction","target":["https://www.mnkvillas.com/blog\/faro-de-punta-nati"]}]},{"@type":"ImageObject","inLanguage":"es","@id":"https://www.mnkvillas.com/blog\/faro-de-punta-nati#primaryimage","url":"https://www.mnkvillas.com/blog\/wp-content\/uploads\/2020\/09\/faro-de-Punta-Nati.jpg","contentUrl":"https://www.mnkvillas.com/blog\/wp-content\/uploads\/2020\/09\/faro-de-Punta-Nati.jpg","width":840,"height":389,"caption":"faro de Punta Nati"},{"@type":"BreadcrumbList","@id":"https://www.mnkvillas.com/blog\/faro-de-punta-nati#breadcrumb","itemListElement":[{"@type":"ListItem","position":1,"name":"Portada","item":"https://www.mnkvillas.com/blog\/"},{"@type":"ListItem","position":2,"name":"Descubriendo el faro de Punta Nati"}]},{"@type":"WebSite","@id":"https://www.mnkvillas.com/blog\/#website","url":"https://www.mnkvillas.com/blog\/","name":"El Blog de MNK Villas","description":"Gesti\u00f3n y comercializaci\u00f3n de casas y villas en Menorca","potentialAction":[{"@type":"SearchAction","target":{"@type":"EntryPoint","urlTemplate":"https://www.mnkvillas.com/blog\/?s={search_term_string}"},"query-input":{"@type":"PropertyValueSpecification","valueRequired":true,"valueName":"search_term_string"}}],"inLanguage":"es"},{"@type":"Person","@id":"https://www.mnkvillas.com/blog\/#\/schema\/person\/5efebb89c1bdae18cb0ab6c4a34d438d","name":"MNK Villas","image":{"@type":"ImageObject","inLanguage":"es","@id":"https:\/\/secure.gravatar.com\/avatar\/32fd5f16b06bfc66336905f2701aff5bb0df631080894bd3d84147be1c1a1ac8?s=96&d=mm&r=g","url":"https:\/\/secure.gravatar.com\/avatar\/32fd5f16b06bfc66336905f2701aff5bb0df631080894bd3d84147be1c1a1ac8?s=96&d=mm&r=g","contentUrl":"https:\/\/secure.gravatar.com\/avatar\/32fd5f16b06bfc66336905f2701aff5bb0df631080894bd3d84147be1c1a1ac8?s=96&d=mm&r=g","caption":"MNK Villas"},"url":"https://www.mnkvillas.com/blog\/author\/mnk-villas"}]}},"_links":{"self":[{"href":"https://www.mnkvillas.com/blog\/wp-json\/wp\/v2\/posts\/5282","targetHints":{"allow":["GET"]}}],"collection":[{"href":"https://www.mnkvillas.com/blog\/wp-json\/wp\/v2\/posts"}],"about":[{"href":"https://www.mnkvillas.com/blog\/wp-json\/wp\/v2\/types\/post"}],"author":[{"embeddable":true,"href":"https://www.mnkvillas.com/blog\/wp-json\/wp\/v2\/users\/2"}],"replies":[{"embeddable":true,"href":"https://www.mnkvillas.com/blog\/wp-json\/wp\/v2\/comments?post=5282"}],"version-history":[{"count":5,"href":"https://www.mnkvillas.com/blog\/wp-json\/wp\/v2\/posts\/5282\/revisions"}],"predecessor-version":[{"id":5337,"href":"https://www.mnkvillas.com/blog\/wp-json\/wp\/v2\/posts\/5282\/revisions\/5337"}],"wp:featuredmedia":[{"embeddable":true,"href":"https://www.mnkvillas.com/blog\/wp-json\/wp\/v2\/media\/5287"}],"wp:attachment":[{"href":"https://www.mnkvillas.com/blog\/wp-json\/wp\/v2\/media?parent=5282"}],"wp:term":[{"taxonomy":"category","embeddable":true,"href":"https://www.mnkvillas.com/blog\/wp-json\/wp\/v2\/categories?post=5282"},{"taxonomy":"post_tag","embeddable":true,"href":"https://www.mnkvillas.com/blog\/wp-json\/wp\/v2\/tags?post=5282"}],"curies":[{"name":"wp","href":"https:\/\/api.w.org\/{rel}","templated":true}]}}