{"id":5159,"date":"2020-07-27T09:26:57","date_gmt":"2020-07-27T09:26:57","guid":{"rendered":"https://www.mnkvillas.com/blog\/?p=5159"},"modified":"2020-07-27T09:27:00","modified_gmt":"2020-07-27T09:27:00","slug":"atardeceres-en-menorca","status":"publish","type":"post","link":"https://www.mnkvillas.com/blog\/atardeceres-en-menorca","title":{"rendered":"D\u00f3nde contemplar atardeceres m\u00e1gicos en Menorca"},"content":{"rendered":"\n<figure class=\"wp-block-image size-large\"><img loading=\"lazy\" decoding=\"async\" width=\"840\" height=\"389\" src=\"https://www.mnkvillas.com/blog\/wp-content\/uploads\/2020\/07\/atardecer-en-Menorca.jpg\" alt=\"\" class=\"wp-image-5160\" srcset=\"https://www.mnkvillas.com/blog\/wp-content\/uploads\/2020\/07\/atardecer-en-Menorca.jpg 840w, https://www.mnkvillas.com/blog\/wp-content\/uploads\/2020\/07\/atardecer-en-Menorca-300x139.jpg 300w, https://www.mnkvillas.com/blog\/wp-content\/uploads\/2020\/07\/atardecer-en-Menorca-768x356.jpg 768w\" sizes=\"auto, (max-width: 840px) 100vw, 840px\" \/><\/figure>\n\n\n\n<div style=\"height:30px\" aria-hidden=\"true\" class=\"wp-block-spacer\"><\/div>\n\n\n\n<p>Menorca es un destino encantador en cualquier \u00e9poca del a\u00f1o, pero en verano es f\u00e1cil fantasear con darnos refrescantes ba\u00f1os bajo el sol en una de sus innumerables y preciosas calas. La costa menorquina es, sin duda, un regalo para la vista y para nuestras ganas de disfrutar de unas buenas vacaciones.<\/p>\n\n\n\n<div style=\"height:30px\" aria-hidden=\"true\" class=\"wp-block-spacer\"><\/div>\n\n\n\n<p>Sin embargo, Menorca es mucho m\u00e1s, y es que no solo es una de las islas m\u00e1s bonitas del archipi\u00e9lago balear, sino que tambi\u00e9n nos ofrece romanticismo y momentos de agradable contemplaci\u00f3n. De hecho, contemplar un <strong>atardecer en Menorca <\/strong>o varios deber\u00eda ser obligatorio, ya que lugares de ensue\u00f1o donde hacerlo no faltan. Veamos algunos ejemplos:<\/p>\n\n\n\n<div style=\"height:30px\" aria-hidden=\"true\" class=\"wp-block-spacer\"><\/div>\n\n\n\n<div class=\"wp-block-columns is-layout-flex wp-container-core-columns-is-layout-9d6595d7 wp-block-columns-is-layout-flex\">\n<div class=\"wp-block-column is-layout-flow wp-block-column-is-layout-flow\" style=\"flex-basis:33.33%\">\n<figure class=\"wp-block-image size-large is-style-rounded\"><img loading=\"lazy\" decoding=\"async\" width=\"500\" height=\"500\" src=\"https://www.mnkvillas.com/blog\/wp-content\/uploads\/2020\/07\/faro-punta-nati-menorca.jpg\" alt=\"\" class=\"wp-image-5163\" srcset=\"https://www.mnkvillas.com/blog\/wp-content\/uploads\/2020\/07\/faro-punta-nati-menorca.jpg 500w, https://www.mnkvillas.com/blog\/wp-content\/uploads\/2020\/07\/faro-punta-nati-menorca-300x300.jpg 300w, https://www.mnkvillas.com/blog\/wp-content\/uploads\/2020\/07\/faro-punta-nati-menorca-150x150.jpg 150w, https://www.mnkvillas.com/blog\/wp-content\/uploads\/2020\/07\/faro-punta-nati-menorca-365x365.jpg 365w\" sizes=\"auto, (max-width: 500px) 100vw, 500px\" \/><\/figure>\n<\/div>\n\n\n\n<div class=\"wp-block-column is-layout-flow wp-block-column-is-layout-flow\" style=\"flex-basis:66.66%\">\n<div style=\"height:30px\" aria-hidden=\"true\" class=\"wp-block-spacer\"><\/div>\n\n\n\n<h2 class=\"wp-block-heading\">El Faro de Punta Nati<\/h2>\n\n\n\n<p>La efigie alta y blanca de este faro se erige en una de las lindes de Ciutadella, urbe que ya de por s\u00ed enamora con su colorido puerto y sus monumentos. Desde este faro y los imponentes acantilados que lo bordean, disfrutar de un precioso <strong>atardecer en Menorca <\/strong>no solo es posible, sino sobrecogedor.<\/p>\n\n\n\n<div style=\"height:30px\" aria-hidden=\"true\" class=\"wp-block-spacer\"><\/div>\n\n\n\n<hr class=\"wp-block-separator is-style-wide\"\/>\n\n\n\n<p><\/p>\n<\/div>\n<\/div>\n\n\n\n<div class=\"wp-block-columns is-layout-flex wp-container-core-columns-is-layout-9d6595d7 wp-block-columns-is-layout-flex\">\n<div class=\"wp-block-column is-layout-flow wp-block-column-is-layout-flow\" style=\"flex-basis:33.33%\">\n<figure class=\"wp-block-image size-large is-style-rounded\"><img loading=\"lazy\" decoding=\"async\" width=\"500\" height=\"500\" src=\"https://www.mnkvillas.com/blog\/wp-content\/uploads\/2020\/07\/playa-son-bou-menorca.jpg\" alt=\"\" class=\"wp-image-5166\" srcset=\"https://www.mnkvillas.com/blog\/wp-content\/uploads\/2020\/07\/playa-son-bou-menorca.jpg 500w, https://www.mnkvillas.com/blog\/wp-content\/uploads\/2020\/07\/playa-son-bou-menorca-300x300.jpg 300w, https://www.mnkvillas.com/blog\/wp-content\/uploads\/2020\/07\/playa-son-bou-menorca-150x150.jpg 150w, https://www.mnkvillas.com/blog\/wp-content\/uploads\/2020\/07\/playa-son-bou-menorca-365x365.jpg 365w\" sizes=\"auto, (max-width: 500px) 100vw, 500px\" \/><\/figure>\n<\/div>\n\n\n\n<div class=\"wp-block-column is-layout-flow wp-block-column-is-layout-flow\" style=\"flex-basis:66.66%\">\n<div style=\"height:30px\" aria-hidden=\"true\" class=\"wp-block-spacer\"><\/div>\n\n\n\n<h2 class=\"wp-block-heading\">La Playa de Son Bou<\/h2>\n\n\n\n<p>Esta playa es una de las m\u00e1s espaciosas de Menorca y destaca tambi\u00e9n por su banco de dunas. La inmensidad del Mediterr\u00e1neo nos devuelve la mirada en Son Bou y se ti\u00f1e de dorado durante un <strong>atardecer en Menorca<\/strong>. La experiencia merece mucho la pena.<\/p>\n\n\n\n<div style=\"height:30px\" aria-hidden=\"true\" class=\"wp-block-spacer\"><\/div>\n\n\n\n<hr class=\"wp-block-separator is-style-wide\"\/>\n\n\n\n<p><\/p>\n<\/div>\n<\/div>\n\n\n\n<div class=\"wp-block-columns is-layout-flex wp-container-core-columns-is-layout-9d6595d7 wp-block-columns-is-layout-flex\">\n<div class=\"wp-block-column is-layout-flow wp-block-column-is-layout-flow\" style=\"flex-basis:33.33%\">\n<figure class=\"wp-block-image size-large is-style-rounded\"><img loading=\"lazy\" decoding=\"async\" width=\"500\" height=\"500\" src=\"https://www.mnkvillas.com/blog\/wp-content\/uploads\/2020\/07\/Cova-den-Xoroi.jpg\" alt=\"\" class=\"wp-image-5167\" srcset=\"https://www.mnkvillas.com/blog\/wp-content\/uploads\/2020\/07\/Cova-den-Xoroi.jpg 500w, https://www.mnkvillas.com/blog\/wp-content\/uploads\/2020\/07\/Cova-den-Xoroi-300x300.jpg 300w, https://www.mnkvillas.com/blog\/wp-content\/uploads\/2020\/07\/Cova-den-Xoroi-150x150.jpg 150w, https://www.mnkvillas.com/blog\/wp-content\/uploads\/2020\/07\/Cova-den-Xoroi-365x365.jpg 365w\" sizes=\"auto, (max-width: 500px) 100vw, 500px\" \/><\/figure>\n\n\n\n<p><\/p>\n<\/div>\n\n\n\n<div class=\"wp-block-column is-layout-flow wp-block-column-is-layout-flow\" style=\"flex-basis:66.66%\">\n<div style=\"height:30px\" aria-hidden=\"true\" class=\"wp-block-spacer\"><\/div>\n\n\n\n<h2 class=\"wp-block-heading\">Cova d&#8217;en Xoroi<\/h2>\n\n\n\n<p>Si te apetece esperar la llegada de la noche en una zona a un tiempo natural e \u00edntima, y concurrida y moderna, esta <a href=\"https:\/\/www.mnkvillas.com\/blog\/la-cova-den-xoroi-y-dos-villas-en-menorca\" target=\"_blank\" rel=\"noreferrer noopener\"><u>cueva<\/u><\/a> es lo que est\u00e1s buscando. En la actualidad toda ella es tambi\u00e9n bar y discoteca y est\u00e1 salpicada de miradores. Desde aqu\u00ed, contemplar un hechizante <strong>atardecer en Menorca<\/strong> escuchando m\u00fasica con una copa en la mano es posible.<\/p>\n\n\n\n<div style=\"height:30px\" aria-hidden=\"true\" class=\"wp-block-spacer\"><\/div>\n\n\n\n<hr class=\"wp-block-separator is-style-wide\"\/>\n\n\n\n<p><\/p>\n<\/div>\n<\/div>\n\n\n\n<div class=\"wp-block-columns is-layout-flex wp-container-core-columns-is-layout-9d6595d7 wp-block-columns-is-layout-flex\">\n<div class=\"wp-block-column is-layout-flow wp-block-column-is-layout-flow\" style=\"flex-basis:33.33%\">\n<figure class=\"wp-block-image size-large is-style-rounded\"><img loading=\"lazy\" decoding=\"async\" width=\"500\" height=\"500\" src=\"https://www.mnkvillas.com/blog\/wp-content\/uploads\/2020\/07\/faro-Artrutx.jpg\" alt=\"\" class=\"wp-image-5169\" srcset=\"https://www.mnkvillas.com/blog\/wp-content\/uploads\/2020\/07\/faro-Artrutx.jpg 500w, https://www.mnkvillas.com/blog\/wp-content\/uploads\/2020\/07\/faro-Artrutx-300x300.jpg 300w, https://www.mnkvillas.com/blog\/wp-content\/uploads\/2020\/07\/faro-Artrutx-150x150.jpg 150w, https://www.mnkvillas.com/blog\/wp-content\/uploads\/2020\/07\/faro-Artrutx-365x365.jpg 365w\" sizes=\"auto, (max-width: 500px) 100vw, 500px\" \/><\/figure>\n\n\n\n<p><\/p>\n<\/div>\n\n\n\n<div class=\"wp-block-column is-layout-flow wp-block-column-is-layout-flow\" style=\"flex-basis:66.66%\">\n<div style=\"height:30px\" aria-hidden=\"true\" class=\"wp-block-spacer\"><\/div>\n\n\n\n<h2 class=\"wp-block-heading\">Faro de Artrutx<\/h2>\n\n\n\n<p>Al suroeste de la isla se encuentra este incre\u00edble faro que en la actualidad est\u00e1 inactivo pero se conserva por su historia. Hoy es un lugar de esparcimiento con bar y restaurante, y tambi\u00e9n una de las zonas m\u00e1s acertadas para disfrutar de un <strong>atardecer en Menorca<\/strong>.<\/p>\n\n\n\n<div style=\"height:30px\" aria-hidden=\"true\" class=\"wp-block-spacer\"><\/div>\n\n\n\n<hr class=\"wp-block-separator is-style-wide\"\/>\n\n\n\n<p><\/p>\n<\/div>\n<\/div>\n\n\n\n<div class=\"wp-block-columns is-layout-flex wp-container-core-columns-is-layout-9d6595d7 wp-block-columns-is-layout-flex\">\n<div class=\"wp-block-column is-layout-flow wp-block-column-is-layout-flow\" style=\"flex-basis:33.33%\">\n<figure class=\"wp-block-image size-large is-style-rounded\"><img loading=\"lazy\" decoding=\"async\" width=\"500\" height=\"500\" src=\"https://www.mnkvillas.com/blog\/wp-content\/uploads\/2020\/07\/Castillo-de-San-Nicol\u00e1s.jpg\" alt=\"\" class=\"wp-image-5170\" srcset=\"https://www.mnkvillas.com/blog\/wp-content\/uploads\/2020\/07\/Castillo-de-San-Nicol\u00e1s.jpg 500w, https://www.mnkvillas.com/blog\/wp-content\/uploads\/2020\/07\/Castillo-de-San-Nicol\u00e1s-300x300.jpg 300w, https://www.mnkvillas.com/blog\/wp-content\/uploads\/2020\/07\/Castillo-de-San-Nicol\u00e1s-150x150.jpg 150w, https://www.mnkvillas.com/blog\/wp-content\/uploads\/2020\/07\/Castillo-de-San-Nicol\u00e1s-365x365.jpg 365w\" sizes=\"auto, (max-width: 500px) 100vw, 500px\" \/><\/figure>\n\n\n\n<p><\/p>\n<\/div>\n\n\n\n<div class=\"wp-block-column is-layout-flow wp-block-column-is-layout-flow\" style=\"flex-basis:66.66%\">\n<div style=\"height:30px\" aria-hidden=\"true\" class=\"wp-block-spacer\"><\/div>\n\n\n\n<h2 class=\"wp-block-heading\">Castillo de San Nicol\u00e1s<\/h2>\n\n\n\n<p>A veces no basta con contemplar un atardecer espectacular, sino que nos gustar\u00eda sentirnos como de otra \u00e9poca mientras lo hacemos. En este impactante monumento militar el tiempo se detiene y podemos observar el horizonte mar\u00edtimo hasta que nos cansemos.<\/p>\n\n\n\n<div style=\"height:30px\" aria-hidden=\"true\" class=\"wp-block-spacer\"><\/div>\n\n\n\n<hr class=\"wp-block-separator is-style-wide\"\/>\n\n\n\n<p><\/p>\n<\/div>\n<\/div>\n\n\n\n<p>En definitiva, lugares en la costa menorquina no faltan para disfrutar de un atardecer que, sin lugar a dudas, se quedar\u00e1 grabado en nuestra memoria para siempre.<\/p>\n\n\n\n<div class=\"wp-block-image\" style=\"padding-top:30px;\"><figure class=\"aligncenter size-large\" style=\"padding-top:15px;\"><img loading=\"lazy\" decoding=\"async\" width=\"144\" height=\"41\" src=\"https://www.mnkvillas.com/blog\/wp-content\/uploads\/2019\/10\/image.png\" alt=\"\" class=\"wp-image-4338\"><\/figure><\/div>\n\n<figure class=\"wp-block-image\" style=\"padding-top:30px;\"><a href=\"https:\/\/www.mnkvillas.com\/\" target=\"_blank\" rel=\"noreferrer noopener\"><img loading=\"lazy\" decoding=\"async\" width=\"800\" height=\"195\" src=\"https://www.mnkvillas.com/blog\/wp-content\/uploads\/2018\/12\/Alojamiento-en-menorca.jpg\" alt=\"alojamiento en menorca\" class=\"wp-image-3782\" srcset=\"https://www.mnkvillas.com/blog\/wp-content\/uploads\/2018\/12\/Alojamiento-en-menorca.jpg 800w, https://www.mnkvillas.com/blog\/wp-content\/uploads\/2018\/12\/Alojamiento-en-menorca-300x73.jpg 300w, https://www.mnkvillas.com/blog\/wp-content\/uploads\/2018\/12\/Alojamiento-en-menorca-768x187.jpg 768w\" sizes=\"auto, (max-width: 800px) 100vw, 800px\" \/><\/a><\/figure>\n","protected":false},"excerpt":{"rendered":"<p>Menorca es un destino encantador en cualquier \u00e9poca del a\u00f1o, pero en verano es f\u00e1cil fantasear con darnos refrescantes ba\u00f1os bajo el sol en una de sus innumerables y preciosas calas. La costa menorquina es, sin duda, un regalo para la vista y para nuestras ganas de disfrutar de unas buenas vacaciones. Sin embargo, Menorca &#8230; <a href=\"https://www.mnkvillas.com/blog\/atardeceres-en-menorca\">Continuar<\/a><\/p>\n","protected":false},"author":2,"featured_media":5160,"comment_status":"closed","ping_status":"open","sticky":false,"template":"","format":"standard","meta":{"footnotes":""},"categories":[288,16,9],"tags":[],"class_list":["post-5159","post","type-post","status-publish","format-standard","has-post-thumbnail","hentry","category-calas-en-menorca","category-naturaleza-en-menorca","category-turismo-en-menorca"],"yoast_head":"<!-- This site is optimized with the Yoast SEO plugin v27.5 - https:\/\/yoast.com\/product\/yoast-seo-wordpress\/ -->\n<title>D\u00f3nde contemplar atardeceres m\u00e1gicos en Menorca - El Blog de MNK Villas<\/title>\n<meta name=\"robots\" content=\"index, follow, max-snippet:-1, max-image-preview:large, max-video-preview:-1\" \/>\n<link rel=\"canonical\" href=\"https://www.mnkvillas.com/blog\/atardeceres-en-menorca\" \/>\n<meta property=\"og:locale\" content=\"es_ES\" \/>\n<meta property=\"og:type\" content=\"article\" \/>\n<meta property=\"og:title\" content=\"D\u00f3nde contemplar atardeceres m\u00e1gicos en Menorca - El Blog de MNK Villas\" \/>\n<meta property=\"og:description\" content=\"Menorca es un destino encantador en cualquier \u00e9poca del a\u00f1o, pero en verano es f\u00e1cil fantasear con darnos refrescantes ba\u00f1os bajo el sol en una de sus innumerables y preciosas calas. La costa menorquina es, sin duda, un regalo para la vista y para nuestras ganas de disfrutar de unas buenas vacaciones. Sin embargo, Menorca ... Continuar\" \/>\n<meta property=\"og:url\" content=\"https://www.mnkvillas.com/blog\/atardeceres-en-menorca\" \/>\n<meta property=\"og:site_name\" content=\"El Blog de MNK Villas\" \/>\n<meta property=\"article:published_time\" content=\"2020-07-27T09:26:57+00:00\" \/>\n<meta property=\"article:modified_time\" content=\"2020-07-27T09:27:00+00:00\" \/>\n<meta property=\"og:image\" content=\"https://www.mnkvillas.com/blog\/wp-content\/uploads\/2020\/07\/atardecer-en-Menorca.jpg\" \/>\n\t<meta property=\"og:image:width\" content=\"840\" \/>\n\t<meta property=\"og:image:height\" content=\"389\" \/>\n\t<meta property=\"og:image:type\" content=\"image\/jpeg\" \/>\n<meta name=\"author\" content=\"MNK Villas\" \/>\n<meta name=\"twitter:card\" content=\"summary_large_image\" \/>\n<meta name=\"twitter:label1\" content=\"Escrito por\" \/>\n\t<meta name=\"twitter:data1\" content=\"MNK Villas\" \/>\n\t<meta name=\"twitter:label2\" content=\"Tiempo de lectura\" \/>\n\t<meta name=\"twitter:data2\" content=\"2 minutos\" \/>\n<script type=\"application\/ld+json\" class=\"yoast-schema-graph\">{\"@context\":\"https:\\\/\\\/schema.org\",\"@graph\":[{\"@type\":\"Article\",\"@id\":\"https:\\\/\\\/blog.mnkvillas.com\\\/atardeceres-en-menorca#article\",\"isPartOf\":{\"@id\":\"https:\\\/\\\/blog.mnkvillas.com\\\/atardeceres-en-menorca\"},\"author\":{\"name\":\"MNK Villas\",\"@id\":\"https:\\\/\\\/blog.mnkvillas.com\\\/#\\\/schema\\\/person\\\/5efebb89c1bdae18cb0ab6c4a34d438d\"},\"headline\":\"D\u00f3nde contemplar atardeceres m\u00e1gicos en Menorca\",\"datePublished\":\"2020-07-27T09:26:57+00:00\",\"dateModified\":\"2020-07-27T09:27:00+00:00\",\"mainEntityOfPage\":{\"@id\":\"https:\\\/\\\/blog.mnkvillas.com\\\/atardeceres-en-menorca\"},\"wordCount\":435,\"image\":{\"@id\":\"https:\\\/\\\/blog.mnkvillas.com\\\/atardeceres-en-menorca#primaryimage\"},\"thumbnailUrl\":\"https:\\\/\\\/blog.mnkvillas.com\\\/wp-content\\\/uploads\\\/2020\\\/07\\\/atardecer-en-Menorca.jpg\",\"articleSection\":[\"Calas en Menorca\",\"Naturaleza en Menorca\",\"Turismo en Menorca\"],\"inLanguage\":\"es\"},{\"@type\":\"WebPage\",\"@id\":\"https:\\\/\\\/blog.mnkvillas.com\\\/atardeceres-en-menorca\",\"url\":\"https:\\\/\\\/blog.mnkvillas.com\\\/atardeceres-en-menorca\",\"name\":\"D\u00f3nde contemplar atardeceres m\u00e1gicos en Menorca - El Blog de MNK Villas\",\"isPartOf\":{\"@id\":\"https:\\\/\\\/blog.mnkvillas.com\\\/#website\"},\"primaryImageOfPage\":{\"@id\":\"https:\\\/\\\/blog.mnkvillas.com\\\/atardeceres-en-menorca#primaryimage\"},\"image\":{\"@id\":\"https:\\\/\\\/blog.mnkvillas.com\\\/atardeceres-en-menorca#primaryimage\"},\"thumbnailUrl\":\"https:\\\/\\\/blog.mnkvillas.com\\\/wp-content\\\/uploads\\\/2020\\\/07\\\/atardecer-en-Menorca.jpg\",\"datePublished\":\"2020-07-27T09:26:57+00:00\",\"dateModified\":\"2020-07-27T09:27:00+00:00\",\"author\":{\"@id\":\"https:\\\/\\\/blog.mnkvillas.com\\\/#\\\/schema\\\/person\\\/5efebb89c1bdae18cb0ab6c4a34d438d\"},\"breadcrumb\":{\"@id\":\"https:\\\/\\\/blog.mnkvillas.com\\\/atardeceres-en-menorca#breadcrumb\"},\"inLanguage\":\"es\",\"potentialAction\":[{\"@type\":\"ReadAction\",\"target\":[\"https:\\\/\\\/blog.mnkvillas.com\\\/atardeceres-en-menorca\"]}]},{\"@type\":\"ImageObject\",\"inLanguage\":\"es\",\"@id\":\"https:\\\/\\\/blog.mnkvillas.com\\\/atardeceres-en-menorca#primaryimage\",\"url\":\"https:\\\/\\\/blog.mnkvillas.com\\\/wp-content\\\/uploads\\\/2020\\\/07\\\/atardecer-en-Menorca.jpg\",\"contentUrl\":\"https:\\\/\\\/blog.mnkvillas.com\\\/wp-content\\\/uploads\\\/2020\\\/07\\\/atardecer-en-Menorca.jpg\",\"width\":840,\"height\":389,\"caption\":\"atardecer en Menorca\"},{\"@type\":\"BreadcrumbList\",\"@id\":\"https:\\\/\\\/blog.mnkvillas.com\\\/atardeceres-en-menorca#breadcrumb\",\"itemListElement\":[{\"@type\":\"ListItem\",\"position\":1,\"name\":\"Portada\",\"item\":\"https:\\\/\\\/blog.mnkvillas.com\\\/\"},{\"@type\":\"ListItem\",\"position\":2,\"name\":\"D\u00f3nde contemplar atardeceres m\u00e1gicos en Menorca\"}]},{\"@type\":\"WebSite\",\"@id\":\"https:\\\/\\\/blog.mnkvillas.com\\\/#website\",\"url\":\"https:\\\/\\\/blog.mnkvillas.com\\\/\",\"name\":\"El Blog de MNK Villas\",\"description\":\"Gesti\u00f3n y comercializaci\u00f3n de casas y villas en Menorca\",\"potentialAction\":[{\"@type\":\"SearchAction\",\"target\":{\"@type\":\"EntryPoint\",\"urlTemplate\":\"https:\\\/\\\/blog.mnkvillas.com\\\/?s={search_term_string}\"},\"query-input\":{\"@type\":\"PropertyValueSpecification\",\"valueRequired\":true,\"valueName\":\"search_term_string\"}}],\"inLanguage\":\"es\"},{\"@type\":\"Person\",\"@id\":\"https:\\\/\\\/blog.mnkvillas.com\\\/#\\\/schema\\\/person\\\/5efebb89c1bdae18cb0ab6c4a34d438d\",\"name\":\"MNK Villas\",\"image\":{\"@type\":\"ImageObject\",\"inLanguage\":\"es\",\"@id\":\"https:\\\/\\\/secure.gravatar.com\\\/avatar\\\/32fd5f16b06bfc66336905f2701aff5bb0df631080894bd3d84147be1c1a1ac8?s=96&d=mm&r=g\",\"url\":\"https:\\\/\\\/secure.gravatar.com\\\/avatar\\\/32fd5f16b06bfc66336905f2701aff5bb0df631080894bd3d84147be1c1a1ac8?s=96&d=mm&r=g\",\"contentUrl\":\"https:\\\/\\\/secure.gravatar.com\\\/avatar\\\/32fd5f16b06bfc66336905f2701aff5bb0df631080894bd3d84147be1c1a1ac8?s=96&d=mm&r=g\",\"caption\":\"MNK Villas\"},\"url\":\"https:\\\/\\\/blog.mnkvillas.com\\\/author\\\/mnk-villas\"}]}<\/script>\n<!-- \/ Yoast SEO plugin. -->","yoast_head_json":{"title":"D\u00f3nde contemplar atardeceres m\u00e1gicos en Menorca - El Blog de MNK Villas","robots":{"index":"index","follow":"follow","max-snippet":"max-snippet:-1","max-image-preview":"max-image-preview:large","max-video-preview":"max-video-preview:-1"},"canonical":"https://www.mnkvillas.com/blog\/atardeceres-en-menorca","og_locale":"es_ES","og_type":"article","og_title":"D\u00f3nde contemplar atardeceres m\u00e1gicos en Menorca - El Blog de MNK Villas","og_description":"Menorca es un destino encantador en cualquier \u00e9poca del a\u00f1o, pero en verano es f\u00e1cil fantasear con darnos refrescantes ba\u00f1os bajo el sol en una de sus innumerables y preciosas calas. La costa menorquina es, sin duda, un regalo para la vista y para nuestras ganas de disfrutar de unas buenas vacaciones. Sin embargo, Menorca ... Continuar","og_url":"https://www.mnkvillas.com/blog\/atardeceres-en-menorca","og_site_name":"El Blog de MNK Villas","article_published_time":"2020-07-27T09:26:57+00:00","article_modified_time":"2020-07-27T09:27:00+00:00","og_image":[{"width":840,"height":389,"url":"https://www.mnkvillas.com/blog\/wp-content\/uploads\/2020\/07\/atardecer-en-Menorca.jpg","type":"image\/jpeg"}],"author":"MNK Villas","twitter_card":"summary_large_image","twitter_misc":{"Escrito por":"MNK Villas","Tiempo de lectura":"2 minutos"},"schema":{"@context":"https:\/\/schema.org","@graph":[{"@type":"Article","@id":"https://www.mnkvillas.com/blog\/atardeceres-en-menorca#article","isPartOf":{"@id":"https://www.mnkvillas.com/blog\/atardeceres-en-menorca"},"author":{"name":"MNK Villas","@id":"https://www.mnkvillas.com/blog\/#\/schema\/person\/5efebb89c1bdae18cb0ab6c4a34d438d"},"headline":"D\u00f3nde contemplar atardeceres m\u00e1gicos en Menorca","datePublished":"2020-07-27T09:26:57+00:00","dateModified":"2020-07-27T09:27:00+00:00","mainEntityOfPage":{"@id":"https://www.mnkvillas.com/blog\/atardeceres-en-menorca"},"wordCount":435,"image":{"@id":"https://www.mnkvillas.com/blog\/atardeceres-en-menorca#primaryimage"},"thumbnailUrl":"https://www.mnkvillas.com/blog\/wp-content\/uploads\/2020\/07\/atardecer-en-Menorca.jpg","articleSection":["Calas en Menorca","Naturaleza en Menorca","Turismo en Menorca"],"inLanguage":"es"},{"@type":"WebPage","@id":"https://www.mnkvillas.com/blog\/atardeceres-en-menorca","url":"https://www.mnkvillas.com/blog\/atardeceres-en-menorca","name":"D\u00f3nde contemplar atardeceres m\u00e1gicos en Menorca - El Blog de MNK Villas","isPartOf":{"@id":"https://www.mnkvillas.com/blog\/#website"},"primaryImageOfPage":{"@id":"https://www.mnkvillas.com/blog\/atardeceres-en-menorca#primaryimage"},"image":{"@id":"https://www.mnkvillas.com/blog\/atardeceres-en-menorca#primaryimage"},"thumbnailUrl":"https://www.mnkvillas.com/blog\/wp-content\/uploads\/2020\/07\/atardecer-en-Menorca.jpg","datePublished":"2020-07-27T09:26:57+00:00","dateModified":"2020-07-27T09:27:00+00:00","author":{"@id":"https://www.mnkvillas.com/blog\/#\/schema\/person\/5efebb89c1bdae18cb0ab6c4a34d438d"},"breadcrumb":{"@id":"https://www.mnkvillas.com/blog\/atardeceres-en-menorca#breadcrumb"},"inLanguage":"es","potentialAction":[{"@type":"ReadAction","target":["https://www.mnkvillas.com/blog\/atardeceres-en-menorca"]}]},{"@type":"ImageObject","inLanguage":"es","@id":"https://www.mnkvillas.com/blog\/atardeceres-en-menorca#primaryimage","url":"https://www.mnkvillas.com/blog\/wp-content\/uploads\/2020\/07\/atardecer-en-Menorca.jpg","contentUrl":"https://www.mnkvillas.com/blog\/wp-content\/uploads\/2020\/07\/atardecer-en-Menorca.jpg","width":840,"height":389,"caption":"atardecer en Menorca"},{"@type":"BreadcrumbList","@id":"https://www.mnkvillas.com/blog\/atardeceres-en-menorca#breadcrumb","itemListElement":[{"@type":"ListItem","position":1,"name":"Portada","item":"https://www.mnkvillas.com/blog\/"},{"@type":"ListItem","position":2,"name":"D\u00f3nde contemplar atardeceres m\u00e1gicos en Menorca"}]},{"@type":"WebSite","@id":"https://www.mnkvillas.com/blog\/#website","url":"https://www.mnkvillas.com/blog\/","name":"El Blog de MNK Villas","description":"Gesti\u00f3n y comercializaci\u00f3n de casas y villas en Menorca","potentialAction":[{"@type":"SearchAction","target":{"@type":"EntryPoint","urlTemplate":"https://www.mnkvillas.com/blog\/?s={search_term_string}"},"query-input":{"@type":"PropertyValueSpecification","valueRequired":true,"valueName":"search_term_string"}}],"inLanguage":"es"},{"@type":"Person","@id":"https://www.mnkvillas.com/blog\/#\/schema\/person\/5efebb89c1bdae18cb0ab6c4a34d438d","name":"MNK Villas","image":{"@type":"ImageObject","inLanguage":"es","@id":"https:\/\/secure.gravatar.com\/avatar\/32fd5f16b06bfc66336905f2701aff5bb0df631080894bd3d84147be1c1a1ac8?s=96&d=mm&r=g","url":"https:\/\/secure.gravatar.com\/avatar\/32fd5f16b06bfc66336905f2701aff5bb0df631080894bd3d84147be1c1a1ac8?s=96&d=mm&r=g","contentUrl":"https:\/\/secure.gravatar.com\/avatar\/32fd5f16b06bfc66336905f2701aff5bb0df631080894bd3d84147be1c1a1ac8?s=96&d=mm&r=g","caption":"MNK Villas"},"url":"https://www.mnkvillas.com/blog\/author\/mnk-villas"}]}},"_links":{"self":[{"href":"https://www.mnkvillas.com/blog\/wp-json\/wp\/v2\/posts\/5159","targetHints":{"allow":["GET"]}}],"collection":[{"href":"https://www.mnkvillas.com/blog\/wp-json\/wp\/v2\/posts"}],"about":[{"href":"https://www.mnkvillas.com/blog\/wp-json\/wp\/v2\/types\/post"}],"author":[{"embeddable":true,"href":"https://www.mnkvillas.com/blog\/wp-json\/wp\/v2\/users\/2"}],"replies":[{"embeddable":true,"href":"https://www.mnkvillas.com/blog\/wp-json\/wp\/v2\/comments?post=5159"}],"version-history":[{"count":8,"href":"https://www.mnkvillas.com/blog\/wp-json\/wp\/v2\/posts\/5159\/revisions"}],"predecessor-version":[{"id":5173,"href":"https://www.mnkvillas.com/blog\/wp-json\/wp\/v2\/posts\/5159\/revisions\/5173"}],"wp:featuredmedia":[{"embeddable":true,"href":"https://www.mnkvillas.com/blog\/wp-json\/wp\/v2\/media\/5160"}],"wp:attachment":[{"href":"https://www.mnkvillas.com/blog\/wp-json\/wp\/v2\/media?parent=5159"}],"wp:term":[{"taxonomy":"category","embeddable":true,"href":"https://www.mnkvillas.com/blog\/wp-json\/wp\/v2\/categories?post=5159"},{"taxonomy":"post_tag","embeddable":true,"href":"https://www.mnkvillas.com/blog\/wp-json\/wp\/v2\/tags?post=5159"}],"curies":[{"name":"wp","href":"https:\/\/api.w.org\/{rel}","templated":true}]}}