{"id":5143,"date":"2020-07-16T10:30:00","date_gmt":"2020-07-16T10:30:00","guid":{"rendered":"https://www.mnkvillas.com/blog\/?p=5143"},"modified":"2020-07-15T09:16:41","modified_gmt":"2020-07-15T09:16:41","slug":"verano-en-menorca","status":"publish","type":"post","link":"https://www.mnkvillas.com/blog\/verano-en-menorca","title":{"rendered":"C\u00f3mo disfrutar de un inolvidable verano en Menorca"},"content":{"rendered":"\n<figure class=\"wp-block-image size-large\"><img loading=\"lazy\" decoding=\"async\" width=\"840\" height=\"389\" src=\"https://www.mnkvillas.com/blog\/wp-content\/uploads\/2020\/07\/verano-en-Menorca.jpg\" alt=\"\" class=\"wp-image-5144\" srcset=\"https://www.mnkvillas.com/blog\/wp-content\/uploads\/2020\/07\/verano-en-Menorca.jpg 840w, https://www.mnkvillas.com/blog\/wp-content\/uploads\/2020\/07\/verano-en-Menorca-300x139.jpg 300w, https://www.mnkvillas.com/blog\/wp-content\/uploads\/2020\/07\/verano-en-Menorca-768x356.jpg 768w\" sizes=\"auto, (max-width: 840px) 100vw, 840px\" \/><\/figure>\n\n\n\n<div style=\"height:20px\" aria-hidden=\"true\" class=\"wp-block-spacer\"><\/div>\n\n\n\n<p>El verano ya est\u00e1 aqu\u00ed y, con \u00e9l, la posibilidad de ver el mar, ba\u00f1arse o sencillamente tomar el sol. Es el momento, por lo tanto, de empezar a hacer planes de verano, ya sea en solitario, con nuestra pareja o en familia, pues es la estaci\u00f3n ideal para disfrutar de las tan deseadas vacaciones de verano.<\/p>\n\n\n\n<div style=\"height:20px\" aria-hidden=\"true\" class=\"wp-block-spacer\"><\/div>\n\n\n\n<p>Aunque hay muchos destinos posibles, no podemos pasar la oportunidad de hablar del <strong>verano en Menorca<\/strong>. Es en esta \u00e9poca cuando las calas que bordean la isla reverberan con el sol, que se proyecta sobre las aguas azul turquesa del Mediterr\u00e1neo invitando a los visitantes a zambullirse de lleno.<\/p>\n\n\n\n<div style=\"height:20px\" aria-hidden=\"true\" class=\"wp-block-spacer\"><\/div>\n\n\n\n<p><strong>Pero hay muchos m\u00e1s atractivos en el verano de Menorca <\/strong>y merece la pena dar un breve repaso para conocer los m\u00e1s interesantes:<\/p>\n\n\n\n<div style=\"height:20px\" aria-hidden=\"true\" class=\"wp-block-spacer\"><\/div>\n\n\n\n<ul><h3 class=\"has-text-color\" style=\"color:#005ca7\"><img decoding=\"async\" src=\"https://www.mnkvillas.com/blog\/wp-content\/uploads\/2020\/01\/simbolito-mnk.png\" alt=\"\"> <strong>La costa menorquina<\/strong><\/h3>\n\n\n\n<div style=\"height:20px\" aria-hidden=\"true\" class=\"wp-block-spacer\"><\/div>\n\n\n\n<p>Como ya hemos dicho, <strong>un verano en Menorca no ser\u00eda lo mismo sin la Cala Macarelleta, la Cala Pregonda, la Cala en Porter<\/strong> y otras playas de ensue\u00f1o que no vamos a querer abandonar. Algunas son m\u00e1s tur\u00edsticas y otras tienen el encanto de los parajes v\u00edrgenes, pero todas ellas merecen sin duda una visita.<\/p>\n\n\n\n<div style=\"height:20px\" aria-hidden=\"true\" class=\"wp-block-spacer\"><\/div>\n\n\n\n<h3 class=\"has-text-color\" style=\"color:#005ca7\"><img decoding=\"async\" src=\"https://www.mnkvillas.com/blog\/wp-content\/uploads\/2020\/01\/simbolito-mnk.png\" alt=\"\"> <strong>El frescor de la naturaleza<\/strong><\/h3>\n\n\n\n<div style=\"height:20px\" aria-hidden=\"true\" class=\"wp-block-spacer\"><\/div>\n\n\n\n<p>Aunque un <strong>verano en Menorca <\/strong>es una experiencia muy recomendada, estamos en una \u00e9poca en la que el calor, a ratos, nos puede resultar agobiante. Por eso, dedicar uno o varios d\u00edas a hacer senderismo por pinares y protegernos bajo la sombra de los \u00e1rboles puede resultarnos muy agradable. Por ejemplo, podemos visitar el parque natural de <a href=\"https:\/\/www.mnkvillas.com\/blog\/salbufera-des-grau\" target=\"_blank\" rel=\"noreferrer noopener\"><u>s&#8217;Albufera des Grau<\/u><\/a>.<\/p>\n\n\n\n<div style=\"height:20px\" aria-hidden=\"true\" class=\"wp-block-spacer\"><\/div>\n\n\n\n<h3 class=\"has-text-color\" style=\"color:#005ca7\"><img decoding=\"async\" src=\"https://www.mnkvillas.com/blog\/wp-content\/uploads\/2020\/01\/simbolito-mnk.png\" alt=\"\"> <strong>Un paseo urbano<\/strong><\/h3>\n\n\n\n<div style=\"height:20px\" aria-hidden=\"true\" class=\"wp-block-spacer\"><\/div>\n\n\n\n<p>Si algo complementa muy bien los d\u00edas de senderismo y playa de un <strong>verano en Menorca<\/strong>, es dejarse caer luego por Mah\u00f3n, la capital, o por la pintoresca <a href=\"https:\/\/www.mnkvillas.com\/blog\/ciutadella-de-menorca-una-ciudad-con-mucho-encanto\" target=\"_blank\" rel=\"noreferrer noopener\"><u>Ciutadella<\/u><\/a>, cuyo agradable y costumbrista puerto nos enamorar\u00e1. No faltan restaurantes, bares y locales en los que tomarse una bebida fr\u00eda o disfrutar de un helado bien fr\u00edo.<\/p>\n\n\n\n<div style=\"height:20px\" aria-hidden=\"true\" class=\"wp-block-spacer\"><\/div>\n\n\n\n<h3 class=\"has-text-color\" style=\"color:#005ca7\"><img decoding=\"async\" src=\"https://www.mnkvillas.com/blog\/wp-content\/uploads\/2020\/01\/simbolito-mnk.png\" alt=\"\"> <strong>La tranquilidad de los pueblos<\/strong><\/h3>\n\n\n\n<div style=\"height:20px\" aria-hidden=\"true\" class=\"wp-block-spacer\"><\/div>\n\n\n\n<p><a href=\"https:\/\/www.mnkvillas.com\/blog\/alojamiento-en-binibeca\" target=\"_blank\" rel=\"noreferrer noopener\"><u>Binibeca<\/u><\/a> o Fornells son dos pueblecitos que contrastan con la vida ajetreada y animada de las ciudades. En ellos podremos saber m\u00e1s de la tradici\u00f3n pesquera de la isla, o sencillamente pasear por tranquilas calles empedradas. En verano, la visi\u00f3n de la costa y del horizonte desde estos pueblecitos es todav\u00eda m\u00e1s agradable.<\/p>\n\n\n\n<div style=\"height:20px\" aria-hidden=\"true\" class=\"wp-block-spacer\"><\/div><\/ul>\n\n\n\n<p>En definitiva,<strong> un verano en Menorca puede que sea justo lo que necesitamos en los meses estivales, cuando nuestras ganas de vacaciones alcanzan su punto culminante.<\/strong><\/p>\n\n\n\n<div class=\"wp-block-image\" style=\"padding-top:20px;\"><figure class=\"aligncenter size-large\" style=\"padding-top:15px;\"><img loading=\"lazy\" decoding=\"async\" width=\"144\" height=\"41\" src=\"https://www.mnkvillas.com/blog\/wp-content\/uploads\/2019\/10\/image.png\" alt=\"\" class=\"wp-image-4338\"><\/figure><\/div>\n\n<figure class=\"wp-block-image\" style=\"padding-top:30px;\"><a href=\"https:\/\/www.mnkvillas.com\/\" target=\"_blank\" rel=\"noreferrer noopener\"><img loading=\"lazy\" decoding=\"async\" width=\"800\" height=\"195\" src=\"https://www.mnkvillas.com/blog\/wp-content\/uploads\/2018\/12\/Alojamiento-en-menorca.jpg\" alt=\"alojamiento en menorca\" class=\"wp-image-3782\" srcset=\"https://www.mnkvillas.com/blog\/wp-content\/uploads\/2018\/12\/Alojamiento-en-menorca.jpg 800w, https://www.mnkvillas.com/blog\/wp-content\/uploads\/2018\/12\/Alojamiento-en-menorca-300x73.jpg 300w, https://www.mnkvillas.com/blog\/wp-content\/uploads\/2018\/12\/Alojamiento-en-menorca-768x187.jpg 768w\" sizes=\"auto, (max-width: 800px) 100vw, 800px\" \/><\/a><\/figure>\n","protected":false},"excerpt":{"rendered":"<p>El verano ya est\u00e1 aqu\u00ed y, con \u00e9l, la posibilidad de ver el mar, ba\u00f1arse o sencillamente tomar el sol. Es el momento, por lo tanto, de empezar a hacer planes de verano, ya sea en solitario, con nuestra pareja o en familia, pues es la estaci\u00f3n ideal para disfrutar de las tan deseadas vacaciones &#8230; <a href=\"https://www.mnkvillas.com/blog\/verano-en-menorca\">Continuar<\/a><\/p>\n","protected":false},"author":2,"featured_media":5144,"comment_status":"closed","ping_status":"open","sticky":false,"template":"","format":"standard","meta":{"footnotes":""},"categories":[288,16,9],"tags":[],"class_list":["post-5143","post","type-post","status-publish","format-standard","has-post-thumbnail","hentry","category-calas-en-menorca","category-naturaleza-en-menorca","category-turismo-en-menorca"],"yoast_head":"<!-- This site is optimized with the Yoast SEO plugin v27.5 - https:\/\/yoast.com\/product\/yoast-seo-wordpress\/ -->\n<title>C\u00f3mo disfrutar de un inolvidable verano en Menorca - El Blog de MNK Villas<\/title>\n<meta name=\"robots\" content=\"index, follow, max-snippet:-1, max-image-preview:large, max-video-preview:-1\" \/>\n<link rel=\"canonical\" href=\"https://www.mnkvillas.com/blog\/verano-en-menorca\" \/>\n<meta property=\"og:locale\" content=\"es_ES\" \/>\n<meta property=\"og:type\" content=\"article\" \/>\n<meta property=\"og:title\" content=\"C\u00f3mo disfrutar de un inolvidable verano en Menorca - El Blog de MNK Villas\" \/>\n<meta property=\"og:description\" content=\"El verano ya est\u00e1 aqu\u00ed y, con \u00e9l, la posibilidad de ver el mar, ba\u00f1arse o sencillamente tomar el sol. Es el momento, por lo tanto, de empezar a hacer planes de verano, ya sea en solitario, con nuestra pareja o en familia, pues es la estaci\u00f3n ideal para disfrutar de las tan deseadas vacaciones ... Continuar\" \/>\n<meta property=\"og:url\" content=\"https://www.mnkvillas.com/blog\/verano-en-menorca\" \/>\n<meta property=\"og:site_name\" content=\"El Blog de MNK Villas\" \/>\n<meta property=\"article:published_time\" content=\"2020-07-16T10:30:00+00:00\" \/>\n<meta property=\"og:image\" content=\"https://www.mnkvillas.com/blog\/wp-content\/uploads\/2020\/07\/verano-en-Menorca.jpg\" \/>\n\t<meta property=\"og:image:width\" content=\"840\" \/>\n\t<meta property=\"og:image:height\" content=\"389\" \/>\n\t<meta property=\"og:image:type\" content=\"image\/jpeg\" \/>\n<meta name=\"author\" content=\"MNK Villas\" \/>\n<meta name=\"twitter:card\" content=\"summary_large_image\" \/>\n<meta name=\"twitter:label1\" content=\"Escrito por\" \/>\n\t<meta name=\"twitter:data1\" content=\"MNK Villas\" \/>\n\t<meta name=\"twitter:label2\" content=\"Tiempo de lectura\" \/>\n\t<meta name=\"twitter:data2\" content=\"2 minutos\" \/>\n<script type=\"application\/ld+json\" class=\"yoast-schema-graph\">{\"@context\":\"https:\\\/\\\/schema.org\",\"@graph\":[{\"@type\":\"Article\",\"@id\":\"https:\\\/\\\/blog.mnkvillas.com\\\/verano-en-menorca#article\",\"isPartOf\":{\"@id\":\"https:\\\/\\\/blog.mnkvillas.com\\\/verano-en-menorca\"},\"author\":{\"name\":\"MNK Villas\",\"@id\":\"https:\\\/\\\/blog.mnkvillas.com\\\/#\\\/schema\\\/person\\\/5efebb89c1bdae18cb0ab6c4a34d438d\"},\"headline\":\"C\u00f3mo disfrutar de un inolvidable verano en Menorca\",\"datePublished\":\"2020-07-16T10:30:00+00:00\",\"mainEntityOfPage\":{\"@id\":\"https:\\\/\\\/blog.mnkvillas.com\\\/verano-en-menorca\"},\"wordCount\":425,\"image\":{\"@id\":\"https:\\\/\\\/blog.mnkvillas.com\\\/verano-en-menorca#primaryimage\"},\"thumbnailUrl\":\"https:\\\/\\\/blog.mnkvillas.com\\\/wp-content\\\/uploads\\\/2020\\\/07\\\/verano-en-Menorca.jpg\",\"articleSection\":[\"Calas en Menorca\",\"Naturaleza en Menorca\",\"Turismo en Menorca\"],\"inLanguage\":\"es\"},{\"@type\":\"WebPage\",\"@id\":\"https:\\\/\\\/blog.mnkvillas.com\\\/verano-en-menorca\",\"url\":\"https:\\\/\\\/blog.mnkvillas.com\\\/verano-en-menorca\",\"name\":\"C\u00f3mo disfrutar de un inolvidable verano en Menorca - El Blog de MNK Villas\",\"isPartOf\":{\"@id\":\"https:\\\/\\\/blog.mnkvillas.com\\\/#website\"},\"primaryImageOfPage\":{\"@id\":\"https:\\\/\\\/blog.mnkvillas.com\\\/verano-en-menorca#primaryimage\"},\"image\":{\"@id\":\"https:\\\/\\\/blog.mnkvillas.com\\\/verano-en-menorca#primaryimage\"},\"thumbnailUrl\":\"https:\\\/\\\/blog.mnkvillas.com\\\/wp-content\\\/uploads\\\/2020\\\/07\\\/verano-en-Menorca.jpg\",\"datePublished\":\"2020-07-16T10:30:00+00:00\",\"author\":{\"@id\":\"https:\\\/\\\/blog.mnkvillas.com\\\/#\\\/schema\\\/person\\\/5efebb89c1bdae18cb0ab6c4a34d438d\"},\"breadcrumb\":{\"@id\":\"https:\\\/\\\/blog.mnkvillas.com\\\/verano-en-menorca#breadcrumb\"},\"inLanguage\":\"es\",\"potentialAction\":[{\"@type\":\"ReadAction\",\"target\":[\"https:\\\/\\\/blog.mnkvillas.com\\\/verano-en-menorca\"]}]},{\"@type\":\"ImageObject\",\"inLanguage\":\"es\",\"@id\":\"https:\\\/\\\/blog.mnkvillas.com\\\/verano-en-menorca#primaryimage\",\"url\":\"https:\\\/\\\/blog.mnkvillas.com\\\/wp-content\\\/uploads\\\/2020\\\/07\\\/verano-en-Menorca.jpg\",\"contentUrl\":\"https:\\\/\\\/blog.mnkvillas.com\\\/wp-content\\\/uploads\\\/2020\\\/07\\\/verano-en-Menorca.jpg\",\"width\":840,\"height\":389,\"caption\":\"verano en Menorca\"},{\"@type\":\"BreadcrumbList\",\"@id\":\"https:\\\/\\\/blog.mnkvillas.com\\\/verano-en-menorca#breadcrumb\",\"itemListElement\":[{\"@type\":\"ListItem\",\"position\":1,\"name\":\"Portada\",\"item\":\"https:\\\/\\\/blog.mnkvillas.com\\\/\"},{\"@type\":\"ListItem\",\"position\":2,\"name\":\"C\u00f3mo disfrutar de un inolvidable verano en Menorca\"}]},{\"@type\":\"WebSite\",\"@id\":\"https:\\\/\\\/blog.mnkvillas.com\\\/#website\",\"url\":\"https:\\\/\\\/blog.mnkvillas.com\\\/\",\"name\":\"El Blog de MNK Villas\",\"description\":\"Gesti\u00f3n y comercializaci\u00f3n de casas y villas en Menorca\",\"potentialAction\":[{\"@type\":\"SearchAction\",\"target\":{\"@type\":\"EntryPoint\",\"urlTemplate\":\"https:\\\/\\\/blog.mnkvillas.com\\\/?s={search_term_string}\"},\"query-input\":{\"@type\":\"PropertyValueSpecification\",\"valueRequired\":true,\"valueName\":\"search_term_string\"}}],\"inLanguage\":\"es\"},{\"@type\":\"Person\",\"@id\":\"https:\\\/\\\/blog.mnkvillas.com\\\/#\\\/schema\\\/person\\\/5efebb89c1bdae18cb0ab6c4a34d438d\",\"name\":\"MNK Villas\",\"image\":{\"@type\":\"ImageObject\",\"inLanguage\":\"es\",\"@id\":\"https:\\\/\\\/secure.gravatar.com\\\/avatar\\\/32fd5f16b06bfc66336905f2701aff5bb0df631080894bd3d84147be1c1a1ac8?s=96&d=mm&r=g\",\"url\":\"https:\\\/\\\/secure.gravatar.com\\\/avatar\\\/32fd5f16b06bfc66336905f2701aff5bb0df631080894bd3d84147be1c1a1ac8?s=96&d=mm&r=g\",\"contentUrl\":\"https:\\\/\\\/secure.gravatar.com\\\/avatar\\\/32fd5f16b06bfc66336905f2701aff5bb0df631080894bd3d84147be1c1a1ac8?s=96&d=mm&r=g\",\"caption\":\"MNK Villas\"},\"url\":\"https:\\\/\\\/blog.mnkvillas.com\\\/author\\\/mnk-villas\"}]}<\/script>\n<!-- \/ Yoast SEO plugin. -->","yoast_head_json":{"title":"C\u00f3mo disfrutar de un inolvidable verano en Menorca - El Blog de MNK Villas","robots":{"index":"index","follow":"follow","max-snippet":"max-snippet:-1","max-image-preview":"max-image-preview:large","max-video-preview":"max-video-preview:-1"},"canonical":"https://www.mnkvillas.com/blog\/verano-en-menorca","og_locale":"es_ES","og_type":"article","og_title":"C\u00f3mo disfrutar de un inolvidable verano en Menorca - El Blog de MNK Villas","og_description":"El verano ya est\u00e1 aqu\u00ed y, con \u00e9l, la posibilidad de ver el mar, ba\u00f1arse o sencillamente tomar el sol. Es el momento, por lo tanto, de empezar a hacer planes de verano, ya sea en solitario, con nuestra pareja o en familia, pues es la estaci\u00f3n ideal para disfrutar de las tan deseadas vacaciones ... Continuar","og_url":"https://www.mnkvillas.com/blog\/verano-en-menorca","og_site_name":"El Blog de MNK Villas","article_published_time":"2020-07-16T10:30:00+00:00","og_image":[{"width":840,"height":389,"url":"https://www.mnkvillas.com/blog\/wp-content\/uploads\/2020\/07\/verano-en-Menorca.jpg","type":"image\/jpeg"}],"author":"MNK Villas","twitter_card":"summary_large_image","twitter_misc":{"Escrito por":"MNK Villas","Tiempo de lectura":"2 minutos"},"schema":{"@context":"https:\/\/schema.org","@graph":[{"@type":"Article","@id":"https://www.mnkvillas.com/blog\/verano-en-menorca#article","isPartOf":{"@id":"https://www.mnkvillas.com/blog\/verano-en-menorca"},"author":{"name":"MNK Villas","@id":"https://www.mnkvillas.com/blog\/#\/schema\/person\/5efebb89c1bdae18cb0ab6c4a34d438d"},"headline":"C\u00f3mo disfrutar de un inolvidable verano en Menorca","datePublished":"2020-07-16T10:30:00+00:00","mainEntityOfPage":{"@id":"https://www.mnkvillas.com/blog\/verano-en-menorca"},"wordCount":425,"image":{"@id":"https://www.mnkvillas.com/blog\/verano-en-menorca#primaryimage"},"thumbnailUrl":"https://www.mnkvillas.com/blog\/wp-content\/uploads\/2020\/07\/verano-en-Menorca.jpg","articleSection":["Calas en Menorca","Naturaleza en Menorca","Turismo en Menorca"],"inLanguage":"es"},{"@type":"WebPage","@id":"https://www.mnkvillas.com/blog\/verano-en-menorca","url":"https://www.mnkvillas.com/blog\/verano-en-menorca","name":"C\u00f3mo disfrutar de un inolvidable verano en Menorca - El Blog de MNK Villas","isPartOf":{"@id":"https://www.mnkvillas.com/blog\/#website"},"primaryImageOfPage":{"@id":"https://www.mnkvillas.com/blog\/verano-en-menorca#primaryimage"},"image":{"@id":"https://www.mnkvillas.com/blog\/verano-en-menorca#primaryimage"},"thumbnailUrl":"https://www.mnkvillas.com/blog\/wp-content\/uploads\/2020\/07\/verano-en-Menorca.jpg","datePublished":"2020-07-16T10:30:00+00:00","author":{"@id":"https://www.mnkvillas.com/blog\/#\/schema\/person\/5efebb89c1bdae18cb0ab6c4a34d438d"},"breadcrumb":{"@id":"https://www.mnkvillas.com/blog\/verano-en-menorca#breadcrumb"},"inLanguage":"es","potentialAction":[{"@type":"ReadAction","target":["https://www.mnkvillas.com/blog\/verano-en-menorca"]}]},{"@type":"ImageObject","inLanguage":"es","@id":"https://www.mnkvillas.com/blog\/verano-en-menorca#primaryimage","url":"https://www.mnkvillas.com/blog\/wp-content\/uploads\/2020\/07\/verano-en-Menorca.jpg","contentUrl":"https://www.mnkvillas.com/blog\/wp-content\/uploads\/2020\/07\/verano-en-Menorca.jpg","width":840,"height":389,"caption":"verano en Menorca"},{"@type":"BreadcrumbList","@id":"https://www.mnkvillas.com/blog\/verano-en-menorca#breadcrumb","itemListElement":[{"@type":"ListItem","position":1,"name":"Portada","item":"https://www.mnkvillas.com/blog\/"},{"@type":"ListItem","position":2,"name":"C\u00f3mo disfrutar de un inolvidable verano en Menorca"}]},{"@type":"WebSite","@id":"https://www.mnkvillas.com/blog\/#website","url":"https://www.mnkvillas.com/blog\/","name":"El Blog de MNK Villas","description":"Gesti\u00f3n y comercializaci\u00f3n de casas y villas en Menorca","potentialAction":[{"@type":"SearchAction","target":{"@type":"EntryPoint","urlTemplate":"https://www.mnkvillas.com/blog\/?s={search_term_string}"},"query-input":{"@type":"PropertyValueSpecification","valueRequired":true,"valueName":"search_term_string"}}],"inLanguage":"es"},{"@type":"Person","@id":"https://www.mnkvillas.com/blog\/#\/schema\/person\/5efebb89c1bdae18cb0ab6c4a34d438d","name":"MNK Villas","image":{"@type":"ImageObject","inLanguage":"es","@id":"https:\/\/secure.gravatar.com\/avatar\/32fd5f16b06bfc66336905f2701aff5bb0df631080894bd3d84147be1c1a1ac8?s=96&d=mm&r=g","url":"https:\/\/secure.gravatar.com\/avatar\/32fd5f16b06bfc66336905f2701aff5bb0df631080894bd3d84147be1c1a1ac8?s=96&d=mm&r=g","contentUrl":"https:\/\/secure.gravatar.com\/avatar\/32fd5f16b06bfc66336905f2701aff5bb0df631080894bd3d84147be1c1a1ac8?s=96&d=mm&r=g","caption":"MNK Villas"},"url":"https://www.mnkvillas.com/blog\/author\/mnk-villas"}]}},"_links":{"self":[{"href":"https://www.mnkvillas.com/blog\/wp-json\/wp\/v2\/posts\/5143","targetHints":{"allow":["GET"]}}],"collection":[{"href":"https://www.mnkvillas.com/blog\/wp-json\/wp\/v2\/posts"}],"about":[{"href":"https://www.mnkvillas.com/blog\/wp-json\/wp\/v2\/types\/post"}],"author":[{"embeddable":true,"href":"https://www.mnkvillas.com/blog\/wp-json\/wp\/v2\/users\/2"}],"replies":[{"embeddable":true,"href":"https://www.mnkvillas.com/blog\/wp-json\/wp\/v2\/comments?post=5143"}],"version-history":[{"count":4,"href":"https://www.mnkvillas.com/blog\/wp-json\/wp\/v2\/posts\/5143\/revisions"}],"predecessor-version":[{"id":5149,"href":"https://www.mnkvillas.com/blog\/wp-json\/wp\/v2\/posts\/5143\/revisions\/5149"}],"wp:featuredmedia":[{"embeddable":true,"href":"https://www.mnkvillas.com/blog\/wp-json\/wp\/v2\/media\/5144"}],"wp:attachment":[{"href":"https://www.mnkvillas.com/blog\/wp-json\/wp\/v2\/media?parent=5143"}],"wp:term":[{"taxonomy":"category","embeddable":true,"href":"https://www.mnkvillas.com/blog\/wp-json\/wp\/v2\/categories?post=5143"},{"taxonomy":"post_tag","embeddable":true,"href":"https://www.mnkvillas.com/blog\/wp-json\/wp\/v2\/tags?post=5143"}],"curies":[{"name":"wp","href":"https:\/\/api.w.org\/{rel}","templated":true}]}}