{"id":5032,"date":"2020-06-15T09:43:27","date_gmt":"2020-06-15T09:43:27","guid":{"rendered":"https://www.mnkvillas.com/blog\/?p=5032"},"modified":"2020-06-15T09:43:30","modified_gmt":"2020-06-15T09:43:30","slug":"torre-den-galmes","status":"publish","type":"post","link":"https://www.mnkvillas.com/blog\/torre-den-galmes","title":{"rendered":"La Menorca talay\u00f3tica de Torre d&#8217;en Galm\u00e9s"},"content":{"rendered":"\n<figure class=\"wp-block-image size-large is-style-default\"><img loading=\"lazy\" decoding=\"async\" width=\"840\" height=\"389\" src=\"https://www.mnkvillas.com/blog\/wp-content\/uploads\/2020\/06\/torre-den-galmes.jpg\" alt=\"\" class=\"wp-image-5034\" srcset=\"https://www.mnkvillas.com/blog\/wp-content\/uploads\/2020\/06\/torre-den-galmes.jpg 840w, https://www.mnkvillas.com/blog\/wp-content\/uploads\/2020\/06\/torre-den-galmes-300x139.jpg 300w, https://www.mnkvillas.com/blog\/wp-content\/uploads\/2020\/06\/torre-den-galmes-768x356.jpg 768w\" sizes=\"auto, (max-width: 840px) 100vw, 840px\" \/><\/figure>\n\n\n\n<div style=\"height:20px\" aria-hidden=\"true\" class=\"wp-block-spacer\"><\/div>\n\n\n\n<p>La Menorca talay\u00f3tica o prehist\u00f3rica, con sus monumentos antiguos y sus vestigios arquitect\u00f3nicos, que han sobrevivido de manera asombrosa al paso de los siglos, es la otra cara de la moneda de una isla normalmente conocida por su vertiente natural; es decir, por sus hermosas playas, su frondosa naturaleza y las agradables calles de sus ciudades y sus pueblos.<\/p>\n\n\n\n<div style=\"height:20px\" aria-hidden=\"true\" class=\"wp-block-spacer\"><\/div>\n\n\n\n<p>Pero cualquier persona que tenga un m\u00ednimo de inter\u00e9s en aprender sobre historia antigua, y m\u00e1s en una isla como Menorca, sabe que trazar un itinerario arqueol\u00f3gico durante sus vacaciones es una obligaci\u00f3n. Eso s\u00ed, hay que saber elegir. Entre los innumerables restos del pasado que podemos visitar en Menorca se encuentra, por ejemplo, <strong>Torre d&#8217;en Galm\u00e9s<\/strong>. Veamos por qu\u00e9:<\/p>\n\n\n\n<div style=\"height:20px\" aria-hidden=\"true\" class=\"wp-block-spacer\"><\/div>\n\n\n\n<ul><h3 class=\"has-text-color\" style=\"color:#005ca7\"><img decoding=\"async\" src=\"https://www.mnkvillas.com/blog\/wp-content\/uploads\/2020\/01\/simbolito-mnk.png\" alt=\"\"> <strong>La huella de una sociedad remota<\/strong><\/h3>\n\n\n\n<div style=\"height:20px\" aria-hidden=\"true\" class=\"wp-block-spacer\"><\/div>\n\n\n\n<p><strong>Torre d&#8217;en Galm\u00e9s<\/strong> es un conglomerado de restos que una vez pertenecieron a un poblado talay\u00f3tico. Visitarlo implica activar los cinco sentidos al m\u00e1ximo, porque hay muchos detalles que ver y descubrir, como los espacios p\u00fablicos, el recinto de taula o las casas. Podemos aprender mucho en un solo d\u00eda de c\u00f3mo viv\u00edan los antiguos habitantes de Menorca.<\/p>\n\n\n\n<div style=\"height:10px\" aria-hidden=\"true\" class=\"wp-block-spacer\"><\/div>\n\n\n\n<hr class=\"wp-block-separator has-text-color has-background has-vivid-cyan-blue-background-color has-vivid-cyan-blue-color is-style-default\"\/>\n\n\n\n<div style=\"height:10px\" aria-hidden=\"true\" class=\"wp-block-spacer\"><\/div>\n\n\n\n<h3 class=\"has-text-color\" style=\"color:#005ca7\"><img decoding=\"async\" src=\"https://www.mnkvillas.com/blog\/wp-content\/uploads\/2020\/01\/simbolito-mnk.png\" alt=\"\"> <strong>La posibilidad de ampliar el itinerario hist\u00f3rico<\/strong><\/h3>\n\n\n\n<div style=\"height:20px\" aria-hidden=\"true\" class=\"wp-block-spacer\"><\/div>\n\n\n\n<p>Muy cerca de <strong>Torre d&#8217;en Galm\u00e9s<\/strong>, apasionante en s\u00ed mismo, nos encontramos con lugares como la Bas\u00edlica paleocristiana de Son Bou o Torralba d&#8217;en Salort, otro poblado talay\u00f3tico. Si centramos nuestro visita en el primero y luego contrastamos los conocimientos adquiridos con los otros dos, aprenderemos el triple.<\/p>\n\n\n\n<div style=\"height:10px\" aria-hidden=\"true\" class=\"wp-block-spacer\"><\/div>\n\n\n\n<hr class=\"wp-block-separator has-text-color has-background has-vivid-cyan-blue-background-color has-vivid-cyan-blue-color is-style-default\"\/>\n\n\n\n<div style=\"height:10px\" aria-hidden=\"true\" class=\"wp-block-spacer\"><\/div>\n\n\n\n<h3 class=\"has-text-color\" style=\"color:#005ca7\"><img decoding=\"async\" src=\"https://www.mnkvillas.com/blog\/wp-content\/uploads\/2020\/01\/simbolito-mnk.png\" alt=\"\"> <strong>La opci\u00f3n de aderezar nuestro viaje con ocio y confort<\/strong><\/h3>\n\n\n\n<div style=\"height:20px\" aria-hidden=\"true\" class=\"wp-block-spacer\"><\/div>\n\n\n\n<p><strong>Torre d&#8217;en Galm\u00e9s <\/strong>est\u00e1 muy bien situado, m\u00e1s o menos a medio camino entre la enorme playa de Son Bou y el bonito pueblo de Alaior. Dedicar el d\u00eda a descubrir la arquitectura superviviente del poblado mejora si adem\u00e1s le a\u00f1adimos un paseo por la playa y un almuerzo en el pueblo.<\/p>\n\n\n\n<div style=\"height:10px\" aria-hidden=\"true\" class=\"wp-block-spacer\"><\/div>\n\n\n\n<hr class=\"wp-block-separator has-text-color has-background has-vivid-cyan-blue-background-color has-vivid-cyan-blue-color is-style-default\"\/>\n\n\n\n<div style=\"height:10px\" aria-hidden=\"true\" class=\"wp-block-spacer\"><\/div>\n\n\n\n<h3 class=\"has-text-color\" style=\"color:#005ca7\"><img decoding=\"async\" src=\"https://www.mnkvillas.com/blog\/wp-content\/uploads\/2020\/01\/simbolito-mnk.png\" alt=\"\"> <strong>Accesibilidad y zonas preparadas para los visitantes<\/strong><\/h3>\n\n\n\n<div style=\"height:20px\" aria-hidden=\"true\" class=\"wp-block-spacer\"><\/div>\n\n\n\n<p>No todo en <strong>Torre d&#8217;en Galm\u00e9s <\/strong>es antig\u00fcedad aunque sea lo principal, y dentro podemos encontrar tanto zonas de picnic para tomar un refrigerio como senderos especialmente dise\u00f1ado para el acceso a carritos de beb\u00e9 y personas en silla de ruedas. <\/p>\n\n\n\n<div style=\"height:10px\" aria-hidden=\"true\" class=\"wp-block-spacer\"><\/div>\n\n\n\n<hr class=\"wp-block-separator has-text-color has-background has-vivid-cyan-blue-background-color has-vivid-cyan-blue-color is-style-default\"\/>\n\n\n\n<div style=\"height:10px\" aria-hidden=\"true\" class=\"wp-block-spacer\"><\/div><\/ul>\n\n\n\n<p>Por todo lo mencionado, <strong>Torre d&#8217;en Galm\u00e9s <\/strong>deber\u00eda ser un punto de m\u00e1xima prioridad si planeamos unas vacaciones variadas y satisfactorias a la isla. Desde luego no podemos olvidarnos de uno de los poblados mejor conservados de la isla si tenemos intenci\u00f3n de aprender sobre su pasado talay\u00f3tico.<\/p>\n\n\n\n<div class=\"wp-block-image\" style=\"padding-top:20px;\"><figure class=\"aligncenter size-large\" style=\"padding-top:15px;\"><img loading=\"lazy\" decoding=\"async\" width=\"144\" height=\"41\" src=\"https://www.mnkvillas.com/blog\/wp-content\/uploads\/2019\/10\/image.png\" alt=\"\" class=\"wp-image-4338\"><\/figure><\/div>\n\n<figure class=\"wp-block-image\" style=\"padding-top:30px;\"><a href=\"https:\/\/www.mnkvillas.com\/\" target=\"_blank\" rel=\"noreferrer noopener\"><img loading=\"lazy\" decoding=\"async\" width=\"800\" height=\"195\" src=\"https://www.mnkvillas.com/blog\/wp-content\/uploads\/2018\/12\/Alojamiento-en-menorca.jpg\" alt=\"alojamiento en menorca\" class=\"wp-image-3782\" srcset=\"https://www.mnkvillas.com/blog\/wp-content\/uploads\/2018\/12\/Alojamiento-en-menorca.jpg 800w, https://www.mnkvillas.com/blog\/wp-content\/uploads\/2018\/12\/Alojamiento-en-menorca-300x73.jpg 300w, https://www.mnkvillas.com/blog\/wp-content\/uploads\/2018\/12\/Alojamiento-en-menorca-768x187.jpg 768w\" sizes=\"auto, (max-width: 800px) 100vw, 800px\" \/><\/a><\/figure>\n","protected":false},"excerpt":{"rendered":"<p>La Menorca talay\u00f3tica o prehist\u00f3rica, con sus monumentos antiguos y sus vestigios arquitect\u00f3nicos, que han sobrevivido de manera asombrosa al paso de los siglos, es la otra cara de la moneda de una isla normalmente conocida por su vertiente natural; es decir, por sus hermosas playas, su frondosa naturaleza y las agradables calles de sus &#8230; <a href=\"https://www.mnkvillas.com/blog\/torre-den-galmes\">Continuar<\/a><\/p>\n","protected":false},"author":2,"featured_media":5034,"comment_status":"closed","ping_status":"open","sticky":false,"template":"","format":"standard","meta":{"footnotes":""},"categories":[288,319,16,9],"tags":[],"class_list":["post-5032","post","type-post","status-publish","format-standard","has-post-thumbnail","hentry","category-calas-en-menorca","category-cultura-de-menorca","category-naturaleza-en-menorca","category-turismo-en-menorca"],"yoast_head":"<!-- This site is optimized with the Yoast SEO plugin v27.5 - https:\/\/yoast.com\/product\/yoast-seo-wordpress\/ -->\n<title>La Menorca talay\u00f3tica de Torre d&#039;en Galm\u00e9s - El Blog de MNK Villas<\/title>\n<meta name=\"robots\" content=\"index, follow, max-snippet:-1, max-image-preview:large, max-video-preview:-1\" \/>\n<link rel=\"canonical\" href=\"https://www.mnkvillas.com/blog\/torre-den-galmes\" \/>\n<meta property=\"og:locale\" content=\"es_ES\" \/>\n<meta property=\"og:type\" content=\"article\" \/>\n<meta property=\"og:title\" content=\"La Menorca talay\u00f3tica de Torre d&#039;en Galm\u00e9s - El Blog de MNK Villas\" \/>\n<meta property=\"og:description\" content=\"La Menorca talay\u00f3tica o prehist\u00f3rica, con sus monumentos antiguos y sus vestigios arquitect\u00f3nicos, que han sobrevivido de manera asombrosa al paso de los siglos, es la otra cara de la moneda de una isla normalmente conocida por su vertiente natural; es decir, por sus hermosas playas, su frondosa naturaleza y las agradables calles de sus ... Continuar\" \/>\n<meta property=\"og:url\" content=\"https://www.mnkvillas.com/blog\/torre-den-galmes\" \/>\n<meta property=\"og:site_name\" content=\"El Blog de MNK Villas\" \/>\n<meta property=\"article:published_time\" content=\"2020-06-15T09:43:27+00:00\" \/>\n<meta property=\"article:modified_time\" content=\"2020-06-15T09:43:30+00:00\" \/>\n<meta property=\"og:image\" content=\"https://www.mnkvillas.com/blog\/wp-content\/uploads\/2020\/06\/torre-den-galmes.jpg\" \/>\n\t<meta property=\"og:image:width\" content=\"840\" \/>\n\t<meta property=\"og:image:height\" content=\"389\" \/>\n\t<meta property=\"og:image:type\" content=\"image\/jpeg\" \/>\n<meta name=\"author\" content=\"MNK Villas\" \/>\n<meta name=\"twitter:card\" content=\"summary_large_image\" \/>\n<meta name=\"twitter:label1\" content=\"Escrito por\" \/>\n\t<meta name=\"twitter:data1\" content=\"MNK Villas\" \/>\n\t<meta name=\"twitter:label2\" content=\"Tiempo de lectura\" \/>\n\t<meta name=\"twitter:data2\" content=\"2 minutos\" \/>\n<script type=\"application\/ld+json\" class=\"yoast-schema-graph\">{\"@context\":\"https:\\\/\\\/schema.org\",\"@graph\":[{\"@type\":\"Article\",\"@id\":\"https:\\\/\\\/blog.mnkvillas.com\\\/torre-den-galmes#article\",\"isPartOf\":{\"@id\":\"https:\\\/\\\/blog.mnkvillas.com\\\/torre-den-galmes\"},\"author\":{\"name\":\"MNK Villas\",\"@id\":\"https:\\\/\\\/blog.mnkvillas.com\\\/#\\\/schema\\\/person\\\/5efebb89c1bdae18cb0ab6c4a34d438d\"},\"headline\":\"La Menorca talay\u00f3tica de Torre d&#8217;en Galm\u00e9s\",\"datePublished\":\"2020-06-15T09:43:27+00:00\",\"dateModified\":\"2020-06-15T09:43:30+00:00\",\"mainEntityOfPage\":{\"@id\":\"https:\\\/\\\/blog.mnkvillas.com\\\/torre-den-galmes\"},\"wordCount\":447,\"image\":{\"@id\":\"https:\\\/\\\/blog.mnkvillas.com\\\/torre-den-galmes#primaryimage\"},\"thumbnailUrl\":\"https:\\\/\\\/blog.mnkvillas.com\\\/wp-content\\\/uploads\\\/2020\\\/06\\\/torre-den-galmes.jpg\",\"articleSection\":[\"Calas en Menorca\",\"Cultura de Menorca\",\"Naturaleza en Menorca\",\"Turismo en Menorca\"],\"inLanguage\":\"es\"},{\"@type\":\"WebPage\",\"@id\":\"https:\\\/\\\/blog.mnkvillas.com\\\/torre-den-galmes\",\"url\":\"https:\\\/\\\/blog.mnkvillas.com\\\/torre-den-galmes\",\"name\":\"La Menorca talay\u00f3tica de Torre d'en Galm\u00e9s - El Blog de MNK Villas\",\"isPartOf\":{\"@id\":\"https:\\\/\\\/blog.mnkvillas.com\\\/#website\"},\"primaryImageOfPage\":{\"@id\":\"https:\\\/\\\/blog.mnkvillas.com\\\/torre-den-galmes#primaryimage\"},\"image\":{\"@id\":\"https:\\\/\\\/blog.mnkvillas.com\\\/torre-den-galmes#primaryimage\"},\"thumbnailUrl\":\"https:\\\/\\\/blog.mnkvillas.com\\\/wp-content\\\/uploads\\\/2020\\\/06\\\/torre-den-galmes.jpg\",\"datePublished\":\"2020-06-15T09:43:27+00:00\",\"dateModified\":\"2020-06-15T09:43:30+00:00\",\"author\":{\"@id\":\"https:\\\/\\\/blog.mnkvillas.com\\\/#\\\/schema\\\/person\\\/5efebb89c1bdae18cb0ab6c4a34d438d\"},\"breadcrumb\":{\"@id\":\"https:\\\/\\\/blog.mnkvillas.com\\\/torre-den-galmes#breadcrumb\"},\"inLanguage\":\"es\",\"potentialAction\":[{\"@type\":\"ReadAction\",\"target\":[\"https:\\\/\\\/blog.mnkvillas.com\\\/torre-den-galmes\"]}]},{\"@type\":\"ImageObject\",\"inLanguage\":\"es\",\"@id\":\"https:\\\/\\\/blog.mnkvillas.com\\\/torre-den-galmes#primaryimage\",\"url\":\"https:\\\/\\\/blog.mnkvillas.com\\\/wp-content\\\/uploads\\\/2020\\\/06\\\/torre-den-galmes.jpg\",\"contentUrl\":\"https:\\\/\\\/blog.mnkvillas.com\\\/wp-content\\\/uploads\\\/2020\\\/06\\\/torre-den-galmes.jpg\",\"width\":840,\"height\":389,\"caption\":\"Torre d'en Galm\u00e9s\"},{\"@type\":\"BreadcrumbList\",\"@id\":\"https:\\\/\\\/blog.mnkvillas.com\\\/torre-den-galmes#breadcrumb\",\"itemListElement\":[{\"@type\":\"ListItem\",\"position\":1,\"name\":\"Portada\",\"item\":\"https:\\\/\\\/blog.mnkvillas.com\\\/\"},{\"@type\":\"ListItem\",\"position\":2,\"name\":\"La Menorca talay\u00f3tica de Torre d&#8217;en Galm\u00e9s\"}]},{\"@type\":\"WebSite\",\"@id\":\"https:\\\/\\\/blog.mnkvillas.com\\\/#website\",\"url\":\"https:\\\/\\\/blog.mnkvillas.com\\\/\",\"name\":\"El Blog de MNK Villas\",\"description\":\"Gesti\u00f3n y comercializaci\u00f3n de casas y villas en Menorca\",\"potentialAction\":[{\"@type\":\"SearchAction\",\"target\":{\"@type\":\"EntryPoint\",\"urlTemplate\":\"https:\\\/\\\/blog.mnkvillas.com\\\/?s={search_term_string}\"},\"query-input\":{\"@type\":\"PropertyValueSpecification\",\"valueRequired\":true,\"valueName\":\"search_term_string\"}}],\"inLanguage\":\"es\"},{\"@type\":\"Person\",\"@id\":\"https:\\\/\\\/blog.mnkvillas.com\\\/#\\\/schema\\\/person\\\/5efebb89c1bdae18cb0ab6c4a34d438d\",\"name\":\"MNK Villas\",\"image\":{\"@type\":\"ImageObject\",\"inLanguage\":\"es\",\"@id\":\"https:\\\/\\\/secure.gravatar.com\\\/avatar\\\/32fd5f16b06bfc66336905f2701aff5bb0df631080894bd3d84147be1c1a1ac8?s=96&d=mm&r=g\",\"url\":\"https:\\\/\\\/secure.gravatar.com\\\/avatar\\\/32fd5f16b06bfc66336905f2701aff5bb0df631080894bd3d84147be1c1a1ac8?s=96&d=mm&r=g\",\"contentUrl\":\"https:\\\/\\\/secure.gravatar.com\\\/avatar\\\/32fd5f16b06bfc66336905f2701aff5bb0df631080894bd3d84147be1c1a1ac8?s=96&d=mm&r=g\",\"caption\":\"MNK Villas\"},\"url\":\"https:\\\/\\\/blog.mnkvillas.com\\\/author\\\/mnk-villas\"}]}<\/script>\n<!-- \/ Yoast SEO plugin. -->","yoast_head_json":{"title":"La Menorca talay\u00f3tica de Torre d'en Galm\u00e9s - El Blog de MNK Villas","robots":{"index":"index","follow":"follow","max-snippet":"max-snippet:-1","max-image-preview":"max-image-preview:large","max-video-preview":"max-video-preview:-1"},"canonical":"https://www.mnkvillas.com/blog\/torre-den-galmes","og_locale":"es_ES","og_type":"article","og_title":"La Menorca talay\u00f3tica de Torre d'en Galm\u00e9s - El Blog de MNK Villas","og_description":"La Menorca talay\u00f3tica o prehist\u00f3rica, con sus monumentos antiguos y sus vestigios arquitect\u00f3nicos, que han sobrevivido de manera asombrosa al paso de los siglos, es la otra cara de la moneda de una isla normalmente conocida por su vertiente natural; es decir, por sus hermosas playas, su frondosa naturaleza y las agradables calles de sus ... Continuar","og_url":"https://www.mnkvillas.com/blog\/torre-den-galmes","og_site_name":"El Blog de MNK Villas","article_published_time":"2020-06-15T09:43:27+00:00","article_modified_time":"2020-06-15T09:43:30+00:00","og_image":[{"width":840,"height":389,"url":"https://www.mnkvillas.com/blog\/wp-content\/uploads\/2020\/06\/torre-den-galmes.jpg","type":"image\/jpeg"}],"author":"MNK Villas","twitter_card":"summary_large_image","twitter_misc":{"Escrito por":"MNK Villas","Tiempo de lectura":"2 minutos"},"schema":{"@context":"https:\/\/schema.org","@graph":[{"@type":"Article","@id":"https://www.mnkvillas.com/blog\/torre-den-galmes#article","isPartOf":{"@id":"https://www.mnkvillas.com/blog\/torre-den-galmes"},"author":{"name":"MNK Villas","@id":"https://www.mnkvillas.com/blog\/#\/schema\/person\/5efebb89c1bdae18cb0ab6c4a34d438d"},"headline":"La Menorca talay\u00f3tica de Torre d&#8217;en Galm\u00e9s","datePublished":"2020-06-15T09:43:27+00:00","dateModified":"2020-06-15T09:43:30+00:00","mainEntityOfPage":{"@id":"https://www.mnkvillas.com/blog\/torre-den-galmes"},"wordCount":447,"image":{"@id":"https://www.mnkvillas.com/blog\/torre-den-galmes#primaryimage"},"thumbnailUrl":"https://www.mnkvillas.com/blog\/wp-content\/uploads\/2020\/06\/torre-den-galmes.jpg","articleSection":["Calas en Menorca","Cultura de Menorca","Naturaleza en Menorca","Turismo en Menorca"],"inLanguage":"es"},{"@type":"WebPage","@id":"https://www.mnkvillas.com/blog\/torre-den-galmes","url":"https://www.mnkvillas.com/blog\/torre-den-galmes","name":"La Menorca talay\u00f3tica de Torre d'en Galm\u00e9s - El Blog de MNK Villas","isPartOf":{"@id":"https://www.mnkvillas.com/blog\/#website"},"primaryImageOfPage":{"@id":"https://www.mnkvillas.com/blog\/torre-den-galmes#primaryimage"},"image":{"@id":"https://www.mnkvillas.com/blog\/torre-den-galmes#primaryimage"},"thumbnailUrl":"https://www.mnkvillas.com/blog\/wp-content\/uploads\/2020\/06\/torre-den-galmes.jpg","datePublished":"2020-06-15T09:43:27+00:00","dateModified":"2020-06-15T09:43:30+00:00","author":{"@id":"https://www.mnkvillas.com/blog\/#\/schema\/person\/5efebb89c1bdae18cb0ab6c4a34d438d"},"breadcrumb":{"@id":"https://www.mnkvillas.com/blog\/torre-den-galmes#breadcrumb"},"inLanguage":"es","potentialAction":[{"@type":"ReadAction","target":["https://www.mnkvillas.com/blog\/torre-den-galmes"]}]},{"@type":"ImageObject","inLanguage":"es","@id":"https://www.mnkvillas.com/blog\/torre-den-galmes#primaryimage","url":"https://www.mnkvillas.com/blog\/wp-content\/uploads\/2020\/06\/torre-den-galmes.jpg","contentUrl":"https://www.mnkvillas.com/blog\/wp-content\/uploads\/2020\/06\/torre-den-galmes.jpg","width":840,"height":389,"caption":"Torre d'en Galm\u00e9s"},{"@type":"BreadcrumbList","@id":"https://www.mnkvillas.com/blog\/torre-den-galmes#breadcrumb","itemListElement":[{"@type":"ListItem","position":1,"name":"Portada","item":"https://www.mnkvillas.com/blog\/"},{"@type":"ListItem","position":2,"name":"La Menorca talay\u00f3tica de Torre d&#8217;en Galm\u00e9s"}]},{"@type":"WebSite","@id":"https://www.mnkvillas.com/blog\/#website","url":"https://www.mnkvillas.com/blog\/","name":"El Blog de MNK Villas","description":"Gesti\u00f3n y comercializaci\u00f3n de casas y villas en Menorca","potentialAction":[{"@type":"SearchAction","target":{"@type":"EntryPoint","urlTemplate":"https://www.mnkvillas.com/blog\/?s={search_term_string}"},"query-input":{"@type":"PropertyValueSpecification","valueRequired":true,"valueName":"search_term_string"}}],"inLanguage":"es"},{"@type":"Person","@id":"https://www.mnkvillas.com/blog\/#\/schema\/person\/5efebb89c1bdae18cb0ab6c4a34d438d","name":"MNK Villas","image":{"@type":"ImageObject","inLanguage":"es","@id":"https:\/\/secure.gravatar.com\/avatar\/32fd5f16b06bfc66336905f2701aff5bb0df631080894bd3d84147be1c1a1ac8?s=96&d=mm&r=g","url":"https:\/\/secure.gravatar.com\/avatar\/32fd5f16b06bfc66336905f2701aff5bb0df631080894bd3d84147be1c1a1ac8?s=96&d=mm&r=g","contentUrl":"https:\/\/secure.gravatar.com\/avatar\/32fd5f16b06bfc66336905f2701aff5bb0df631080894bd3d84147be1c1a1ac8?s=96&d=mm&r=g","caption":"MNK Villas"},"url":"https://www.mnkvillas.com/blog\/author\/mnk-villas"}]}},"_links":{"self":[{"href":"https://www.mnkvillas.com/blog\/wp-json\/wp\/v2\/posts\/5032","targetHints":{"allow":["GET"]}}],"collection":[{"href":"https://www.mnkvillas.com/blog\/wp-json\/wp\/v2\/posts"}],"about":[{"href":"https://www.mnkvillas.com/blog\/wp-json\/wp\/v2\/types\/post"}],"author":[{"embeddable":true,"href":"https://www.mnkvillas.com/blog\/wp-json\/wp\/v2\/users\/2"}],"replies":[{"embeddable":true,"href":"https://www.mnkvillas.com/blog\/wp-json\/wp\/v2\/comments?post=5032"}],"version-history":[{"count":19,"href":"https://www.mnkvillas.com/blog\/wp-json\/wp\/v2\/posts\/5032\/revisions"}],"predecessor-version":[{"id":5052,"href":"https://www.mnkvillas.com/blog\/wp-json\/wp\/v2\/posts\/5032\/revisions\/5052"}],"wp:featuredmedia":[{"embeddable":true,"href":"https://www.mnkvillas.com/blog\/wp-json\/wp\/v2\/media\/5034"}],"wp:attachment":[{"href":"https://www.mnkvillas.com/blog\/wp-json\/wp\/v2\/media?parent=5032"}],"wp:term":[{"taxonomy":"category","embeddable":true,"href":"https://www.mnkvillas.com/blog\/wp-json\/wp\/v2\/categories?post=5032"},{"taxonomy":"post_tag","embeddable":true,"href":"https://www.mnkvillas.com/blog\/wp-json\/wp\/v2\/tags?post=5032"}],"curies":[{"name":"wp","href":"https:\/\/api.w.org\/{rel}","templated":true}]}}