{"id":4626,"date":"2020-02-14T13:08:31","date_gmt":"2020-02-14T13:08:31","guid":{"rendered":"https://www.mnkvillas.com/blog\/?p=4626"},"modified":"2020-02-14T13:08:33","modified_gmt":"2020-02-14T13:08:33","slug":"cala-presili","status":"publish","type":"post","link":"https://www.mnkvillas.com/blog\/cala-presili","title":{"rendered":"Tres motivos para visitar la cala Presili"},"content":{"rendered":"\n<figure class=\"wp-block-image size-large\"><img loading=\"lazy\" decoding=\"async\" width=\"840\" height=\"389\" src=\"https://www.mnkvillas.com/blog\/wp-content\/uploads\/2020\/02\/cala-Presili.jpg\" alt=\"Cala Presili\" class=\"wp-image-4627\" srcset=\"https://www.mnkvillas.com/blog\/wp-content\/uploads\/2020\/02\/cala-Presili.jpg 840w, https://www.mnkvillas.com/blog\/wp-content\/uploads\/2020\/02\/cala-Presili-300x139.jpg 300w, https://www.mnkvillas.com/blog\/wp-content\/uploads\/2020\/02\/cala-Presili-768x356.jpg 768w\" sizes=\"auto, (max-width: 840px) 100vw, 840px\" \/><\/figure>\n\n\n\n<p style=\"margin-top:30px; margin-bottom:18px;\">Cuando el sol empieza a calentar y las flores de primavera germinan, sabes que te encuentras en la antesala del verano y que eso solo significa una cosa: que, dentro de poco, vas a tener que sentarte a meditar con calma sobre tus pr\u00f3ximas vacaciones.<\/p>  \n\n<p style=\"margin-bottom:25px;\">Pero no necesitas tirar la casa por la ventana o irte a otro pa\u00eds, porque puedes disfrutar aqu\u00ed mismo de un entorno ex\u00f3tico de sol y playa. Concretamente en <strong>Menorca, una bella isla cuyas playas no tienen nada que envidiar a las caribe\u00f1as.<\/strong><\/p>\n\n<p style=\"margin-bottom:15px;\">De hecho, la costa menorquina est\u00e1 tan llena de calas, m\u00e1s o menos grandes, m\u00e1s o menos escondidas, que parece que falta tiempo para verlas todas. Por eso te proponemos una de las mejores, la <strong>cala Presili.<\/strong> Esta exuberante cala de arena blanca que tambi\u00e9n responde al nombre de <strong>Capifort<\/strong>, adorna como una joya blanca, verde y azul el norte de Menorca.<\/p>\n\n<h3 class=\"has-text-color\" style=\"color:#005ca7; padding-top:10px;\"><img loading=\"lazy\" decoding=\"async\" width=\"15\" height=\"20\" class=\"wp-image-4537\" style=\"width: 15px;\" src=\"https://www.mnkvillas.com/blog\/wp-content\/uploads\/2020\/01\/simbolito-mnk.png\" alt=\"\"> <strong>Arena y mar<\/strong><\/h3>\n\n<p style=\"margin-bottom:25px;\">Su peque\u00f1a lustrosa bah\u00eda es accesible para cualquier persona que desee llegar a ella y tomar el sol o darse un ba\u00f1o, pero la <strong>cala Presili<\/strong> tambi\u00e9n ofrece a sus visitantes ese toque de intimidad tan necesario para relajarse y desconectar, o para un plan rom\u00e1ntico. Pasear por ella tambi\u00e9n constituye un aut\u00e9ntico placer gracias a su fin\u00edsima arena y a los retazos de roca salpicados aqu\u00ed y all\u00e1.<\/p>\n\n<hr>\n\n<h3 class=\"has-text-color\" style=\"color:#005ca7; padding-top:10px;\"><img loading=\"lazy\" decoding=\"async\" width=\"15\" height=\"20\" class=\"wp-image-4537\" style=\"width: 15px;\" src=\"https://www.mnkvillas.com/blog\/wp-content\/uploads\/2020\/01\/simbolito-mnk.png\" alt=\"\"> <strong>Espacio protegido<\/strong><\/h3>\n\n<p style=\"margin-bottom:25px;\">Una vez descrita la <strong>cala Presili<\/strong>, no deber\u00eda sorprender a nadie el hecho de que <strong>la cala haya sido declarada reserva de la biosfera<\/strong>, lo que significa que tanto en las zonas verdes como debajo de la capa marina color turquesa respira una vida muy diversa que merece ser respetada, as\u00ed como el entorno f\u00edsico en general que da car\u00e1cter y color a toda la playa.<\/p>\n\n<hr>\n\n<h3 class=\"has-text-color\" style=\"color:#005ca7; padding-top:10px;\"><img loading=\"lazy\" decoding=\"async\" width=\"15\" height=\"20\" class=\"wp-image-4537\" style=\"width: 15px;\" src=\"https://www.mnkvillas.com/blog\/wp-content\/uploads\/2020\/01\/simbolito-mnk.png\" alt=\"\"> <strong>Los alrededores<\/strong><\/h3>\n\n<p style=\"margin-bottom:25px;\">La cala Presili est\u00e1 cerca de la <strong>Cala Tortuga<\/strong>, tambi\u00e9n muy popular en Menorca. Desde all\u00ed tambi\u00e9n es bastante f\u00e1cil llegar a los dos n\u00facleos urbanos principales, <a href=\"https:\/\/www.mnkvillas.com\/blog\/una-ciudadela-encantadora\" target=\"_blank\" rel=\"noreferrer noopener\">Ciutadella<\/a> y Mah\u00f3n. Adem\u00e1s, muy cerca de all\u00ed se encuentra el Faro de Fav\u00e0ritx. Puedes practicar snorkel o hacer senderismo antes de hacerle una visita al impresionante faro.<\/p>\n\n<hr>\n\n<p style=\"margin-top:20px; margin-bottom:25px;\">No cabe duda de que la <strong>cala Presili<\/strong> es pr\u00e1cticamente una visita obligatoria si decides dejarte caer por la isla durante la \u00e9poca m\u00e1s calurosa del a\u00f1o. Aunque Menorca es digna de ser visitada en cualquier \u00e9poca del a\u00f1o.<\/p>\n\n<p style=\"margin-top:20px; margin-bottom:25px;\">\u00a1Tenlo en cuenta cuando organices tu viaje y reserves tu estancia!<\/p>\n\n<figure class=\"wp-block-image\" style=\"padding-top:30px;\"><a href=\"https:\/\/www.mnkvillas.com\/\" target=\"_blank\" rel=\"noreferrer noopener\"><img loading=\"lazy\" decoding=\"async\" width=\"800\" height=\"195\" src=\"https://www.mnkvillas.com/blog\/wp-content\/uploads\/2018\/12\/Alojamiento-en-menorca.jpg\" alt=\"alojamiento en menorca\" class=\"wp-image-3782\" srcset=\"https://www.mnkvillas.com/blog\/wp-content\/uploads\/2018\/12\/Alojamiento-en-menorca.jpg 800w, https://www.mnkvillas.com/blog\/wp-content\/uploads\/2018\/12\/Alojamiento-en-menorca-300x73.jpg 300w, https://www.mnkvillas.com/blog\/wp-content\/uploads\/2018\/12\/Alojamiento-en-menorca-768x187.jpg 768w\" sizes=\"auto, (max-width: 800px) 100vw, 800px\" \/><\/a><\/figure>\n","protected":false},"excerpt":{"rendered":"<p>Cuando el sol empieza a calentar y las flores de primavera germinan, sabes que te encuentras en la antesala del verano y que eso solo significa una cosa: que, dentro de poco, vas a tener que sentarte a meditar con calma sobre tus pr\u00f3ximas vacaciones. Pero no necesitas tirar la casa por la ventana o &#8230; <a href=\"https://www.mnkvillas.com/blog\/cala-presili\">Continuar<\/a><\/p>\n","protected":false},"author":2,"featured_media":4627,"comment_status":"closed","ping_status":"open","sticky":false,"template":"","format":"standard","meta":{"footnotes":""},"categories":[288,16,9],"tags":[],"class_list":["post-4626","post","type-post","status-publish","format-standard","has-post-thumbnail","hentry","category-calas-en-menorca","category-naturaleza-en-menorca","category-turismo-en-menorca"],"yoast_head":"<!-- This site is optimized with the Yoast SEO plugin v27.5 - https:\/\/yoast.com\/product\/yoast-seo-wordpress\/ -->\n<title>Tres motivos para visitar la cala Presili - El Blog de MNK Villas<\/title>\n<meta name=\"robots\" content=\"index, follow, max-snippet:-1, max-image-preview:large, max-video-preview:-1\" \/>\n<link rel=\"canonical\" href=\"https://www.mnkvillas.com/blog\/cala-presili\" \/>\n<meta property=\"og:locale\" content=\"es_ES\" \/>\n<meta property=\"og:type\" content=\"article\" \/>\n<meta property=\"og:title\" content=\"Tres motivos para visitar la cala Presili - El Blog de MNK Villas\" \/>\n<meta property=\"og:description\" content=\"Cuando el sol empieza a calentar y las flores de primavera germinan, sabes que te encuentras en la antesala del verano y que eso solo significa una cosa: que, dentro de poco, vas a tener que sentarte a meditar con calma sobre tus pr\u00f3ximas vacaciones. Pero no necesitas tirar la casa por la ventana o ... Continuar\" \/>\n<meta property=\"og:url\" content=\"https://www.mnkvillas.com/blog\/cala-presili\" \/>\n<meta property=\"og:site_name\" content=\"El Blog de MNK Villas\" \/>\n<meta property=\"article:published_time\" content=\"2020-02-14T13:08:31+00:00\" \/>\n<meta property=\"article:modified_time\" content=\"2020-02-14T13:08:33+00:00\" \/>\n<meta property=\"og:image\" content=\"https://www.mnkvillas.com/blog\/wp-content\/uploads\/2020\/02\/cala-Presili.jpg\" \/>\n\t<meta property=\"og:image:width\" content=\"840\" \/>\n\t<meta property=\"og:image:height\" content=\"389\" \/>\n\t<meta property=\"og:image:type\" content=\"image\/jpeg\" \/>\n<meta name=\"author\" content=\"MNK Villas\" \/>\n<meta name=\"twitter:card\" content=\"summary_large_image\" \/>\n<meta name=\"twitter:label1\" content=\"Escrito por\" \/>\n\t<meta name=\"twitter:data1\" content=\"MNK Villas\" \/>\n\t<meta name=\"twitter:label2\" content=\"Tiempo de lectura\" \/>\n\t<meta name=\"twitter:data2\" content=\"2 minutos\" \/>\n<script type=\"application\/ld+json\" class=\"yoast-schema-graph\">{\"@context\":\"https:\\\/\\\/schema.org\",\"@graph\":[{\"@type\":\"Article\",\"@id\":\"https:\\\/\\\/blog.mnkvillas.com\\\/cala-presili#article\",\"isPartOf\":{\"@id\":\"https:\\\/\\\/blog.mnkvillas.com\\\/cala-presili\"},\"author\":{\"name\":\"MNK Villas\",\"@id\":\"https:\\\/\\\/blog.mnkvillas.com\\\/#\\\/schema\\\/person\\\/5efebb89c1bdae18cb0ab6c4a34d438d\"},\"headline\":\"Tres motivos para visitar la cala Presili\",\"datePublished\":\"2020-02-14T13:08:31+00:00\",\"dateModified\":\"2020-02-14T13:08:33+00:00\",\"mainEntityOfPage\":{\"@id\":\"https:\\\/\\\/blog.mnkvillas.com\\\/cala-presili\"},\"wordCount\":433,\"image\":{\"@id\":\"https:\\\/\\\/blog.mnkvillas.com\\\/cala-presili#primaryimage\"},\"thumbnailUrl\":\"https:\\\/\\\/blog.mnkvillas.com\\\/wp-content\\\/uploads\\\/2020\\\/02\\\/cala-Presili.jpg\",\"articleSection\":[\"Calas en Menorca\",\"Naturaleza en Menorca\",\"Turismo en Menorca\"],\"inLanguage\":\"es\"},{\"@type\":\"WebPage\",\"@id\":\"https:\\\/\\\/blog.mnkvillas.com\\\/cala-presili\",\"url\":\"https:\\\/\\\/blog.mnkvillas.com\\\/cala-presili\",\"name\":\"Tres motivos para visitar la cala Presili - El Blog de MNK Villas\",\"isPartOf\":{\"@id\":\"https:\\\/\\\/blog.mnkvillas.com\\\/#website\"},\"primaryImageOfPage\":{\"@id\":\"https:\\\/\\\/blog.mnkvillas.com\\\/cala-presili#primaryimage\"},\"image\":{\"@id\":\"https:\\\/\\\/blog.mnkvillas.com\\\/cala-presili#primaryimage\"},\"thumbnailUrl\":\"https:\\\/\\\/blog.mnkvillas.com\\\/wp-content\\\/uploads\\\/2020\\\/02\\\/cala-Presili.jpg\",\"datePublished\":\"2020-02-14T13:08:31+00:00\",\"dateModified\":\"2020-02-14T13:08:33+00:00\",\"author\":{\"@id\":\"https:\\\/\\\/blog.mnkvillas.com\\\/#\\\/schema\\\/person\\\/5efebb89c1bdae18cb0ab6c4a34d438d\"},\"breadcrumb\":{\"@id\":\"https:\\\/\\\/blog.mnkvillas.com\\\/cala-presili#breadcrumb\"},\"inLanguage\":\"es\",\"potentialAction\":[{\"@type\":\"ReadAction\",\"target\":[\"https:\\\/\\\/blog.mnkvillas.com\\\/cala-presili\"]}]},{\"@type\":\"ImageObject\",\"inLanguage\":\"es\",\"@id\":\"https:\\\/\\\/blog.mnkvillas.com\\\/cala-presili#primaryimage\",\"url\":\"https:\\\/\\\/blog.mnkvillas.com\\\/wp-content\\\/uploads\\\/2020\\\/02\\\/cala-Presili.jpg\",\"contentUrl\":\"https:\\\/\\\/blog.mnkvillas.com\\\/wp-content\\\/uploads\\\/2020\\\/02\\\/cala-Presili.jpg\",\"width\":840,\"height\":389,\"caption\":\"cala presili\"},{\"@type\":\"BreadcrumbList\",\"@id\":\"https:\\\/\\\/blog.mnkvillas.com\\\/cala-presili#breadcrumb\",\"itemListElement\":[{\"@type\":\"ListItem\",\"position\":1,\"name\":\"Portada\",\"item\":\"https:\\\/\\\/blog.mnkvillas.com\\\/\"},{\"@type\":\"ListItem\",\"position\":2,\"name\":\"Tres motivos para visitar la cala Presili\"}]},{\"@type\":\"WebSite\",\"@id\":\"https:\\\/\\\/blog.mnkvillas.com\\\/#website\",\"url\":\"https:\\\/\\\/blog.mnkvillas.com\\\/\",\"name\":\"El Blog de MNK Villas\",\"description\":\"Gesti\u00f3n y comercializaci\u00f3n de casas y villas en Menorca\",\"potentialAction\":[{\"@type\":\"SearchAction\",\"target\":{\"@type\":\"EntryPoint\",\"urlTemplate\":\"https:\\\/\\\/blog.mnkvillas.com\\\/?s={search_term_string}\"},\"query-input\":{\"@type\":\"PropertyValueSpecification\",\"valueRequired\":true,\"valueName\":\"search_term_string\"}}],\"inLanguage\":\"es\"},{\"@type\":\"Person\",\"@id\":\"https:\\\/\\\/blog.mnkvillas.com\\\/#\\\/schema\\\/person\\\/5efebb89c1bdae18cb0ab6c4a34d438d\",\"name\":\"MNK Villas\",\"image\":{\"@type\":\"ImageObject\",\"inLanguage\":\"es\",\"@id\":\"https:\\\/\\\/secure.gravatar.com\\\/avatar\\\/32fd5f16b06bfc66336905f2701aff5bb0df631080894bd3d84147be1c1a1ac8?s=96&d=mm&r=g\",\"url\":\"https:\\\/\\\/secure.gravatar.com\\\/avatar\\\/32fd5f16b06bfc66336905f2701aff5bb0df631080894bd3d84147be1c1a1ac8?s=96&d=mm&r=g\",\"contentUrl\":\"https:\\\/\\\/secure.gravatar.com\\\/avatar\\\/32fd5f16b06bfc66336905f2701aff5bb0df631080894bd3d84147be1c1a1ac8?s=96&d=mm&r=g\",\"caption\":\"MNK Villas\"},\"url\":\"https:\\\/\\\/blog.mnkvillas.com\\\/author\\\/mnk-villas\"}]}<\/script>\n<!-- \/ Yoast SEO plugin. -->","yoast_head_json":{"title":"Tres motivos para visitar la cala Presili - El Blog de MNK Villas","robots":{"index":"index","follow":"follow","max-snippet":"max-snippet:-1","max-image-preview":"max-image-preview:large","max-video-preview":"max-video-preview:-1"},"canonical":"https://www.mnkvillas.com/blog\/cala-presili","og_locale":"es_ES","og_type":"article","og_title":"Tres motivos para visitar la cala Presili - El Blog de MNK Villas","og_description":"Cuando el sol empieza a calentar y las flores de primavera germinan, sabes que te encuentras en la antesala del verano y que eso solo significa una cosa: que, dentro de poco, vas a tener que sentarte a meditar con calma sobre tus pr\u00f3ximas vacaciones. Pero no necesitas tirar la casa por la ventana o ... Continuar","og_url":"https://www.mnkvillas.com/blog\/cala-presili","og_site_name":"El Blog de MNK Villas","article_published_time":"2020-02-14T13:08:31+00:00","article_modified_time":"2020-02-14T13:08:33+00:00","og_image":[{"width":840,"height":389,"url":"https://www.mnkvillas.com/blog\/wp-content\/uploads\/2020\/02\/cala-Presili.jpg","type":"image\/jpeg"}],"author":"MNK Villas","twitter_card":"summary_large_image","twitter_misc":{"Escrito por":"MNK Villas","Tiempo de lectura":"2 minutos"},"schema":{"@context":"https:\/\/schema.org","@graph":[{"@type":"Article","@id":"https://www.mnkvillas.com/blog\/cala-presili#article","isPartOf":{"@id":"https://www.mnkvillas.com/blog\/cala-presili"},"author":{"name":"MNK Villas","@id":"https://www.mnkvillas.com/blog\/#\/schema\/person\/5efebb89c1bdae18cb0ab6c4a34d438d"},"headline":"Tres motivos para visitar la cala Presili","datePublished":"2020-02-14T13:08:31+00:00","dateModified":"2020-02-14T13:08:33+00:00","mainEntityOfPage":{"@id":"https://www.mnkvillas.com/blog\/cala-presili"},"wordCount":433,"image":{"@id":"https://www.mnkvillas.com/blog\/cala-presili#primaryimage"},"thumbnailUrl":"https://www.mnkvillas.com/blog\/wp-content\/uploads\/2020\/02\/cala-Presili.jpg","articleSection":["Calas en Menorca","Naturaleza en Menorca","Turismo en Menorca"],"inLanguage":"es"},{"@type":"WebPage","@id":"https://www.mnkvillas.com/blog\/cala-presili","url":"https://www.mnkvillas.com/blog\/cala-presili","name":"Tres motivos para visitar la cala Presili - El Blog de MNK Villas","isPartOf":{"@id":"https://www.mnkvillas.com/blog\/#website"},"primaryImageOfPage":{"@id":"https://www.mnkvillas.com/blog\/cala-presili#primaryimage"},"image":{"@id":"https://www.mnkvillas.com/blog\/cala-presili#primaryimage"},"thumbnailUrl":"https://www.mnkvillas.com/blog\/wp-content\/uploads\/2020\/02\/cala-Presili.jpg","datePublished":"2020-02-14T13:08:31+00:00","dateModified":"2020-02-14T13:08:33+00:00","author":{"@id":"https://www.mnkvillas.com/blog\/#\/schema\/person\/5efebb89c1bdae18cb0ab6c4a34d438d"},"breadcrumb":{"@id":"https://www.mnkvillas.com/blog\/cala-presili#breadcrumb"},"inLanguage":"es","potentialAction":[{"@type":"ReadAction","target":["https://www.mnkvillas.com/blog\/cala-presili"]}]},{"@type":"ImageObject","inLanguage":"es","@id":"https://www.mnkvillas.com/blog\/cala-presili#primaryimage","url":"https://www.mnkvillas.com/blog\/wp-content\/uploads\/2020\/02\/cala-Presili.jpg","contentUrl":"https://www.mnkvillas.com/blog\/wp-content\/uploads\/2020\/02\/cala-Presili.jpg","width":840,"height":389,"caption":"cala presili"},{"@type":"BreadcrumbList","@id":"https://www.mnkvillas.com/blog\/cala-presili#breadcrumb","itemListElement":[{"@type":"ListItem","position":1,"name":"Portada","item":"https://www.mnkvillas.com/blog\/"},{"@type":"ListItem","position":2,"name":"Tres motivos para visitar la cala Presili"}]},{"@type":"WebSite","@id":"https://www.mnkvillas.com/blog\/#website","url":"https://www.mnkvillas.com/blog\/","name":"El Blog de MNK Villas","description":"Gesti\u00f3n y comercializaci\u00f3n de casas y villas en Menorca","potentialAction":[{"@type":"SearchAction","target":{"@type":"EntryPoint","urlTemplate":"https://www.mnkvillas.com/blog\/?s={search_term_string}"},"query-input":{"@type":"PropertyValueSpecification","valueRequired":true,"valueName":"search_term_string"}}],"inLanguage":"es"},{"@type":"Person","@id":"https://www.mnkvillas.com/blog\/#\/schema\/person\/5efebb89c1bdae18cb0ab6c4a34d438d","name":"MNK Villas","image":{"@type":"ImageObject","inLanguage":"es","@id":"https:\/\/secure.gravatar.com\/avatar\/32fd5f16b06bfc66336905f2701aff5bb0df631080894bd3d84147be1c1a1ac8?s=96&d=mm&r=g","url":"https:\/\/secure.gravatar.com\/avatar\/32fd5f16b06bfc66336905f2701aff5bb0df631080894bd3d84147be1c1a1ac8?s=96&d=mm&r=g","contentUrl":"https:\/\/secure.gravatar.com\/avatar\/32fd5f16b06bfc66336905f2701aff5bb0df631080894bd3d84147be1c1a1ac8?s=96&d=mm&r=g","caption":"MNK Villas"},"url":"https://www.mnkvillas.com/blog\/author\/mnk-villas"}]}},"_links":{"self":[{"href":"https://www.mnkvillas.com/blog\/wp-json\/wp\/v2\/posts\/4626","targetHints":{"allow":["GET"]}}],"collection":[{"href":"https://www.mnkvillas.com/blog\/wp-json\/wp\/v2\/posts"}],"about":[{"href":"https://www.mnkvillas.com/blog\/wp-json\/wp\/v2\/types\/post"}],"author":[{"embeddable":true,"href":"https://www.mnkvillas.com/blog\/wp-json\/wp\/v2\/users\/2"}],"replies":[{"embeddable":true,"href":"https://www.mnkvillas.com/blog\/wp-json\/wp\/v2\/comments?post=4626"}],"version-history":[{"count":4,"href":"https://www.mnkvillas.com/blog\/wp-json\/wp\/v2\/posts\/4626\/revisions"}],"predecessor-version":[{"id":4631,"href":"https://www.mnkvillas.com/blog\/wp-json\/wp\/v2\/posts\/4626\/revisions\/4631"}],"wp:featuredmedia":[{"embeddable":true,"href":"https://www.mnkvillas.com/blog\/wp-json\/wp\/v2\/media\/4627"}],"wp:attachment":[{"href":"https://www.mnkvillas.com/blog\/wp-json\/wp\/v2\/media?parent=4626"}],"wp:term":[{"taxonomy":"category","embeddable":true,"href":"https://www.mnkvillas.com/blog\/wp-json\/wp\/v2\/categories?post=4626"},{"taxonomy":"post_tag","embeddable":true,"href":"https://www.mnkvillas.com/blog\/wp-json\/wp\/v2\/tags?post=4626"}],"curies":[{"name":"wp","href":"https:\/\/api.w.org\/{rel}","templated":true}]}}