{"id":4606,"date":"2020-02-11T12:13:18","date_gmt":"2020-02-11T12:13:18","guid":{"rendered":"https://www.mnkvillas.com/blog\/?p=4606"},"modified":"2020-03-05T12:42:04","modified_gmt":"2020-03-05T12:42:04","slug":"cala-mesquida-en-menorca","status":"publish","type":"post","link":"https://www.mnkvillas.com/blog\/cala-mesquida-en-menorca","title":{"rendered":"La belleza de cala Mesquida en Menorca"},"content":{"rendered":"\n<figure class=\"wp-block-image size-large\"><img loading=\"lazy\" decoding=\"async\" width=\"840\" height=\"389\" src=\"https://www.mnkvillas.com/blog\/wp-content\/uploads\/2020\/02\/cala-Mesquida-en-Menorca.jpg\" alt=\"cala Mesquida en Menorca\" class=\"wp-image-4607\" srcset=\"https://www.mnkvillas.com/blog\/wp-content\/uploads\/2020\/02\/cala-Mesquida-en-Menorca.jpg 840w, https://www.mnkvillas.com/blog\/wp-content\/uploads\/2020\/02\/cala-Mesquida-en-Menorca-300x139.jpg 300w, https://www.mnkvillas.com/blog\/wp-content\/uploads\/2020\/02\/cala-Mesquida-en-Menorca-768x356.jpg 768w\" sizes=\"auto, (max-width: 840px) 100vw, 840px\" \/><\/figure>\n\n\n\n<p style=\"margin-top:30px; margin-bottom:18px;\">Tanto cuando el sol est\u00e1 en su punto \u00e1lgido, como tambi\u00e9n al anochecer, Menorca deslumbra con sus costas variopintas y de sorprendente belleza. Las calas y los acantilados abundan en esta joya del Mediterr\u00e1neo, uno de los destinos m\u00e1s bellos que se pueden tener en cuenta a la hora de reservar unas vacaciones en cualquier \u00e9poca del a\u00f1o.<\/p>  \n\n<p style=\"margin-bottom:25px;\">De entre todas estas opciones, merece la pena destacar la <strong>cala Mesquida en Menorca<\/strong>, una playa situada en la costa norte y a solo 5 km. de <a href=\"https:\/\/www.mnkvillas.com\/blog\/el-puerto-de-mahon\" target=\"_blank\" rel=\"noreferrer noopener\">Mah\u00f3n<\/a>, la capital. Su situaci\u00f3n es inmejorable, ya que el norte de Menorca en s\u00ed ofrece a los visitantes muchas posibilidades no solo de ocio, sino de descanso y sobre todo de descubrimiento.<\/p>\n\n<p style=\"margin-bottom:15px;\">La <strong>cala Mesquida en Menorca<\/strong> es lo bastante amplia como para encontrar en ella ese retazo de paz y de intimidad que se necesita en un entorno tan agradable como este. Adem\u00e1s, no todo es arena y mar, aunque eso basta para cautivar. Veamos qu\u00e9 podemos encontrar en esta fascinante cala:<\/p>\n\n<ul>\n\n<h3 class=\"has-text-color\" style=\"color:#d6af00; padding-top:10px;\"><img loading=\"lazy\" decoding=\"async\" width=\"15\" height=\"20\" class=\"wp-image-4537\" style=\"width: 15px;\" src=\"https://www.mnkvillas.com/blog\/wp-content\/uploads\/2020\/01\/simbolito-mnk.png\" alt=\"\"> <strong>Sol y playa<\/strong><\/h4>\n\n<p style=\"margin-bottom:25px;\">Una bah\u00eda de arena blanca besada constantemente por las aguas azul turquesa del mar dan forma a la <strong>cala Mesquida en Menorca<\/strong>. Dichas aguas son tan listas y tan transparentes que invitan a los viajeros, solitarios o en grupo, a zambullirse y refrescarse en ellas.<\/p>\n\n<hr>\n\n<h3 class=\"has-text-color\" style=\"color:#4d8ecb; padding-top:10px;\"><img loading=\"lazy\" decoding=\"async\" width=\"15\" height=\"20\" class=\"wp-image-4537\" style=\"width: 15px;\" src=\"https://www.mnkvillas.com/blog\/wp-content\/uploads\/2020\/01\/simbolito-mnk.png\" alt=\"\"> <strong>s&#8217;Arenal Gran y s&#8217;Arenal Petit<\/strong><\/h3>\n\n<p style=\"margin-bottom:25px;\">Los n\u00facleos urbanos de la <strong>cala Mesquida en Menorca<\/strong> tienen historia. Hacia aproximadamente la segunda mitad del siglo XX solo eran un conjunto de casetas. Hoy, esas casetas se han actualizado, pero sin perder el toque pesquero y aut\u00f3ctono, una de las se\u00f1as de identidad de muchos pueblos menorquines.<\/p>\n\n<hr>\n\n<h3 class=\"has-text-color\" style=\"color:#005ca7; padding-top:10px;\"><img loading=\"lazy\" decoding=\"async\" width=\"15\" height=\"20\" class=\"wp-image-4537\" style=\"width: 15px;\" src=\"https://www.mnkvillas.com/blog\/wp-content\/uploads\/2020\/01\/simbolito-mnk.png\" alt=\"\"> <strong>Torre de Defensa<\/strong><\/h3>\n\n<p style=\"margin-bottom:25px;\">En Mesquida podemos tambi\u00e9n podemos aprender historia, ya que en 1781 desembarcaron en ella las tropas franco-espa\u00f1olas con la firme intenci\u00f3n de iniciar su conquista de la isla. Como consecuencia, los brit\u00e1nicos elevaron una torre costera de defensa de forma circular en 1799.<\/p>\n\n<hr>\n\n<h3 class=\"has-text-color\" style=\"color:#008052; padding-top:10px;\"><img loading=\"lazy\" decoding=\"async\" width=\"15\" height=\"20\" class=\"wp-image-4537\" style=\"width: 15px;\" src=\"https://www.mnkvillas.com/blog\/wp-content\/uploads\/2020\/01\/simbolito-mnk.png\" alt=\"\"> <strong>Fiestas de Sa Mesquida<\/strong><\/h3>\n\n<p style=\"margin-bottom:25px;\">La <strong>cala Mesquida en Menorca<\/strong> ofrece a la poblaci\u00f3n aut\u00f3ctona y a sus visitantes sus propias fiestas populares, que tienen lugar la primera o segunda semana de agosto. La m\u00fasica y el jolgorio se suman durante esos d\u00edas a la cautivadora belleza de la playa.<\/p>\n\n<hr>\n<\/ul>\n<p style=\"margin-top:20px; margin-bottom:25px;\">Resulta dif\u00edcil elegir una sola de estas opciones, pero no hay por qu\u00e9 elegir, podemos disfrutar de todo lo que ofrece esta atractiva cala reservando unas vacaciones en el mejor momento.<\/p>\n\n<figure class=\"wp-block-image\" style=\"padding-top:30px;\"><a href=\"https:\/\/www.mnkvillas.com\/\" target=\"_blank\" rel=\"noreferrer noopener\"><img loading=\"lazy\" decoding=\"async\" width=\"800\" height=\"195\" src=\"https://www.mnkvillas.com/blog\/wp-content\/uploads\/2018\/12\/Alojamiento-en-menorca.jpg\" alt=\"alojamiento en menorca\" class=\"wp-image-3782\" srcset=\"https://www.mnkvillas.com/blog\/wp-content\/uploads\/2018\/12\/Alojamiento-en-menorca.jpg 800w, https://www.mnkvillas.com/blog\/wp-content\/uploads\/2018\/12\/Alojamiento-en-menorca-300x73.jpg 300w, https://www.mnkvillas.com/blog\/wp-content\/uploads\/2018\/12\/Alojamiento-en-menorca-768x187.jpg 768w\" sizes=\"auto, (max-width: 800px) 100vw, 800px\" \/><\/a><\/figure>\n","protected":false},"excerpt":{"rendered":"<p>Tanto cuando el sol est\u00e1 en su punto \u00e1lgido, como tambi\u00e9n al anochecer, Menorca deslumbra con sus costas variopintas y de sorprendente belleza. Las calas y los acantilados abundan en esta joya del Mediterr\u00e1neo, uno de los destinos m\u00e1s bellos que se pueden tener en cuenta a la hora de reservar unas vacaciones en cualquier &#8230; <a href=\"https://www.mnkvillas.com/blog\/cala-mesquida-en-menorca\">Continuar<\/a><\/p>\n","protected":false},"author":2,"featured_media":4607,"comment_status":"closed","ping_status":"open","sticky":false,"template":"","format":"standard","meta":{"footnotes":""},"categories":[288,16,9],"tags":[316,299,17,21],"class_list":["post-4606","post","type-post","status-publish","format-standard","has-post-thumbnail","hentry","category-calas-en-menorca","category-naturaleza-en-menorca","category-turismo-en-menorca","tag-cala-mesquida","tag-calas-cerca-de-mahon","tag-mahon","tag-menorca"],"yoast_head":"<!-- This site is optimized with the Yoast SEO plugin v27.5 - https:\/\/yoast.com\/product\/yoast-seo-wordpress\/ -->\n<title>La belleza de cala Mesquida en Menorca - El Blog de MNK Villas<\/title>\n<meta name=\"robots\" content=\"index, follow, max-snippet:-1, max-image-preview:large, max-video-preview:-1\" \/>\n<link rel=\"canonical\" href=\"https://www.mnkvillas.com/blog\/cala-mesquida-en-menorca\" \/>\n<meta property=\"og:locale\" content=\"es_ES\" \/>\n<meta property=\"og:type\" content=\"article\" \/>\n<meta property=\"og:title\" content=\"La belleza de cala Mesquida en Menorca - El Blog de MNK Villas\" \/>\n<meta property=\"og:description\" content=\"Tanto cuando el sol est\u00e1 en su punto \u00e1lgido, como tambi\u00e9n al anochecer, Menorca deslumbra con sus costas variopintas y de sorprendente belleza. Las calas y los acantilados abundan en esta joya del Mediterr\u00e1neo, uno de los destinos m\u00e1s bellos que se pueden tener en cuenta a la hora de reservar unas vacaciones en cualquier ... Continuar\" \/>\n<meta property=\"og:url\" content=\"https://www.mnkvillas.com/blog\/cala-mesquida-en-menorca\" \/>\n<meta property=\"og:site_name\" content=\"El Blog de MNK Villas\" \/>\n<meta property=\"article:published_time\" content=\"2020-02-11T12:13:18+00:00\" \/>\n<meta property=\"article:modified_time\" content=\"2020-03-05T12:42:04+00:00\" \/>\n<meta property=\"og:image\" content=\"https://www.mnkvillas.com/blog\/wp-content\/uploads\/2020\/02\/cala-Mesquida-en-Menorca.jpg\" \/>\n\t<meta property=\"og:image:width\" content=\"840\" \/>\n\t<meta property=\"og:image:height\" content=\"389\" \/>\n\t<meta property=\"og:image:type\" content=\"image\/jpeg\" \/>\n<meta name=\"author\" content=\"MNK Villas\" \/>\n<meta name=\"twitter:card\" content=\"summary_large_image\" \/>\n<meta name=\"twitter:label1\" content=\"Escrito por\" \/>\n\t<meta name=\"twitter:data1\" content=\"MNK Villas\" \/>\n\t<meta name=\"twitter:label2\" content=\"Tiempo de lectura\" \/>\n\t<meta name=\"twitter:data2\" content=\"2 minutos\" \/>\n<script type=\"application\/ld+json\" class=\"yoast-schema-graph\">{\"@context\":\"https:\\\/\\\/schema.org\",\"@graph\":[{\"@type\":\"Article\",\"@id\":\"https:\\\/\\\/blog.mnkvillas.com\\\/cala-mesquida-en-menorca#article\",\"isPartOf\":{\"@id\":\"https:\\\/\\\/blog.mnkvillas.com\\\/cala-mesquida-en-menorca\"},\"author\":{\"name\":\"MNK Villas\",\"@id\":\"https:\\\/\\\/blog.mnkvillas.com\\\/#\\\/schema\\\/person\\\/5efebb89c1bdae18cb0ab6c4a34d438d\"},\"headline\":\"La belleza de cala Mesquida en Menorca\",\"datePublished\":\"2020-02-11T12:13:18+00:00\",\"dateModified\":\"2020-03-05T12:42:04+00:00\",\"mainEntityOfPage\":{\"@id\":\"https:\\\/\\\/blog.mnkvillas.com\\\/cala-mesquida-en-menorca\"},\"wordCount\":423,\"image\":{\"@id\":\"https:\\\/\\\/blog.mnkvillas.com\\\/cala-mesquida-en-menorca#primaryimage\"},\"thumbnailUrl\":\"https:\\\/\\\/blog.mnkvillas.com\\\/wp-content\\\/uploads\\\/2020\\\/02\\\/cala-Mesquida-en-Menorca.jpg\",\"keywords\":[\"Cala Mesquida\",\"calas cerca de mah\u00f3n\",\"Mah\u00f3n\",\"Menorca\"],\"articleSection\":[\"Calas en Menorca\",\"Naturaleza en Menorca\",\"Turismo en Menorca\"],\"inLanguage\":\"es\"},{\"@type\":\"WebPage\",\"@id\":\"https:\\\/\\\/blog.mnkvillas.com\\\/cala-mesquida-en-menorca\",\"url\":\"https:\\\/\\\/blog.mnkvillas.com\\\/cala-mesquida-en-menorca\",\"name\":\"La belleza de cala Mesquida en Menorca - El Blog de MNK Villas\",\"isPartOf\":{\"@id\":\"https:\\\/\\\/blog.mnkvillas.com\\\/#website\"},\"primaryImageOfPage\":{\"@id\":\"https:\\\/\\\/blog.mnkvillas.com\\\/cala-mesquida-en-menorca#primaryimage\"},\"image\":{\"@id\":\"https:\\\/\\\/blog.mnkvillas.com\\\/cala-mesquida-en-menorca#primaryimage\"},\"thumbnailUrl\":\"https:\\\/\\\/blog.mnkvillas.com\\\/wp-content\\\/uploads\\\/2020\\\/02\\\/cala-Mesquida-en-Menorca.jpg\",\"datePublished\":\"2020-02-11T12:13:18+00:00\",\"dateModified\":\"2020-03-05T12:42:04+00:00\",\"author\":{\"@id\":\"https:\\\/\\\/blog.mnkvillas.com\\\/#\\\/schema\\\/person\\\/5efebb89c1bdae18cb0ab6c4a34d438d\"},\"breadcrumb\":{\"@id\":\"https:\\\/\\\/blog.mnkvillas.com\\\/cala-mesquida-en-menorca#breadcrumb\"},\"inLanguage\":\"es\",\"potentialAction\":[{\"@type\":\"ReadAction\",\"target\":[\"https:\\\/\\\/blog.mnkvillas.com\\\/cala-mesquida-en-menorca\"]}]},{\"@type\":\"ImageObject\",\"inLanguage\":\"es\",\"@id\":\"https:\\\/\\\/blog.mnkvillas.com\\\/cala-mesquida-en-menorca#primaryimage\",\"url\":\"https:\\\/\\\/blog.mnkvillas.com\\\/wp-content\\\/uploads\\\/2020\\\/02\\\/cala-Mesquida-en-Menorca.jpg\",\"contentUrl\":\"https:\\\/\\\/blog.mnkvillas.com\\\/wp-content\\\/uploads\\\/2020\\\/02\\\/cala-Mesquida-en-Menorca.jpg\",\"width\":840,\"height\":389,\"caption\":\"cala Mesquida en Menorca\"},{\"@type\":\"BreadcrumbList\",\"@id\":\"https:\\\/\\\/blog.mnkvillas.com\\\/cala-mesquida-en-menorca#breadcrumb\",\"itemListElement\":[{\"@type\":\"ListItem\",\"position\":1,\"name\":\"Portada\",\"item\":\"https:\\\/\\\/blog.mnkvillas.com\\\/\"},{\"@type\":\"ListItem\",\"position\":2,\"name\":\"La belleza de cala Mesquida en Menorca\"}]},{\"@type\":\"WebSite\",\"@id\":\"https:\\\/\\\/blog.mnkvillas.com\\\/#website\",\"url\":\"https:\\\/\\\/blog.mnkvillas.com\\\/\",\"name\":\"El Blog de MNK Villas\",\"description\":\"Gesti\u00f3n y comercializaci\u00f3n de casas y villas en Menorca\",\"potentialAction\":[{\"@type\":\"SearchAction\",\"target\":{\"@type\":\"EntryPoint\",\"urlTemplate\":\"https:\\\/\\\/blog.mnkvillas.com\\\/?s={search_term_string}\"},\"query-input\":{\"@type\":\"PropertyValueSpecification\",\"valueRequired\":true,\"valueName\":\"search_term_string\"}}],\"inLanguage\":\"es\"},{\"@type\":\"Person\",\"@id\":\"https:\\\/\\\/blog.mnkvillas.com\\\/#\\\/schema\\\/person\\\/5efebb89c1bdae18cb0ab6c4a34d438d\",\"name\":\"MNK Villas\",\"image\":{\"@type\":\"ImageObject\",\"inLanguage\":\"es\",\"@id\":\"https:\\\/\\\/secure.gravatar.com\\\/avatar\\\/32fd5f16b06bfc66336905f2701aff5bb0df631080894bd3d84147be1c1a1ac8?s=96&d=mm&r=g\",\"url\":\"https:\\\/\\\/secure.gravatar.com\\\/avatar\\\/32fd5f16b06bfc66336905f2701aff5bb0df631080894bd3d84147be1c1a1ac8?s=96&d=mm&r=g\",\"contentUrl\":\"https:\\\/\\\/secure.gravatar.com\\\/avatar\\\/32fd5f16b06bfc66336905f2701aff5bb0df631080894bd3d84147be1c1a1ac8?s=96&d=mm&r=g\",\"caption\":\"MNK Villas\"},\"url\":\"https:\\\/\\\/blog.mnkvillas.com\\\/author\\\/mnk-villas\"}]}<\/script>\n<!-- \/ Yoast SEO plugin. -->","yoast_head_json":{"title":"La belleza de cala Mesquida en Menorca - El Blog de MNK Villas","robots":{"index":"index","follow":"follow","max-snippet":"max-snippet:-1","max-image-preview":"max-image-preview:large","max-video-preview":"max-video-preview:-1"},"canonical":"https://www.mnkvillas.com/blog\/cala-mesquida-en-menorca","og_locale":"es_ES","og_type":"article","og_title":"La belleza de cala Mesquida en Menorca - El Blog de MNK Villas","og_description":"Tanto cuando el sol est\u00e1 en su punto \u00e1lgido, como tambi\u00e9n al anochecer, Menorca deslumbra con sus costas variopintas y de sorprendente belleza. Las calas y los acantilados abundan en esta joya del Mediterr\u00e1neo, uno de los destinos m\u00e1s bellos que se pueden tener en cuenta a la hora de reservar unas vacaciones en cualquier ... Continuar","og_url":"https://www.mnkvillas.com/blog\/cala-mesquida-en-menorca","og_site_name":"El Blog de MNK Villas","article_published_time":"2020-02-11T12:13:18+00:00","article_modified_time":"2020-03-05T12:42:04+00:00","og_image":[{"width":840,"height":389,"url":"https://www.mnkvillas.com/blog\/wp-content\/uploads\/2020\/02\/cala-Mesquida-en-Menorca.jpg","type":"image\/jpeg"}],"author":"MNK Villas","twitter_card":"summary_large_image","twitter_misc":{"Escrito por":"MNK Villas","Tiempo de lectura":"2 minutos"},"schema":{"@context":"https:\/\/schema.org","@graph":[{"@type":"Article","@id":"https://www.mnkvillas.com/blog\/cala-mesquida-en-menorca#article","isPartOf":{"@id":"https://www.mnkvillas.com/blog\/cala-mesquida-en-menorca"},"author":{"name":"MNK Villas","@id":"https://www.mnkvillas.com/blog\/#\/schema\/person\/5efebb89c1bdae18cb0ab6c4a34d438d"},"headline":"La belleza de cala Mesquida en Menorca","datePublished":"2020-02-11T12:13:18+00:00","dateModified":"2020-03-05T12:42:04+00:00","mainEntityOfPage":{"@id":"https://www.mnkvillas.com/blog\/cala-mesquida-en-menorca"},"wordCount":423,"image":{"@id":"https://www.mnkvillas.com/blog\/cala-mesquida-en-menorca#primaryimage"},"thumbnailUrl":"https://www.mnkvillas.com/blog\/wp-content\/uploads\/2020\/02\/cala-Mesquida-en-Menorca.jpg","keywords":["Cala Mesquida","calas cerca de mah\u00f3n","Mah\u00f3n","Menorca"],"articleSection":["Calas en Menorca","Naturaleza en Menorca","Turismo en Menorca"],"inLanguage":"es"},{"@type":"WebPage","@id":"https://www.mnkvillas.com/blog\/cala-mesquida-en-menorca","url":"https://www.mnkvillas.com/blog\/cala-mesquida-en-menorca","name":"La belleza de cala Mesquida en Menorca - El Blog de MNK Villas","isPartOf":{"@id":"https://www.mnkvillas.com/blog\/#website"},"primaryImageOfPage":{"@id":"https://www.mnkvillas.com/blog\/cala-mesquida-en-menorca#primaryimage"},"image":{"@id":"https://www.mnkvillas.com/blog\/cala-mesquida-en-menorca#primaryimage"},"thumbnailUrl":"https://www.mnkvillas.com/blog\/wp-content\/uploads\/2020\/02\/cala-Mesquida-en-Menorca.jpg","datePublished":"2020-02-11T12:13:18+00:00","dateModified":"2020-03-05T12:42:04+00:00","author":{"@id":"https://www.mnkvillas.com/blog\/#\/schema\/person\/5efebb89c1bdae18cb0ab6c4a34d438d"},"breadcrumb":{"@id":"https://www.mnkvillas.com/blog\/cala-mesquida-en-menorca#breadcrumb"},"inLanguage":"es","potentialAction":[{"@type":"ReadAction","target":["https://www.mnkvillas.com/blog\/cala-mesquida-en-menorca"]}]},{"@type":"ImageObject","inLanguage":"es","@id":"https://www.mnkvillas.com/blog\/cala-mesquida-en-menorca#primaryimage","url":"https://www.mnkvillas.com/blog\/wp-content\/uploads\/2020\/02\/cala-Mesquida-en-Menorca.jpg","contentUrl":"https://www.mnkvillas.com/blog\/wp-content\/uploads\/2020\/02\/cala-Mesquida-en-Menorca.jpg","width":840,"height":389,"caption":"cala Mesquida en Menorca"},{"@type":"BreadcrumbList","@id":"https://www.mnkvillas.com/blog\/cala-mesquida-en-menorca#breadcrumb","itemListElement":[{"@type":"ListItem","position":1,"name":"Portada","item":"https://www.mnkvillas.com/blog\/"},{"@type":"ListItem","position":2,"name":"La belleza de cala Mesquida en Menorca"}]},{"@type":"WebSite","@id":"https://www.mnkvillas.com/blog\/#website","url":"https://www.mnkvillas.com/blog\/","name":"El Blog de MNK Villas","description":"Gesti\u00f3n y comercializaci\u00f3n de casas y villas en Menorca","potentialAction":[{"@type":"SearchAction","target":{"@type":"EntryPoint","urlTemplate":"https://www.mnkvillas.com/blog\/?s={search_term_string}"},"query-input":{"@type":"PropertyValueSpecification","valueRequired":true,"valueName":"search_term_string"}}],"inLanguage":"es"},{"@type":"Person","@id":"https://www.mnkvillas.com/blog\/#\/schema\/person\/5efebb89c1bdae18cb0ab6c4a34d438d","name":"MNK Villas","image":{"@type":"ImageObject","inLanguage":"es","@id":"https:\/\/secure.gravatar.com\/avatar\/32fd5f16b06bfc66336905f2701aff5bb0df631080894bd3d84147be1c1a1ac8?s=96&d=mm&r=g","url":"https:\/\/secure.gravatar.com\/avatar\/32fd5f16b06bfc66336905f2701aff5bb0df631080894bd3d84147be1c1a1ac8?s=96&d=mm&r=g","contentUrl":"https:\/\/secure.gravatar.com\/avatar\/32fd5f16b06bfc66336905f2701aff5bb0df631080894bd3d84147be1c1a1ac8?s=96&d=mm&r=g","caption":"MNK Villas"},"url":"https://www.mnkvillas.com/blog\/author\/mnk-villas"}]}},"_links":{"self":[{"href":"https://www.mnkvillas.com/blog\/wp-json\/wp\/v2\/posts\/4606","targetHints":{"allow":["GET"]}}],"collection":[{"href":"https://www.mnkvillas.com/blog\/wp-json\/wp\/v2\/posts"}],"about":[{"href":"https://www.mnkvillas.com/blog\/wp-json\/wp\/v2\/types\/post"}],"author":[{"embeddable":true,"href":"https://www.mnkvillas.com/blog\/wp-json\/wp\/v2\/users\/2"}],"replies":[{"embeddable":true,"href":"https://www.mnkvillas.com/blog\/wp-json\/wp\/v2\/comments?post=4606"}],"version-history":[{"count":16,"href":"https://www.mnkvillas.com/blog\/wp-json\/wp\/v2\/posts\/4606\/revisions"}],"predecessor-version":[{"id":4623,"href":"https://www.mnkvillas.com/blog\/wp-json\/wp\/v2\/posts\/4606\/revisions\/4623"}],"wp:featuredmedia":[{"embeddable":true,"href":"https://www.mnkvillas.com/blog\/wp-json\/wp\/v2\/media\/4607"}],"wp:attachment":[{"href":"https://www.mnkvillas.com/blog\/wp-json\/wp\/v2\/media?parent=4606"}],"wp:term":[{"taxonomy":"category","embeddable":true,"href":"https://www.mnkvillas.com/blog\/wp-json\/wp\/v2\/categories?post=4606"},{"taxonomy":"post_tag","embeddable":true,"href":"https://www.mnkvillas.com/blog\/wp-json\/wp\/v2\/tags?post=4606"}],"curies":[{"name":"wp","href":"https:\/\/api.w.org\/{rel}","templated":true}]}}