{"id":4330,"date":"2019-10-11T08:23:24","date_gmt":"2019-10-11T08:23:24","guid":{"rendered":"https://www.mnkvillas.com/blog\/?p=4330"},"modified":"2019-10-11T08:23:27","modified_gmt":"2019-10-11T08:23:27","slug":"cala-rafalet-de-menorca","status":"publish","type":"post","link":"https://www.mnkvillas.com/blog\/cala-rafalet-de-menorca","title":{"rendered":"La intimidad de la Cala Rafalet de Menorca"},"content":{"rendered":"\n<figure class=\"wp-block-image\"><img loading=\"lazy\" decoding=\"async\" width=\"840\" height=\"389\" src=\"https://www.mnkvillas.com/blog\/wp-content\/uploads\/2019\/10\/Cala-Rafalet-de-Menorca.jpg\" alt=\"Cala Rafalet de Menorca\" class=\"wp-image-4332\" srcset=\"https://www.mnkvillas.com/blog\/wp-content\/uploads\/2019\/10\/Cala-Rafalet-de-Menorca.jpg 840w, https://www.mnkvillas.com/blog\/wp-content\/uploads\/2019\/10\/Cala-Rafalet-de-Menorca-300x139.jpg 300w, https://www.mnkvillas.com/blog\/wp-content\/uploads\/2019\/10\/Cala-Rafalet-de-Menorca-768x356.jpg 768w\" sizes=\"auto, (max-width: 840px) 100vw, 840px\" \/><\/figure>\n\n\n\n<p style=\"margin-top:30px; margin-bottom:25px;\">Cuando pensamos en una playa, en nuestro concepto mental suele aparecer la idea de un espacio abierto y arenoso con una costa ba\u00f1ada por el sonido de las olas. Pero la naturaleza es caprichosa y tiene reglas, y a lo largo y ancho del mundo podemos encontrar formaciones naturales costeras que ni en sue\u00f1os podr\u00edamos haber imaginado. Una de esas formaciones est\u00e1 m\u00e1s cerca de casa de lo que podr\u00edas creer. Se trata de la <strong>Cala Rafalet de Menorca<\/strong>, una cala menorquina que desaf\u00eda la idea de del concepto de playa en numerosos sentidos.<\/p>  \n\n<p style=\"margin-bottom:25px;\">Esta cala se encuentra cerca del n\u00facleo urbano de Mah\u00f3n, la capital de Menorca, por lo tanto est\u00e1 pr\u00f3xima al ajetreo de la ciudad y al mismo tiempo no lo est\u00e1, y es que resulta dif\u00edcil pensar en los restaurantes y en las calles de Mah\u00f3n cuando estamos en la <strong>Cala Rafalet de Menorca<\/strong>, ya que su composici\u00f3n natural, una estrecha franja de mar rodeada de rocas y escondida de las zonas m\u00e1s arenosas, nos adentra en un mundo aislado del exterior en todos los sentidos. No solo es que se trate de una cala escondida, sino que en absoluto responde a las definiciones m\u00e1s convencionales de \u00abnaturaleza\u00bb.<\/p>\n\n<p style=\"margin-bottom:25px;\">La <strong>Cala Rafalet de Menorca<\/strong> tambi\u00e9n destaca por ser peque\u00f1a, lo que acent\u00faa esa sensaci\u00f3n de intimidad de la que es imposible desligarse. Incluso el mar busca un espacio ajeno al resto de la existencia, ajeno al resto de concepciones tradicionales de lo que es el mar. Por es raz\u00f3n, el hecho de que sea peque\u00f1a no es en absoluto un contra, sino algo positivo, sobre todo para las personas que buscan la soledad, la meditaci\u00f3n, o sencillamente compartir un momento especial en pareja. Por otro lado, a pesar de su sencillez y humildad, la cala se hizo especialmente famosa cuando apareci\u00f3 como escenario en el anuncio de Estrella de 2010.<\/p>  \n\n<p style=\"margin-bottom:30px;\">A pesar de estar ante una de las m\u00e1s preciosas playas v\u00edrgenes de Menorca, llegar a la <strong>Cala Rafalet de Menorca<\/strong>, no es tan complicado como puede parecer. Se puede acceder a ella a pie caminando aproximadamente diez minutos desde el parking m\u00e1s cercano. Tambi\u00e9n est\u00e1 muy cerca de Cam\u00ed de Cavalls, un sendero con mucha historia. Pero lo m\u00e1s normal y f\u00e1cil es conducir desde Mah\u00f3n, la urbe m\u00e1s pr\u00f3xima, donde adem\u00e1s puedes aprovechar y adquirir comida y bebida para pasar el d\u00eda.<\/p>\n\n<p style=\"margin-bottom:25px;\">\u00bfNecesitas m\u00e1s motivos para visitar esta cala de ensue\u00f1o?<\/p>\n\n<figure class=\"wp-block-image\"><a href=\"https:\/\/www.mnkvillas.com\/\" target=\"_blank\" rel=\"noreferrer noopener\"><img loading=\"lazy\" decoding=\"async\" width=\"800\" height=\"195\" src=\"https://www.mnkvillas.com/blog\/wp-content\/uploads\/2018\/12\/Alojamiento-en-menorca.jpg\" alt=\"alojamiento en menorca\" class=\"wp-image-3782\" srcset=\"https://www.mnkvillas.com/blog\/wp-content\/uploads\/2018\/12\/Alojamiento-en-menorca.jpg 800w, https://www.mnkvillas.com/blog\/wp-content\/uploads\/2018\/12\/Alojamiento-en-menorca-300x73.jpg 300w, https://www.mnkvillas.com/blog\/wp-content\/uploads\/2018\/12\/Alojamiento-en-menorca-768x187.jpg 768w\" sizes=\"auto, (max-width: 800px) 100vw, 800px\" \/><\/a><\/figure>\n","protected":false},"excerpt":{"rendered":"<p>Cuando pensamos en una playa, en nuestro concepto mental suele aparecer la idea de un espacio abierto y arenoso con una costa ba\u00f1ada por el sonido de las olas. Pero la naturaleza es caprichosa y tiene reglas, y a lo largo y ancho del mundo podemos encontrar formaciones naturales costeras que ni en sue\u00f1os podr\u00edamos &#8230; <a href=\"https://www.mnkvillas.com/blog\/cala-rafalet-de-menorca\">Continuar<\/a><\/p>\n","protected":false},"author":2,"featured_media":4332,"comment_status":"closed","ping_status":"open","sticky":false,"template":"","format":"standard","meta":{"footnotes":""},"categories":[288,16,9],"tags":[298,156,90,237],"class_list":["post-4330","post","type-post","status-publish","format-standard","has-post-thumbnail","hentry","category-calas-en-menorca","category-naturaleza-en-menorca","category-turismo-en-menorca","tag-cala-rafalet","tag-calas-de-menorca","tag-calas-en-menorca","tag-calas-escondidas-de-menorca"],"yoast_head":"<!-- This site is optimized with the Yoast SEO plugin v27.5 - https:\/\/yoast.com\/product\/yoast-seo-wordpress\/ -->\n<title>La intimidad de la Cala Rafalet de Menorca - El Blog de MNK Villas<\/title>\n<meta name=\"robots\" content=\"index, follow, max-snippet:-1, max-image-preview:large, max-video-preview:-1\" \/>\n<link rel=\"canonical\" href=\"https://www.mnkvillas.com/blog\/cala-rafalet-de-menorca\" \/>\n<meta property=\"og:locale\" content=\"es_ES\" \/>\n<meta property=\"og:type\" content=\"article\" \/>\n<meta property=\"og:title\" content=\"La intimidad de la Cala Rafalet de Menorca - El Blog de MNK Villas\" \/>\n<meta property=\"og:description\" content=\"Cuando pensamos en una playa, en nuestro concepto mental suele aparecer la idea de un espacio abierto y arenoso con una costa ba\u00f1ada por el sonido de las olas. Pero la naturaleza es caprichosa y tiene reglas, y a lo largo y ancho del mundo podemos encontrar formaciones naturales costeras que ni en sue\u00f1os podr\u00edamos ... Continuar\" \/>\n<meta property=\"og:url\" content=\"https://www.mnkvillas.com/blog\/cala-rafalet-de-menorca\" \/>\n<meta property=\"og:site_name\" content=\"El Blog de MNK Villas\" \/>\n<meta property=\"article:published_time\" content=\"2019-10-11T08:23:24+00:00\" \/>\n<meta property=\"article:modified_time\" content=\"2019-10-11T08:23:27+00:00\" \/>\n<meta property=\"og:image\" content=\"https://www.mnkvillas.com/blog\/wp-content\/uploads\/2019\/10\/Cala-Rafalet-de-Menorca.jpg\" \/>\n\t<meta property=\"og:image:width\" content=\"840\" \/>\n\t<meta property=\"og:image:height\" content=\"389\" \/>\n\t<meta property=\"og:image:type\" content=\"image\/jpeg\" \/>\n<meta name=\"author\" content=\"MNK Villas\" \/>\n<meta name=\"twitter:card\" content=\"summary_large_image\" \/>\n<meta name=\"twitter:label1\" content=\"Escrito por\" \/>\n\t<meta name=\"twitter:data1\" content=\"MNK Villas\" \/>\n\t<meta name=\"twitter:label2\" content=\"Tiempo de lectura\" \/>\n\t<meta name=\"twitter:data2\" content=\"2 minutos\" \/>\n<script type=\"application\/ld+json\" class=\"yoast-schema-graph\">{\"@context\":\"https:\\\/\\\/schema.org\",\"@graph\":[{\"@type\":\"Article\",\"@id\":\"https:\\\/\\\/blog.mnkvillas.com\\\/cala-rafalet-de-menorca#article\",\"isPartOf\":{\"@id\":\"https:\\\/\\\/blog.mnkvillas.com\\\/cala-rafalet-de-menorca\"},\"author\":{\"name\":\"MNK Villas\",\"@id\":\"https:\\\/\\\/blog.mnkvillas.com\\\/#\\\/schema\\\/person\\\/5efebb89c1bdae18cb0ab6c4a34d438d\"},\"headline\":\"La intimidad de la Cala Rafalet de Menorca\",\"datePublished\":\"2019-10-11T08:23:24+00:00\",\"dateModified\":\"2019-10-11T08:23:27+00:00\",\"mainEntityOfPage\":{\"@id\":\"https:\\\/\\\/blog.mnkvillas.com\\\/cala-rafalet-de-menorca\"},\"wordCount\":447,\"image\":{\"@id\":\"https:\\\/\\\/blog.mnkvillas.com\\\/cala-rafalet-de-menorca#primaryimage\"},\"thumbnailUrl\":\"https:\\\/\\\/blog.mnkvillas.com\\\/wp-content\\\/uploads\\\/2019\\\/10\\\/Cala-Rafalet-de-Menorca.jpg\",\"keywords\":[\"cala Rafalet\",\"calas de menorca\",\"calas en Menorca\",\"calas escondidas de Menorca\"],\"articleSection\":[\"Calas en Menorca\",\"Naturaleza en Menorca\",\"Turismo en Menorca\"],\"inLanguage\":\"es\"},{\"@type\":\"WebPage\",\"@id\":\"https:\\\/\\\/blog.mnkvillas.com\\\/cala-rafalet-de-menorca\",\"url\":\"https:\\\/\\\/blog.mnkvillas.com\\\/cala-rafalet-de-menorca\",\"name\":\"La intimidad de la Cala Rafalet de Menorca - El Blog de MNK Villas\",\"isPartOf\":{\"@id\":\"https:\\\/\\\/blog.mnkvillas.com\\\/#website\"},\"primaryImageOfPage\":{\"@id\":\"https:\\\/\\\/blog.mnkvillas.com\\\/cala-rafalet-de-menorca#primaryimage\"},\"image\":{\"@id\":\"https:\\\/\\\/blog.mnkvillas.com\\\/cala-rafalet-de-menorca#primaryimage\"},\"thumbnailUrl\":\"https:\\\/\\\/blog.mnkvillas.com\\\/wp-content\\\/uploads\\\/2019\\\/10\\\/Cala-Rafalet-de-Menorca.jpg\",\"datePublished\":\"2019-10-11T08:23:24+00:00\",\"dateModified\":\"2019-10-11T08:23:27+00:00\",\"author\":{\"@id\":\"https:\\\/\\\/blog.mnkvillas.com\\\/#\\\/schema\\\/person\\\/5efebb89c1bdae18cb0ab6c4a34d438d\"},\"breadcrumb\":{\"@id\":\"https:\\\/\\\/blog.mnkvillas.com\\\/cala-rafalet-de-menorca#breadcrumb\"},\"inLanguage\":\"es\",\"potentialAction\":[{\"@type\":\"ReadAction\",\"target\":[\"https:\\\/\\\/blog.mnkvillas.com\\\/cala-rafalet-de-menorca\"]}]},{\"@type\":\"ImageObject\",\"inLanguage\":\"es\",\"@id\":\"https:\\\/\\\/blog.mnkvillas.com\\\/cala-rafalet-de-menorca#primaryimage\",\"url\":\"https:\\\/\\\/blog.mnkvillas.com\\\/wp-content\\\/uploads\\\/2019\\\/10\\\/Cala-Rafalet-de-Menorca.jpg\",\"contentUrl\":\"https:\\\/\\\/blog.mnkvillas.com\\\/wp-content\\\/uploads\\\/2019\\\/10\\\/Cala-Rafalet-de-Menorca.jpg\",\"width\":840,\"height\":389,\"caption\":\"Cala Rafalet de Menorca\"},{\"@type\":\"BreadcrumbList\",\"@id\":\"https:\\\/\\\/blog.mnkvillas.com\\\/cala-rafalet-de-menorca#breadcrumb\",\"itemListElement\":[{\"@type\":\"ListItem\",\"position\":1,\"name\":\"Portada\",\"item\":\"https:\\\/\\\/blog.mnkvillas.com\\\/\"},{\"@type\":\"ListItem\",\"position\":2,\"name\":\"La intimidad de la Cala Rafalet de Menorca\"}]},{\"@type\":\"WebSite\",\"@id\":\"https:\\\/\\\/blog.mnkvillas.com\\\/#website\",\"url\":\"https:\\\/\\\/blog.mnkvillas.com\\\/\",\"name\":\"El Blog de MNK Villas\",\"description\":\"Gesti\u00f3n y comercializaci\u00f3n de casas y villas en Menorca\",\"potentialAction\":[{\"@type\":\"SearchAction\",\"target\":{\"@type\":\"EntryPoint\",\"urlTemplate\":\"https:\\\/\\\/blog.mnkvillas.com\\\/?s={search_term_string}\"},\"query-input\":{\"@type\":\"PropertyValueSpecification\",\"valueRequired\":true,\"valueName\":\"search_term_string\"}}],\"inLanguage\":\"es\"},{\"@type\":\"Person\",\"@id\":\"https:\\\/\\\/blog.mnkvillas.com\\\/#\\\/schema\\\/person\\\/5efebb89c1bdae18cb0ab6c4a34d438d\",\"name\":\"MNK Villas\",\"image\":{\"@type\":\"ImageObject\",\"inLanguage\":\"es\",\"@id\":\"https:\\\/\\\/secure.gravatar.com\\\/avatar\\\/32fd5f16b06bfc66336905f2701aff5bb0df631080894bd3d84147be1c1a1ac8?s=96&d=mm&r=g\",\"url\":\"https:\\\/\\\/secure.gravatar.com\\\/avatar\\\/32fd5f16b06bfc66336905f2701aff5bb0df631080894bd3d84147be1c1a1ac8?s=96&d=mm&r=g\",\"contentUrl\":\"https:\\\/\\\/secure.gravatar.com\\\/avatar\\\/32fd5f16b06bfc66336905f2701aff5bb0df631080894bd3d84147be1c1a1ac8?s=96&d=mm&r=g\",\"caption\":\"MNK Villas\"},\"url\":\"https:\\\/\\\/blog.mnkvillas.com\\\/author\\\/mnk-villas\"}]}<\/script>\n<!-- \/ Yoast SEO plugin. -->","yoast_head_json":{"title":"La intimidad de la Cala Rafalet de Menorca - El Blog de MNK Villas","robots":{"index":"index","follow":"follow","max-snippet":"max-snippet:-1","max-image-preview":"max-image-preview:large","max-video-preview":"max-video-preview:-1"},"canonical":"https://www.mnkvillas.com/blog\/cala-rafalet-de-menorca","og_locale":"es_ES","og_type":"article","og_title":"La intimidad de la Cala Rafalet de Menorca - El Blog de MNK Villas","og_description":"Cuando pensamos en una playa, en nuestro concepto mental suele aparecer la idea de un espacio abierto y arenoso con una costa ba\u00f1ada por el sonido de las olas. Pero la naturaleza es caprichosa y tiene reglas, y a lo largo y ancho del mundo podemos encontrar formaciones naturales costeras que ni en sue\u00f1os podr\u00edamos ... Continuar","og_url":"https://www.mnkvillas.com/blog\/cala-rafalet-de-menorca","og_site_name":"El Blog de MNK Villas","article_published_time":"2019-10-11T08:23:24+00:00","article_modified_time":"2019-10-11T08:23:27+00:00","og_image":[{"width":840,"height":389,"url":"https://www.mnkvillas.com/blog\/wp-content\/uploads\/2019\/10\/Cala-Rafalet-de-Menorca.jpg","type":"image\/jpeg"}],"author":"MNK Villas","twitter_card":"summary_large_image","twitter_misc":{"Escrito por":"MNK Villas","Tiempo de lectura":"2 minutos"},"schema":{"@context":"https:\/\/schema.org","@graph":[{"@type":"Article","@id":"https://www.mnkvillas.com/blog\/cala-rafalet-de-menorca#article","isPartOf":{"@id":"https://www.mnkvillas.com/blog\/cala-rafalet-de-menorca"},"author":{"name":"MNK Villas","@id":"https://www.mnkvillas.com/blog\/#\/schema\/person\/5efebb89c1bdae18cb0ab6c4a34d438d"},"headline":"La intimidad de la Cala Rafalet de Menorca","datePublished":"2019-10-11T08:23:24+00:00","dateModified":"2019-10-11T08:23:27+00:00","mainEntityOfPage":{"@id":"https://www.mnkvillas.com/blog\/cala-rafalet-de-menorca"},"wordCount":447,"image":{"@id":"https://www.mnkvillas.com/blog\/cala-rafalet-de-menorca#primaryimage"},"thumbnailUrl":"https://www.mnkvillas.com/blog\/wp-content\/uploads\/2019\/10\/Cala-Rafalet-de-Menorca.jpg","keywords":["cala Rafalet","calas de menorca","calas en Menorca","calas escondidas de Menorca"],"articleSection":["Calas en Menorca","Naturaleza en Menorca","Turismo en Menorca"],"inLanguage":"es"},{"@type":"WebPage","@id":"https://www.mnkvillas.com/blog\/cala-rafalet-de-menorca","url":"https://www.mnkvillas.com/blog\/cala-rafalet-de-menorca","name":"La intimidad de la Cala Rafalet de Menorca - El Blog de MNK Villas","isPartOf":{"@id":"https://www.mnkvillas.com/blog\/#website"},"primaryImageOfPage":{"@id":"https://www.mnkvillas.com/blog\/cala-rafalet-de-menorca#primaryimage"},"image":{"@id":"https://www.mnkvillas.com/blog\/cala-rafalet-de-menorca#primaryimage"},"thumbnailUrl":"https://www.mnkvillas.com/blog\/wp-content\/uploads\/2019\/10\/Cala-Rafalet-de-Menorca.jpg","datePublished":"2019-10-11T08:23:24+00:00","dateModified":"2019-10-11T08:23:27+00:00","author":{"@id":"https://www.mnkvillas.com/blog\/#\/schema\/person\/5efebb89c1bdae18cb0ab6c4a34d438d"},"breadcrumb":{"@id":"https://www.mnkvillas.com/blog\/cala-rafalet-de-menorca#breadcrumb"},"inLanguage":"es","potentialAction":[{"@type":"ReadAction","target":["https://www.mnkvillas.com/blog\/cala-rafalet-de-menorca"]}]},{"@type":"ImageObject","inLanguage":"es","@id":"https://www.mnkvillas.com/blog\/cala-rafalet-de-menorca#primaryimage","url":"https://www.mnkvillas.com/blog\/wp-content\/uploads\/2019\/10\/Cala-Rafalet-de-Menorca.jpg","contentUrl":"https://www.mnkvillas.com/blog\/wp-content\/uploads\/2019\/10\/Cala-Rafalet-de-Menorca.jpg","width":840,"height":389,"caption":"Cala Rafalet de Menorca"},{"@type":"BreadcrumbList","@id":"https://www.mnkvillas.com/blog\/cala-rafalet-de-menorca#breadcrumb","itemListElement":[{"@type":"ListItem","position":1,"name":"Portada","item":"https://www.mnkvillas.com/blog\/"},{"@type":"ListItem","position":2,"name":"La intimidad de la Cala Rafalet de Menorca"}]},{"@type":"WebSite","@id":"https://www.mnkvillas.com/blog\/#website","url":"https://www.mnkvillas.com/blog\/","name":"El Blog de MNK Villas","description":"Gesti\u00f3n y comercializaci\u00f3n de casas y villas en Menorca","potentialAction":[{"@type":"SearchAction","target":{"@type":"EntryPoint","urlTemplate":"https://www.mnkvillas.com/blog\/?s={search_term_string}"},"query-input":{"@type":"PropertyValueSpecification","valueRequired":true,"valueName":"search_term_string"}}],"inLanguage":"es"},{"@type":"Person","@id":"https://www.mnkvillas.com/blog\/#\/schema\/person\/5efebb89c1bdae18cb0ab6c4a34d438d","name":"MNK Villas","image":{"@type":"ImageObject","inLanguage":"es","@id":"https:\/\/secure.gravatar.com\/avatar\/32fd5f16b06bfc66336905f2701aff5bb0df631080894bd3d84147be1c1a1ac8?s=96&d=mm&r=g","url":"https:\/\/secure.gravatar.com\/avatar\/32fd5f16b06bfc66336905f2701aff5bb0df631080894bd3d84147be1c1a1ac8?s=96&d=mm&r=g","contentUrl":"https:\/\/secure.gravatar.com\/avatar\/32fd5f16b06bfc66336905f2701aff5bb0df631080894bd3d84147be1c1a1ac8?s=96&d=mm&r=g","caption":"MNK Villas"},"url":"https://www.mnkvillas.com/blog\/author\/mnk-villas"}]}},"_links":{"self":[{"href":"https://www.mnkvillas.com/blog\/wp-json\/wp\/v2\/posts\/4330","targetHints":{"allow":["GET"]}}],"collection":[{"href":"https://www.mnkvillas.com/blog\/wp-json\/wp\/v2\/posts"}],"about":[{"href":"https://www.mnkvillas.com/blog\/wp-json\/wp\/v2\/types\/post"}],"author":[{"embeddable":true,"href":"https://www.mnkvillas.com/blog\/wp-json\/wp\/v2\/users\/2"}],"replies":[{"embeddable":true,"href":"https://www.mnkvillas.com/blog\/wp-json\/wp\/v2\/comments?post=4330"}],"version-history":[{"count":2,"href":"https://www.mnkvillas.com/blog\/wp-json\/wp\/v2\/posts\/4330\/revisions"}],"predecessor-version":[{"id":4334,"href":"https://www.mnkvillas.com/blog\/wp-json\/wp\/v2\/posts\/4330\/revisions\/4334"}],"wp:featuredmedia":[{"embeddable":true,"href":"https://www.mnkvillas.com/blog\/wp-json\/wp\/v2\/media\/4332"}],"wp:attachment":[{"href":"https://www.mnkvillas.com/blog\/wp-json\/wp\/v2\/media?parent=4330"}],"wp:term":[{"taxonomy":"category","embeddable":true,"href":"https://www.mnkvillas.com/blog\/wp-json\/wp\/v2\/categories?post=4330"},{"taxonomy":"post_tag","embeddable":true,"href":"https://www.mnkvillas.com/blog\/wp-json\/wp\/v2\/tags?post=4330"}],"curies":[{"name":"wp","href":"https:\/\/api.w.org\/{rel}","templated":true}]}}