{"id":4233,"date":"2019-08-16T09:51:38","date_gmt":"2019-08-16T09:51:38","guid":{"rendered":"https://www.mnkvillas.com/blog\/?p=4233"},"modified":"2019-08-16T09:51:41","modified_gmt":"2019-08-16T09:51:41","slug":"cala-morell-en-menorca","status":"publish","type":"post","link":"https://www.mnkvillas.com/blog\/cala-morell-en-menorca","title":{"rendered":"Las maravillas de Cala Morell en Menorca"},"content":{"rendered":"\n<figure class=\"wp-block-image\"><img loading=\"lazy\" decoding=\"async\" width=\"840\" height=\"389\" src=\"https://www.mnkvillas.com/blog\/wp-content\/uploads\/2019\/08\/Cala-Morell-en-Menorca-01.jpg\" alt=\"\" class=\"wp-image-4235\" srcset=\"https://www.mnkvillas.com/blog\/wp-content\/uploads\/2019\/08\/Cala-Morell-en-Menorca-01.jpg 840w, https://www.mnkvillas.com/blog\/wp-content\/uploads\/2019\/08\/Cala-Morell-en-Menorca-01-300x139.jpg 300w, https://www.mnkvillas.com/blog\/wp-content\/uploads\/2019\/08\/Cala-Morell-en-Menorca-01-768x356.jpg 768w\" sizes=\"auto, (max-width: 840px) 100vw, 840px\" \/><\/figure>\n\n\n\n<p style=\"margin-top:30px; margin-bottom:25px;\">Viajar a Menorca puede hacernos sentir abrumados. \u00bfQu\u00e9 playa deber\u00edamos visitar primero? \u00bfQu\u00e9 itinerario trazamos para no dejarnos en el tintero ninguna de las maravillas naturales y urbanas de la isla? Es dif\u00edcil, ya que si por algo se caracteriza Menorca es por su seductora versatilidad. Podemos pasarnos una semana entera visitando calas, cuevas, pueblos y monumentos prehist\u00f3ricos y aun as\u00ed quedarnos con ganas de m\u00e1s.<\/p>  \n\n<p style=\"margin-bottom:20px;\">Por eso, es importante que conozcamos algunos de los sitios m\u00e1s \u00fanicos y bellos para, de ese modo, empezar a tener una idea de en qu\u00e9 tipo de sitios podemos detenernos m\u00e1s tiempo. Es el caso de <strong>Cala Morell en Menorca<\/strong>, una peque\u00f1a y preciosa bah\u00eda acurrucada junto a <a href=\"https:\/\/www.mnkvillas.com\/blog\/ciudadela\" target=\"_blank\" rel=\"noreferrer noopener\">Ciutadella<\/a>.<\/p>\n\n<h3 style=\"margin-top:35px; margin-bottom:15px;\"><strong>Bosque y litoral<\/strong><\/h3>\n\n<p>Si las aguas turquesas limpias y transparentes de esta cala no nos enamoran, algo muy improbable, sin duda lo har\u00e1 su superficie arenosa y rocosa al mismo tiempo, y las vistas del horizonte y de la propia Ciudadela, uno de los n\u00facleos poblacionales m\u00e1s grandes y variopintos de la isla. Pero aquellos que adoran los \u00e1rboles tambi\u00e9n disfrutar\u00e1n del pinar que rodea la costa. <strong>Cala Morell en Menorca<\/strong> tiene mucho que ofrecer a los viajeros deseosos de experiencias sugestivas.<\/p>\n\n<h3 style=\"margin-top:35px;margin-bottom:15px;\"><strong>Un poco de historia<\/strong><\/h3>\n\n<p>Cala Morell en Menorca no es solo una cala de ensue\u00f1o. Las casitas blancas que la circundan fueron levantadas siguiendo la estructura ibicenca, estableciendo desde los a\u00f1os 60 un paradigma arquitect\u00f3nico que a d\u00eda de hoy sigue inspirando a muchos constructores. Adem\u00e1s, cerca de all\u00ed se encuentra la necr\u00f3polis talay\u00f3tica, otro tipo de para\u00edso para los amantes de la historia m\u00e1s antigua de Menorca.<\/p>\n\n<h3 style=\"margin-top:35px; margin-bottom:15px;\"><strong>Ocio variado<\/strong><\/h3>\n\n<p style=\"margin-bottom:20px;\">Lo mejor que se puede hacer en las aguas de <strong>Cala Morell en Menorca<\/strong> es darse un ba\u00f1o, algo que facilitan las plataformas edificadas en el paisaje rocoso para poder disfrutar de alg\u00fan que otro chapuz\u00f3n sin correr riesgos. Pero la pesca es una actividad muy apreciada en esta zona del litoral menorqu\u00edn tanto por los visitantes de fuera como por los propios habitantes de Ciutadella.<\/p>\n\n<p style=\"margin-bottom:20px;\">Hay mucho que hacer y disfrutar en esta fant\u00e1stica cala, a tiro de piedra, y nunca mejor dicho, de una de las ciudades m\u00e1s importantes de Menorca. Iniciar tu viaje aqu\u00ed es una gran idea, pero tambi\u00e9n podr\u00eda ser el mejor broche de oro antes de irte. <\/p>\n\n<p style=\"margin-bottom:30px;\">\u00a1No le des muchas vueltas y <a href=\"https:\/\/www.mnkvillas.com\/alquiler\/alquiler-alquileres-d0\/\" target=\"_blank\" rel=\"noreferrer noopener\">reserva<\/a> enseguida tu viaje!<\/p>\n\n<figure class=\"wp-block-image\"><a href=\"https:\/\/www.mnkvillas.com\/ofertas\/\" target=\"_blank\" rel=\"noreferrer noopener\"><img loading=\"lazy\" decoding=\"async\" width=\"800\" height=\"195\" src=\"https://www.mnkvillas.com/blog\/wp-content\/uploads\/2019\/04\/Banner-final-post-ofertas.jpg\" alt=\"\" class=\"wp-image-4014\" srcset=\"https://www.mnkvillas.com/blog\/wp-content\/uploads\/2019\/04\/Banner-final-post-ofertas.jpg 800w, https://www.mnkvillas.com/blog\/wp-content\/uploads\/2019\/04\/Banner-final-post-ofertas-300x73.jpg 300w, https://www.mnkvillas.com/blog\/wp-content\/uploads\/2019\/04\/Banner-final-post-ofertas-768x187.jpg 768w\" sizes=\"auto, (max-width: 800px) 100vw, 800px\" \/><\/a><\/figure>\n","protected":false},"excerpt":{"rendered":"<p>Viajar a Menorca puede hacernos sentir abrumados. \u00bfQu\u00e9 playa deber\u00edamos visitar primero? \u00bfQu\u00e9 itinerario trazamos para no dejarnos en el tintero ninguna de las maravillas naturales y urbanas de la isla? Es dif\u00edcil, ya que si por algo se caracteriza Menorca es por su seductora versatilidad. Podemos pasarnos una semana entera visitando calas, cuevas, pueblos &#8230; <a href=\"https://www.mnkvillas.com/blog\/cala-morell-en-menorca\">Continuar<\/a><\/p>\n","protected":false},"author":2,"featured_media":4235,"comment_status":"closed","ping_status":"open","sticky":false,"template":"","format":"standard","meta":{"footnotes":""},"categories":[288,16,9],"tags":[289,90,250,280],"class_list":["post-4233","post","type-post","status-publish","format-standard","has-post-thumbnail","hentry","category-calas-en-menorca","category-naturaleza-en-menorca","category-turismo-en-menorca","tag-cala-morell","tag-calas-en-menorca","tag-menorca-2019","tag-menorca-en-verano"],"yoast_head":"<!-- This site is optimized with the Yoast SEO plugin v27.4 - https:\/\/yoast.com\/product\/yoast-seo-wordpress\/ -->\n<title>Las maravillas de Cala Morell en Menorca - El Blog de MNK Villas<\/title>\n<meta name=\"robots\" content=\"index, follow, max-snippet:-1, max-image-preview:large, max-video-preview:-1\" \/>\n<link rel=\"canonical\" href=\"https://www.mnkvillas.com/blog\/cala-morell-en-menorca\" \/>\n<meta property=\"og:locale\" content=\"es_ES\" \/>\n<meta property=\"og:type\" content=\"article\" \/>\n<meta property=\"og:title\" content=\"Las maravillas de Cala Morell en Menorca - El Blog de MNK Villas\" \/>\n<meta property=\"og:description\" content=\"Viajar a Menorca puede hacernos sentir abrumados. \u00bfQu\u00e9 playa deber\u00edamos visitar primero? \u00bfQu\u00e9 itinerario trazamos para no dejarnos en el tintero ninguna de las maravillas naturales y urbanas de la isla? Es dif\u00edcil, ya que si por algo se caracteriza Menorca es por su seductora versatilidad. Podemos pasarnos una semana entera visitando calas, cuevas, pueblos ... Continuar\" \/>\n<meta property=\"og:url\" content=\"https://www.mnkvillas.com/blog\/cala-morell-en-menorca\" \/>\n<meta property=\"og:site_name\" content=\"El Blog de MNK Villas\" \/>\n<meta property=\"article:published_time\" content=\"2019-08-16T09:51:38+00:00\" \/>\n<meta property=\"article:modified_time\" content=\"2019-08-16T09:51:41+00:00\" \/>\n<meta property=\"og:image\" content=\"https://www.mnkvillas.com/blog\/wp-content\/uploads\/2019\/08\/Cala-Morell-en-Menorca-01.jpg\" \/>\n\t<meta property=\"og:image:width\" content=\"840\" \/>\n\t<meta property=\"og:image:height\" content=\"389\" \/>\n\t<meta property=\"og:image:type\" content=\"image\/jpeg\" \/>\n<meta name=\"author\" content=\"MNK Villas\" \/>\n<meta name=\"twitter:card\" content=\"summary_large_image\" \/>\n<meta name=\"twitter:label1\" content=\"Escrito por\" \/>\n\t<meta name=\"twitter:data1\" content=\"MNK Villas\" \/>\n\t<meta name=\"twitter:label2\" content=\"Tiempo de lectura\" \/>\n\t<meta name=\"twitter:data2\" content=\"2 minutos\" \/>\n<script type=\"application\/ld+json\" class=\"yoast-schema-graph\">{\"@context\":\"https:\\\/\\\/schema.org\",\"@graph\":[{\"@type\":\"Article\",\"@id\":\"https:\\\/\\\/blog.mnkvillas.com\\\/cala-morell-en-menorca#article\",\"isPartOf\":{\"@id\":\"https:\\\/\\\/blog.mnkvillas.com\\\/cala-morell-en-menorca\"},\"author\":{\"name\":\"MNK Villas\",\"@id\":\"https:\\\/\\\/blog.mnkvillas.com\\\/#\\\/schema\\\/person\\\/5efebb89c1bdae18cb0ab6c4a34d438d\"},\"headline\":\"Las maravillas de Cala Morell en Menorca\",\"datePublished\":\"2019-08-16T09:51:38+00:00\",\"dateModified\":\"2019-08-16T09:51:41+00:00\",\"mainEntityOfPage\":{\"@id\":\"https:\\\/\\\/blog.mnkvillas.com\\\/cala-morell-en-menorca\"},\"wordCount\":426,\"image\":{\"@id\":\"https:\\\/\\\/blog.mnkvillas.com\\\/cala-morell-en-menorca#primaryimage\"},\"thumbnailUrl\":\"https:\\\/\\\/blog.mnkvillas.com\\\/wp-content\\\/uploads\\\/2019\\\/08\\\/Cala-Morell-en-Menorca-01.jpg\",\"keywords\":[\"Cala Morell\",\"calas en Menorca\",\"Menorca 2019\",\"Menorca en verano\"],\"articleSection\":[\"Calas en Menorca\",\"Naturaleza en Menorca\",\"Turismo en Menorca\"],\"inLanguage\":\"es\"},{\"@type\":\"WebPage\",\"@id\":\"https:\\\/\\\/blog.mnkvillas.com\\\/cala-morell-en-menorca\",\"url\":\"https:\\\/\\\/blog.mnkvillas.com\\\/cala-morell-en-menorca\",\"name\":\"Las maravillas de Cala Morell en Menorca - El Blog de MNK Villas\",\"isPartOf\":{\"@id\":\"https:\\\/\\\/blog.mnkvillas.com\\\/#website\"},\"primaryImageOfPage\":{\"@id\":\"https:\\\/\\\/blog.mnkvillas.com\\\/cala-morell-en-menorca#primaryimage\"},\"image\":{\"@id\":\"https:\\\/\\\/blog.mnkvillas.com\\\/cala-morell-en-menorca#primaryimage\"},\"thumbnailUrl\":\"https:\\\/\\\/blog.mnkvillas.com\\\/wp-content\\\/uploads\\\/2019\\\/08\\\/Cala-Morell-en-Menorca-01.jpg\",\"datePublished\":\"2019-08-16T09:51:38+00:00\",\"dateModified\":\"2019-08-16T09:51:41+00:00\",\"author\":{\"@id\":\"https:\\\/\\\/blog.mnkvillas.com\\\/#\\\/schema\\\/person\\\/5efebb89c1bdae18cb0ab6c4a34d438d\"},\"breadcrumb\":{\"@id\":\"https:\\\/\\\/blog.mnkvillas.com\\\/cala-morell-en-menorca#breadcrumb\"},\"inLanguage\":\"es\",\"potentialAction\":[{\"@type\":\"ReadAction\",\"target\":[\"https:\\\/\\\/blog.mnkvillas.com\\\/cala-morell-en-menorca\"]}]},{\"@type\":\"ImageObject\",\"inLanguage\":\"es\",\"@id\":\"https:\\\/\\\/blog.mnkvillas.com\\\/cala-morell-en-menorca#primaryimage\",\"url\":\"https:\\\/\\\/blog.mnkvillas.com\\\/wp-content\\\/uploads\\\/2019\\\/08\\\/Cala-Morell-en-Menorca-01.jpg\",\"contentUrl\":\"https:\\\/\\\/blog.mnkvillas.com\\\/wp-content\\\/uploads\\\/2019\\\/08\\\/Cala-Morell-en-Menorca-01.jpg\",\"width\":840,\"height\":389,\"caption\":\"Cala Morell en Menorca\"},{\"@type\":\"BreadcrumbList\",\"@id\":\"https:\\\/\\\/blog.mnkvillas.com\\\/cala-morell-en-menorca#breadcrumb\",\"itemListElement\":[{\"@type\":\"ListItem\",\"position\":1,\"name\":\"Portada\",\"item\":\"https:\\\/\\\/blog.mnkvillas.com\\\/\"},{\"@type\":\"ListItem\",\"position\":2,\"name\":\"Las maravillas de Cala Morell en Menorca\"}]},{\"@type\":\"WebSite\",\"@id\":\"https:\\\/\\\/blog.mnkvillas.com\\\/#website\",\"url\":\"https:\\\/\\\/blog.mnkvillas.com\\\/\",\"name\":\"El Blog de MNK Villas\",\"description\":\"Gesti\u00f3n y comercializaci\u00f3n de casas y villas en Menorca\",\"potentialAction\":[{\"@type\":\"SearchAction\",\"target\":{\"@type\":\"EntryPoint\",\"urlTemplate\":\"https:\\\/\\\/blog.mnkvillas.com\\\/?s={search_term_string}\"},\"query-input\":{\"@type\":\"PropertyValueSpecification\",\"valueRequired\":true,\"valueName\":\"search_term_string\"}}],\"inLanguage\":\"es\"},{\"@type\":\"Person\",\"@id\":\"https:\\\/\\\/blog.mnkvillas.com\\\/#\\\/schema\\\/person\\\/5efebb89c1bdae18cb0ab6c4a34d438d\",\"name\":\"MNK Villas\",\"image\":{\"@type\":\"ImageObject\",\"inLanguage\":\"es\",\"@id\":\"https:\\\/\\\/secure.gravatar.com\\\/avatar\\\/32fd5f16b06bfc66336905f2701aff5bb0df631080894bd3d84147be1c1a1ac8?s=96&d=mm&r=g\",\"url\":\"https:\\\/\\\/secure.gravatar.com\\\/avatar\\\/32fd5f16b06bfc66336905f2701aff5bb0df631080894bd3d84147be1c1a1ac8?s=96&d=mm&r=g\",\"contentUrl\":\"https:\\\/\\\/secure.gravatar.com\\\/avatar\\\/32fd5f16b06bfc66336905f2701aff5bb0df631080894bd3d84147be1c1a1ac8?s=96&d=mm&r=g\",\"caption\":\"MNK Villas\"},\"url\":\"https:\\\/\\\/blog.mnkvillas.com\\\/author\\\/mnk-villas\"}]}<\/script>\n<!-- \/ Yoast SEO plugin. -->","yoast_head_json":{"title":"Las maravillas de Cala Morell en Menorca - El Blog de MNK Villas","robots":{"index":"index","follow":"follow","max-snippet":"max-snippet:-1","max-image-preview":"max-image-preview:large","max-video-preview":"max-video-preview:-1"},"canonical":"https://www.mnkvillas.com/blog\/cala-morell-en-menorca","og_locale":"es_ES","og_type":"article","og_title":"Las maravillas de Cala Morell en Menorca - El Blog de MNK Villas","og_description":"Viajar a Menorca puede hacernos sentir abrumados. \u00bfQu\u00e9 playa deber\u00edamos visitar primero? \u00bfQu\u00e9 itinerario trazamos para no dejarnos en el tintero ninguna de las maravillas naturales y urbanas de la isla? Es dif\u00edcil, ya que si por algo se caracteriza Menorca es por su seductora versatilidad. Podemos pasarnos una semana entera visitando calas, cuevas, pueblos ... Continuar","og_url":"https://www.mnkvillas.com/blog\/cala-morell-en-menorca","og_site_name":"El Blog de MNK Villas","article_published_time":"2019-08-16T09:51:38+00:00","article_modified_time":"2019-08-16T09:51:41+00:00","og_image":[{"width":840,"height":389,"url":"https://www.mnkvillas.com/blog\/wp-content\/uploads\/2019\/08\/Cala-Morell-en-Menorca-01.jpg","type":"image\/jpeg"}],"author":"MNK Villas","twitter_card":"summary_large_image","twitter_misc":{"Escrito por":"MNK Villas","Tiempo de lectura":"2 minutos"},"schema":{"@context":"https:\/\/schema.org","@graph":[{"@type":"Article","@id":"https://www.mnkvillas.com/blog\/cala-morell-en-menorca#article","isPartOf":{"@id":"https://www.mnkvillas.com/blog\/cala-morell-en-menorca"},"author":{"name":"MNK Villas","@id":"https://www.mnkvillas.com/blog\/#\/schema\/person\/5efebb89c1bdae18cb0ab6c4a34d438d"},"headline":"Las maravillas de Cala Morell en Menorca","datePublished":"2019-08-16T09:51:38+00:00","dateModified":"2019-08-16T09:51:41+00:00","mainEntityOfPage":{"@id":"https://www.mnkvillas.com/blog\/cala-morell-en-menorca"},"wordCount":426,"image":{"@id":"https://www.mnkvillas.com/blog\/cala-morell-en-menorca#primaryimage"},"thumbnailUrl":"https://www.mnkvillas.com/blog\/wp-content\/uploads\/2019\/08\/Cala-Morell-en-Menorca-01.jpg","keywords":["Cala Morell","calas en Menorca","Menorca 2019","Menorca en verano"],"articleSection":["Calas en Menorca","Naturaleza en Menorca","Turismo en Menorca"],"inLanguage":"es"},{"@type":"WebPage","@id":"https://www.mnkvillas.com/blog\/cala-morell-en-menorca","url":"https://www.mnkvillas.com/blog\/cala-morell-en-menorca","name":"Las maravillas de Cala Morell en Menorca - El Blog de MNK Villas","isPartOf":{"@id":"https://www.mnkvillas.com/blog\/#website"},"primaryImageOfPage":{"@id":"https://www.mnkvillas.com/blog\/cala-morell-en-menorca#primaryimage"},"image":{"@id":"https://www.mnkvillas.com/blog\/cala-morell-en-menorca#primaryimage"},"thumbnailUrl":"https://www.mnkvillas.com/blog\/wp-content\/uploads\/2019\/08\/Cala-Morell-en-Menorca-01.jpg","datePublished":"2019-08-16T09:51:38+00:00","dateModified":"2019-08-16T09:51:41+00:00","author":{"@id":"https://www.mnkvillas.com/blog\/#\/schema\/person\/5efebb89c1bdae18cb0ab6c4a34d438d"},"breadcrumb":{"@id":"https://www.mnkvillas.com/blog\/cala-morell-en-menorca#breadcrumb"},"inLanguage":"es","potentialAction":[{"@type":"ReadAction","target":["https://www.mnkvillas.com/blog\/cala-morell-en-menorca"]}]},{"@type":"ImageObject","inLanguage":"es","@id":"https://www.mnkvillas.com/blog\/cala-morell-en-menorca#primaryimage","url":"https://www.mnkvillas.com/blog\/wp-content\/uploads\/2019\/08\/Cala-Morell-en-Menorca-01.jpg","contentUrl":"https://www.mnkvillas.com/blog\/wp-content\/uploads\/2019\/08\/Cala-Morell-en-Menorca-01.jpg","width":840,"height":389,"caption":"Cala Morell en Menorca"},{"@type":"BreadcrumbList","@id":"https://www.mnkvillas.com/blog\/cala-morell-en-menorca#breadcrumb","itemListElement":[{"@type":"ListItem","position":1,"name":"Portada","item":"https://www.mnkvillas.com/blog\/"},{"@type":"ListItem","position":2,"name":"Las maravillas de Cala Morell en Menorca"}]},{"@type":"WebSite","@id":"https://www.mnkvillas.com/blog\/#website","url":"https://www.mnkvillas.com/blog\/","name":"El Blog de MNK Villas","description":"Gesti\u00f3n y comercializaci\u00f3n de casas y villas en Menorca","potentialAction":[{"@type":"SearchAction","target":{"@type":"EntryPoint","urlTemplate":"https://www.mnkvillas.com/blog\/?s={search_term_string}"},"query-input":{"@type":"PropertyValueSpecification","valueRequired":true,"valueName":"search_term_string"}}],"inLanguage":"es"},{"@type":"Person","@id":"https://www.mnkvillas.com/blog\/#\/schema\/person\/5efebb89c1bdae18cb0ab6c4a34d438d","name":"MNK Villas","image":{"@type":"ImageObject","inLanguage":"es","@id":"https:\/\/secure.gravatar.com\/avatar\/32fd5f16b06bfc66336905f2701aff5bb0df631080894bd3d84147be1c1a1ac8?s=96&d=mm&r=g","url":"https:\/\/secure.gravatar.com\/avatar\/32fd5f16b06bfc66336905f2701aff5bb0df631080894bd3d84147be1c1a1ac8?s=96&d=mm&r=g","contentUrl":"https:\/\/secure.gravatar.com\/avatar\/32fd5f16b06bfc66336905f2701aff5bb0df631080894bd3d84147be1c1a1ac8?s=96&d=mm&r=g","caption":"MNK Villas"},"url":"https://www.mnkvillas.com/blog\/author\/mnk-villas"}]}},"_links":{"self":[{"href":"https://www.mnkvillas.com/blog\/wp-json\/wp\/v2\/posts\/4233","targetHints":{"allow":["GET"]}}],"collection":[{"href":"https://www.mnkvillas.com/blog\/wp-json\/wp\/v2\/posts"}],"about":[{"href":"https://www.mnkvillas.com/blog\/wp-json\/wp\/v2\/types\/post"}],"author":[{"embeddable":true,"href":"https://www.mnkvillas.com/blog\/wp-json\/wp\/v2\/users\/2"}],"replies":[{"embeddable":true,"href":"https://www.mnkvillas.com/blog\/wp-json\/wp\/v2\/comments?post=4233"}],"version-history":[{"count":7,"href":"https://www.mnkvillas.com/blog\/wp-json\/wp\/v2\/posts\/4233\/revisions"}],"predecessor-version":[{"id":4242,"href":"https://www.mnkvillas.com/blog\/wp-json\/wp\/v2\/posts\/4233\/revisions\/4242"}],"wp:featuredmedia":[{"embeddable":true,"href":"https://www.mnkvillas.com/blog\/wp-json\/wp\/v2\/media\/4235"}],"wp:attachment":[{"href":"https://www.mnkvillas.com/blog\/wp-json\/wp\/v2\/media?parent=4233"}],"wp:term":[{"taxonomy":"category","embeddable":true,"href":"https://www.mnkvillas.com/blog\/wp-json\/wp\/v2\/categories?post=4233"},{"taxonomy":"post_tag","embeddable":true,"href":"https://www.mnkvillas.com/blog\/wp-json\/wp\/v2\/tags?post=4233"}],"curies":[{"name":"wp","href":"https:\/\/api.w.org\/{rel}","templated":true}]}}