{"id":4229,"date":"2019-08-14T10:02:24","date_gmt":"2019-08-14T10:02:24","guid":{"rendered":"https://www.mnkvillas.com/blog\/?p=4229"},"modified":"2019-08-14T10:02:26","modified_gmt":"2019-08-14T10:02:26","slug":"cuevas-de-menorca","status":"publish","type":"post","link":"https://www.mnkvillas.com/blog\/cuevas-de-menorca","title":{"rendered":"Las cuevas de Menorca m\u00e1s emblem\u00e1ticas"},"content":{"rendered":"\n<figure class=\"wp-block-image\"><img loading=\"lazy\" decoding=\"async\" width=\"840\" height=\"389\" src=\"https://www.mnkvillas.com/blog\/wp-content\/uploads\/2019\/08\/cuevas-de-Menorca-01.jpg\" alt=\"\" class=\"wp-image-4230\" srcset=\"https://www.mnkvillas.com/blog\/wp-content\/uploads\/2019\/08\/cuevas-de-Menorca-01.jpg 840w, https://www.mnkvillas.com/blog\/wp-content\/uploads\/2019\/08\/cuevas-de-Menorca-01-300x139.jpg 300w, https://www.mnkvillas.com/blog\/wp-content\/uploads\/2019\/08\/cuevas-de-Menorca-01-768x356.jpg 768w\" sizes=\"auto, (max-width: 840px) 100vw, 840px\" \/><\/figure>\n\n\n\n<p style=\"margin-top:30px; margin-bottom:25px;\">Encontrar un espacio \u00edntimo en Menorca no es dif\u00edcil. Puede encontrarse mirando el Mediterr\u00e1neo desde un acantilado, desayunando en un agradable local en uno de sus pintorescos pueblos pesqueros o paseando por la orilla en sus <a href=\"https:\/\/www.mnkvillas.com\/blog\/calas-escondidas-de-menorca\" target=\"_blank\" rel=\"noreferrer noopener\">calas m\u00e1s escondidas<\/a>. Pero hay otra opci\u00f3n m\u00e1s oculta y m\u00e1s rec\u00f3ndita que todo eso, y es trazar un itinerario por las <strong>cuevas de Menorca<\/strong>. Son muchas y cada una de ellas esconde secretos \u00fanicos que aguardan a ser explorados.<\/p>  \n\n<p style=\"margin-top:30px; margin-bottom:25px;\">Si amas el mar, te fascinar\u00e1n las cavidades sumergidas. A estas <strong>cuevas de Menorca<\/strong> solo se puede acceder en kayak, aunque es recomendable que lo hagas cuando el tiempo sea agradable y el oc\u00e9ano no te amenace con olas furiosas. Entonces te adentrar\u00e1s en un universo que no es precisamente oscuro, pues los rayos del sol convierten el interior en un espect\u00e1culo de luminosidad. Hay muchas cuevas como la que te hemos descrito cerca de <strong>Cala en Porter<\/strong>, un para\u00edso en muchos sentidos.<\/p>  \n\n<p style=\"margin-bottom:30px;\">Es posible que tengas m\u00e1s ganas de caminar que de remar. En ese caso, <strong>la Cova Polida<\/strong> te recibir\u00e1 con un abanico de estalactitas y otras formaciones art\u00edsticas naturales que te dejar\u00e1n sin aliento. Adem\u00e1s est\u00e1 cerca de la localidad de Es Migjorn Gran, donde encontrar\u00e1s un sendero directo a la <strong>Cova des Coloms<\/strong>, la m\u00e1s grande de la isla. <strong>La Cueva Catedral<\/strong>, como es conocida, quiz\u00e1 sea la m\u00e1s inmensa y laber\u00edntica de todas las <strong>cuevas de Menorca<\/strong>.<\/p>\n\n<p style=\"margin-bottom:30px;\">Hablando de laberintos, algunas cuevas son enrevesados monumentos prehist\u00f3ricos repletos de historia cimentada en los techos y en las paredes de piedra. Es el caso de la <strong>Necr\u00f3polis de Vales Coves<\/strong>, cerca de Alaior, un sistema de cuevas que datan de la Edad de Bronce. De todas las <strong>cuevas de Menorca<\/strong>, esta es la que m\u00e1s colmar\u00e1 de satisfacci\u00f3n el alma de los investigadores y los aficionados a la arqueolog\u00eda.<\/p>\n\n<p style=\"margin-bottom:10px;\">Si tienes tiempo, ganas y mucho inter\u00e9s por conocer un destino tan sublime y sobrecogedor como Menorca, el mejor consejo posible es que traces un viaje que te lleve a todas y cada una de las cuevas descritas. Cada una de ellas, en su singularidad, habla de un paisaje, una naturaleza excepcional y un espacio complejo y muy diverso desde todos los puntos de vista.<\/p>\n\n<p style=\"margin-bottom:30px;\">Adem\u00e1s, si las combinas con las playas, las ciudades y los pueblos, tu viaje ser\u00e1 completo e inolvidable. <\/p>\n\n<p style=\"margin-bottom:30px;\">\u00a1No te lo pienses demasiado y reserva ya tus vacaciones!<\/p>\n\n<figure class=\"wp-block-image\"><a href=\"https:\/\/www.mnkvillas.com\/ofertas\/\" target=\"_blank\" rel=\"noreferrer noopener\"><img loading=\"lazy\" decoding=\"async\" width=\"800\" height=\"195\" src=\"https://www.mnkvillas.com/blog\/wp-content\/uploads\/2019\/04\/Banner-final-post-ofertas.jpg\" alt=\"\" class=\"wp-image-4014\" srcset=\"https://www.mnkvillas.com/blog\/wp-content\/uploads\/2019\/04\/Banner-final-post-ofertas.jpg 800w, https://www.mnkvillas.com/blog\/wp-content\/uploads\/2019\/04\/Banner-final-post-ofertas-300x73.jpg 300w, https://www.mnkvillas.com/blog\/wp-content\/uploads\/2019\/04\/Banner-final-post-ofertas-768x187.jpg 768w\" sizes=\"auto, (max-width: 800px) 100vw, 800px\" \/><\/a><\/figure>\n","protected":false},"excerpt":{"rendered":"<p>Encontrar un espacio \u00edntimo en Menorca no es dif\u00edcil. Puede encontrarse mirando el Mediterr\u00e1neo desde un acantilado, desayunando en un agradable local en uno de sus pintorescos pueblos pesqueros o paseando por la orilla en sus calas m\u00e1s escondidas. Pero hay otra opci\u00f3n m\u00e1s oculta y m\u00e1s rec\u00f3ndita que todo eso, y es trazar un &#8230; <a href=\"https://www.mnkvillas.com/blog\/cuevas-de-menorca\">Continuar<\/a><\/p>\n","protected":false},"author":2,"featured_media":4230,"comment_status":"closed","ping_status":"open","sticky":false,"template":"","format":"standard","meta":{"footnotes":""},"categories":[16,9],"tags":[244,287,286,250,280],"class_list":["post-4229","post","type-post","status-publish","format-standard","has-post-thumbnail","hentry","category-naturaleza-en-menorca","category-turismo-en-menorca","tag-cala-en-porter","tag-cova-d-en-xoroi","tag-cuevas-de-menorca","tag-menorca-2019","tag-menorca-en-verano"],"yoast_head":"<!-- This site is optimized with the Yoast SEO plugin v27.5 - https:\/\/yoast.com\/product\/yoast-seo-wordpress\/ -->\n<title>Las cuevas de Menorca m\u00e1s emblem\u00e1ticas - El Blog de MNK Villas<\/title>\n<meta name=\"robots\" content=\"index, follow, max-snippet:-1, max-image-preview:large, max-video-preview:-1\" \/>\n<link rel=\"canonical\" href=\"https://www.mnkvillas.com/blog\/cuevas-de-menorca\" \/>\n<meta property=\"og:locale\" content=\"es_ES\" \/>\n<meta property=\"og:type\" content=\"article\" \/>\n<meta property=\"og:title\" content=\"Las cuevas de Menorca m\u00e1s emblem\u00e1ticas - El Blog de MNK Villas\" \/>\n<meta property=\"og:description\" content=\"Encontrar un espacio \u00edntimo en Menorca no es dif\u00edcil. Puede encontrarse mirando el Mediterr\u00e1neo desde un acantilado, desayunando en un agradable local en uno de sus pintorescos pueblos pesqueros o paseando por la orilla en sus calas m\u00e1s escondidas. Pero hay otra opci\u00f3n m\u00e1s oculta y m\u00e1s rec\u00f3ndita que todo eso, y es trazar un ... Continuar\" \/>\n<meta property=\"og:url\" content=\"https://www.mnkvillas.com/blog\/cuevas-de-menorca\" \/>\n<meta property=\"og:site_name\" content=\"El Blog de MNK Villas\" \/>\n<meta property=\"article:published_time\" content=\"2019-08-14T10:02:24+00:00\" \/>\n<meta property=\"article:modified_time\" content=\"2019-08-14T10:02:26+00:00\" \/>\n<meta property=\"og:image\" content=\"https://www.mnkvillas.com/blog\/wp-content\/uploads\/2019\/08\/cuevas-de-Menorca-01.jpg\" \/>\n\t<meta property=\"og:image:width\" content=\"840\" \/>\n\t<meta property=\"og:image:height\" content=\"389\" \/>\n\t<meta property=\"og:image:type\" content=\"image\/jpeg\" \/>\n<meta name=\"author\" content=\"MNK Villas\" \/>\n<meta name=\"twitter:card\" content=\"summary_large_image\" \/>\n<meta name=\"twitter:label1\" content=\"Escrito por\" \/>\n\t<meta name=\"twitter:data1\" content=\"MNK Villas\" \/>\n\t<meta name=\"twitter:label2\" content=\"Tiempo de lectura\" \/>\n\t<meta name=\"twitter:data2\" content=\"2 minutos\" \/>\n<script type=\"application\/ld+json\" class=\"yoast-schema-graph\">{\"@context\":\"https:\\\/\\\/schema.org\",\"@graph\":[{\"@type\":\"Article\",\"@id\":\"https:\\\/\\\/blog.mnkvillas.com\\\/cuevas-de-menorca#article\",\"isPartOf\":{\"@id\":\"https:\\\/\\\/blog.mnkvillas.com\\\/cuevas-de-menorca\"},\"author\":{\"name\":\"MNK Villas\",\"@id\":\"https:\\\/\\\/blog.mnkvillas.com\\\/#\\\/schema\\\/person\\\/5efebb89c1bdae18cb0ab6c4a34d438d\"},\"headline\":\"Las cuevas de Menorca m\u00e1s emblem\u00e1ticas\",\"datePublished\":\"2019-08-14T10:02:24+00:00\",\"dateModified\":\"2019-08-14T10:02:26+00:00\",\"mainEntityOfPage\":{\"@id\":\"https:\\\/\\\/blog.mnkvillas.com\\\/cuevas-de-menorca\"},\"wordCount\":436,\"image\":{\"@id\":\"https:\\\/\\\/blog.mnkvillas.com\\\/cuevas-de-menorca#primaryimage\"},\"thumbnailUrl\":\"https:\\\/\\\/blog.mnkvillas.com\\\/wp-content\\\/uploads\\\/2019\\\/08\\\/cuevas-de-Menorca-01.jpg\",\"keywords\":[\"cala en porter\",\"Cova d en Xoroi\",\"cuevas de menorca\",\"Menorca 2019\",\"Menorca en verano\"],\"articleSection\":[\"Naturaleza en Menorca\",\"Turismo en Menorca\"],\"inLanguage\":\"es\"},{\"@type\":\"WebPage\",\"@id\":\"https:\\\/\\\/blog.mnkvillas.com\\\/cuevas-de-menorca\",\"url\":\"https:\\\/\\\/blog.mnkvillas.com\\\/cuevas-de-menorca\",\"name\":\"Las cuevas de Menorca m\u00e1s emblem\u00e1ticas - El Blog de MNK Villas\",\"isPartOf\":{\"@id\":\"https:\\\/\\\/blog.mnkvillas.com\\\/#website\"},\"primaryImageOfPage\":{\"@id\":\"https:\\\/\\\/blog.mnkvillas.com\\\/cuevas-de-menorca#primaryimage\"},\"image\":{\"@id\":\"https:\\\/\\\/blog.mnkvillas.com\\\/cuevas-de-menorca#primaryimage\"},\"thumbnailUrl\":\"https:\\\/\\\/blog.mnkvillas.com\\\/wp-content\\\/uploads\\\/2019\\\/08\\\/cuevas-de-Menorca-01.jpg\",\"datePublished\":\"2019-08-14T10:02:24+00:00\",\"dateModified\":\"2019-08-14T10:02:26+00:00\",\"author\":{\"@id\":\"https:\\\/\\\/blog.mnkvillas.com\\\/#\\\/schema\\\/person\\\/5efebb89c1bdae18cb0ab6c4a34d438d\"},\"breadcrumb\":{\"@id\":\"https:\\\/\\\/blog.mnkvillas.com\\\/cuevas-de-menorca#breadcrumb\"},\"inLanguage\":\"es\",\"potentialAction\":[{\"@type\":\"ReadAction\",\"target\":[\"https:\\\/\\\/blog.mnkvillas.com\\\/cuevas-de-menorca\"]}]},{\"@type\":\"ImageObject\",\"inLanguage\":\"es\",\"@id\":\"https:\\\/\\\/blog.mnkvillas.com\\\/cuevas-de-menorca#primaryimage\",\"url\":\"https:\\\/\\\/blog.mnkvillas.com\\\/wp-content\\\/uploads\\\/2019\\\/08\\\/cuevas-de-Menorca-01.jpg\",\"contentUrl\":\"https:\\\/\\\/blog.mnkvillas.com\\\/wp-content\\\/uploads\\\/2019\\\/08\\\/cuevas-de-Menorca-01.jpg\",\"width\":840,\"height\":389,\"caption\":\"cuevas de Menorca\"},{\"@type\":\"BreadcrumbList\",\"@id\":\"https:\\\/\\\/blog.mnkvillas.com\\\/cuevas-de-menorca#breadcrumb\",\"itemListElement\":[{\"@type\":\"ListItem\",\"position\":1,\"name\":\"Portada\",\"item\":\"https:\\\/\\\/blog.mnkvillas.com\\\/\"},{\"@type\":\"ListItem\",\"position\":2,\"name\":\"Las cuevas de Menorca m\u00e1s emblem\u00e1ticas\"}]},{\"@type\":\"WebSite\",\"@id\":\"https:\\\/\\\/blog.mnkvillas.com\\\/#website\",\"url\":\"https:\\\/\\\/blog.mnkvillas.com\\\/\",\"name\":\"El Blog de MNK Villas\",\"description\":\"Gesti\u00f3n y comercializaci\u00f3n de casas y villas en Menorca\",\"potentialAction\":[{\"@type\":\"SearchAction\",\"target\":{\"@type\":\"EntryPoint\",\"urlTemplate\":\"https:\\\/\\\/blog.mnkvillas.com\\\/?s={search_term_string}\"},\"query-input\":{\"@type\":\"PropertyValueSpecification\",\"valueRequired\":true,\"valueName\":\"search_term_string\"}}],\"inLanguage\":\"es\"},{\"@type\":\"Person\",\"@id\":\"https:\\\/\\\/blog.mnkvillas.com\\\/#\\\/schema\\\/person\\\/5efebb89c1bdae18cb0ab6c4a34d438d\",\"name\":\"MNK Villas\",\"image\":{\"@type\":\"ImageObject\",\"inLanguage\":\"es\",\"@id\":\"https:\\\/\\\/secure.gravatar.com\\\/avatar\\\/32fd5f16b06bfc66336905f2701aff5bb0df631080894bd3d84147be1c1a1ac8?s=96&d=mm&r=g\",\"url\":\"https:\\\/\\\/secure.gravatar.com\\\/avatar\\\/32fd5f16b06bfc66336905f2701aff5bb0df631080894bd3d84147be1c1a1ac8?s=96&d=mm&r=g\",\"contentUrl\":\"https:\\\/\\\/secure.gravatar.com\\\/avatar\\\/32fd5f16b06bfc66336905f2701aff5bb0df631080894bd3d84147be1c1a1ac8?s=96&d=mm&r=g\",\"caption\":\"MNK Villas\"},\"url\":\"https:\\\/\\\/blog.mnkvillas.com\\\/author\\\/mnk-villas\"}]}<\/script>\n<!-- \/ Yoast SEO plugin. -->","yoast_head_json":{"title":"Las cuevas de Menorca m\u00e1s emblem\u00e1ticas - El Blog de MNK Villas","robots":{"index":"index","follow":"follow","max-snippet":"max-snippet:-1","max-image-preview":"max-image-preview:large","max-video-preview":"max-video-preview:-1"},"canonical":"https://www.mnkvillas.com/blog\/cuevas-de-menorca","og_locale":"es_ES","og_type":"article","og_title":"Las cuevas de Menorca m\u00e1s emblem\u00e1ticas - El Blog de MNK Villas","og_description":"Encontrar un espacio \u00edntimo en Menorca no es dif\u00edcil. Puede encontrarse mirando el Mediterr\u00e1neo desde un acantilado, desayunando en un agradable local en uno de sus pintorescos pueblos pesqueros o paseando por la orilla en sus calas m\u00e1s escondidas. Pero hay otra opci\u00f3n m\u00e1s oculta y m\u00e1s rec\u00f3ndita que todo eso, y es trazar un ... Continuar","og_url":"https://www.mnkvillas.com/blog\/cuevas-de-menorca","og_site_name":"El Blog de MNK Villas","article_published_time":"2019-08-14T10:02:24+00:00","article_modified_time":"2019-08-14T10:02:26+00:00","og_image":[{"width":840,"height":389,"url":"https://www.mnkvillas.com/blog\/wp-content\/uploads\/2019\/08\/cuevas-de-Menorca-01.jpg","type":"image\/jpeg"}],"author":"MNK Villas","twitter_card":"summary_large_image","twitter_misc":{"Escrito por":"MNK Villas","Tiempo de lectura":"2 minutos"},"schema":{"@context":"https:\/\/schema.org","@graph":[{"@type":"Article","@id":"https://www.mnkvillas.com/blog\/cuevas-de-menorca#article","isPartOf":{"@id":"https://www.mnkvillas.com/blog\/cuevas-de-menorca"},"author":{"name":"MNK Villas","@id":"https://www.mnkvillas.com/blog\/#\/schema\/person\/5efebb89c1bdae18cb0ab6c4a34d438d"},"headline":"Las cuevas de Menorca m\u00e1s emblem\u00e1ticas","datePublished":"2019-08-14T10:02:24+00:00","dateModified":"2019-08-14T10:02:26+00:00","mainEntityOfPage":{"@id":"https://www.mnkvillas.com/blog\/cuevas-de-menorca"},"wordCount":436,"image":{"@id":"https://www.mnkvillas.com/blog\/cuevas-de-menorca#primaryimage"},"thumbnailUrl":"https://www.mnkvillas.com/blog\/wp-content\/uploads\/2019\/08\/cuevas-de-Menorca-01.jpg","keywords":["cala en porter","Cova d en Xoroi","cuevas de menorca","Menorca 2019","Menorca en verano"],"articleSection":["Naturaleza en Menorca","Turismo en Menorca"],"inLanguage":"es"},{"@type":"WebPage","@id":"https://www.mnkvillas.com/blog\/cuevas-de-menorca","url":"https://www.mnkvillas.com/blog\/cuevas-de-menorca","name":"Las cuevas de Menorca m\u00e1s emblem\u00e1ticas - El Blog de MNK Villas","isPartOf":{"@id":"https://www.mnkvillas.com/blog\/#website"},"primaryImageOfPage":{"@id":"https://www.mnkvillas.com/blog\/cuevas-de-menorca#primaryimage"},"image":{"@id":"https://www.mnkvillas.com/blog\/cuevas-de-menorca#primaryimage"},"thumbnailUrl":"https://www.mnkvillas.com/blog\/wp-content\/uploads\/2019\/08\/cuevas-de-Menorca-01.jpg","datePublished":"2019-08-14T10:02:24+00:00","dateModified":"2019-08-14T10:02:26+00:00","author":{"@id":"https://www.mnkvillas.com/blog\/#\/schema\/person\/5efebb89c1bdae18cb0ab6c4a34d438d"},"breadcrumb":{"@id":"https://www.mnkvillas.com/blog\/cuevas-de-menorca#breadcrumb"},"inLanguage":"es","potentialAction":[{"@type":"ReadAction","target":["https://www.mnkvillas.com/blog\/cuevas-de-menorca"]}]},{"@type":"ImageObject","inLanguage":"es","@id":"https://www.mnkvillas.com/blog\/cuevas-de-menorca#primaryimage","url":"https://www.mnkvillas.com/blog\/wp-content\/uploads\/2019\/08\/cuevas-de-Menorca-01.jpg","contentUrl":"https://www.mnkvillas.com/blog\/wp-content\/uploads\/2019\/08\/cuevas-de-Menorca-01.jpg","width":840,"height":389,"caption":"cuevas de Menorca"},{"@type":"BreadcrumbList","@id":"https://www.mnkvillas.com/blog\/cuevas-de-menorca#breadcrumb","itemListElement":[{"@type":"ListItem","position":1,"name":"Portada","item":"https://www.mnkvillas.com/blog\/"},{"@type":"ListItem","position":2,"name":"Las cuevas de Menorca m\u00e1s emblem\u00e1ticas"}]},{"@type":"WebSite","@id":"https://www.mnkvillas.com/blog\/#website","url":"https://www.mnkvillas.com/blog\/","name":"El Blog de MNK Villas","description":"Gesti\u00f3n y comercializaci\u00f3n de casas y villas en Menorca","potentialAction":[{"@type":"SearchAction","target":{"@type":"EntryPoint","urlTemplate":"https://www.mnkvillas.com/blog\/?s={search_term_string}"},"query-input":{"@type":"PropertyValueSpecification","valueRequired":true,"valueName":"search_term_string"}}],"inLanguage":"es"},{"@type":"Person","@id":"https://www.mnkvillas.com/blog\/#\/schema\/person\/5efebb89c1bdae18cb0ab6c4a34d438d","name":"MNK Villas","image":{"@type":"ImageObject","inLanguage":"es","@id":"https:\/\/secure.gravatar.com\/avatar\/32fd5f16b06bfc66336905f2701aff5bb0df631080894bd3d84147be1c1a1ac8?s=96&d=mm&r=g","url":"https:\/\/secure.gravatar.com\/avatar\/32fd5f16b06bfc66336905f2701aff5bb0df631080894bd3d84147be1c1a1ac8?s=96&d=mm&r=g","contentUrl":"https:\/\/secure.gravatar.com\/avatar\/32fd5f16b06bfc66336905f2701aff5bb0df631080894bd3d84147be1c1a1ac8?s=96&d=mm&r=g","caption":"MNK Villas"},"url":"https://www.mnkvillas.com/blog\/author\/mnk-villas"}]}},"_links":{"self":[{"href":"https://www.mnkvillas.com/blog\/wp-json\/wp\/v2\/posts\/4229","targetHints":{"allow":["GET"]}}],"collection":[{"href":"https://www.mnkvillas.com/blog\/wp-json\/wp\/v2\/posts"}],"about":[{"href":"https://www.mnkvillas.com/blog\/wp-json\/wp\/v2\/types\/post"}],"author":[{"embeddable":true,"href":"https://www.mnkvillas.com/blog\/wp-json\/wp\/v2\/users\/2"}],"replies":[{"embeddable":true,"href":"https://www.mnkvillas.com/blog\/wp-json\/wp\/v2\/comments?post=4229"}],"version-history":[{"count":2,"href":"https://www.mnkvillas.com/blog\/wp-json\/wp\/v2\/posts\/4229\/revisions"}],"predecessor-version":[{"id":4232,"href":"https://www.mnkvillas.com/blog\/wp-json\/wp\/v2\/posts\/4229\/revisions\/4232"}],"wp:featuredmedia":[{"embeddable":true,"href":"https://www.mnkvillas.com/blog\/wp-json\/wp\/v2\/media\/4230"}],"wp:attachment":[{"href":"https://www.mnkvillas.com/blog\/wp-json\/wp\/v2\/media?parent=4229"}],"wp:term":[{"taxonomy":"category","embeddable":true,"href":"https://www.mnkvillas.com/blog\/wp-json\/wp\/v2\/categories?post=4229"},{"taxonomy":"post_tag","embeddable":true,"href":"https://www.mnkvillas.com/blog\/wp-json\/wp\/v2\/tags?post=4229"}],"curies":[{"name":"wp","href":"https:\/\/api.w.org\/{rel}","templated":true}]}}