{"id":4182,"date":"2019-07-10T10:13:06","date_gmt":"2019-07-10T10:13:06","guid":{"rendered":"https://www.mnkvillas.com/blog\/?p=4182"},"modified":"2019-07-10T10:13:10","modified_gmt":"2019-07-10T10:13:10","slug":"arenal-den-castell","status":"publish","type":"post","link":"https://www.mnkvillas.com/blog\/arenal-den-castell","title":{"rendered":"Arenal d&#8217;en Castell, un para\u00edso costero en Menorca"},"content":{"rendered":"\n<figure class=\"wp-block-image\"><img loading=\"lazy\" decoding=\"async\" width=\"840\" height=\"389\" src=\"https://www.mnkvillas.com/blog\/wp-content\/uploads\/2019\/07\/Arenal-den-Castell.jpg\" alt=\"\" class=\"wp-image-4183\" srcset=\"https://www.mnkvillas.com/blog\/wp-content\/uploads\/2019\/07\/Arenal-den-Castell.jpg 840w, https://www.mnkvillas.com/blog\/wp-content\/uploads\/2019\/07\/Arenal-den-Castell-300x139.jpg 300w, https://www.mnkvillas.com/blog\/wp-content\/uploads\/2019\/07\/Arenal-den-Castell-768x356.jpg 768w\" sizes=\"auto, (max-width: 840px) 100vw, 840px\" \/><\/figure>\n\n\n\n<p style=\"margin-top:30px; margin-bottom:25px;\">Seguro que cuando hace calor cierras los ojos y te imaginas tomando el sol en una playa escondida de arena blanca o nadando en aguas color turquesa, \u00bfverdad?<\/p>  \n\n<p style=\"margin-bottom:30px;\">\u00bfY si te dijera que puedes disfrutar de algo as\u00ed muy cerca de casa? Menorca, de hecho, es el para\u00edso de las calas y las costas de ensue\u00f1o, y la preciosa playa de <strong>Arenal d&#8217;en Castell<\/strong> es un ejemplo de ello.<\/p>\n\n<p style=\"margin-bottom:30px;\">Aqu\u00ed te damos varios motivos para que te enamores de esta id\u00edlica playa.<\/p>\n\n<h3>Es un lugar para perderse<\/h3>\n\n<p style=\"margin-bottom:30px;\"><strong>Arenal d&#8217;en Castell<\/strong> es una playa \u00edntima ideal para descansar del ajetreo urbano durante una temporada. El verdor de la geograf\u00eda terrestre que la rodea abraza su mar azul y una atrayente extensi\u00f3n de arena te invita a pasear y a tumbarse a descansar. Suena apetecible, \u00bfverdad? Imag\u00ednate descubriendo sus encantos con tu pareja o con tus amigos m\u00e1s queridos.<\/p>\n\n<h3>Puedes encontrar el alojamiento ideal<\/h3>\n\n<p style=\"margin-bottom:30px;\">Puede que a estas alturas ya hayas tomado la decisi\u00f3n de que el norte de Menorca, y con \u00e9l <strong>Arenal d&#8217;en Castell<\/strong>, sea tu pr\u00f3ximo destino vacacional. No temas, no solo encontrar\u00e1s naturaleza costera exhuberante, sino una variada oferta de hoteles y apartamentos, como nuestros <a href=\"https:\/\/www.mnkvillas.com\/\" target=\"_blank\" rel=\"noopener noreferrer\">exclusivos alojamientos<\/a>, y servicios tur\u00edsticos que te facilitar\u00e1n la visita. Tambi\u00e9n encontrar\u00e1s restaurantes, tiendas, farmacia y una zona de alquiler de coches.<\/p>\n\n<h3>Ofrece en sus inmediaciones grandes opciones de diversi\u00f3n<\/h3>\n\n<p style=\"margin-bottom:30px;\">Aunque adormecerse con el sonido de las olas y admirar la puesta de sol en la arena es sin duda lo m\u00e1s interesante que se puede hacer en <strong>Arenal d&#8217;en Castell<\/strong>, dispones tambi\u00e9n de una variada oferta de ocio en los alrededores. Puedes intimar con el mar un poco m\u00e1s alquilando un kayak para abandonarte a la aventura, pero tambi\u00e9n te esperan muchas otras atracciones. \u00a1Incluso un parque acu\u00e1tico!<\/p>\n\n<h3>Te permite descubrir el norte de Menorca<\/h3>\n\n<p style=\"margin-bottom:30px;\">Aunque es tentadora la idea de quedarse para siempre en esta fascinante playa, no deber\u00edas desaprovechar la oportunidad de conocer un poco m\u00e1s a fondo Menorca y lo que esconden los lugares m\u00e1s cercanos. Si avanzas a pie por sus acantilados llegar\u00e1s a otras calas y playas de las cercan\u00edas, como Son Saura del norte.<\/p>\n\n<p style=\"margin-bottom:30px;\">Y es que, descubrir la costa menorquina \u00a1puede ser apasionante!<\/p>\n\n<p style=\"margin-bottom:30px;\">Si te hemos dejado todav\u00eda con m\u00e1s ganas de sumergirte en los encantos de esta playa paradis\u00edaca y disfrutar de unas vacaciones inolvidables, \u00a1estupendo! T\u00f3mate tu tiempo para decidir tu itinerario ideal. Elijas lo que elijas, la id\u00edlica costa de <strong>Arenal d&#8217;en Castell<\/strong> no deber\u00eda faltar en tu itinerario.<\/p>\n\n<p style=\"margin-bottom:30px;\">An\u00edmate y estas vacaciones, \u00a1elige Menorca!<\/p>\n\n\n<figure class=\"wp-block-image\"><a href=\"https:\/\/www.mnkvillas.com\/ofertas\/\" target=\"_blank\" rel=\"noreferrer noopener\"><img loading=\"lazy\" decoding=\"async\" width=\"800\" height=\"195\" src=\"https://www.mnkvillas.com/blog\/wp-content\/uploads\/2019\/04\/Banner-final-post-ofertas.jpg\" alt=\"\" class=\"wp-image-4014\" srcset=\"https://www.mnkvillas.com/blog\/wp-content\/uploads\/2019\/04\/Banner-final-post-ofertas.jpg 800w, https://www.mnkvillas.com/blog\/wp-content\/uploads\/2019\/04\/Banner-final-post-ofertas-300x73.jpg 300w, https://www.mnkvillas.com/blog\/wp-content\/uploads\/2019\/04\/Banner-final-post-ofertas-768x187.jpg 768w\" sizes=\"auto, (max-width: 800px) 100vw, 800px\" \/><\/a><\/figure>\n","protected":false},"excerpt":{"rendered":"<p>Seguro que cuando hace calor cierras los ojos y te imaginas tomando el sol en una playa escondida de arena blanca o nadando en aguas color turquesa, \u00bfverdad? \u00bfY si te dijera que puedes disfrutar de algo as\u00ed muy cerca de casa? Menorca, de hecho, es el para\u00edso de las calas y las costas de &#8230; <a href=\"https://www.mnkvillas.com/blog\/arenal-den-castell\">Continuar<\/a><\/p>\n","protected":false},"author":2,"featured_media":4183,"comment_status":"closed","ping_status":"open","sticky":false,"template":"","format":"standard","meta":{"footnotes":""},"categories":[16,9,11],"tags":[156,250,14],"class_list":["post-4182","post","type-post","status-publish","format-standard","has-post-thumbnail","hentry","category-naturaleza-en-menorca","category-turismo-en-menorca","category-vacaciones-en-menorca","tag-calas-de-menorca","tag-menorca-2019","tag-vacaciones-en-menorca"],"yoast_head":"<!-- This site is optimized with the Yoast SEO plugin v27.5 - https:\/\/yoast.com\/product\/yoast-seo-wordpress\/ -->\n<title>Arenal d&#039;en Castell, un para\u00edso costero en Menorca - El Blog de MNK Villas<\/title>\n<meta name=\"robots\" content=\"index, follow, max-snippet:-1, max-image-preview:large, max-video-preview:-1\" \/>\n<link rel=\"canonical\" href=\"https://www.mnkvillas.com/blog\/arenal-den-castell\" \/>\n<meta property=\"og:locale\" content=\"es_ES\" \/>\n<meta property=\"og:type\" content=\"article\" \/>\n<meta property=\"og:title\" content=\"Arenal d&#039;en Castell, un para\u00edso costero en Menorca - El Blog de MNK Villas\" \/>\n<meta property=\"og:description\" content=\"Seguro que cuando hace calor cierras los ojos y te imaginas tomando el sol en una playa escondida de arena blanca o nadando en aguas color turquesa, \u00bfverdad? \u00bfY si te dijera que puedes disfrutar de algo as\u00ed muy cerca de casa? Menorca, de hecho, es el para\u00edso de las calas y las costas de ... Continuar\" \/>\n<meta property=\"og:url\" content=\"https://www.mnkvillas.com/blog\/arenal-den-castell\" \/>\n<meta property=\"og:site_name\" content=\"El Blog de MNK Villas\" \/>\n<meta property=\"article:published_time\" content=\"2019-07-10T10:13:06+00:00\" \/>\n<meta property=\"article:modified_time\" content=\"2019-07-10T10:13:10+00:00\" \/>\n<meta property=\"og:image\" content=\"https://www.mnkvillas.com/blog\/wp-content\/uploads\/2019\/07\/Arenal-den-Castell.jpg\" \/>\n\t<meta property=\"og:image:width\" content=\"840\" \/>\n\t<meta property=\"og:image:height\" content=\"389\" \/>\n\t<meta property=\"og:image:type\" content=\"image\/jpeg\" \/>\n<meta name=\"author\" content=\"MNK Villas\" \/>\n<meta name=\"twitter:card\" content=\"summary_large_image\" \/>\n<meta name=\"twitter:label1\" content=\"Escrito por\" \/>\n\t<meta name=\"twitter:data1\" content=\"MNK Villas\" \/>\n\t<meta name=\"twitter:label2\" content=\"Tiempo de lectura\" \/>\n\t<meta name=\"twitter:data2\" content=\"2 minutos\" \/>\n<script type=\"application\/ld+json\" class=\"yoast-schema-graph\">{\"@context\":\"https:\\\/\\\/schema.org\",\"@graph\":[{\"@type\":\"Article\",\"@id\":\"https:\\\/\\\/blog.mnkvillas.com\\\/arenal-den-castell#article\",\"isPartOf\":{\"@id\":\"https:\\\/\\\/blog.mnkvillas.com\\\/arenal-den-castell\"},\"author\":{\"name\":\"MNK Villas\",\"@id\":\"https:\\\/\\\/blog.mnkvillas.com\\\/#\\\/schema\\\/person\\\/5efebb89c1bdae18cb0ab6c4a34d438d\"},\"headline\":\"Arenal d&#8217;en Castell, un para\u00edso costero en Menorca\",\"datePublished\":\"2019-07-10T10:13:06+00:00\",\"dateModified\":\"2019-07-10T10:13:10+00:00\",\"mainEntityOfPage\":{\"@id\":\"https:\\\/\\\/blog.mnkvillas.com\\\/arenal-den-castell\"},\"wordCount\":470,\"image\":{\"@id\":\"https:\\\/\\\/blog.mnkvillas.com\\\/arenal-den-castell#primaryimage\"},\"thumbnailUrl\":\"https:\\\/\\\/blog.mnkvillas.com\\\/wp-content\\\/uploads\\\/2019\\\/07\\\/Arenal-den-Castell.jpg\",\"keywords\":[\"calas de menorca\",\"Menorca 2019\",\"vacaciones en Menorca\"],\"articleSection\":[\"Naturaleza en Menorca\",\"Turismo en Menorca\",\"Vacaciones en Menorca\"],\"inLanguage\":\"es\"},{\"@type\":\"WebPage\",\"@id\":\"https:\\\/\\\/blog.mnkvillas.com\\\/arenal-den-castell\",\"url\":\"https:\\\/\\\/blog.mnkvillas.com\\\/arenal-den-castell\",\"name\":\"Arenal d'en Castell, un para\u00edso costero en Menorca - El Blog de MNK Villas\",\"isPartOf\":{\"@id\":\"https:\\\/\\\/blog.mnkvillas.com\\\/#website\"},\"primaryImageOfPage\":{\"@id\":\"https:\\\/\\\/blog.mnkvillas.com\\\/arenal-den-castell#primaryimage\"},\"image\":{\"@id\":\"https:\\\/\\\/blog.mnkvillas.com\\\/arenal-den-castell#primaryimage\"},\"thumbnailUrl\":\"https:\\\/\\\/blog.mnkvillas.com\\\/wp-content\\\/uploads\\\/2019\\\/07\\\/Arenal-den-Castell.jpg\",\"datePublished\":\"2019-07-10T10:13:06+00:00\",\"dateModified\":\"2019-07-10T10:13:10+00:00\",\"author\":{\"@id\":\"https:\\\/\\\/blog.mnkvillas.com\\\/#\\\/schema\\\/person\\\/5efebb89c1bdae18cb0ab6c4a34d438d\"},\"breadcrumb\":{\"@id\":\"https:\\\/\\\/blog.mnkvillas.com\\\/arenal-den-castell#breadcrumb\"},\"inLanguage\":\"es\",\"potentialAction\":[{\"@type\":\"ReadAction\",\"target\":[\"https:\\\/\\\/blog.mnkvillas.com\\\/arenal-den-castell\"]}]},{\"@type\":\"ImageObject\",\"inLanguage\":\"es\",\"@id\":\"https:\\\/\\\/blog.mnkvillas.com\\\/arenal-den-castell#primaryimage\",\"url\":\"https:\\\/\\\/blog.mnkvillas.com\\\/wp-content\\\/uploads\\\/2019\\\/07\\\/Arenal-den-Castell.jpg\",\"contentUrl\":\"https:\\\/\\\/blog.mnkvillas.com\\\/wp-content\\\/uploads\\\/2019\\\/07\\\/Arenal-den-Castell.jpg\",\"width\":840,\"height\":389,\"caption\":\"Arenal den Castell\"},{\"@type\":\"BreadcrumbList\",\"@id\":\"https:\\\/\\\/blog.mnkvillas.com\\\/arenal-den-castell#breadcrumb\",\"itemListElement\":[{\"@type\":\"ListItem\",\"position\":1,\"name\":\"Portada\",\"item\":\"https:\\\/\\\/blog.mnkvillas.com\\\/\"},{\"@type\":\"ListItem\",\"position\":2,\"name\":\"Arenal d&#8217;en Castell, un para\u00edso costero en Menorca\"}]},{\"@type\":\"WebSite\",\"@id\":\"https:\\\/\\\/blog.mnkvillas.com\\\/#website\",\"url\":\"https:\\\/\\\/blog.mnkvillas.com\\\/\",\"name\":\"El Blog de MNK Villas\",\"description\":\"Gesti\u00f3n y comercializaci\u00f3n de casas y villas en Menorca\",\"potentialAction\":[{\"@type\":\"SearchAction\",\"target\":{\"@type\":\"EntryPoint\",\"urlTemplate\":\"https:\\\/\\\/blog.mnkvillas.com\\\/?s={search_term_string}\"},\"query-input\":{\"@type\":\"PropertyValueSpecification\",\"valueRequired\":true,\"valueName\":\"search_term_string\"}}],\"inLanguage\":\"es\"},{\"@type\":\"Person\",\"@id\":\"https:\\\/\\\/blog.mnkvillas.com\\\/#\\\/schema\\\/person\\\/5efebb89c1bdae18cb0ab6c4a34d438d\",\"name\":\"MNK Villas\",\"image\":{\"@type\":\"ImageObject\",\"inLanguage\":\"es\",\"@id\":\"https:\\\/\\\/secure.gravatar.com\\\/avatar\\\/32fd5f16b06bfc66336905f2701aff5bb0df631080894bd3d84147be1c1a1ac8?s=96&d=mm&r=g\",\"url\":\"https:\\\/\\\/secure.gravatar.com\\\/avatar\\\/32fd5f16b06bfc66336905f2701aff5bb0df631080894bd3d84147be1c1a1ac8?s=96&d=mm&r=g\",\"contentUrl\":\"https:\\\/\\\/secure.gravatar.com\\\/avatar\\\/32fd5f16b06bfc66336905f2701aff5bb0df631080894bd3d84147be1c1a1ac8?s=96&d=mm&r=g\",\"caption\":\"MNK Villas\"},\"url\":\"https:\\\/\\\/blog.mnkvillas.com\\\/author\\\/mnk-villas\"}]}<\/script>\n<!-- \/ Yoast SEO plugin. -->","yoast_head_json":{"title":"Arenal d'en Castell, un para\u00edso costero en Menorca - El Blog de MNK Villas","robots":{"index":"index","follow":"follow","max-snippet":"max-snippet:-1","max-image-preview":"max-image-preview:large","max-video-preview":"max-video-preview:-1"},"canonical":"https://www.mnkvillas.com/blog\/arenal-den-castell","og_locale":"es_ES","og_type":"article","og_title":"Arenal d'en Castell, un para\u00edso costero en Menorca - El Blog de MNK Villas","og_description":"Seguro que cuando hace calor cierras los ojos y te imaginas tomando el sol en una playa escondida de arena blanca o nadando en aguas color turquesa, \u00bfverdad? \u00bfY si te dijera que puedes disfrutar de algo as\u00ed muy cerca de casa? Menorca, de hecho, es el para\u00edso de las calas y las costas de ... Continuar","og_url":"https://www.mnkvillas.com/blog\/arenal-den-castell","og_site_name":"El Blog de MNK Villas","article_published_time":"2019-07-10T10:13:06+00:00","article_modified_time":"2019-07-10T10:13:10+00:00","og_image":[{"width":840,"height":389,"url":"https://www.mnkvillas.com/blog\/wp-content\/uploads\/2019\/07\/Arenal-den-Castell.jpg","type":"image\/jpeg"}],"author":"MNK Villas","twitter_card":"summary_large_image","twitter_misc":{"Escrito por":"MNK Villas","Tiempo de lectura":"2 minutos"},"schema":{"@context":"https:\/\/schema.org","@graph":[{"@type":"Article","@id":"https://www.mnkvillas.com/blog\/arenal-den-castell#article","isPartOf":{"@id":"https://www.mnkvillas.com/blog\/arenal-den-castell"},"author":{"name":"MNK Villas","@id":"https://www.mnkvillas.com/blog\/#\/schema\/person\/5efebb89c1bdae18cb0ab6c4a34d438d"},"headline":"Arenal d&#8217;en Castell, un para\u00edso costero en Menorca","datePublished":"2019-07-10T10:13:06+00:00","dateModified":"2019-07-10T10:13:10+00:00","mainEntityOfPage":{"@id":"https://www.mnkvillas.com/blog\/arenal-den-castell"},"wordCount":470,"image":{"@id":"https://www.mnkvillas.com/blog\/arenal-den-castell#primaryimage"},"thumbnailUrl":"https://www.mnkvillas.com/blog\/wp-content\/uploads\/2019\/07\/Arenal-den-Castell.jpg","keywords":["calas de menorca","Menorca 2019","vacaciones en Menorca"],"articleSection":["Naturaleza en Menorca","Turismo en Menorca","Vacaciones en Menorca"],"inLanguage":"es"},{"@type":"WebPage","@id":"https://www.mnkvillas.com/blog\/arenal-den-castell","url":"https://www.mnkvillas.com/blog\/arenal-den-castell","name":"Arenal d'en Castell, un para\u00edso costero en Menorca - El Blog de MNK Villas","isPartOf":{"@id":"https://www.mnkvillas.com/blog\/#website"},"primaryImageOfPage":{"@id":"https://www.mnkvillas.com/blog\/arenal-den-castell#primaryimage"},"image":{"@id":"https://www.mnkvillas.com/blog\/arenal-den-castell#primaryimage"},"thumbnailUrl":"https://www.mnkvillas.com/blog\/wp-content\/uploads\/2019\/07\/Arenal-den-Castell.jpg","datePublished":"2019-07-10T10:13:06+00:00","dateModified":"2019-07-10T10:13:10+00:00","author":{"@id":"https://www.mnkvillas.com/blog\/#\/schema\/person\/5efebb89c1bdae18cb0ab6c4a34d438d"},"breadcrumb":{"@id":"https://www.mnkvillas.com/blog\/arenal-den-castell#breadcrumb"},"inLanguage":"es","potentialAction":[{"@type":"ReadAction","target":["https://www.mnkvillas.com/blog\/arenal-den-castell"]}]},{"@type":"ImageObject","inLanguage":"es","@id":"https://www.mnkvillas.com/blog\/arenal-den-castell#primaryimage","url":"https://www.mnkvillas.com/blog\/wp-content\/uploads\/2019\/07\/Arenal-den-Castell.jpg","contentUrl":"https://www.mnkvillas.com/blog\/wp-content\/uploads\/2019\/07\/Arenal-den-Castell.jpg","width":840,"height":389,"caption":"Arenal den Castell"},{"@type":"BreadcrumbList","@id":"https://www.mnkvillas.com/blog\/arenal-den-castell#breadcrumb","itemListElement":[{"@type":"ListItem","position":1,"name":"Portada","item":"https://www.mnkvillas.com/blog\/"},{"@type":"ListItem","position":2,"name":"Arenal d&#8217;en Castell, un para\u00edso costero en Menorca"}]},{"@type":"WebSite","@id":"https://www.mnkvillas.com/blog\/#website","url":"https://www.mnkvillas.com/blog\/","name":"El Blog de MNK Villas","description":"Gesti\u00f3n y comercializaci\u00f3n de casas y villas en Menorca","potentialAction":[{"@type":"SearchAction","target":{"@type":"EntryPoint","urlTemplate":"https://www.mnkvillas.com/blog\/?s={search_term_string}"},"query-input":{"@type":"PropertyValueSpecification","valueRequired":true,"valueName":"search_term_string"}}],"inLanguage":"es"},{"@type":"Person","@id":"https://www.mnkvillas.com/blog\/#\/schema\/person\/5efebb89c1bdae18cb0ab6c4a34d438d","name":"MNK Villas","image":{"@type":"ImageObject","inLanguage":"es","@id":"https:\/\/secure.gravatar.com\/avatar\/32fd5f16b06bfc66336905f2701aff5bb0df631080894bd3d84147be1c1a1ac8?s=96&d=mm&r=g","url":"https:\/\/secure.gravatar.com\/avatar\/32fd5f16b06bfc66336905f2701aff5bb0df631080894bd3d84147be1c1a1ac8?s=96&d=mm&r=g","contentUrl":"https:\/\/secure.gravatar.com\/avatar\/32fd5f16b06bfc66336905f2701aff5bb0df631080894bd3d84147be1c1a1ac8?s=96&d=mm&r=g","caption":"MNK Villas"},"url":"https://www.mnkvillas.com/blog\/author\/mnk-villas"}]}},"_links":{"self":[{"href":"https://www.mnkvillas.com/blog\/wp-json\/wp\/v2\/posts\/4182","targetHints":{"allow":["GET"]}}],"collection":[{"href":"https://www.mnkvillas.com/blog\/wp-json\/wp\/v2\/posts"}],"about":[{"href":"https://www.mnkvillas.com/blog\/wp-json\/wp\/v2\/types\/post"}],"author":[{"embeddable":true,"href":"https://www.mnkvillas.com/blog\/wp-json\/wp\/v2\/users\/2"}],"replies":[{"embeddable":true,"href":"https://www.mnkvillas.com/blog\/wp-json\/wp\/v2\/comments?post=4182"}],"version-history":[{"count":4,"href":"https://www.mnkvillas.com/blog\/wp-json\/wp\/v2\/posts\/4182\/revisions"}],"predecessor-version":[{"id":4187,"href":"https://www.mnkvillas.com/blog\/wp-json\/wp\/v2\/posts\/4182\/revisions\/4187"}],"wp:featuredmedia":[{"embeddable":true,"href":"https://www.mnkvillas.com/blog\/wp-json\/wp\/v2\/media\/4183"}],"wp:attachment":[{"href":"https://www.mnkvillas.com/blog\/wp-json\/wp\/v2\/media?parent=4182"}],"wp:term":[{"taxonomy":"category","embeddable":true,"href":"https://www.mnkvillas.com/blog\/wp-json\/wp\/v2\/categories?post=4182"},{"taxonomy":"post_tag","embeddable":true,"href":"https://www.mnkvillas.com/blog\/wp-json\/wp\/v2\/tags?post=4182"}],"curies":[{"name":"wp","href":"https:\/\/api.w.org\/{rel}","templated":true}]}}