{"id":4034,"date":"2019-04-22T11:00:59","date_gmt":"2019-04-22T11:00:59","guid":{"rendered":"https://www.mnkvillas.com/blog\/?p=4034"},"modified":"2019-04-22T10:09:46","modified_gmt":"2019-04-22T10:09:46","slug":"fiestas-de-menorca","status":"publish","type":"post","link":"https://www.mnkvillas.com/blog\/fiestas-de-menorca","title":{"rendered":"Fiestas de Menorca: un verano a caballo"},"content":{"rendered":"\n<figure class=\"wp-block-image\"><img loading=\"lazy\" decoding=\"async\" width=\"840\" height=\"389\" src=\"https://www.mnkvillas.com/blog\/wp-content\/uploads\/2019\/04\/fiestas-de-Menorca.jpg\" alt=\"\" class=\"wp-image-4035\" srcset=\"https://www.mnkvillas.com/blog\/wp-content\/uploads\/2019\/04\/fiestas-de-Menorca.jpg 840w, https://www.mnkvillas.com/blog\/wp-content\/uploads\/2019\/04\/fiestas-de-Menorca-300x139.jpg 300w, https://www.mnkvillas.com/blog\/wp-content\/uploads\/2019\/04\/fiestas-de-Menorca-768x356.jpg 768w\" sizes=\"auto, (max-width: 840px) 100vw, 840px\" \/><figcaption> Imagen extra\u00edda de <a href=\"https:\/\/commons.wikimedia.org\/wiki\/File:Fiestas_de_Sant_Jaume_en_Es_Castell_Menorca_(7831902056).jpg\" target=\"_blank\" rel=\"noreferrer noopener\" aria-label=\" (abre en una nueva pesta\u00f1a)\">Wikimedia Commons<\/a>    <\/figcaption><\/figure>\n\n\n\n<p style=\"margin-top:30px; margin-bottom:25px;\">Las <strong>fiestas de Menorca<\/strong> se constituyen como uno de los principales reclamos tur\u00edsticos y locales de las Islas Baleares y de muchos lugares m\u00e1s. As\u00ed pues, sobre todo en verano, se suceden un sinf\u00edn de festejos que hacen de las <strong>fiestas de Menorca<\/strong> un atractivo para toda aquella escapada cultural que se quiera hacer en dicha estaci\u00f3n. <\/p>  \n\n<p style=\"margin-bottom:30px;\">Estas <strong>fiestas de Menorca<\/strong> comienzan en junio, ya que se producen las <a href=\"https:\/\/www.mnkvillas.com\/blog\/fiesta-de-sant-joan-en-ciutadella\" target=\"_blank\" rel=\"noopener noreferrer\">fiestas de Sant Joan<\/a> (San Juan), una de las m\u00e1s populares a lo largo y ancho de Espa\u00f1a, en la que las hogueras y los rituales con fuego llevan la voz cantante. Y a estas se le a\u00f1aden grandes cabalgatas donde los caballos y sus jinetes son los grandes protagonistas.<\/p>  \n\n<p style=\"margin-bottom:30px;\">En julio prevalecen las fiestas de Sant Mart\u00ed de Es Mercadal, Sant Antoni de Fornells y Sant Jaume de Es Castell. Son tres <strong>fiestas de Menorca<\/strong> donde los caballos vuelven a cobrar protagonismo. Y aunque en el caso de las fiestas de Fornells el ambiente mar\u00edtimo predomina, la gente no aparta su vista de su orgullo animal. <\/p>\n\n<p style=\"margin-bottom:30px;\">Y en es en el veraniego mes de agosto cuando se concentran m\u00e1s de la mitad de las <strong>fiestas de Menorca<\/strong>:<\/p>\n\n<ul>\n<li style=\"margin-bottom:30px;\">El primer fin de semana de agosto o \u00faltimo de julio se celebra Sant Crist\u00f2fol de Es Migjorn Gran, las cuales coinciden con el d\u00eda del patr\u00f3n del lugar y, de forma aparejada, Sant Gaiet\u00e0 de Llucma\u00e7anes celebrada junto a la iglesia de San Cayetano.<\/li>\n\n<li style=\"margin-bottom:30px;\">En segundo lugar, Sant Lloren\u00e7 de <a href=\"https:\/\/www.mnkvillas.com\/blog\/alaior-turismo\" target=\"_blank\" rel=\"noopener noreferrer\">Alaior<\/a>, el primer fin de semana despu\u00e9s del 10 de agosto, donde a pesar de no ser fiestas patronales (ya que su patrona, Santa Eul\u00e0lia, se honra el 12 de febrero), causan gran sensaci\u00f3n en sus habitantes, quienes disfrutan de las cabalgatas y desfiles de cabezudos.<\/li>\n\n<li style=\"margin-bottom:30px;\">En tercer lugar, Sant Climent de <a href=\"https:\/\/www.mnkvillas.com\/blog\/sant-climent-un-pueblo-rural-de-menorca\" target=\"_blank\" rel=\"noopener noreferrer\">Sant Climent<\/a>, celebrada el tercer fin de semana con espect\u00e1culos equinos y un \u201cremoj\u00f3n colectivo\u201d donde los camiones cisterna no dejan a nadie sin mojar.<\/li>\n\n<li style=\"margin-bottom:30px;\">Y de forma cercana se festejan Sant Bartomeu de Ferreries, ligadas a la creaci\u00f3n de la parroquia del santo y Sant Llu\u00eds de Sant Llu\u00eds, dedicadas al rey Luis IX de Francia. <\/li>\n<\/ul>\n\n<p style=\"margin-bottom:30px;\">Y es en septiembre cuando se produce la \u00faltima gran fiesta: Mare de D\u00e9u de Gr\u00e0cia de Ma\u00f3. Estos festejos est\u00e1n dedicados a la patrona de la ciudad de Mah\u00f3n y se suceden un sinf\u00edn de cabalgatas, m\u00fasicas, carreras\u2026<\/p>\n\n<p style=\"margin-bottom:30px;\">Todas estas <strong>fiestas de Menorca<\/strong> son muy variadas, aunque est\u00e1 claro que los caballos son un s\u00edmbolo de orgullo para los menorquines.<\/p>\n\n<p style=\"margin-bottom:30px;\">Un verano digno de disfrutar en Menorca con cada una de sus fiestas. \u00bfPor qu\u00e9 no disfrutar de un verano menorqu\u00edn inolvidable?<\/p>\n\n<figure class=\"wp-block-image\"><a href=\"https:\/\/www.mnkvillas.com\/ofertas\/\" target=\"_blank\" rel=\"noreferrer noopener\"><img loading=\"lazy\" decoding=\"async\" width=\"800\" height=\"195\" src=\"https://www.mnkvillas.com/blog\/wp-content\/uploads\/2019\/04\/Banner-final-post-ofertas.jpg\" alt=\"\" class=\"wp-image-4014\" srcset=\"https://www.mnkvillas.com/blog\/wp-content\/uploads\/2019\/04\/Banner-final-post-ofertas.jpg 800w, https://www.mnkvillas.com/blog\/wp-content\/uploads\/2019\/04\/Banner-final-post-ofertas-300x73.jpg 300w, https://www.mnkvillas.com/blog\/wp-content\/uploads\/2019\/04\/Banner-final-post-ofertas-768x187.jpg 768w\" sizes=\"auto, (max-width: 800px) 100vw, 800px\" \/><\/a><\/figure>\n","protected":false},"excerpt":{"rendered":"<p>Las fiestas de Menorca se constituyen como uno de los principales reclamos tur\u00edsticos y locales de las Islas Baleares y de muchos lugares m\u00e1s. As\u00ed pues, sobre todo en verano, se suceden un sinf\u00edn de festejos que hacen de las fiestas de Menorca un atractivo para toda aquella escapada cultural que se quiera hacer en &#8230; <a href=\"https://www.mnkvillas.com/blog\/fiestas-de-menorca\">Continuar<\/a><\/p>\n","protected":false},"author":2,"featured_media":4035,"comment_status":"closed","ping_status":"open","sticky":false,"template":"","format":"standard","meta":{"footnotes":""},"categories":[16,9],"tags":[70],"class_list":["post-4034","post","type-post","status-publish","format-standard","has-post-thumbnail","hentry","category-naturaleza-en-menorca","category-turismo-en-menorca","tag-fiestas-de-menorca"],"yoast_head":"<!-- This site is optimized with the Yoast SEO plugin v27.5 - https:\/\/yoast.com\/product\/yoast-seo-wordpress\/ -->\n<title>Fiestas de Menorca: un verano a caballo - El Blog de MNK Villas<\/title>\n<meta name=\"robots\" content=\"index, follow, max-snippet:-1, max-image-preview:large, max-video-preview:-1\" \/>\n<link rel=\"canonical\" href=\"https://www.mnkvillas.com/blog\/fiestas-de-menorca\" \/>\n<meta property=\"og:locale\" content=\"es_ES\" \/>\n<meta property=\"og:type\" content=\"article\" \/>\n<meta property=\"og:title\" content=\"Fiestas de Menorca: un verano a caballo - El Blog de MNK Villas\" \/>\n<meta property=\"og:description\" content=\"Las fiestas de Menorca se constituyen como uno de los principales reclamos tur\u00edsticos y locales de las Islas Baleares y de muchos lugares m\u00e1s. As\u00ed pues, sobre todo en verano, se suceden un sinf\u00edn de festejos que hacen de las fiestas de Menorca un atractivo para toda aquella escapada cultural que se quiera hacer en ... Continuar\" \/>\n<meta property=\"og:url\" content=\"https://www.mnkvillas.com/blog\/fiestas-de-menorca\" \/>\n<meta property=\"og:site_name\" content=\"El Blog de MNK Villas\" \/>\n<meta property=\"article:published_time\" content=\"2019-04-22T11:00:59+00:00\" \/>\n<meta property=\"og:image\" content=\"https://www.mnkvillas.com/blog\/wp-content\/uploads\/2019\/04\/fiestas-de-Menorca.jpg\" \/>\n\t<meta property=\"og:image:width\" content=\"840\" \/>\n\t<meta property=\"og:image:height\" content=\"389\" \/>\n\t<meta property=\"og:image:type\" content=\"image\/jpeg\" \/>\n<meta name=\"author\" content=\"MNK Villas\" \/>\n<meta name=\"twitter:card\" content=\"summary_large_image\" \/>\n<meta name=\"twitter:label1\" content=\"Escrito por\" \/>\n\t<meta name=\"twitter:data1\" content=\"MNK Villas\" \/>\n\t<meta name=\"twitter:label2\" content=\"Tiempo de lectura\" \/>\n\t<meta name=\"twitter:data2\" content=\"2 minutos\" \/>\n<script type=\"application\/ld+json\" class=\"yoast-schema-graph\">{\"@context\":\"https:\\\/\\\/schema.org\",\"@graph\":[{\"@type\":\"Article\",\"@id\":\"https:\\\/\\\/blog.mnkvillas.com\\\/fiestas-de-menorca#article\",\"isPartOf\":{\"@id\":\"https:\\\/\\\/blog.mnkvillas.com\\\/fiestas-de-menorca\"},\"author\":{\"name\":\"MNK Villas\",\"@id\":\"https:\\\/\\\/blog.mnkvillas.com\\\/#\\\/schema\\\/person\\\/5efebb89c1bdae18cb0ab6c4a34d438d\"},\"headline\":\"Fiestas de Menorca: un verano a caballo\",\"datePublished\":\"2019-04-22T11:00:59+00:00\",\"mainEntityOfPage\":{\"@id\":\"https:\\\/\\\/blog.mnkvillas.com\\\/fiestas-de-menorca\"},\"wordCount\":480,\"image\":{\"@id\":\"https:\\\/\\\/blog.mnkvillas.com\\\/fiestas-de-menorca#primaryimage\"},\"thumbnailUrl\":\"https:\\\/\\\/blog.mnkvillas.com\\\/wp-content\\\/uploads\\\/2019\\\/04\\\/fiestas-de-Menorca.jpg\",\"keywords\":[\"fiestas de Menorca\"],\"articleSection\":[\"Naturaleza en Menorca\",\"Turismo en Menorca\"],\"inLanguage\":\"es\"},{\"@type\":\"WebPage\",\"@id\":\"https:\\\/\\\/blog.mnkvillas.com\\\/fiestas-de-menorca\",\"url\":\"https:\\\/\\\/blog.mnkvillas.com\\\/fiestas-de-menorca\",\"name\":\"Fiestas de Menorca: un verano a caballo - El Blog de MNK Villas\",\"isPartOf\":{\"@id\":\"https:\\\/\\\/blog.mnkvillas.com\\\/#website\"},\"primaryImageOfPage\":{\"@id\":\"https:\\\/\\\/blog.mnkvillas.com\\\/fiestas-de-menorca#primaryimage\"},\"image\":{\"@id\":\"https:\\\/\\\/blog.mnkvillas.com\\\/fiestas-de-menorca#primaryimage\"},\"thumbnailUrl\":\"https:\\\/\\\/blog.mnkvillas.com\\\/wp-content\\\/uploads\\\/2019\\\/04\\\/fiestas-de-Menorca.jpg\",\"datePublished\":\"2019-04-22T11:00:59+00:00\",\"author\":{\"@id\":\"https:\\\/\\\/blog.mnkvillas.com\\\/#\\\/schema\\\/person\\\/5efebb89c1bdae18cb0ab6c4a34d438d\"},\"breadcrumb\":{\"@id\":\"https:\\\/\\\/blog.mnkvillas.com\\\/fiestas-de-menorca#breadcrumb\"},\"inLanguage\":\"es\",\"potentialAction\":[{\"@type\":\"ReadAction\",\"target\":[\"https:\\\/\\\/blog.mnkvillas.com\\\/fiestas-de-menorca\"]}]},{\"@type\":\"ImageObject\",\"inLanguage\":\"es\",\"@id\":\"https:\\\/\\\/blog.mnkvillas.com\\\/fiestas-de-menorca#primaryimage\",\"url\":\"https:\\\/\\\/blog.mnkvillas.com\\\/wp-content\\\/uploads\\\/2019\\\/04\\\/fiestas-de-Menorca.jpg\",\"contentUrl\":\"https:\\\/\\\/blog.mnkvillas.com\\\/wp-content\\\/uploads\\\/2019\\\/04\\\/fiestas-de-Menorca.jpg\",\"width\":840,\"height\":389,\"caption\":\"fiestas-de-Menorca\"},{\"@type\":\"BreadcrumbList\",\"@id\":\"https:\\\/\\\/blog.mnkvillas.com\\\/fiestas-de-menorca#breadcrumb\",\"itemListElement\":[{\"@type\":\"ListItem\",\"position\":1,\"name\":\"Portada\",\"item\":\"https:\\\/\\\/blog.mnkvillas.com\\\/\"},{\"@type\":\"ListItem\",\"position\":2,\"name\":\"Fiestas de Menorca: un verano a caballo\"}]},{\"@type\":\"WebSite\",\"@id\":\"https:\\\/\\\/blog.mnkvillas.com\\\/#website\",\"url\":\"https:\\\/\\\/blog.mnkvillas.com\\\/\",\"name\":\"El Blog de MNK Villas\",\"description\":\"Gesti\u00f3n y comercializaci\u00f3n de casas y villas en Menorca\",\"potentialAction\":[{\"@type\":\"SearchAction\",\"target\":{\"@type\":\"EntryPoint\",\"urlTemplate\":\"https:\\\/\\\/blog.mnkvillas.com\\\/?s={search_term_string}\"},\"query-input\":{\"@type\":\"PropertyValueSpecification\",\"valueRequired\":true,\"valueName\":\"search_term_string\"}}],\"inLanguage\":\"es\"},{\"@type\":\"Person\",\"@id\":\"https:\\\/\\\/blog.mnkvillas.com\\\/#\\\/schema\\\/person\\\/5efebb89c1bdae18cb0ab6c4a34d438d\",\"name\":\"MNK Villas\",\"image\":{\"@type\":\"ImageObject\",\"inLanguage\":\"es\",\"@id\":\"https:\\\/\\\/secure.gravatar.com\\\/avatar\\\/32fd5f16b06bfc66336905f2701aff5bb0df631080894bd3d84147be1c1a1ac8?s=96&d=mm&r=g\",\"url\":\"https:\\\/\\\/secure.gravatar.com\\\/avatar\\\/32fd5f16b06bfc66336905f2701aff5bb0df631080894bd3d84147be1c1a1ac8?s=96&d=mm&r=g\",\"contentUrl\":\"https:\\\/\\\/secure.gravatar.com\\\/avatar\\\/32fd5f16b06bfc66336905f2701aff5bb0df631080894bd3d84147be1c1a1ac8?s=96&d=mm&r=g\",\"caption\":\"MNK Villas\"},\"url\":\"https:\\\/\\\/blog.mnkvillas.com\\\/author\\\/mnk-villas\"}]}<\/script>\n<!-- \/ Yoast SEO plugin. -->","yoast_head_json":{"title":"Fiestas de Menorca: un verano a caballo - El Blog de MNK Villas","robots":{"index":"index","follow":"follow","max-snippet":"max-snippet:-1","max-image-preview":"max-image-preview:large","max-video-preview":"max-video-preview:-1"},"canonical":"https://www.mnkvillas.com/blog\/fiestas-de-menorca","og_locale":"es_ES","og_type":"article","og_title":"Fiestas de Menorca: un verano a caballo - El Blog de MNK Villas","og_description":"Las fiestas de Menorca se constituyen como uno de los principales reclamos tur\u00edsticos y locales de las Islas Baleares y de muchos lugares m\u00e1s. As\u00ed pues, sobre todo en verano, se suceden un sinf\u00edn de festejos que hacen de las fiestas de Menorca un atractivo para toda aquella escapada cultural que se quiera hacer en ... Continuar","og_url":"https://www.mnkvillas.com/blog\/fiestas-de-menorca","og_site_name":"El Blog de MNK Villas","article_published_time":"2019-04-22T11:00:59+00:00","og_image":[{"width":840,"height":389,"url":"https://www.mnkvillas.com/blog\/wp-content\/uploads\/2019\/04\/fiestas-de-Menorca.jpg","type":"image\/jpeg"}],"author":"MNK Villas","twitter_card":"summary_large_image","twitter_misc":{"Escrito por":"MNK Villas","Tiempo de lectura":"2 minutos"},"schema":{"@context":"https:\/\/schema.org","@graph":[{"@type":"Article","@id":"https://www.mnkvillas.com/blog\/fiestas-de-menorca#article","isPartOf":{"@id":"https://www.mnkvillas.com/blog\/fiestas-de-menorca"},"author":{"name":"MNK Villas","@id":"https://www.mnkvillas.com/blog\/#\/schema\/person\/5efebb89c1bdae18cb0ab6c4a34d438d"},"headline":"Fiestas de Menorca: un verano a caballo","datePublished":"2019-04-22T11:00:59+00:00","mainEntityOfPage":{"@id":"https://www.mnkvillas.com/blog\/fiestas-de-menorca"},"wordCount":480,"image":{"@id":"https://www.mnkvillas.com/blog\/fiestas-de-menorca#primaryimage"},"thumbnailUrl":"https://www.mnkvillas.com/blog\/wp-content\/uploads\/2019\/04\/fiestas-de-Menorca.jpg","keywords":["fiestas de Menorca"],"articleSection":["Naturaleza en Menorca","Turismo en Menorca"],"inLanguage":"es"},{"@type":"WebPage","@id":"https://www.mnkvillas.com/blog\/fiestas-de-menorca","url":"https://www.mnkvillas.com/blog\/fiestas-de-menorca","name":"Fiestas de Menorca: un verano a caballo - El Blog de MNK Villas","isPartOf":{"@id":"https://www.mnkvillas.com/blog\/#website"},"primaryImageOfPage":{"@id":"https://www.mnkvillas.com/blog\/fiestas-de-menorca#primaryimage"},"image":{"@id":"https://www.mnkvillas.com/blog\/fiestas-de-menorca#primaryimage"},"thumbnailUrl":"https://www.mnkvillas.com/blog\/wp-content\/uploads\/2019\/04\/fiestas-de-Menorca.jpg","datePublished":"2019-04-22T11:00:59+00:00","author":{"@id":"https://www.mnkvillas.com/blog\/#\/schema\/person\/5efebb89c1bdae18cb0ab6c4a34d438d"},"breadcrumb":{"@id":"https://www.mnkvillas.com/blog\/fiestas-de-menorca#breadcrumb"},"inLanguage":"es","potentialAction":[{"@type":"ReadAction","target":["https://www.mnkvillas.com/blog\/fiestas-de-menorca"]}]},{"@type":"ImageObject","inLanguage":"es","@id":"https://www.mnkvillas.com/blog\/fiestas-de-menorca#primaryimage","url":"https://www.mnkvillas.com/blog\/wp-content\/uploads\/2019\/04\/fiestas-de-Menorca.jpg","contentUrl":"https://www.mnkvillas.com/blog\/wp-content\/uploads\/2019\/04\/fiestas-de-Menorca.jpg","width":840,"height":389,"caption":"fiestas-de-Menorca"},{"@type":"BreadcrumbList","@id":"https://www.mnkvillas.com/blog\/fiestas-de-menorca#breadcrumb","itemListElement":[{"@type":"ListItem","position":1,"name":"Portada","item":"https://www.mnkvillas.com/blog\/"},{"@type":"ListItem","position":2,"name":"Fiestas de Menorca: un verano a caballo"}]},{"@type":"WebSite","@id":"https://www.mnkvillas.com/blog\/#website","url":"https://www.mnkvillas.com/blog\/","name":"El Blog de MNK Villas","description":"Gesti\u00f3n y comercializaci\u00f3n de casas y villas en Menorca","potentialAction":[{"@type":"SearchAction","target":{"@type":"EntryPoint","urlTemplate":"https://www.mnkvillas.com/blog\/?s={search_term_string}"},"query-input":{"@type":"PropertyValueSpecification","valueRequired":true,"valueName":"search_term_string"}}],"inLanguage":"es"},{"@type":"Person","@id":"https://www.mnkvillas.com/blog\/#\/schema\/person\/5efebb89c1bdae18cb0ab6c4a34d438d","name":"MNK Villas","image":{"@type":"ImageObject","inLanguage":"es","@id":"https:\/\/secure.gravatar.com\/avatar\/32fd5f16b06bfc66336905f2701aff5bb0df631080894bd3d84147be1c1a1ac8?s=96&d=mm&r=g","url":"https:\/\/secure.gravatar.com\/avatar\/32fd5f16b06bfc66336905f2701aff5bb0df631080894bd3d84147be1c1a1ac8?s=96&d=mm&r=g","contentUrl":"https:\/\/secure.gravatar.com\/avatar\/32fd5f16b06bfc66336905f2701aff5bb0df631080894bd3d84147be1c1a1ac8?s=96&d=mm&r=g","caption":"MNK Villas"},"url":"https://www.mnkvillas.com/blog\/author\/mnk-villas"}]}},"_links":{"self":[{"href":"https://www.mnkvillas.com/blog\/wp-json\/wp\/v2\/posts\/4034","targetHints":{"allow":["GET"]}}],"collection":[{"href":"https://www.mnkvillas.com/blog\/wp-json\/wp\/v2\/posts"}],"about":[{"href":"https://www.mnkvillas.com/blog\/wp-json\/wp\/v2\/types\/post"}],"author":[{"embeddable":true,"href":"https://www.mnkvillas.com/blog\/wp-json\/wp\/v2\/users\/2"}],"replies":[{"embeddable":true,"href":"https://www.mnkvillas.com/blog\/wp-json\/wp\/v2\/comments?post=4034"}],"version-history":[{"count":5,"href":"https://www.mnkvillas.com/blog\/wp-json\/wp\/v2\/posts\/4034\/revisions"}],"predecessor-version":[{"id":4044,"href":"https://www.mnkvillas.com/blog\/wp-json\/wp\/v2\/posts\/4034\/revisions\/4044"}],"wp:featuredmedia":[{"embeddable":true,"href":"https://www.mnkvillas.com/blog\/wp-json\/wp\/v2\/media\/4035"}],"wp:attachment":[{"href":"https://www.mnkvillas.com/blog\/wp-json\/wp\/v2\/media?parent=4034"}],"wp:term":[{"taxonomy":"category","embeddable":true,"href":"https://www.mnkvillas.com/blog\/wp-json\/wp\/v2\/categories?post=4034"},{"taxonomy":"post_tag","embeddable":true,"href":"https://www.mnkvillas.com/blog\/wp-json\/wp\/v2\/tags?post=4034"}],"curies":[{"name":"wp","href":"https:\/\/api.w.org\/{rel}","templated":true}]}}