{"id":3711,"date":"2018-11-23T10:30:56","date_gmt":"2018-11-23T10:30:56","guid":{"rendered":"https://www.mnkvillas.com/blog\/?p=3711"},"modified":"2018-11-23T14:41:52","modified_gmt":"2018-11-23T14:41:52","slug":"salbufera-des-grau","status":"publish","type":"post","link":"https://www.mnkvillas.com/blog\/salbufera-des-grau","title":{"rendered":"S&#8217;Albufera des Grau y el turismo de observaci\u00f3n."},"content":{"rendered":"<div id=\"attachment_3716\" style=\"width: 850px\" class=\"wp-caption aligncenter\"><img loading=\"lazy\" decoding=\"async\" aria-describedby=\"caption-attachment-3716\" class=\"wp-image-3716 size-full\" title=\"S'Albufera des Grau\" src=\"https://www.mnkvillas.com/blog\/wp-content\/uploads\/2018\/11\/Parque-Natural-de-SAlbufera-des-Grau-01.jpg\" alt=\"S'Albufera des Grau\" width=\"840\" height=\"389\" srcset=\"https://www.mnkvillas.com/blog\/wp-content\/uploads\/2018\/11\/Parque-Natural-de-SAlbufera-des-Grau-01.jpg 840w, https://www.mnkvillas.com/blog\/wp-content\/uploads\/2018\/11\/Parque-Natural-de-SAlbufera-des-Grau-01-300x139.jpg 300w, https://www.mnkvillas.com/blog\/wp-content\/uploads\/2018\/11\/Parque-Natural-de-SAlbufera-des-Grau-01-768x356.jpg 768w\" sizes=\"auto, (max-width: 840px) 100vw, 840px\" \/><p id=\"caption-attachment-3716\" class=\"wp-caption-text\">Imagen wikipedia: S&#8217;Albufera des Grau &#8211; Menorca<\/p><\/div>\n<p>&nbsp;<\/p>\n<p>&nbsp;<\/p>\n<p>Si te gusta la naturaleza y el <strong>turismo de observaci\u00f3n<\/strong>, el parque natural de <strong>S&#8217;Albufera des Grau<\/strong> de Menorca, ofrece una gran riqueza medioambiental.<\/p>\n<p>Sus valores paisaj\u00edsticos y naturales de toda su \u00e1rea, la han hecho merecedora de declararla Parque Natural, y es el n\u00facleo principal de la Reserva de la Biosfera que engloba la isla.<\/p>\n<p>Situada al noroeste de la isla y a 2 kil\u00f3metros de Mah\u00f3n, es la zona m\u00e1s h\u00fameda de Menorca.\u00a0 El entorno engloba las zonas de; la isla de Colom, el cabo de Fav\u00e0ritx y la Albufera des Grau.<\/p>\n<p>&nbsp;<\/p>\n<p>Cada una de \u00e9stas \u00e1reas se caracterizan por una gran variedad de ecosistemas:<\/p>\n<ul>\n<li>Montes boscosos<\/li>\n<li>Zonas h\u00famedas<\/li>\n<li>Comunidades litorales<\/li>\n<li>Dunas<\/li>\n<li>Acantilados<\/li>\n<li>Playas.<\/li>\n<\/ul>\n<p>&nbsp;<\/p>\n<p>Las playas que podemos destacar de esta zona son; S&#8217;Arenal de Morella, Cala Tortuga, Cala de sa Torreta, Tamarells del Norte, Tamarells del Sur, Cala Caballero, Cala Presili, S&#8217;Escala, Arenal d&#8217;en Mor, (isla de Colom), Los Tamarells y playa d&#8217;es Grau.<\/p>\n<p>&nbsp;<\/p>\n<h2><\/h2>\n<h2>La Fauna de S&#8217;Albufera des Grau:<\/h2>\n<p>&nbsp;<\/p>\n<p>Compuesta por peque\u00f1os mam\u00edferos, reptiles, insectos y numerosas aves, entre las que destacamos los siguientes grupos:<\/p>\n<p>&nbsp;<\/p>\n<h3><\/h3>\n<h3>1.- Mam\u00edferos:<\/h3>\n<p>Martas, conejos, comadrejas, hurones, ratones de campo, erizos y murci\u00e9lagos.<\/p>\n<h3><\/h3>\n<h3>2.- Reptiles:<\/h3>\n<p>Tortuga mediterr\u00e1nea, peque\u00f1as serpientes no venenosas, y la lagartija balear (Podarcis Lilfordi) con la que destacamos la existencia de 30 subespecies diferentes.<\/p>\n<h3><\/h3>\n<h3>3.- Aves:<\/h3>\n<p>Es el grupo m\u00e1s numeroso de la fauna de S&#8217;Albufera des Grau y est\u00e1n presente en todos los biotipos de la zona;<\/p>\n<ul>\n<li>Barrancos: T\u00f3rtolas, torcaces, palomas salvajes y mirlos.<\/li>\n<li>Acantilados puertos y zonas costeras: gaviotas, pa\u00ed\u00f1os, pardelas y cormoranes.<\/li>\n<li>Bosques y sembrados: perdices, codornices, reyezuelos, chochas, papamoscas y chotacabras.<\/li>\n<li>Zonas h\u00famedas: \u00e1nade real, focha com\u00fan, somormujo lavanco, silv\u00f3n europeo y cormor\u00e1n grande.<\/li>\n<li>Espacios abiertos<big>: <\/big>cuervos, abubillas, trigueros, cogujadas, y alondras.<\/li>\n<li>Avistamientos de aves rapaces en toda la zona de S&#8217;Albufera des Grau: Gran cantidad de aguiluchos laguneros, Alimoches, gavilanes, cern\u00edcalos y halcones, y otros menos visibles como el milano real, \u00e1guila calzada y \u00e1guila pescadora.\u00a0 Sin olvidar las especies nocturnas como el autillo y las lechuzas.<\/li>\n<li>Aves que migran: En la temporada de invierno acuden a la isla; estorninos, petirrojos, currucas y zorzales, y en la de verano procedentes del S\u00e1hara; golondrinas, vencejos, abejarrucos y aviones.<\/li>\n<\/ul>\n<p>&nbsp;<\/p>\n<p>S&#8217;Albufera des Grau tiene tanta importancia ornitol\u00f3gica, que se han llegado a anular proyectos urban\u00edsticos, para preservar la vida sedentaria de algunas aves y la cr\u00eda de multitud de especies.<\/p>\n<p>&nbsp;<\/p>\n<p>&nbsp;<\/p>\n<p style=\"text-align: center;\"><strong>\u00a1No te pierdas esta maravilla! \u00a1Ven a Menorca en tus pr\u00f3ximas vacaciones para disfrutar de la naturaleza!<\/strong><\/p>\n<p>&nbsp;<\/p>\n<p>Y si todav\u00eda no has reservado tu viaje para tus pr\u00f3ximas vacaciones primaverales o estivales, <a href=\"https:\/\/www.mnkvillas.com\/\" target=\"_blank\" rel=\"noopener\"><strong>MNK Villas<\/strong><\/a> te ofrece una amplia selecci\u00f3n de alojamientos con encanto, para que puedas disfrutar de tu estancia en Menorca.<\/p>\n<p>&nbsp;<\/p>\n<p><iframe loading=\"lazy\" title=\"Menorca \u2013 Parque Natural Albufera des Grau | Islas Baleares\" width=\"500\" height=\"281\" src=\"https:\/\/www.youtube.com\/embed\/pEk6pVRn4hw?feature=oembed\" frameborder=\"0\" allow=\"accelerometer; autoplay; clipboard-write; encrypted-media; gyroscope; picture-in-picture; web-share\" referrerpolicy=\"strict-origin-when-cross-origin\" allowfullscreen><\/iframe><\/p>\n<p>&nbsp;<\/p>\n<p><strong>Tambi\u00e9n puede interesarte<\/strong>:<\/p>\n<h4><strong><a href=\"https:\/\/www.mnkvillas.com\/blog\/las-7-mejores-playas-del-sur-de-menorca\" target=\"_blank\" rel=\"noopener\">Las 7 mejores playas del sur de Menorca<\/a><\/strong><\/h4>\n<h4><strong><a href=\"https:\/\/www.mnkvillas.com\/blog\/casas-al-sur-de-menorca\" target=\"_blank\" rel=\"noopener\">Casas al sur de Menorca para unas vacaciones de ensue\u00f1o<\/a><\/strong><\/h4>\n<p>&nbsp;<\/p>\n<p>&nbsp;<\/p>\n","protected":false},"excerpt":{"rendered":"<p>&nbsp; &nbsp; Si te gusta la naturaleza y el turismo de observaci\u00f3n, el parque natural de S&#8217;Albufera des Grau de Menorca, ofrece una gran riqueza medioambiental. Sus valores paisaj\u00edsticos y naturales de toda su \u00e1rea, la han hecho merecedora de declararla Parque Natural, y es el n\u00facleo principal de la Reserva de la Biosfera que &#8230; <a href=\"https://www.mnkvillas.com/blog\/salbufera-des-grau\">Continuar<\/a><\/p>\n","protected":false},"author":2,"featured_media":3716,"comment_status":"closed","ping_status":"open","sticky":false,"template":"","format":"standard","meta":{"footnotes":""},"categories":[16,9,10],"tags":[229,228,227],"class_list":["post-3711","post","type-post","status-publish","format-standard","has-post-thumbnail","hentry","category-naturaleza-en-menorca","category-turismo-en-menorca","category-villas-en-menorca","tag-fauna-de-menorca","tag-salbufera-des-grau-de-menorca","tag-turismo-de-observacion"],"yoast_head":"<!-- This site is optimized with the Yoast SEO plugin v27.4 - https:\/\/yoast.com\/product\/yoast-seo-wordpress\/ -->\n<title>S&#039;Albufera des Grau y el turismo de observaci\u00f3n. - El Blog de MNK Villas<\/title>\n<meta name=\"description\" content=\"Si te gusta la naturaleza y hacer turismo de observaci\u00f3n, el parque natural de S&#039;Albufera des Grau de Menorca, ofrece una gran riqueza medioambiental.\" \/>\n<meta name=\"robots\" content=\"index, follow, max-snippet:-1, max-image-preview:large, max-video-preview:-1\" \/>\n<link rel=\"canonical\" href=\"https://www.mnkvillas.com/blog\/salbufera-des-grau\" \/>\n<meta property=\"og:locale\" content=\"es_ES\" \/>\n<meta property=\"og:type\" content=\"article\" \/>\n<meta property=\"og:title\" content=\"S&#039;Albufera des Grau y el turismo de observaci\u00f3n. - El Blog de MNK Villas\" \/>\n<meta property=\"og:description\" content=\"Si te gusta la naturaleza y hacer turismo de observaci\u00f3n, el parque natural de S&#039;Albufera des Grau de Menorca, ofrece una gran riqueza medioambiental.\" \/>\n<meta property=\"og:url\" content=\"https://www.mnkvillas.com/blog\/salbufera-des-grau\" \/>\n<meta property=\"og:site_name\" content=\"El Blog de MNK Villas\" \/>\n<meta property=\"article:published_time\" content=\"2018-11-23T10:30:56+00:00\" \/>\n<meta property=\"article:modified_time\" content=\"2018-11-23T14:41:52+00:00\" \/>\n<meta property=\"og:image\" content=\"https://www.mnkvillas.com/blog\/wp-content\/uploads\/2018\/11\/Parque-Natural-de-SAlbufera-des-Grau-01.jpg\" \/>\n\t<meta property=\"og:image:width\" content=\"840\" \/>\n\t<meta property=\"og:image:height\" content=\"389\" \/>\n\t<meta property=\"og:image:type\" content=\"image\/jpeg\" \/>\n<meta name=\"author\" content=\"MNK Villas\" \/>\n<meta name=\"twitter:card\" content=\"summary_large_image\" \/>\n<meta name=\"twitter:label1\" content=\"Escrito por\" \/>\n\t<meta name=\"twitter:data1\" content=\"MNK Villas\" \/>\n\t<meta name=\"twitter:label2\" content=\"Tiempo de lectura\" \/>\n\t<meta name=\"twitter:data2\" content=\"3 minutos\" \/>\n<script type=\"application\/ld+json\" class=\"yoast-schema-graph\">{\"@context\":\"https:\\\/\\\/schema.org\",\"@graph\":[{\"@type\":\"Article\",\"@id\":\"https:\\\/\\\/blog.mnkvillas.com\\\/salbufera-des-grau#article\",\"isPartOf\":{\"@id\":\"https:\\\/\\\/blog.mnkvillas.com\\\/salbufera-des-grau\"},\"author\":{\"name\":\"MNK Villas\",\"@id\":\"https:\\\/\\\/blog.mnkvillas.com\\\/#\\\/schema\\\/person\\\/5efebb89c1bdae18cb0ab6c4a34d438d\"},\"headline\":\"S&#8217;Albufera des Grau y el turismo de observaci\u00f3n.\",\"datePublished\":\"2018-11-23T10:30:56+00:00\",\"dateModified\":\"2018-11-23T14:41:52+00:00\",\"mainEntityOfPage\":{\"@id\":\"https:\\\/\\\/blog.mnkvillas.com\\\/salbufera-des-grau\"},\"wordCount\":558,\"image\":{\"@id\":\"https:\\\/\\\/blog.mnkvillas.com\\\/salbufera-des-grau#primaryimage\"},\"thumbnailUrl\":\"https:\\\/\\\/blog.mnkvillas.com\\\/wp-content\\\/uploads\\\/2018\\\/11\\\/Parque-Natural-de-SAlbufera-des-Grau-01.jpg\",\"keywords\":[\"fauna de Menorca\",\"S'Albufera des Grau de Menorca\",\"turismo de observaci\u00f3n\"],\"articleSection\":[\"Naturaleza en Menorca\",\"Turismo en Menorca\",\"Villas en Menorca\"],\"inLanguage\":\"es\"},{\"@type\":\"WebPage\",\"@id\":\"https:\\\/\\\/blog.mnkvillas.com\\\/salbufera-des-grau\",\"url\":\"https:\\\/\\\/blog.mnkvillas.com\\\/salbufera-des-grau\",\"name\":\"S'Albufera des Grau y el turismo de observaci\u00f3n. - El Blog de MNK Villas\",\"isPartOf\":{\"@id\":\"https:\\\/\\\/blog.mnkvillas.com\\\/#website\"},\"primaryImageOfPage\":{\"@id\":\"https:\\\/\\\/blog.mnkvillas.com\\\/salbufera-des-grau#primaryimage\"},\"image\":{\"@id\":\"https:\\\/\\\/blog.mnkvillas.com\\\/salbufera-des-grau#primaryimage\"},\"thumbnailUrl\":\"https:\\\/\\\/blog.mnkvillas.com\\\/wp-content\\\/uploads\\\/2018\\\/11\\\/Parque-Natural-de-SAlbufera-des-Grau-01.jpg\",\"datePublished\":\"2018-11-23T10:30:56+00:00\",\"dateModified\":\"2018-11-23T14:41:52+00:00\",\"author\":{\"@id\":\"https:\\\/\\\/blog.mnkvillas.com\\\/#\\\/schema\\\/person\\\/5efebb89c1bdae18cb0ab6c4a34d438d\"},\"description\":\"Si te gusta la naturaleza y hacer turismo de observaci\u00f3n, el parque natural de S'Albufera des Grau de Menorca, ofrece una gran riqueza medioambiental.\",\"breadcrumb\":{\"@id\":\"https:\\\/\\\/blog.mnkvillas.com\\\/salbufera-des-grau#breadcrumb\"},\"inLanguage\":\"es\",\"potentialAction\":[{\"@type\":\"ReadAction\",\"target\":[\"https:\\\/\\\/blog.mnkvillas.com\\\/salbufera-des-grau\"]}]},{\"@type\":\"ImageObject\",\"inLanguage\":\"es\",\"@id\":\"https:\\\/\\\/blog.mnkvillas.com\\\/salbufera-des-grau#primaryimage\",\"url\":\"https:\\\/\\\/blog.mnkvillas.com\\\/wp-content\\\/uploads\\\/2018\\\/11\\\/Parque-Natural-de-SAlbufera-des-Grau-01.jpg\",\"contentUrl\":\"https:\\\/\\\/blog.mnkvillas.com\\\/wp-content\\\/uploads\\\/2018\\\/11\\\/Parque-Natural-de-SAlbufera-des-Grau-01.jpg\",\"width\":840,\"height\":389,\"caption\":\"Imagen wikipedia: S'Albufera des Grau - Menorca\"},{\"@type\":\"BreadcrumbList\",\"@id\":\"https:\\\/\\\/blog.mnkvillas.com\\\/salbufera-des-grau#breadcrumb\",\"itemListElement\":[{\"@type\":\"ListItem\",\"position\":1,\"name\":\"Portada\",\"item\":\"https:\\\/\\\/blog.mnkvillas.com\\\/\"},{\"@type\":\"ListItem\",\"position\":2,\"name\":\"S&#8217;Albufera des Grau y el turismo de observaci\u00f3n.\"}]},{\"@type\":\"WebSite\",\"@id\":\"https:\\\/\\\/blog.mnkvillas.com\\\/#website\",\"url\":\"https:\\\/\\\/blog.mnkvillas.com\\\/\",\"name\":\"El Blog de MNK Villas\",\"description\":\"Gesti\u00f3n y comercializaci\u00f3n de casas y villas en Menorca\",\"potentialAction\":[{\"@type\":\"SearchAction\",\"target\":{\"@type\":\"EntryPoint\",\"urlTemplate\":\"https:\\\/\\\/blog.mnkvillas.com\\\/?s={search_term_string}\"},\"query-input\":{\"@type\":\"PropertyValueSpecification\",\"valueRequired\":true,\"valueName\":\"search_term_string\"}}],\"inLanguage\":\"es\"},{\"@type\":\"Person\",\"@id\":\"https:\\\/\\\/blog.mnkvillas.com\\\/#\\\/schema\\\/person\\\/5efebb89c1bdae18cb0ab6c4a34d438d\",\"name\":\"MNK Villas\",\"image\":{\"@type\":\"ImageObject\",\"inLanguage\":\"es\",\"@id\":\"https:\\\/\\\/secure.gravatar.com\\\/avatar\\\/32fd5f16b06bfc66336905f2701aff5bb0df631080894bd3d84147be1c1a1ac8?s=96&d=mm&r=g\",\"url\":\"https:\\\/\\\/secure.gravatar.com\\\/avatar\\\/32fd5f16b06bfc66336905f2701aff5bb0df631080894bd3d84147be1c1a1ac8?s=96&d=mm&r=g\",\"contentUrl\":\"https:\\\/\\\/secure.gravatar.com\\\/avatar\\\/32fd5f16b06bfc66336905f2701aff5bb0df631080894bd3d84147be1c1a1ac8?s=96&d=mm&r=g\",\"caption\":\"MNK Villas\"},\"url\":\"https:\\\/\\\/blog.mnkvillas.com\\\/author\\\/mnk-villas\"}]}<\/script>\n<!-- \/ Yoast SEO plugin. -->","yoast_head_json":{"title":"S'Albufera des Grau y el turismo de observaci\u00f3n. - El Blog de MNK Villas","description":"Si te gusta la naturaleza y hacer turismo de observaci\u00f3n, el parque natural de S'Albufera des Grau de Menorca, ofrece una gran riqueza medioambiental.","robots":{"index":"index","follow":"follow","max-snippet":"max-snippet:-1","max-image-preview":"max-image-preview:large","max-video-preview":"max-video-preview:-1"},"canonical":"https://www.mnkvillas.com/blog\/salbufera-des-grau","og_locale":"es_ES","og_type":"article","og_title":"S'Albufera des Grau y el turismo de observaci\u00f3n. - El Blog de MNK Villas","og_description":"Si te gusta la naturaleza y hacer turismo de observaci\u00f3n, el parque natural de S'Albufera des Grau de Menorca, ofrece una gran riqueza medioambiental.","og_url":"https://www.mnkvillas.com/blog\/salbufera-des-grau","og_site_name":"El Blog de MNK Villas","article_published_time":"2018-11-23T10:30:56+00:00","article_modified_time":"2018-11-23T14:41:52+00:00","og_image":[{"width":840,"height":389,"url":"https://www.mnkvillas.com/blog\/wp-content\/uploads\/2018\/11\/Parque-Natural-de-SAlbufera-des-Grau-01.jpg","type":"image\/jpeg"}],"author":"MNK Villas","twitter_card":"summary_large_image","twitter_misc":{"Escrito por":"MNK Villas","Tiempo de lectura":"3 minutos"},"schema":{"@context":"https:\/\/schema.org","@graph":[{"@type":"Article","@id":"https://www.mnkvillas.com/blog\/salbufera-des-grau#article","isPartOf":{"@id":"https://www.mnkvillas.com/blog\/salbufera-des-grau"},"author":{"name":"MNK Villas","@id":"https://www.mnkvillas.com/blog\/#\/schema\/person\/5efebb89c1bdae18cb0ab6c4a34d438d"},"headline":"S&#8217;Albufera des Grau y el turismo de observaci\u00f3n.","datePublished":"2018-11-23T10:30:56+00:00","dateModified":"2018-11-23T14:41:52+00:00","mainEntityOfPage":{"@id":"https://www.mnkvillas.com/blog\/salbufera-des-grau"},"wordCount":558,"image":{"@id":"https://www.mnkvillas.com/blog\/salbufera-des-grau#primaryimage"},"thumbnailUrl":"https://www.mnkvillas.com/blog\/wp-content\/uploads\/2018\/11\/Parque-Natural-de-SAlbufera-des-Grau-01.jpg","keywords":["fauna de Menorca","S'Albufera des Grau de Menorca","turismo de observaci\u00f3n"],"articleSection":["Naturaleza en Menorca","Turismo en Menorca","Villas en Menorca"],"inLanguage":"es"},{"@type":"WebPage","@id":"https://www.mnkvillas.com/blog\/salbufera-des-grau","url":"https://www.mnkvillas.com/blog\/salbufera-des-grau","name":"S'Albufera des Grau y el turismo de observaci\u00f3n. - El Blog de MNK Villas","isPartOf":{"@id":"https://www.mnkvillas.com/blog\/#website"},"primaryImageOfPage":{"@id":"https://www.mnkvillas.com/blog\/salbufera-des-grau#primaryimage"},"image":{"@id":"https://www.mnkvillas.com/blog\/salbufera-des-grau#primaryimage"},"thumbnailUrl":"https://www.mnkvillas.com/blog\/wp-content\/uploads\/2018\/11\/Parque-Natural-de-SAlbufera-des-Grau-01.jpg","datePublished":"2018-11-23T10:30:56+00:00","dateModified":"2018-11-23T14:41:52+00:00","author":{"@id":"https://www.mnkvillas.com/blog\/#\/schema\/person\/5efebb89c1bdae18cb0ab6c4a34d438d"},"description":"Si te gusta la naturaleza y hacer turismo de observaci\u00f3n, el parque natural de S'Albufera des Grau de Menorca, ofrece una gran riqueza medioambiental.","breadcrumb":{"@id":"https://www.mnkvillas.com/blog\/salbufera-des-grau#breadcrumb"},"inLanguage":"es","potentialAction":[{"@type":"ReadAction","target":["https://www.mnkvillas.com/blog\/salbufera-des-grau"]}]},{"@type":"ImageObject","inLanguage":"es","@id":"https://www.mnkvillas.com/blog\/salbufera-des-grau#primaryimage","url":"https://www.mnkvillas.com/blog\/wp-content\/uploads\/2018\/11\/Parque-Natural-de-SAlbufera-des-Grau-01.jpg","contentUrl":"https://www.mnkvillas.com/blog\/wp-content\/uploads\/2018\/11\/Parque-Natural-de-SAlbufera-des-Grau-01.jpg","width":840,"height":389,"caption":"Imagen wikipedia: S'Albufera des Grau - Menorca"},{"@type":"BreadcrumbList","@id":"https://www.mnkvillas.com/blog\/salbufera-des-grau#breadcrumb","itemListElement":[{"@type":"ListItem","position":1,"name":"Portada","item":"https://www.mnkvillas.com/blog\/"},{"@type":"ListItem","position":2,"name":"S&#8217;Albufera des Grau y el turismo de observaci\u00f3n."}]},{"@type":"WebSite","@id":"https://www.mnkvillas.com/blog\/#website","url":"https://www.mnkvillas.com/blog\/","name":"El Blog de MNK Villas","description":"Gesti\u00f3n y comercializaci\u00f3n de casas y villas en Menorca","potentialAction":[{"@type":"SearchAction","target":{"@type":"EntryPoint","urlTemplate":"https://www.mnkvillas.com/blog\/?s={search_term_string}"},"query-input":{"@type":"PropertyValueSpecification","valueRequired":true,"valueName":"search_term_string"}}],"inLanguage":"es"},{"@type":"Person","@id":"https://www.mnkvillas.com/blog\/#\/schema\/person\/5efebb89c1bdae18cb0ab6c4a34d438d","name":"MNK Villas","image":{"@type":"ImageObject","inLanguage":"es","@id":"https:\/\/secure.gravatar.com\/avatar\/32fd5f16b06bfc66336905f2701aff5bb0df631080894bd3d84147be1c1a1ac8?s=96&d=mm&r=g","url":"https:\/\/secure.gravatar.com\/avatar\/32fd5f16b06bfc66336905f2701aff5bb0df631080894bd3d84147be1c1a1ac8?s=96&d=mm&r=g","contentUrl":"https:\/\/secure.gravatar.com\/avatar\/32fd5f16b06bfc66336905f2701aff5bb0df631080894bd3d84147be1c1a1ac8?s=96&d=mm&r=g","caption":"MNK Villas"},"url":"https://www.mnkvillas.com/blog\/author\/mnk-villas"}]}},"_links":{"self":[{"href":"https://www.mnkvillas.com/blog\/wp-json\/wp\/v2\/posts\/3711","targetHints":{"allow":["GET"]}}],"collection":[{"href":"https://www.mnkvillas.com/blog\/wp-json\/wp\/v2\/posts"}],"about":[{"href":"https://www.mnkvillas.com/blog\/wp-json\/wp\/v2\/types\/post"}],"author":[{"embeddable":true,"href":"https://www.mnkvillas.com/blog\/wp-json\/wp\/v2\/users\/2"}],"replies":[{"embeddable":true,"href":"https://www.mnkvillas.com/blog\/wp-json\/wp\/v2\/comments?post=3711"}],"version-history":[{"count":11,"href":"https://www.mnkvillas.com/blog\/wp-json\/wp\/v2\/posts\/3711\/revisions"}],"predecessor-version":[{"id":3723,"href":"https://www.mnkvillas.com/blog\/wp-json\/wp\/v2\/posts\/3711\/revisions\/3723"}],"wp:featuredmedia":[{"embeddable":true,"href":"https://www.mnkvillas.com/blog\/wp-json\/wp\/v2\/media\/3716"}],"wp:attachment":[{"href":"https://www.mnkvillas.com/blog\/wp-json\/wp\/v2\/media?parent=3711"}],"wp:term":[{"taxonomy":"category","embeddable":true,"href":"https://www.mnkvillas.com/blog\/wp-json\/wp\/v2\/categories?post=3711"},{"taxonomy":"post_tag","embeddable":true,"href":"https://www.mnkvillas.com/blog\/wp-json\/wp\/v2\/tags?post=3711"}],"curies":[{"name":"wp","href":"https:\/\/api.w.org\/{rel}","templated":true}]}}