{"id":3578,"date":"2018-09-25T14:56:51","date_gmt":"2018-09-25T14:56:51","guid":{"rendered":"https://www.mnkvillas.com/blog\/?p=3578"},"modified":"2018-09-25T15:44:15","modified_gmt":"2018-09-25T15:44:15","slug":"el-museo-de-menorca-y-su-patrimonio","status":"publish","type":"post","link":"https://www.mnkvillas.com/blog\/el-museo-de-menorca-y-su-patrimonio","title":{"rendered":"El museo de Menorca y su patrimonio"},"content":{"rendered":"<p>El Museo de Menorca, es una de las instituciones p\u00fablicas m\u00e1s importantes de la isla.\u00a0 Est\u00e1 ubicado en la ciudad de Mah\u00f3n, y se dedica a la investigaci\u00f3n y difusi\u00f3n, dentro del \u00e1mbito de la prehistoria y del pasado hist\u00f3rico de Menorca, a trav\u00e9s de sus vestigios materiales.<\/p>\n<p>&nbsp;<\/p>\n<div id=\"attachment_3579\" style=\"width: 850px\" class=\"wp-caption aligncenter\"><img loading=\"lazy\" decoding=\"async\" aria-describedby=\"caption-attachment-3579\" class=\"wp-image-3579 size-full\" title=\"El Museo de Menorca\" src=\"https://www.mnkvillas.com/blog\/wp-content\/uploads\/2018\/09\/Museo-en-menorca-wikipedia.jpg\" alt=\"El Museo de Menorca\" width=\"840\" height=\"389\" srcset=\"https://www.mnkvillas.com/blog\/wp-content\/uploads\/2018\/09\/Museo-en-menorca-wikipedia.jpg 840w, https://www.mnkvillas.com/blog\/wp-content\/uploads\/2018\/09\/Museo-en-menorca-wikipedia-300x139.jpg 300w, https://www.mnkvillas.com/blog\/wp-content\/uploads\/2018\/09\/Museo-en-menorca-wikipedia-768x356.jpg 768w\" sizes=\"auto, (max-width: 840px) 100vw, 840px\" \/><p id=\"caption-attachment-3579\" class=\"wp-caption-text\">Claustro del Museo de Menorca &#8211; Imagen wikipedia<\/p><\/div>\n<h2><\/h2>\n<h2>1.- El museo de Menorca y sus or\u00edgenes.<\/h2>\n<p>&nbsp;<\/p>\n<p>El antiguo convento franciscano de Jes\u00fas, fue fundado en 1.459, y estaba contiguo a la iglesia de San Francisco.<\/p>\n<p>Sus or\u00edgenes datan del siglo XV, pero de esta \u00e9poca no quedan vestigios arquitect\u00f3nicos, ya que en 1.535, fue destrozado como consecuencia de un ataque turco a la ciudad.<\/p>\n<p>El edificio actual fue construido entre los siglos XVII y XVII, y reformado a comienzos del siglo XIX, gracias al dinero acumulado en el convento por la llegada de un religioso que proced\u00eda de Filipinas.\u00a0 Debido a estas mejoras se modifica la parte oriental del edificio, terminando la fachada, se construye el p\u00f3rtico de entrada, se ampl\u00edan las celdas del ala oriental, y se reestructura el ala de poniente.<\/p>\n<p>En 1835 con la desamortizaci\u00f3n eclesi\u00e1stica de Juan \u00c1lvarez Mendiz\u00e1bal, los franciscanos tuvieron que dejar el inmueble, pasando a disposici\u00f3n municipal. Antes de convertirse en la sede del Museo de Menorca; estuvo ocupado por otras instituciones con fines educativos y culturales como; Casa de la Misericordia, Escuela N\u00e1utica, Biblioteca P\u00fablica e Instituto de Bachillerato.\u00a0 Actualmente es la sede del Museo de Menorca .<\/p>\n<p>&nbsp;<\/p>\n<h2>2- Explorando los espacios y la arquitectura del edificio.<\/h2>\n<p>&nbsp;<\/p>\n<p>En las plantas superiores del monasterio se situaban las celdas de los frailes, mientras que en la planta baja se ubicaban; la porter\u00eda, sala capitular, cocina, despensa, bodega, el refectorio, y las escuelas de gram\u00e1tica y filosof\u00eda.<\/p>\n<p>El edificio cuenta con tres pisos que rodean el claustro barroco de planta cuadrada, con arcos de cuerpo bajo, y una ala que sobresale en el \u00e1rea meridional, rompiendo la uniformidad de la planta del edificio.<\/p>\n<p>Es un edificio decorado con sobriedad, como era habitual en las \u00f3rdenes franciscanas.\u00a0 Se combin\u00f3 la arquitectura cl\u00e1sica con elementos del barroco. Y se distribuy\u00f3 en 4 niveles y 5 aperturas en cada una de sus alas inferiores. Los corredores de la planta baja se abren al patio central;\u00a0 con arcos de medio punto, y capiteles decorados con palmetas y lazos.\u00a0 En los tramos de cada ala,se ubican unos sistemas de separaci\u00f3n compuestos por pilastras poli\u00e9dricas de seis caras desiguales, con capiteles j\u00f3nicos muy estilizados.<\/p>\n<p>&nbsp;<\/p>\n<h2>3.- El museo de Menorca y sus vestigios.<\/h2>\n<p>&nbsp;<\/p>\n<p>El Museo de Menorca es el centro de referencia en la difusi\u00f3n del patrimonio y del paisaje cultural de Menorca.\u00a0 Tambi\u00e9n ha impulsado una importante tarea de investigaci\u00f3n, centrada sobre todo en la prehistoria de la isla.<\/p>\n<p>Est\u00e1 formado por piezas provenientes de las colecciones del anterior museo y de excavaciones arqueol\u00f3gicas realizadas durante los \u00faltimos a\u00f1os.\u00a0 Y tambi\u00e9n con dep\u00f3sitos y donaciones de particulares o de entidades. A lo largo del a\u00f1o, ofrece exposiciones temporales en su planta baja.<\/p>\n<p>&nbsp;<\/p>\n<h2>4.- Horarios y visitas guiadas al Museo:<\/h2>\n<p>&nbsp;<\/p>\n<ul>\n<li><span style=\"text-decoration: underline;\"><strong>\u200b<\/strong><\/span>De martes a s\u00e1bado de 10 a 14 horas y de 18 a 20 horas.<\/li>\n<li>Domingo y festivos de 10 a 14 horas.<\/li>\n<li>Lunes cerrado.<\/li>\n<li><a href=\"https:\/\/www.museudemenorca.com\/es\/visitanos\/horarios-y-tarifas\" target=\"_blank\" rel=\"noopener\"><strong>ENTRADA GRATUITA<\/strong><\/a><\/li>\n<li>Cerrado: 7 y 8 de septiembre, 25 de diciembre\u00a0y 1, 6 y 17 de enero.<\/li>\n<\/ul>\n<p>&nbsp;<\/p>\n<p>El Museo de Menorca tambi\u00e9n te ofrece la posibilidad de realizar visitas guiadas.\u00a0 Es importante que las reserves con 15 d\u00edas de antelaci\u00f3n, para que puedan prepararlas seg\u00fan tus preferencias.<\/p>\n<p>Estas visitas incluyen las salas de exposiciones temporales y el yacimiento prehist\u00f3rico de Cornia Nou, poblado prehist\u00f3rico incluido en la candidatura de Menorca Talay\u00f3tica a la lista de Patrimonio Mundial de la UNESCO.<\/p>\n<p>&nbsp;<\/p>\n<h3><\/h3>\n<h4 style=\"text-align: center;\"><strong>\u00bfQue te parece una inmersi\u00f3n al pasado hist\u00f3rico de Menorca?\u00a0 \u00a1A qu\u00e9 esperas para experimentarlo!<\/strong><\/h4>\n<p>&nbsp;<\/p>\n<p>&nbsp;<\/p>\n<h2>Alojamiento en Mah\u00f3n.<\/h2>\n<p>&nbsp;<\/p>\n<p>Y si todav\u00eda no has reservado tu viaje, <a href=\"https:\/\/www.mnkvillas.com\/\" target=\"_blank\" rel=\"noopener\"><strong>MNK Villas<\/strong><\/a> te ofrece una amplia selecci\u00f3n de alojamientos con encanto; tanto en <strong>Mah\u00f3n<\/strong> como en otras zonas de la isla, para que puedas disfrutar de tu estancia en Menorca.<\/p>\n","protected":false},"excerpt":{"rendered":"<p>El Museo de Menorca, es una de las instituciones p\u00fablicas m\u00e1s importantes de la isla.\u00a0 Est\u00e1 ubicado en la ciudad de Mah\u00f3n, y se dedica a la investigaci\u00f3n y difusi\u00f3n, dentro del \u00e1mbito de la prehistoria y del pasado hist\u00f3rico de Menorca, a trav\u00e9s de sus vestigios materiales. &nbsp; 1.- El museo de Menorca y &#8230; <a href=\"https://www.mnkvillas.com/blog\/el-museo-de-menorca-y-su-patrimonio\">Continuar<\/a><\/p>\n","protected":false},"author":2,"featured_media":3579,"comment_status":"closed","ping_status":"open","sticky":false,"template":"","format":"standard","meta":{"footnotes":""},"categories":[9,11],"tags":[207,206],"class_list":["post-3578","post","type-post","status-publish","format-standard","has-post-thumbnail","hentry","category-turismo-en-menorca","category-vacaciones-en-menorca","tag-el-museo-de-menorca","tag-museo-de-menorca"],"yoast_head":"<!-- This site is optimized with the Yoast SEO plugin v27.5 - https:\/\/yoast.com\/product\/yoast-seo-wordpress\/ -->\n<title>El museo de Menorca y su patrimonio - El Blog de MNK Villas<\/title>\n<meta name=\"description\" content=\"El Museo de Menorca est\u00e1 ubicado en la localidad de Mah\u00f3n, y es el centro de referencia en la difusi\u00f3n del patrimonio, y del paisaje cultural de Menorca.\" \/>\n<meta name=\"robots\" content=\"index, follow, max-snippet:-1, max-image-preview:large, max-video-preview:-1\" \/>\n<link rel=\"canonical\" href=\"https://www.mnkvillas.com/blog\/el-museo-de-menorca-y-su-patrimonio\" \/>\n<meta property=\"og:locale\" content=\"es_ES\" \/>\n<meta property=\"og:type\" content=\"article\" \/>\n<meta property=\"og:title\" content=\"El museo de Menorca y su patrimonio - El Blog de MNK Villas\" \/>\n<meta property=\"og:description\" content=\"El Museo de Menorca est\u00e1 ubicado en la localidad de Mah\u00f3n, y es el centro de referencia en la difusi\u00f3n del patrimonio, y del paisaje cultural de Menorca.\" \/>\n<meta property=\"og:url\" content=\"https://www.mnkvillas.com/blog\/el-museo-de-menorca-y-su-patrimonio\" \/>\n<meta property=\"og:site_name\" content=\"El Blog de MNK Villas\" \/>\n<meta property=\"article:published_time\" content=\"2018-09-25T14:56:51+00:00\" \/>\n<meta property=\"article:modified_time\" content=\"2018-09-25T15:44:15+00:00\" \/>\n<meta property=\"og:image\" content=\"https://www.mnkvillas.com/blog\/wp-content\/uploads\/2018\/09\/Museo-en-menorca-wikipedia.jpg\" \/>\n\t<meta property=\"og:image:width\" content=\"840\" \/>\n\t<meta property=\"og:image:height\" content=\"389\" \/>\n\t<meta property=\"og:image:type\" content=\"image\/jpeg\" \/>\n<meta name=\"author\" content=\"MNK Villas\" \/>\n<meta name=\"twitter:card\" content=\"summary_large_image\" \/>\n<meta name=\"twitter:label1\" content=\"Escrito por\" \/>\n\t<meta name=\"twitter:data1\" content=\"MNK Villas\" \/>\n\t<meta name=\"twitter:label2\" content=\"Tiempo de lectura\" \/>\n\t<meta name=\"twitter:data2\" content=\"4 minutos\" \/>\n<script type=\"application\/ld+json\" class=\"yoast-schema-graph\">{\"@context\":\"https:\\\/\\\/schema.org\",\"@graph\":[{\"@type\":\"Article\",\"@id\":\"https:\\\/\\\/blog.mnkvillas.com\\\/el-museo-de-menorca-y-su-patrimonio#article\",\"isPartOf\":{\"@id\":\"https:\\\/\\\/blog.mnkvillas.com\\\/el-museo-de-menorca-y-su-patrimonio\"},\"author\":{\"name\":\"MNK Villas\",\"@id\":\"https:\\\/\\\/blog.mnkvillas.com\\\/#\\\/schema\\\/person\\\/5efebb89c1bdae18cb0ab6c4a34d438d\"},\"headline\":\"El museo de Menorca y su patrimonio\",\"datePublished\":\"2018-09-25T14:56:51+00:00\",\"dateModified\":\"2018-09-25T15:44:15+00:00\",\"mainEntityOfPage\":{\"@id\":\"https:\\\/\\\/blog.mnkvillas.com\\\/el-museo-de-menorca-y-su-patrimonio\"},\"wordCount\":726,\"image\":{\"@id\":\"https:\\\/\\\/blog.mnkvillas.com\\\/el-museo-de-menorca-y-su-patrimonio#primaryimage\"},\"thumbnailUrl\":\"https:\\\/\\\/blog.mnkvillas.com\\\/wp-content\\\/uploads\\\/2018\\\/09\\\/Museo-en-menorca-wikipedia.jpg\",\"keywords\":[\"El Museo de Menorca\",\"Museo de Menorca\"],\"articleSection\":[\"Turismo en Menorca\",\"Vacaciones en Menorca\"],\"inLanguage\":\"es\"},{\"@type\":\"WebPage\",\"@id\":\"https:\\\/\\\/blog.mnkvillas.com\\\/el-museo-de-menorca-y-su-patrimonio\",\"url\":\"https:\\\/\\\/blog.mnkvillas.com\\\/el-museo-de-menorca-y-su-patrimonio\",\"name\":\"El museo de Menorca y su patrimonio - El Blog de MNK Villas\",\"isPartOf\":{\"@id\":\"https:\\\/\\\/blog.mnkvillas.com\\\/#website\"},\"primaryImageOfPage\":{\"@id\":\"https:\\\/\\\/blog.mnkvillas.com\\\/el-museo-de-menorca-y-su-patrimonio#primaryimage\"},\"image\":{\"@id\":\"https:\\\/\\\/blog.mnkvillas.com\\\/el-museo-de-menorca-y-su-patrimonio#primaryimage\"},\"thumbnailUrl\":\"https:\\\/\\\/blog.mnkvillas.com\\\/wp-content\\\/uploads\\\/2018\\\/09\\\/Museo-en-menorca-wikipedia.jpg\",\"datePublished\":\"2018-09-25T14:56:51+00:00\",\"dateModified\":\"2018-09-25T15:44:15+00:00\",\"author\":{\"@id\":\"https:\\\/\\\/blog.mnkvillas.com\\\/#\\\/schema\\\/person\\\/5efebb89c1bdae18cb0ab6c4a34d438d\"},\"description\":\"El Museo de Menorca est\u00e1 ubicado en la localidad de Mah\u00f3n, y es el centro de referencia en la difusi\u00f3n del patrimonio, y del paisaje cultural de Menorca.\",\"breadcrumb\":{\"@id\":\"https:\\\/\\\/blog.mnkvillas.com\\\/el-museo-de-menorca-y-su-patrimonio#breadcrumb\"},\"inLanguage\":\"es\",\"potentialAction\":[{\"@type\":\"ReadAction\",\"target\":[\"https:\\\/\\\/blog.mnkvillas.com\\\/el-museo-de-menorca-y-su-patrimonio\"]}]},{\"@type\":\"ImageObject\",\"inLanguage\":\"es\",\"@id\":\"https:\\\/\\\/blog.mnkvillas.com\\\/el-museo-de-menorca-y-su-patrimonio#primaryimage\",\"url\":\"https:\\\/\\\/blog.mnkvillas.com\\\/wp-content\\\/uploads\\\/2018\\\/09\\\/Museo-en-menorca-wikipedia.jpg\",\"contentUrl\":\"https:\\\/\\\/blog.mnkvillas.com\\\/wp-content\\\/uploads\\\/2018\\\/09\\\/Museo-en-menorca-wikipedia.jpg\",\"width\":840,\"height\":389,\"caption\":\"El Museo de Menorca\"},{\"@type\":\"BreadcrumbList\",\"@id\":\"https:\\\/\\\/blog.mnkvillas.com\\\/el-museo-de-menorca-y-su-patrimonio#breadcrumb\",\"itemListElement\":[{\"@type\":\"ListItem\",\"position\":1,\"name\":\"Portada\",\"item\":\"https:\\\/\\\/blog.mnkvillas.com\\\/\"},{\"@type\":\"ListItem\",\"position\":2,\"name\":\"El museo de Menorca y su patrimonio\"}]},{\"@type\":\"WebSite\",\"@id\":\"https:\\\/\\\/blog.mnkvillas.com\\\/#website\",\"url\":\"https:\\\/\\\/blog.mnkvillas.com\\\/\",\"name\":\"El Blog de MNK Villas\",\"description\":\"Gesti\u00f3n y comercializaci\u00f3n de casas y villas en Menorca\",\"potentialAction\":[{\"@type\":\"SearchAction\",\"target\":{\"@type\":\"EntryPoint\",\"urlTemplate\":\"https:\\\/\\\/blog.mnkvillas.com\\\/?s={search_term_string}\"},\"query-input\":{\"@type\":\"PropertyValueSpecification\",\"valueRequired\":true,\"valueName\":\"search_term_string\"}}],\"inLanguage\":\"es\"},{\"@type\":\"Person\",\"@id\":\"https:\\\/\\\/blog.mnkvillas.com\\\/#\\\/schema\\\/person\\\/5efebb89c1bdae18cb0ab6c4a34d438d\",\"name\":\"MNK Villas\",\"image\":{\"@type\":\"ImageObject\",\"inLanguage\":\"es\",\"@id\":\"https:\\\/\\\/secure.gravatar.com\\\/avatar\\\/32fd5f16b06bfc66336905f2701aff5bb0df631080894bd3d84147be1c1a1ac8?s=96&d=mm&r=g\",\"url\":\"https:\\\/\\\/secure.gravatar.com\\\/avatar\\\/32fd5f16b06bfc66336905f2701aff5bb0df631080894bd3d84147be1c1a1ac8?s=96&d=mm&r=g\",\"contentUrl\":\"https:\\\/\\\/secure.gravatar.com\\\/avatar\\\/32fd5f16b06bfc66336905f2701aff5bb0df631080894bd3d84147be1c1a1ac8?s=96&d=mm&r=g\",\"caption\":\"MNK Villas\"},\"url\":\"https:\\\/\\\/blog.mnkvillas.com\\\/author\\\/mnk-villas\"}]}<\/script>\n<!-- \/ Yoast SEO plugin. -->","yoast_head_json":{"title":"El museo de Menorca y su patrimonio - El Blog de MNK Villas","description":"El Museo de Menorca est\u00e1 ubicado en la localidad de Mah\u00f3n, y es el centro de referencia en la difusi\u00f3n del patrimonio, y del paisaje cultural de Menorca.","robots":{"index":"index","follow":"follow","max-snippet":"max-snippet:-1","max-image-preview":"max-image-preview:large","max-video-preview":"max-video-preview:-1"},"canonical":"https://www.mnkvillas.com/blog\/el-museo-de-menorca-y-su-patrimonio","og_locale":"es_ES","og_type":"article","og_title":"El museo de Menorca y su patrimonio - El Blog de MNK Villas","og_description":"El Museo de Menorca est\u00e1 ubicado en la localidad de Mah\u00f3n, y es el centro de referencia en la difusi\u00f3n del patrimonio, y del paisaje cultural de Menorca.","og_url":"https://www.mnkvillas.com/blog\/el-museo-de-menorca-y-su-patrimonio","og_site_name":"El Blog de MNK Villas","article_published_time":"2018-09-25T14:56:51+00:00","article_modified_time":"2018-09-25T15:44:15+00:00","og_image":[{"width":840,"height":389,"url":"https://www.mnkvillas.com/blog\/wp-content\/uploads\/2018\/09\/Museo-en-menorca-wikipedia.jpg","type":"image\/jpeg"}],"author":"MNK Villas","twitter_card":"summary_large_image","twitter_misc":{"Escrito por":"MNK Villas","Tiempo de lectura":"4 minutos"},"schema":{"@context":"https:\/\/schema.org","@graph":[{"@type":"Article","@id":"https://www.mnkvillas.com/blog\/el-museo-de-menorca-y-su-patrimonio#article","isPartOf":{"@id":"https://www.mnkvillas.com/blog\/el-museo-de-menorca-y-su-patrimonio"},"author":{"name":"MNK Villas","@id":"https://www.mnkvillas.com/blog\/#\/schema\/person\/5efebb89c1bdae18cb0ab6c4a34d438d"},"headline":"El museo de Menorca y su patrimonio","datePublished":"2018-09-25T14:56:51+00:00","dateModified":"2018-09-25T15:44:15+00:00","mainEntityOfPage":{"@id":"https://www.mnkvillas.com/blog\/el-museo-de-menorca-y-su-patrimonio"},"wordCount":726,"image":{"@id":"https://www.mnkvillas.com/blog\/el-museo-de-menorca-y-su-patrimonio#primaryimage"},"thumbnailUrl":"https://www.mnkvillas.com/blog\/wp-content\/uploads\/2018\/09\/Museo-en-menorca-wikipedia.jpg","keywords":["El Museo de Menorca","Museo de Menorca"],"articleSection":["Turismo en Menorca","Vacaciones en Menorca"],"inLanguage":"es"},{"@type":"WebPage","@id":"https://www.mnkvillas.com/blog\/el-museo-de-menorca-y-su-patrimonio","url":"https://www.mnkvillas.com/blog\/el-museo-de-menorca-y-su-patrimonio","name":"El museo de Menorca y su patrimonio - El Blog de MNK Villas","isPartOf":{"@id":"https://www.mnkvillas.com/blog\/#website"},"primaryImageOfPage":{"@id":"https://www.mnkvillas.com/blog\/el-museo-de-menorca-y-su-patrimonio#primaryimage"},"image":{"@id":"https://www.mnkvillas.com/blog\/el-museo-de-menorca-y-su-patrimonio#primaryimage"},"thumbnailUrl":"https://www.mnkvillas.com/blog\/wp-content\/uploads\/2018\/09\/Museo-en-menorca-wikipedia.jpg","datePublished":"2018-09-25T14:56:51+00:00","dateModified":"2018-09-25T15:44:15+00:00","author":{"@id":"https://www.mnkvillas.com/blog\/#\/schema\/person\/5efebb89c1bdae18cb0ab6c4a34d438d"},"description":"El Museo de Menorca est\u00e1 ubicado en la localidad de Mah\u00f3n, y es el centro de referencia en la difusi\u00f3n del patrimonio, y del paisaje cultural de Menorca.","breadcrumb":{"@id":"https://www.mnkvillas.com/blog\/el-museo-de-menorca-y-su-patrimonio#breadcrumb"},"inLanguage":"es","potentialAction":[{"@type":"ReadAction","target":["https://www.mnkvillas.com/blog\/el-museo-de-menorca-y-su-patrimonio"]}]},{"@type":"ImageObject","inLanguage":"es","@id":"https://www.mnkvillas.com/blog\/el-museo-de-menorca-y-su-patrimonio#primaryimage","url":"https://www.mnkvillas.com/blog\/wp-content\/uploads\/2018\/09\/Museo-en-menorca-wikipedia.jpg","contentUrl":"https://www.mnkvillas.com/blog\/wp-content\/uploads\/2018\/09\/Museo-en-menorca-wikipedia.jpg","width":840,"height":389,"caption":"El Museo de Menorca"},{"@type":"BreadcrumbList","@id":"https://www.mnkvillas.com/blog\/el-museo-de-menorca-y-su-patrimonio#breadcrumb","itemListElement":[{"@type":"ListItem","position":1,"name":"Portada","item":"https://www.mnkvillas.com/blog\/"},{"@type":"ListItem","position":2,"name":"El museo de Menorca y su patrimonio"}]},{"@type":"WebSite","@id":"https://www.mnkvillas.com/blog\/#website","url":"https://www.mnkvillas.com/blog\/","name":"El Blog de MNK Villas","description":"Gesti\u00f3n y comercializaci\u00f3n de casas y villas en Menorca","potentialAction":[{"@type":"SearchAction","target":{"@type":"EntryPoint","urlTemplate":"https://www.mnkvillas.com/blog\/?s={search_term_string}"},"query-input":{"@type":"PropertyValueSpecification","valueRequired":true,"valueName":"search_term_string"}}],"inLanguage":"es"},{"@type":"Person","@id":"https://www.mnkvillas.com/blog\/#\/schema\/person\/5efebb89c1bdae18cb0ab6c4a34d438d","name":"MNK Villas","image":{"@type":"ImageObject","inLanguage":"es","@id":"https:\/\/secure.gravatar.com\/avatar\/32fd5f16b06bfc66336905f2701aff5bb0df631080894bd3d84147be1c1a1ac8?s=96&d=mm&r=g","url":"https:\/\/secure.gravatar.com\/avatar\/32fd5f16b06bfc66336905f2701aff5bb0df631080894bd3d84147be1c1a1ac8?s=96&d=mm&r=g","contentUrl":"https:\/\/secure.gravatar.com\/avatar\/32fd5f16b06bfc66336905f2701aff5bb0df631080894bd3d84147be1c1a1ac8?s=96&d=mm&r=g","caption":"MNK Villas"},"url":"https://www.mnkvillas.com/blog\/author\/mnk-villas"}]}},"_links":{"self":[{"href":"https://www.mnkvillas.com/blog\/wp-json\/wp\/v2\/posts\/3578","targetHints":{"allow":["GET"]}}],"collection":[{"href":"https://www.mnkvillas.com/blog\/wp-json\/wp\/v2\/posts"}],"about":[{"href":"https://www.mnkvillas.com/blog\/wp-json\/wp\/v2\/types\/post"}],"author":[{"embeddable":true,"href":"https://www.mnkvillas.com/blog\/wp-json\/wp\/v2\/users\/2"}],"replies":[{"embeddable":true,"href":"https://www.mnkvillas.com/blog\/wp-json\/wp\/v2\/comments?post=3578"}],"version-history":[{"count":11,"href":"https://www.mnkvillas.com/blog\/wp-json\/wp\/v2\/posts\/3578\/revisions"}],"predecessor-version":[{"id":3590,"href":"https://www.mnkvillas.com/blog\/wp-json\/wp\/v2\/posts\/3578\/revisions\/3590"}],"wp:featuredmedia":[{"embeddable":true,"href":"https://www.mnkvillas.com/blog\/wp-json\/wp\/v2\/media\/3579"}],"wp:attachment":[{"href":"https://www.mnkvillas.com/blog\/wp-json\/wp\/v2\/media?parent=3578"}],"wp:term":[{"taxonomy":"category","embeddable":true,"href":"https://www.mnkvillas.com/blog\/wp-json\/wp\/v2\/categories?post=3578"},{"taxonomy":"post_tag","embeddable":true,"href":"https://www.mnkvillas.com/blog\/wp-json\/wp\/v2\/tags?post=3578"}],"curies":[{"name":"wp","href":"https:\/\/api.w.org\/{rel}","templated":true}]}}