{"id":2987,"date":"2018-03-28T14:03:04","date_gmt":"2018-03-28T14:03:04","guid":{"rendered":"https://www.mnkvillas.com/blog\/?p=2987"},"modified":"2018-04-02T14:13:15","modified_gmt":"2018-04-02T14:13:15","slug":"menorca-en-primavera","status":"publish","type":"post","link":"https://www.mnkvillas.com/blog\/menorca-en-primavera","title":{"rendered":"Menorca en primavera: 3 apartamentos donde alojarte"},"content":{"rendered":"<p><span style=\"font-weight: 400;\"><strong>Menorca en primavera luce diferente<\/strong>. De hecho, esta es una de las mejores estaciones del a\u00f1o para viajar a Menorca y disfrutar de todo su esplendor.<\/span><\/p>\n<p>&nbsp;<\/p>\n<p><a href=\"http:\/\/www.mnkvillas.com\/menorca-en-primavera\" target=\"_blank\" rel=\"noopener\"><img loading=\"lazy\" decoding=\"async\" class=\"aligncenter wp-image-2988 size-full\" title=\"Menorca en primavera\" src=\"https://www.mnkvillas.com/blog\/wp-content\/uploads\/2018\/04\/Menorca-en-primavera.jpg\" alt=\"Menorca en primavera\" width=\"840\" height=\"389\" srcset=\"https://www.mnkvillas.com/blog\/wp-content\/uploads\/2018\/04\/Menorca-en-primavera.jpg 840w, https://www.mnkvillas.com/blog\/wp-content\/uploads\/2018\/04\/Menorca-en-primavera-300x139.jpg 300w, https://www.mnkvillas.com/blog\/wp-content\/uploads\/2018\/04\/Menorca-en-primavera-768x356.jpg 768w\" sizes=\"auto, (max-width: 840px) 100vw, 840px\" \/><\/a><\/p>\n<p>&nbsp;<\/p>\n<p><span style=\"font-weight: 400;\">Esta isla est\u00e1 <strong>llena de encantos<\/strong>, encantos que se resaltan todav\u00eda m\u00e1s en esta \u00e9poca. Precisamente por ello, los amantes de la fotograf\u00eda y la naturaleza tienen una cita obligatoria en Menorca en primavera, pues es, cuando menos, una opci\u00f3n ideal. <\/span><\/p>\n<p>&nbsp;<\/p>\n<p><span style=\"font-weight: 400;\">Hacer una ruta por el <a href=\"https:\/\/www.mnkvillas.com\/blog\/cami-de-cavalls-menorca\" target=\"_blank\" rel=\"noopener\">Cam\u00ed de Cavalls<\/a> te permitir\u00e1 disfrutar de paisajes \u00fanicos que, desde luego, podr\u00e1s retratar. <\/span><\/p>\n<p>&nbsp;<\/p>\n<p><span style=\"font-weight: 400;\">Por las playas y calas, es un aut\u00e9ntico lujo, ya que no hay tanta aglomeraci\u00f3n. Adem\u00e1s, desde muchas de ellas puedes contemplar <a href=\"https:\/\/www.mnkvillas.com\/blog\/puesta-de-sol-en-menorca\" target=\"_blank\" rel=\"noopener\">puestas de sol<\/a> incre\u00edbles. <\/span><\/p>\n<p>&nbsp;<\/p>\n<p><span style=\"font-weight: 400;\">Por si esto fuera poco, te recomendamos visitar Binibeca, uno de los <a href=\"https:\/\/www.mnkvillas.com\/blog\/que-ver-menorca-los-tres-pueblos-mas-bonitos-la-isla\" target=\"_blank\" rel=\"noopener\">pueblos de Menorca<\/a> m\u00e1s bonitos que no debes dejar de visitar. \u00a1Es un pueblo de postal!<\/span><\/p>\n<p>&nbsp;<\/p>\n<p><span style=\"font-weight: 400;\">Y, para que ya tu experiencia de viajar a Menorca en primavera sea de diez, al\u00f3jate en alguno de estos tres apartamentos. <\/span><\/p>\n<p>&nbsp;<\/p>\n<h2><span style=\"font-weight: 400;\">Menorca en primavera: 3 apartamentos id\u00f3neos<\/span><\/h2>\n<p>&nbsp;<\/p>\n<p><a href=\"https:\/\/www.mnkvillas.com\/alquiler\/apartamento-cap-d-en-font-apartamento-calo-blanc-1-223894.html\" target=\"_blank\" rel=\"noopener\"><span style=\"font-weight: 400;\">Apartamento Cal\u00f3 Blanc 1<\/span><\/a><br \/>\n<a href=\"https:\/\/www.mnkvillas.com\/alquiler\/apartamento-cap-d-en-font-apartamento-calo-blanc-1-223894.html\" target=\"_blank\" rel=\"noopener\"><img loading=\"lazy\" decoding=\"async\" class=\"aligncenter wp-image-2990 size-full\" title=\"Apartamento Calo Blanc 1\" src=\"https://www.mnkvillas.com/blog\/wp-content\/uploads\/2018\/04\/Primavera-Calo-Blanc-1.jpg\" alt=\"Apartamento Calo Blanc 1\" width=\"840\" height=\"389\" srcset=\"https://www.mnkvillas.com/blog\/wp-content\/uploads\/2018\/04\/Primavera-Calo-Blanc-1.jpg 840w, https://www.mnkvillas.com/blog\/wp-content\/uploads\/2018\/04\/Primavera-Calo-Blanc-1-300x139.jpg 300w, https://www.mnkvillas.com/blog\/wp-content\/uploads\/2018\/04\/Primavera-Calo-Blanc-1-768x356.jpg 768w\" sizes=\"auto, (max-width: 840px) 100vw, 840px\" \/><\/a><br \/>\n<span style=\"font-weight: 400;\">Espacioso, luminoso y pr\u00e1ctico son las tres caracter\u00edsticas que mejor definen al apartamento Cal\u00f3 Blanc 1. Este se localiza entre Binissafuller y Cap d\u2019en Font, a escasos minutos caminando de la playa. <\/span><\/p>\n<p>&nbsp;<\/p>\n<p><span style=\"font-weight: 400;\">A sus alrededores hay servicios de restauraci\u00f3n, bares y restaurantes que te ofrecer\u00e1n platos variados de la gastronom\u00eda menorquina. <\/span><\/p>\n<p>&nbsp;<\/p>\n<p><span style=\"font-weight: 400;\">La playa Es Cal\u00f3 Blanc est\u00e1 muy cerca. A tan solo veinte metros podr\u00e1s encontrarla, mientras que el resto de playas del sureste los tienes a unos diez minutos en coche. <\/span><\/p>\n<p>&nbsp;<\/p>\n<p><span style=\"font-weight: 400;\">El apartamento dispone de un porche cubierto, amueblado con mesas y sillas y tambi\u00e9n de una piscina comunitaria rodeada de c\u00e9sped. <\/span><\/p>\n<p>&nbsp;<\/p>\n<p><span style=\"font-weight: 400;\">En su interior, esconde un mobiliario moderno y c\u00f3modo que te har\u00e1 sentirte como en casa. <\/span><\/p>\n<p>&nbsp;<\/p>\n<p style=\"text-align: left;\"><a href=\"https:\/\/www.mnkvillas.com\/alquiler\/apartamento-punta-grossa-apartamento-torralba-2-225719.html\" target=\"_blank\" rel=\"noopener\"><span style=\"font-weight: 400;\">Apartamento Torralba 2 y Torralba 4<\/span><\/a><\/p>\n<p>&nbsp;<\/p>\n<p style=\"text-align: left;\"><a href=\"https:\/\/www.mnkvillas.com\/alquiler\/apartamento-punta-grossa-apartamento-torralba-2-225719.html\" target=\"_blank\" rel=\"noopener\"><img loading=\"lazy\" decoding=\"async\" class=\"alignright wp-image-2991 size-full\" title=\"Apartamento Torralba 2\" src=\"https://www.mnkvillas.com/blog\/wp-content\/uploads\/2018\/04\/Primavera-Torralba-2.jpg\" alt=\"Apartamento Torralba 2\" width=\"840\" height=\"389\" srcset=\"https://www.mnkvillas.com/blog\/wp-content\/uploads\/2018\/04\/Primavera-Torralba-2.jpg 840w, https://www.mnkvillas.com/blog\/wp-content\/uploads\/2018\/04\/Primavera-Torralba-2-300x139.jpg 300w, https://www.mnkvillas.com/blog\/wp-content\/uploads\/2018\/04\/Primavera-Torralba-2-768x356.jpg 768w\" sizes=\"auto, (max-width: 840px) 100vw, 840px\" \/><\/a><\/p>\n<p>&nbsp;<\/p>\n<p><span style=\"font-weight: 400;\">Los apartamentos Torralba 2 y Torralba 4 se encuentran en la zona residencial de Punta Grossa, un lugar excepcional para practicar buceo. Adem\u00e1s, quedan a tan solo cinco minutos andando de la playa Arenal d\u2019en Castell. <\/span><\/p>\n<p>&nbsp;<\/p>\n<p><span style=\"font-weight: 400;\">En ella podr\u00e1s encontrar servicios de todo tipo e incluso tiendas de souvenirs donde podr\u00e1s conseguir art\u00edculos t\u00edpicos menorquines. <\/span><\/p>\n<p>&nbsp;<\/p>\n<p><span style=\"font-weight: 400;\">Estos apartamentos est\u00e1n en un complejo de un total de cuatro. Tienen piscina comunitaria, un jard\u00edn con c\u00e9sped y hasta barbacoa de obra. Tambi\u00e9n tienen porche cubierto para pasar tiempo al aire libre. <\/span><\/p>\n<p>&nbsp;<\/p>\n<p><span style=\"font-weight: 400;\">Y sus interiores est\u00e1n decorados con muebles de pino. <\/span><\/p>\n<p>&nbsp;<\/p>\n<p><span style=\"font-weight: 400;\">As\u00ed que si tienes pensado hacer un viaje, vente a Menorca en primavera y disfruta de unos d\u00edas de desconexi\u00f3n total. <\/span><\/p>\n","protected":false},"excerpt":{"rendered":"<p>Menorca en primavera luce diferente. De hecho, esta es una de las mejores estaciones del a\u00f1o para viajar a Menorca y disfrutar de todo su esplendor. &nbsp; &nbsp; Esta isla est\u00e1 llena de encantos, encantos que se resaltan todav\u00eda m\u00e1s en esta \u00e9poca. Precisamente por ello, los amantes de la fotograf\u00eda y la naturaleza tienen &#8230; <a href=\"https://www.mnkvillas.com/blog\/menorca-en-primavera\">Continuar<\/a><\/p>\n","protected":false},"author":2,"featured_media":2988,"comment_status":"closed","ping_status":"open","sticky":false,"template":"","format":"standard","meta":{"footnotes":""},"categories":[11,10],"tags":[],"class_list":["post-2987","post","type-post","status-publish","format-standard","has-post-thumbnail","hentry","category-vacaciones-en-menorca","category-villas-en-menorca"],"yoast_head":"<!-- This site is optimized with the Yoast SEO plugin v27.5 - https:\/\/yoast.com\/product\/yoast-seo-wordpress\/ -->\n<title>Menorca en primavera | Descubre 3 apartamentos excepcionales<\/title>\n<meta name=\"description\" content=\"Menorca en primavera tiene mucho que ofrecer. Adem\u00e1s de calas v\u00edrgenes de belleza inigualable, en esta \u00e9poca la isla cobra un brillo especial. Desc\u00fabrelo en alguno de estos tres apartamentos.\" \/>\n<meta name=\"robots\" content=\"index, follow, max-snippet:-1, max-image-preview:large, max-video-preview:-1\" \/>\n<link rel=\"canonical\" href=\"https://www.mnkvillas.com/blog\/menorca-en-primavera\" \/>\n<meta property=\"og:locale\" content=\"es_ES\" \/>\n<meta property=\"og:type\" content=\"article\" \/>\n<meta property=\"og:title\" content=\"Menorca en primavera | Descubre 3 apartamentos excepcionales\" \/>\n<meta property=\"og:description\" content=\"Menorca en primavera tiene mucho que ofrecer. Adem\u00e1s de calas v\u00edrgenes de belleza inigualable, en esta \u00e9poca la isla cobra un brillo especial. Desc\u00fabrelo en alguno de estos tres apartamentos.\" \/>\n<meta property=\"og:url\" content=\"https://www.mnkvillas.com/blog\/menorca-en-primavera\" \/>\n<meta property=\"og:site_name\" content=\"El Blog de MNK Villas\" \/>\n<meta property=\"article:published_time\" content=\"2018-03-28T14:03:04+00:00\" \/>\n<meta property=\"article:modified_time\" content=\"2018-04-02T14:13:15+00:00\" \/>\n<meta property=\"og:image\" content=\"https://www.mnkvillas.com/blog\/wp-content\/uploads\/2018\/04\/Menorca-en-primavera.jpg\" \/>\n\t<meta property=\"og:image:width\" content=\"840\" \/>\n\t<meta property=\"og:image:height\" content=\"389\" \/>\n\t<meta property=\"og:image:type\" content=\"image\/jpeg\" \/>\n<meta name=\"author\" content=\"MNK Villas\" \/>\n<meta name=\"twitter:card\" content=\"summary_large_image\" \/>\n<meta name=\"twitter:label1\" content=\"Escrito por\" \/>\n\t<meta name=\"twitter:data1\" content=\"MNK Villas\" \/>\n\t<meta name=\"twitter:label2\" content=\"Tiempo de lectura\" \/>\n\t<meta name=\"twitter:data2\" content=\"2 minutos\" \/>\n<script type=\"application\/ld+json\" class=\"yoast-schema-graph\">{\"@context\":\"https:\\\/\\\/schema.org\",\"@graph\":[{\"@type\":\"Article\",\"@id\":\"https:\\\/\\\/blog.mnkvillas.com\\\/menorca-en-primavera#article\",\"isPartOf\":{\"@id\":\"https:\\\/\\\/blog.mnkvillas.com\\\/menorca-en-primavera\"},\"author\":{\"name\":\"MNK Villas\",\"@id\":\"https:\\\/\\\/blog.mnkvillas.com\\\/#\\\/schema\\\/person\\\/5efebb89c1bdae18cb0ab6c4a34d438d\"},\"headline\":\"Menorca en primavera: 3 apartamentos donde alojarte\",\"datePublished\":\"2018-03-28T14:03:04+00:00\",\"dateModified\":\"2018-04-02T14:13:15+00:00\",\"mainEntityOfPage\":{\"@id\":\"https:\\\/\\\/blog.mnkvillas.com\\\/menorca-en-primavera\"},\"wordCount\":469,\"image\":{\"@id\":\"https:\\\/\\\/blog.mnkvillas.com\\\/menorca-en-primavera#primaryimage\"},\"thumbnailUrl\":\"https:\\\/\\\/blog.mnkvillas.com\\\/wp-content\\\/uploads\\\/2018\\\/04\\\/Menorca-en-primavera.jpg\",\"articleSection\":[\"Vacaciones en Menorca\",\"Villas en Menorca\"],\"inLanguage\":\"es\"},{\"@type\":\"WebPage\",\"@id\":\"https:\\\/\\\/blog.mnkvillas.com\\\/menorca-en-primavera\",\"url\":\"https:\\\/\\\/blog.mnkvillas.com\\\/menorca-en-primavera\",\"name\":\"Menorca en primavera | Descubre 3 apartamentos excepcionales\",\"isPartOf\":{\"@id\":\"https:\\\/\\\/blog.mnkvillas.com\\\/#website\"},\"primaryImageOfPage\":{\"@id\":\"https:\\\/\\\/blog.mnkvillas.com\\\/menorca-en-primavera#primaryimage\"},\"image\":{\"@id\":\"https:\\\/\\\/blog.mnkvillas.com\\\/menorca-en-primavera#primaryimage\"},\"thumbnailUrl\":\"https:\\\/\\\/blog.mnkvillas.com\\\/wp-content\\\/uploads\\\/2018\\\/04\\\/Menorca-en-primavera.jpg\",\"datePublished\":\"2018-03-28T14:03:04+00:00\",\"dateModified\":\"2018-04-02T14:13:15+00:00\",\"author\":{\"@id\":\"https:\\\/\\\/blog.mnkvillas.com\\\/#\\\/schema\\\/person\\\/5efebb89c1bdae18cb0ab6c4a34d438d\"},\"description\":\"Menorca en primavera tiene mucho que ofrecer. Adem\u00e1s de calas v\u00edrgenes de belleza inigualable, en esta \u00e9poca la isla cobra un brillo especial. Desc\u00fabrelo en alguno de estos tres apartamentos.\",\"breadcrumb\":{\"@id\":\"https:\\\/\\\/blog.mnkvillas.com\\\/menorca-en-primavera#breadcrumb\"},\"inLanguage\":\"es\",\"potentialAction\":[{\"@type\":\"ReadAction\",\"target\":[\"https:\\\/\\\/blog.mnkvillas.com\\\/menorca-en-primavera\"]}]},{\"@type\":\"ImageObject\",\"inLanguage\":\"es\",\"@id\":\"https:\\\/\\\/blog.mnkvillas.com\\\/menorca-en-primavera#primaryimage\",\"url\":\"https:\\\/\\\/blog.mnkvillas.com\\\/wp-content\\\/uploads\\\/2018\\\/04\\\/Menorca-en-primavera.jpg\",\"contentUrl\":\"https:\\\/\\\/blog.mnkvillas.com\\\/wp-content\\\/uploads\\\/2018\\\/04\\\/Menorca-en-primavera.jpg\",\"width\":840,\"height\":389,\"caption\":\"Menorca en primavera\"},{\"@type\":\"BreadcrumbList\",\"@id\":\"https:\\\/\\\/blog.mnkvillas.com\\\/menorca-en-primavera#breadcrumb\",\"itemListElement\":[{\"@type\":\"ListItem\",\"position\":1,\"name\":\"Portada\",\"item\":\"https:\\\/\\\/blog.mnkvillas.com\\\/\"},{\"@type\":\"ListItem\",\"position\":2,\"name\":\"Menorca en primavera: 3 apartamentos donde alojarte\"}]},{\"@type\":\"WebSite\",\"@id\":\"https:\\\/\\\/blog.mnkvillas.com\\\/#website\",\"url\":\"https:\\\/\\\/blog.mnkvillas.com\\\/\",\"name\":\"El Blog de MNK Villas\",\"description\":\"Gesti\u00f3n y comercializaci\u00f3n de casas y villas en Menorca\",\"potentialAction\":[{\"@type\":\"SearchAction\",\"target\":{\"@type\":\"EntryPoint\",\"urlTemplate\":\"https:\\\/\\\/blog.mnkvillas.com\\\/?s={search_term_string}\"},\"query-input\":{\"@type\":\"PropertyValueSpecification\",\"valueRequired\":true,\"valueName\":\"search_term_string\"}}],\"inLanguage\":\"es\"},{\"@type\":\"Person\",\"@id\":\"https:\\\/\\\/blog.mnkvillas.com\\\/#\\\/schema\\\/person\\\/5efebb89c1bdae18cb0ab6c4a34d438d\",\"name\":\"MNK Villas\",\"image\":{\"@type\":\"ImageObject\",\"inLanguage\":\"es\",\"@id\":\"https:\\\/\\\/secure.gravatar.com\\\/avatar\\\/32fd5f16b06bfc66336905f2701aff5bb0df631080894bd3d84147be1c1a1ac8?s=96&d=mm&r=g\",\"url\":\"https:\\\/\\\/secure.gravatar.com\\\/avatar\\\/32fd5f16b06bfc66336905f2701aff5bb0df631080894bd3d84147be1c1a1ac8?s=96&d=mm&r=g\",\"contentUrl\":\"https:\\\/\\\/secure.gravatar.com\\\/avatar\\\/32fd5f16b06bfc66336905f2701aff5bb0df631080894bd3d84147be1c1a1ac8?s=96&d=mm&r=g\",\"caption\":\"MNK Villas\"},\"url\":\"https:\\\/\\\/blog.mnkvillas.com\\\/author\\\/mnk-villas\"}]}<\/script>\n<!-- \/ Yoast SEO plugin. -->","yoast_head_json":{"title":"Menorca en primavera | Descubre 3 apartamentos excepcionales","description":"Menorca en primavera tiene mucho que ofrecer. Adem\u00e1s de calas v\u00edrgenes de belleza inigualable, en esta \u00e9poca la isla cobra un brillo especial. Desc\u00fabrelo en alguno de estos tres apartamentos.","robots":{"index":"index","follow":"follow","max-snippet":"max-snippet:-1","max-image-preview":"max-image-preview:large","max-video-preview":"max-video-preview:-1"},"canonical":"https://www.mnkvillas.com/blog\/menorca-en-primavera","og_locale":"es_ES","og_type":"article","og_title":"Menorca en primavera | Descubre 3 apartamentos excepcionales","og_description":"Menorca en primavera tiene mucho que ofrecer. Adem\u00e1s de calas v\u00edrgenes de belleza inigualable, en esta \u00e9poca la isla cobra un brillo especial. Desc\u00fabrelo en alguno de estos tres apartamentos.","og_url":"https://www.mnkvillas.com/blog\/menorca-en-primavera","og_site_name":"El Blog de MNK Villas","article_published_time":"2018-03-28T14:03:04+00:00","article_modified_time":"2018-04-02T14:13:15+00:00","og_image":[{"width":840,"height":389,"url":"https://www.mnkvillas.com/blog\/wp-content\/uploads\/2018\/04\/Menorca-en-primavera.jpg","type":"image\/jpeg"}],"author":"MNK Villas","twitter_card":"summary_large_image","twitter_misc":{"Escrito por":"MNK Villas","Tiempo de lectura":"2 minutos"},"schema":{"@context":"https:\/\/schema.org","@graph":[{"@type":"Article","@id":"https://www.mnkvillas.com/blog\/menorca-en-primavera#article","isPartOf":{"@id":"https://www.mnkvillas.com/blog\/menorca-en-primavera"},"author":{"name":"MNK Villas","@id":"https://www.mnkvillas.com/blog\/#\/schema\/person\/5efebb89c1bdae18cb0ab6c4a34d438d"},"headline":"Menorca en primavera: 3 apartamentos donde alojarte","datePublished":"2018-03-28T14:03:04+00:00","dateModified":"2018-04-02T14:13:15+00:00","mainEntityOfPage":{"@id":"https://www.mnkvillas.com/blog\/menorca-en-primavera"},"wordCount":469,"image":{"@id":"https://www.mnkvillas.com/blog\/menorca-en-primavera#primaryimage"},"thumbnailUrl":"https://www.mnkvillas.com/blog\/wp-content\/uploads\/2018\/04\/Menorca-en-primavera.jpg","articleSection":["Vacaciones en Menorca","Villas en Menorca"],"inLanguage":"es"},{"@type":"WebPage","@id":"https://www.mnkvillas.com/blog\/menorca-en-primavera","url":"https://www.mnkvillas.com/blog\/menorca-en-primavera","name":"Menorca en primavera | Descubre 3 apartamentos excepcionales","isPartOf":{"@id":"https://www.mnkvillas.com/blog\/#website"},"primaryImageOfPage":{"@id":"https://www.mnkvillas.com/blog\/menorca-en-primavera#primaryimage"},"image":{"@id":"https://www.mnkvillas.com/blog\/menorca-en-primavera#primaryimage"},"thumbnailUrl":"https://www.mnkvillas.com/blog\/wp-content\/uploads\/2018\/04\/Menorca-en-primavera.jpg","datePublished":"2018-03-28T14:03:04+00:00","dateModified":"2018-04-02T14:13:15+00:00","author":{"@id":"https://www.mnkvillas.com/blog\/#\/schema\/person\/5efebb89c1bdae18cb0ab6c4a34d438d"},"description":"Menorca en primavera tiene mucho que ofrecer. Adem\u00e1s de calas v\u00edrgenes de belleza inigualable, en esta \u00e9poca la isla cobra un brillo especial. Desc\u00fabrelo en alguno de estos tres apartamentos.","breadcrumb":{"@id":"https://www.mnkvillas.com/blog\/menorca-en-primavera#breadcrumb"},"inLanguage":"es","potentialAction":[{"@type":"ReadAction","target":["https://www.mnkvillas.com/blog\/menorca-en-primavera"]}]},{"@type":"ImageObject","inLanguage":"es","@id":"https://www.mnkvillas.com/blog\/menorca-en-primavera#primaryimage","url":"https://www.mnkvillas.com/blog\/wp-content\/uploads\/2018\/04\/Menorca-en-primavera.jpg","contentUrl":"https://www.mnkvillas.com/blog\/wp-content\/uploads\/2018\/04\/Menorca-en-primavera.jpg","width":840,"height":389,"caption":"Menorca en primavera"},{"@type":"BreadcrumbList","@id":"https://www.mnkvillas.com/blog\/menorca-en-primavera#breadcrumb","itemListElement":[{"@type":"ListItem","position":1,"name":"Portada","item":"https://www.mnkvillas.com/blog\/"},{"@type":"ListItem","position":2,"name":"Menorca en primavera: 3 apartamentos donde alojarte"}]},{"@type":"WebSite","@id":"https://www.mnkvillas.com/blog\/#website","url":"https://www.mnkvillas.com/blog\/","name":"El Blog de MNK Villas","description":"Gesti\u00f3n y comercializaci\u00f3n de casas y villas en Menorca","potentialAction":[{"@type":"SearchAction","target":{"@type":"EntryPoint","urlTemplate":"https://www.mnkvillas.com/blog\/?s={search_term_string}"},"query-input":{"@type":"PropertyValueSpecification","valueRequired":true,"valueName":"search_term_string"}}],"inLanguage":"es"},{"@type":"Person","@id":"https://www.mnkvillas.com/blog\/#\/schema\/person\/5efebb89c1bdae18cb0ab6c4a34d438d","name":"MNK Villas","image":{"@type":"ImageObject","inLanguage":"es","@id":"https:\/\/secure.gravatar.com\/avatar\/32fd5f16b06bfc66336905f2701aff5bb0df631080894bd3d84147be1c1a1ac8?s=96&d=mm&r=g","url":"https:\/\/secure.gravatar.com\/avatar\/32fd5f16b06bfc66336905f2701aff5bb0df631080894bd3d84147be1c1a1ac8?s=96&d=mm&r=g","contentUrl":"https:\/\/secure.gravatar.com\/avatar\/32fd5f16b06bfc66336905f2701aff5bb0df631080894bd3d84147be1c1a1ac8?s=96&d=mm&r=g","caption":"MNK Villas"},"url":"https://www.mnkvillas.com/blog\/author\/mnk-villas"}]}},"_links":{"self":[{"href":"https://www.mnkvillas.com/blog\/wp-json\/wp\/v2\/posts\/2987","targetHints":{"allow":["GET"]}}],"collection":[{"href":"https://www.mnkvillas.com/blog\/wp-json\/wp\/v2\/posts"}],"about":[{"href":"https://www.mnkvillas.com/blog\/wp-json\/wp\/v2\/types\/post"}],"author":[{"embeddable":true,"href":"https://www.mnkvillas.com/blog\/wp-json\/wp\/v2\/users\/2"}],"replies":[{"embeddable":true,"href":"https://www.mnkvillas.com/blog\/wp-json\/wp\/v2\/comments?post=2987"}],"version-history":[{"count":7,"href":"https://www.mnkvillas.com/blog\/wp-json\/wp\/v2\/posts\/2987\/revisions"}],"predecessor-version":[{"id":2997,"href":"https://www.mnkvillas.com/blog\/wp-json\/wp\/v2\/posts\/2987\/revisions\/2997"}],"wp:featuredmedia":[{"embeddable":true,"href":"https://www.mnkvillas.com/blog\/wp-json\/wp\/v2\/media\/2988"}],"wp:attachment":[{"href":"https://www.mnkvillas.com/blog\/wp-json\/wp\/v2\/media?parent=2987"}],"wp:term":[{"taxonomy":"category","embeddable":true,"href":"https://www.mnkvillas.com/blog\/wp-json\/wp\/v2\/categories?post=2987"},{"taxonomy":"post_tag","embeddable":true,"href":"https://www.mnkvillas.com/blog\/wp-json\/wp\/v2\/tags?post=2987"}],"curies":[{"name":"wp","href":"https:\/\/api.w.org\/{rel}","templated":true}]}}