{"id":2827,"date":"2018-02-20T16:37:27","date_gmt":"2018-02-20T16:37:27","guid":{"rendered":"https://www.mnkvillas.com/blog\/?p=2827"},"modified":"2018-11-27T17:05:46","modified_gmt":"2018-11-27T17:05:46","slug":"cami-de-cavalls-menorca","status":"publish","type":"post","link":"https://www.mnkvillas.com/blog\/cami-de-cavalls-menorca","title":{"rendered":"Cam\u00ed de Cavalls para recorrer Menorca de norte a sur"},"content":{"rendered":"<p align=\"justify\"><span style=\"font-size: medium;\"><b>El Cam\u00ed de Cavalls es el camino ideal para recorrer Menorca de norte a sur<\/b>. Es la opci\u00f3n perfecta para dar la vuelta a la isla. Y lo mejor es que el Cam\u00ed de Cavalls no es un sendero cualquiera. Es un sendero hist\u00f3rico apasionante que en sus d\u00edas sirvi\u00f3 como defensa de la costa menorquina.<\/span><\/p>\n<p>&nbsp;<\/p>\n<p align=\"justify\"><span style=\"font-size: medium;\">A su paso descubrir\u00e1s las m\u00e1s hermosas <a href=\"https:\/\/www.mnkvillas.com\/blog\/calas-de-menorca-vacaciones-verano-2017\">playas de Menorca<\/a>. Pero tambi\u00e9n roquedos, pinares, barrancos, torrentes. Ver\u00e1s zonas de cultivo. Admirar\u00e1s numerosos <b>restos arqueol\u00f3gicos<\/b>. Te fascinar\u00e1s con los maravillosos acantilados. Alcanzar\u00e1s alg\u00fan que otro <a href=\"https:\/\/www.mnkvillas.com\/blog\/ruta-por-los-7-faros-de-menorca\">faro de Menorca<\/a>.<\/span><\/p>\n<p>&nbsp;<\/p>\n<p align=\"justify\"><span style=\"font-size: medium;\">En el camino de cavalls <b>disfrutar\u00e1s de una experiencia \u00fanica en la vida<\/b>, pues te permitir\u00e1 ver la isla desde sus adentros. Y s\u00ed, c\u00f3mo no, ser\u00e1 una forma exquisita para contemplar y valorar la inmensa<b> riqueza natural, hist\u00f3rica y cultural de la isla<\/b>.<\/span><\/p>\n<p>&nbsp;<\/p>\n<p align=\"justify\"><span style=\"font-size: medium;\">Y es que el Cam\u00ed de Cavalls re\u00fane verdaderas sorpresas como <a href=\"https:\/\/www.mnkvillas.com\/blog\/salbufera-des-grau-visitar-menorca\">S\u2019Albufera des Grau<\/a> o el faro de Fav\u00e0ritx.<\/span><\/p>\n<p>&nbsp;<\/p>\n<p align=\"justify\"><span style=\"font-size: medium;\">Y por si ya te has animado a hacer la ruta de cavalls, te contamos todo lo que necesitas saber.<\/span><\/p>\n<p>&nbsp;<\/p>\n<p align=\"justify\"><span style=\"font-size: medium;\"><a href=\"http:\/\/www.mnkvillas.com\/blog\/cami-de-cavalls-menorca\" target=\"_blank\" rel=\"noopener\"><img loading=\"lazy\" decoding=\"async\" class=\"aligncenter wp-image-2828 size-full\" title=\"Cami de cavalls\" src=\"https://www.mnkvillas.com/blog\/wp-content\/uploads\/2018\/02\/Cami-de-cavalls.jpg\" alt=\"Cami de cavalls\" width=\"840\" height=\"389\" srcset=\"https://www.mnkvillas.com/blog\/wp-content\/uploads\/2018\/02\/Cami-de-cavalls.jpg 840w, https://www.mnkvillas.com/blog\/wp-content\/uploads\/2018\/02\/Cami-de-cavalls-300x139.jpg 300w, https://www.mnkvillas.com/blog\/wp-content\/uploads\/2018\/02\/Cami-de-cavalls-768x356.jpg 768w\" sizes=\"auto, (max-width: 840px) 100vw, 840px\" \/><\/a><\/span><\/p>\n<p>&nbsp;<\/p>\n<h2 class=\"western\">C\u00f3mo hacer el Cam\u00ed de Cavalls<\/h2>\n<p>&nbsp;<\/p>\n<p align=\"justify\"><span style=\"font-size: medium;\">Existen <b>varias modalidades para dar la vuelta a la isla a trav\u00e9s del Cam\u00ed de cavalls<\/b>. Cada una de ellas te brindar\u00e1 sensaciones alucinantes. En total son <b>185 kil\u00f3metros<\/b> los que tienes para elegir, en veinte etapas bien se\u00f1alizadas.<\/span><\/p>\n<p>&nbsp;<\/p>\n<p align=\"justify\"><span style=\"font-size: medium;\"><b>A caballo<\/b><\/span><\/p>\n<p align=\"justify\"><span style=\"font-size: medium;\">El caballo es el gran protagonista de las fiestas menorquinas y uno de sus sellos m\u00e1s emblem\u00e1ticos. Hacer la ruta en \u00e9l ser\u00e1, sin duda, una de las vivencias m\u00e1s apasionantes de tu vida.<\/span><\/p>\n<p>&nbsp;<\/p>\n<p align=\"justify\"><span style=\"font-size: medium;\"><b>Cam\u00ed de cavalls a pie<\/b><\/span><\/p>\n<p align=\"justify\"><span style=\"font-size: medium;\">Hacer una caminata es la modalidad por excelencia. Te permitir\u00e1 detenerte y admirar la belleza de cada kil\u00f3metro, de cada paso. Porque Menorca tiene eso: est\u00e1 repleta de encantos.<\/span><\/p>\n<p>&nbsp;<\/p>\n<p align=\"justify\"><span style=\"font-size: medium;\"><b>En mountain bike<\/b><\/span><\/p>\n<p align=\"justify\"><span style=\"font-size: medium;\">Los amantes del deporte en bicicleta tienen una soluci\u00f3n perfecta para combinar sus vacaciones con su <i>hobbie<\/i> favorito. S\u00ed, el Cam\u00ed de Cavalls puede hacerse en bici.<\/span><\/p>\n<p>&nbsp;<\/p>\n<p align=\"justify\"><span style=\"font-size: medium;\"><b>Running<\/b><\/span><\/p>\n<p align=\"justify\"><span style=\"font-size: medium;\">Y si eres todo un pro del running, bienvenido a Menorca. Y bienvenido al Cam\u00ed de Cavalls porque tambi\u00e9n aqu\u00ed puedes practicar tu deporte favorito.<\/span><\/p>\n<p>&nbsp;<\/p>\n<p align=\"justify\"><span style=\"font-size: medium;\">En cualquiera de las modalidades, <b>puedes hacer el recorrido completo o bien hacerlo mediante paseos<\/b>, por tramos. Por ejemplo, existe una ruta que va desde Es Grau hasta el faro de Fav\u00e0ritx que pasa por Cala Tortuga y Cala Presili. Este es maravilloso y esas calas, preciosas.<\/span><\/p>\n<p>&nbsp;<\/p>\n<p align=\"justify\"><span style=\"font-size: medium;\">Tiene una duraci\u00f3n aproximada de tres horas si la haces a pie. Pero si esta no te convence \u00a1tienes 19 m\u00e1s para elegir!<\/span><\/p>\n<p>&nbsp;<\/p>\n<p align=\"justify\"><span style=\"font-size: medium;\">Con todo ello, tienes numerosos motivos para venir a Menorca y descubrir todas y cada una de sus maravillas, maravillas a las que llegar\u00e1s a trav\u00e9s del Cam\u00ed de Cavalls. \u00bfTe vienes?<\/span><\/p>\n<p>&nbsp;<\/p>\n","protected":false},"excerpt":{"rendered":"<p>El Cam\u00ed de Cavalls es el camino ideal para recorrer Menorca de norte a sur. Es la opci\u00f3n perfecta para dar la vuelta a la isla. Y lo mejor es que el Cam\u00ed de Cavalls no es un sendero cualquiera. Es un sendero hist\u00f3rico apasionante que en sus d\u00edas sirvi\u00f3 como defensa de la costa &#8230; <a href=\"https://www.mnkvillas.com/blog\/cami-de-cavalls-menorca\">Continuar<\/a><\/p>\n","protected":false},"author":2,"featured_media":2828,"comment_status":"closed","ping_status":"open","sticky":false,"template":"","format":"standard","meta":{"footnotes":""},"categories":[11,8],"tags":[],"class_list":["post-2827","post","type-post","status-publish","format-standard","has-post-thumbnail","hentry","category-vacaciones-en-menorca","category-villas-de-lujo-en-menorca"],"yoast_head":"<!-- This site is optimized with the Yoast SEO plugin v27.5 - https:\/\/yoast.com\/product\/yoast-seo-wordpress\/ -->\n<title>Cam\u00ed de Cavalls \u00a1Recorre Menorca de norte a sur! | Descubre Menorca<\/title>\n<meta name=\"description\" content=\"El Cam\u00ed de Cavalls es el camino perfecto para recorrer Menorca. Es un sendero hist\u00f3rico con 20 etapas y un total de 185 kil\u00f3metros. Aqu\u00ed te contamos lo que necesitas saber para disfrutar de tu recorrido.\" \/>\n<meta name=\"robots\" content=\"index, follow, max-snippet:-1, max-image-preview:large, max-video-preview:-1\" \/>\n<link rel=\"canonical\" href=\"https://www.mnkvillas.com/blog\/cami-de-cavalls-menorca\" \/>\n<meta property=\"og:locale\" content=\"es_ES\" \/>\n<meta property=\"og:type\" content=\"article\" \/>\n<meta property=\"og:title\" content=\"Cam\u00ed de Cavalls \u00a1Recorre Menorca de norte a sur! | Descubre Menorca\" \/>\n<meta property=\"og:description\" content=\"El Cam\u00ed de Cavalls es el camino perfecto para recorrer Menorca. Es un sendero hist\u00f3rico con 20 etapas y un total de 185 kil\u00f3metros. Aqu\u00ed te contamos lo que necesitas saber para disfrutar de tu recorrido.\" \/>\n<meta property=\"og:url\" content=\"https://www.mnkvillas.com/blog\/cami-de-cavalls-menorca\" \/>\n<meta property=\"og:site_name\" content=\"El Blog de MNK Villas\" \/>\n<meta property=\"article:published_time\" content=\"2018-02-20T16:37:27+00:00\" \/>\n<meta property=\"article:modified_time\" content=\"2018-11-27T17:05:46+00:00\" \/>\n<meta property=\"og:image\" content=\"https://www.mnkvillas.com/blog\/wp-content\/uploads\/2018\/02\/Cami-de-cavalls.jpg\" \/>\n\t<meta property=\"og:image:width\" content=\"840\" \/>\n\t<meta property=\"og:image:height\" content=\"389\" \/>\n\t<meta property=\"og:image:type\" content=\"image\/jpeg\" \/>\n<meta name=\"author\" content=\"MNK Villas\" \/>\n<meta name=\"twitter:card\" content=\"summary_large_image\" \/>\n<meta name=\"twitter:label1\" content=\"Escrito por\" \/>\n\t<meta name=\"twitter:data1\" content=\"MNK Villas\" \/>\n\t<meta name=\"twitter:label2\" content=\"Tiempo de lectura\" \/>\n\t<meta name=\"twitter:data2\" content=\"2 minutos\" \/>\n<script type=\"application\/ld+json\" class=\"yoast-schema-graph\">{\"@context\":\"https:\\\/\\\/schema.org\",\"@graph\":[{\"@type\":\"Article\",\"@id\":\"https:\\\/\\\/blog.mnkvillas.com\\\/cami-de-cavalls-menorca#article\",\"isPartOf\":{\"@id\":\"https:\\\/\\\/blog.mnkvillas.com\\\/cami-de-cavalls-menorca\"},\"author\":{\"name\":\"MNK Villas\",\"@id\":\"https:\\\/\\\/blog.mnkvillas.com\\\/#\\\/schema\\\/person\\\/5efebb89c1bdae18cb0ab6c4a34d438d\"},\"headline\":\"Cam\u00ed de Cavalls para recorrer Menorca de norte a sur\",\"datePublished\":\"2018-02-20T16:37:27+00:00\",\"dateModified\":\"2018-11-27T17:05:46+00:00\",\"mainEntityOfPage\":{\"@id\":\"https:\\\/\\\/blog.mnkvillas.com\\\/cami-de-cavalls-menorca\"},\"wordCount\":505,\"image\":{\"@id\":\"https:\\\/\\\/blog.mnkvillas.com\\\/cami-de-cavalls-menorca#primaryimage\"},\"thumbnailUrl\":\"https:\\\/\\\/blog.mnkvillas.com\\\/wp-content\\\/uploads\\\/2018\\\/02\\\/Cami-de-cavalls.jpg\",\"articleSection\":[\"Vacaciones en Menorca\",\"Villas de lujo en Menorca\"],\"inLanguage\":\"es\"},{\"@type\":\"WebPage\",\"@id\":\"https:\\\/\\\/blog.mnkvillas.com\\\/cami-de-cavalls-menorca\",\"url\":\"https:\\\/\\\/blog.mnkvillas.com\\\/cami-de-cavalls-menorca\",\"name\":\"Cam\u00ed de Cavalls \u00a1Recorre Menorca de norte a sur! | Descubre Menorca\",\"isPartOf\":{\"@id\":\"https:\\\/\\\/blog.mnkvillas.com\\\/#website\"},\"primaryImageOfPage\":{\"@id\":\"https:\\\/\\\/blog.mnkvillas.com\\\/cami-de-cavalls-menorca#primaryimage\"},\"image\":{\"@id\":\"https:\\\/\\\/blog.mnkvillas.com\\\/cami-de-cavalls-menorca#primaryimage\"},\"thumbnailUrl\":\"https:\\\/\\\/blog.mnkvillas.com\\\/wp-content\\\/uploads\\\/2018\\\/02\\\/Cami-de-cavalls.jpg\",\"datePublished\":\"2018-02-20T16:37:27+00:00\",\"dateModified\":\"2018-11-27T17:05:46+00:00\",\"author\":{\"@id\":\"https:\\\/\\\/blog.mnkvillas.com\\\/#\\\/schema\\\/person\\\/5efebb89c1bdae18cb0ab6c4a34d438d\"},\"description\":\"El Cam\u00ed de Cavalls es el camino perfecto para recorrer Menorca. Es un sendero hist\u00f3rico con 20 etapas y un total de 185 kil\u00f3metros. Aqu\u00ed te contamos lo que necesitas saber para disfrutar de tu recorrido.\",\"breadcrumb\":{\"@id\":\"https:\\\/\\\/blog.mnkvillas.com\\\/cami-de-cavalls-menorca#breadcrumb\"},\"inLanguage\":\"es\",\"potentialAction\":[{\"@type\":\"ReadAction\",\"target\":[\"https:\\\/\\\/blog.mnkvillas.com\\\/cami-de-cavalls-menorca\"]}]},{\"@type\":\"ImageObject\",\"inLanguage\":\"es\",\"@id\":\"https:\\\/\\\/blog.mnkvillas.com\\\/cami-de-cavalls-menorca#primaryimage\",\"url\":\"https:\\\/\\\/blog.mnkvillas.com\\\/wp-content\\\/uploads\\\/2018\\\/02\\\/Cami-de-cavalls.jpg\",\"contentUrl\":\"https:\\\/\\\/blog.mnkvillas.com\\\/wp-content\\\/uploads\\\/2018\\\/02\\\/Cami-de-cavalls.jpg\",\"width\":840,\"height\":389,\"caption\":\"Cami de cavalls\"},{\"@type\":\"BreadcrumbList\",\"@id\":\"https:\\\/\\\/blog.mnkvillas.com\\\/cami-de-cavalls-menorca#breadcrumb\",\"itemListElement\":[{\"@type\":\"ListItem\",\"position\":1,\"name\":\"Portada\",\"item\":\"https:\\\/\\\/blog.mnkvillas.com\\\/\"},{\"@type\":\"ListItem\",\"position\":2,\"name\":\"Cam\u00ed de Cavalls para recorrer Menorca de norte a sur\"}]},{\"@type\":\"WebSite\",\"@id\":\"https:\\\/\\\/blog.mnkvillas.com\\\/#website\",\"url\":\"https:\\\/\\\/blog.mnkvillas.com\\\/\",\"name\":\"El Blog de MNK Villas\",\"description\":\"Gesti\u00f3n y comercializaci\u00f3n de casas y villas en Menorca\",\"potentialAction\":[{\"@type\":\"SearchAction\",\"target\":{\"@type\":\"EntryPoint\",\"urlTemplate\":\"https:\\\/\\\/blog.mnkvillas.com\\\/?s={search_term_string}\"},\"query-input\":{\"@type\":\"PropertyValueSpecification\",\"valueRequired\":true,\"valueName\":\"search_term_string\"}}],\"inLanguage\":\"es\"},{\"@type\":\"Person\",\"@id\":\"https:\\\/\\\/blog.mnkvillas.com\\\/#\\\/schema\\\/person\\\/5efebb89c1bdae18cb0ab6c4a34d438d\",\"name\":\"MNK Villas\",\"image\":{\"@type\":\"ImageObject\",\"inLanguage\":\"es\",\"@id\":\"https:\\\/\\\/secure.gravatar.com\\\/avatar\\\/32fd5f16b06bfc66336905f2701aff5bb0df631080894bd3d84147be1c1a1ac8?s=96&d=mm&r=g\",\"url\":\"https:\\\/\\\/secure.gravatar.com\\\/avatar\\\/32fd5f16b06bfc66336905f2701aff5bb0df631080894bd3d84147be1c1a1ac8?s=96&d=mm&r=g\",\"contentUrl\":\"https:\\\/\\\/secure.gravatar.com\\\/avatar\\\/32fd5f16b06bfc66336905f2701aff5bb0df631080894bd3d84147be1c1a1ac8?s=96&d=mm&r=g\",\"caption\":\"MNK Villas\"},\"url\":\"https:\\\/\\\/blog.mnkvillas.com\\\/author\\\/mnk-villas\"}]}<\/script>\n<!-- \/ Yoast SEO plugin. -->","yoast_head_json":{"title":"Cam\u00ed de Cavalls \u00a1Recorre Menorca de norte a sur! | Descubre Menorca","description":"El Cam\u00ed de Cavalls es el camino perfecto para recorrer Menorca. Es un sendero hist\u00f3rico con 20 etapas y un total de 185 kil\u00f3metros. Aqu\u00ed te contamos lo que necesitas saber para disfrutar de tu recorrido.","robots":{"index":"index","follow":"follow","max-snippet":"max-snippet:-1","max-image-preview":"max-image-preview:large","max-video-preview":"max-video-preview:-1"},"canonical":"https://www.mnkvillas.com/blog\/cami-de-cavalls-menorca","og_locale":"es_ES","og_type":"article","og_title":"Cam\u00ed de Cavalls \u00a1Recorre Menorca de norte a sur! | Descubre Menorca","og_description":"El Cam\u00ed de Cavalls es el camino perfecto para recorrer Menorca. Es un sendero hist\u00f3rico con 20 etapas y un total de 185 kil\u00f3metros. Aqu\u00ed te contamos lo que necesitas saber para disfrutar de tu recorrido.","og_url":"https://www.mnkvillas.com/blog\/cami-de-cavalls-menorca","og_site_name":"El Blog de MNK Villas","article_published_time":"2018-02-20T16:37:27+00:00","article_modified_time":"2018-11-27T17:05:46+00:00","og_image":[{"width":840,"height":389,"url":"https://www.mnkvillas.com/blog\/wp-content\/uploads\/2018\/02\/Cami-de-cavalls.jpg","type":"image\/jpeg"}],"author":"MNK Villas","twitter_card":"summary_large_image","twitter_misc":{"Escrito por":"MNK Villas","Tiempo de lectura":"2 minutos"},"schema":{"@context":"https:\/\/schema.org","@graph":[{"@type":"Article","@id":"https://www.mnkvillas.com/blog\/cami-de-cavalls-menorca#article","isPartOf":{"@id":"https://www.mnkvillas.com/blog\/cami-de-cavalls-menorca"},"author":{"name":"MNK Villas","@id":"https://www.mnkvillas.com/blog\/#\/schema\/person\/5efebb89c1bdae18cb0ab6c4a34d438d"},"headline":"Cam\u00ed de Cavalls para recorrer Menorca de norte a sur","datePublished":"2018-02-20T16:37:27+00:00","dateModified":"2018-11-27T17:05:46+00:00","mainEntityOfPage":{"@id":"https://www.mnkvillas.com/blog\/cami-de-cavalls-menorca"},"wordCount":505,"image":{"@id":"https://www.mnkvillas.com/blog\/cami-de-cavalls-menorca#primaryimage"},"thumbnailUrl":"https://www.mnkvillas.com/blog\/wp-content\/uploads\/2018\/02\/Cami-de-cavalls.jpg","articleSection":["Vacaciones en Menorca","Villas de lujo en Menorca"],"inLanguage":"es"},{"@type":"WebPage","@id":"https://www.mnkvillas.com/blog\/cami-de-cavalls-menorca","url":"https://www.mnkvillas.com/blog\/cami-de-cavalls-menorca","name":"Cam\u00ed de Cavalls \u00a1Recorre Menorca de norte a sur! | Descubre Menorca","isPartOf":{"@id":"https://www.mnkvillas.com/blog\/#website"},"primaryImageOfPage":{"@id":"https://www.mnkvillas.com/blog\/cami-de-cavalls-menorca#primaryimage"},"image":{"@id":"https://www.mnkvillas.com/blog\/cami-de-cavalls-menorca#primaryimage"},"thumbnailUrl":"https://www.mnkvillas.com/blog\/wp-content\/uploads\/2018\/02\/Cami-de-cavalls.jpg","datePublished":"2018-02-20T16:37:27+00:00","dateModified":"2018-11-27T17:05:46+00:00","author":{"@id":"https://www.mnkvillas.com/blog\/#\/schema\/person\/5efebb89c1bdae18cb0ab6c4a34d438d"},"description":"El Cam\u00ed de Cavalls es el camino perfecto para recorrer Menorca. Es un sendero hist\u00f3rico con 20 etapas y un total de 185 kil\u00f3metros. Aqu\u00ed te contamos lo que necesitas saber para disfrutar de tu recorrido.","breadcrumb":{"@id":"https://www.mnkvillas.com/blog\/cami-de-cavalls-menorca#breadcrumb"},"inLanguage":"es","potentialAction":[{"@type":"ReadAction","target":["https://www.mnkvillas.com/blog\/cami-de-cavalls-menorca"]}]},{"@type":"ImageObject","inLanguage":"es","@id":"https://www.mnkvillas.com/blog\/cami-de-cavalls-menorca#primaryimage","url":"https://www.mnkvillas.com/blog\/wp-content\/uploads\/2018\/02\/Cami-de-cavalls.jpg","contentUrl":"https://www.mnkvillas.com/blog\/wp-content\/uploads\/2018\/02\/Cami-de-cavalls.jpg","width":840,"height":389,"caption":"Cami de cavalls"},{"@type":"BreadcrumbList","@id":"https://www.mnkvillas.com/blog\/cami-de-cavalls-menorca#breadcrumb","itemListElement":[{"@type":"ListItem","position":1,"name":"Portada","item":"https://www.mnkvillas.com/blog\/"},{"@type":"ListItem","position":2,"name":"Cam\u00ed de Cavalls para recorrer Menorca de norte a sur"}]},{"@type":"WebSite","@id":"https://www.mnkvillas.com/blog\/#website","url":"https://www.mnkvillas.com/blog\/","name":"El Blog de MNK Villas","description":"Gesti\u00f3n y comercializaci\u00f3n de casas y villas en Menorca","potentialAction":[{"@type":"SearchAction","target":{"@type":"EntryPoint","urlTemplate":"https://www.mnkvillas.com/blog\/?s={search_term_string}"},"query-input":{"@type":"PropertyValueSpecification","valueRequired":true,"valueName":"search_term_string"}}],"inLanguage":"es"},{"@type":"Person","@id":"https://www.mnkvillas.com/blog\/#\/schema\/person\/5efebb89c1bdae18cb0ab6c4a34d438d","name":"MNK Villas","image":{"@type":"ImageObject","inLanguage":"es","@id":"https:\/\/secure.gravatar.com\/avatar\/32fd5f16b06bfc66336905f2701aff5bb0df631080894bd3d84147be1c1a1ac8?s=96&d=mm&r=g","url":"https:\/\/secure.gravatar.com\/avatar\/32fd5f16b06bfc66336905f2701aff5bb0df631080894bd3d84147be1c1a1ac8?s=96&d=mm&r=g","contentUrl":"https:\/\/secure.gravatar.com\/avatar\/32fd5f16b06bfc66336905f2701aff5bb0df631080894bd3d84147be1c1a1ac8?s=96&d=mm&r=g","caption":"MNK Villas"},"url":"https://www.mnkvillas.com/blog\/author\/mnk-villas"}]}},"_links":{"self":[{"href":"https://www.mnkvillas.com/blog\/wp-json\/wp\/v2\/posts\/2827","targetHints":{"allow":["GET"]}}],"collection":[{"href":"https://www.mnkvillas.com/blog\/wp-json\/wp\/v2\/posts"}],"about":[{"href":"https://www.mnkvillas.com/blog\/wp-json\/wp\/v2\/types\/post"}],"author":[{"embeddable":true,"href":"https://www.mnkvillas.com/blog\/wp-json\/wp\/v2\/users\/2"}],"replies":[{"embeddable":true,"href":"https://www.mnkvillas.com/blog\/wp-json\/wp\/v2\/comments?post=2827"}],"version-history":[{"count":6,"href":"https://www.mnkvillas.com/blog\/wp-json\/wp\/v2\/posts\/2827\/revisions"}],"predecessor-version":[{"id":3759,"href":"https://www.mnkvillas.com/blog\/wp-json\/wp\/v2\/posts\/2827\/revisions\/3759"}],"wp:featuredmedia":[{"embeddable":true,"href":"https://www.mnkvillas.com/blog\/wp-json\/wp\/v2\/media\/2828"}],"wp:attachment":[{"href":"https://www.mnkvillas.com/blog\/wp-json\/wp\/v2\/media?parent=2827"}],"wp:term":[{"taxonomy":"category","embeddable":true,"href":"https://www.mnkvillas.com/blog\/wp-json\/wp\/v2\/categories?post=2827"},{"taxonomy":"post_tag","embeddable":true,"href":"https://www.mnkvillas.com/blog\/wp-json\/wp\/v2\/tags?post=2827"}],"curies":[{"name":"wp","href":"https:\/\/api.w.org\/{rel}","templated":true}]}}