{"id":2747,"date":"2018-01-26T16:13:37","date_gmt":"2018-01-26T16:13:37","guid":{"rendered":"https://www.mnkvillas.com/blog\/?p=2747"},"modified":"2018-01-26T16:16:43","modified_gmt":"2018-01-26T16:16:43","slug":"vacaciones-en-menorca-en-junio","status":"publish","type":"post","link":"https://www.mnkvillas.com/blog\/vacaciones-en-menorca-en-junio","title":{"rendered":"Vacaciones en Menorca en junio \u00bfpor qu\u00e9 ese mes es perfecto?"},"content":{"rendered":"<p align=\"justify\">Pasar unas vacaciones en Menorca en junio tiene muchas m\u00e1s ventajas de las que cre\u00edas. Y es que este mes tiene muchas cualidades para ser el elegido.<\/p>\n<p>&nbsp;<\/p>\n<p align=\"justify\">Menorca es uno de los <strong>destinos tur\u00edsticos que m\u00e1s promueve la importancia de la sostenibilidad y el cuidado medioambiental<\/strong>. Y el d\u00eda 5 de junio es el D\u00eda del Medio Ambiente, una fecha no solo destacada a nivel mundial, sino representativa a nivel insular.<\/p>\n<p>&nbsp;<\/p>\n<p align=\"justify\">Adem\u00e1s, el d\u00eda 21 comienza el verano, posiblemente una de tus estaciones preferidas para visitar la isla.<\/p>\n<p>&nbsp;<\/p>\n<p align=\"justify\">Ahora bien, estas no son las \u00fanicas ventajas de pasar tus vacaciones en Menorca en junio. Existen otras que hacen de este el mes perfecto.<\/p>\n<p>&nbsp;<\/p>\n<p align=\"justify\"><a href=\"http:\/\/www.mnkvillas.com\/blog\/vacaciones-en-menorca-en-junio\" target=\"_blank\" rel=\"noopener\"><img loading=\"lazy\" decoding=\"async\" class=\"aligncenter wp-image-2749 size-full\" title=\"vacaciones en Menorca en junio\" src=\"https://www.mnkvillas.com/blog\/wp-content\/uploads\/2018\/01\/Vacaciones-en-Menorca-en-junio-01.jpg\" alt=\"vacaciones en Menorca en junio\" width=\"840\" height=\"389\" srcset=\"https://www.mnkvillas.com/blog\/wp-content\/uploads\/2018\/01\/Vacaciones-en-Menorca-en-junio-01.jpg 840w, https://www.mnkvillas.com/blog\/wp-content\/uploads\/2018\/01\/Vacaciones-en-Menorca-en-junio-01-300x139.jpg 300w, https://www.mnkvillas.com/blog\/wp-content\/uploads\/2018\/01\/Vacaciones-en-Menorca-en-junio-01-768x356.jpg 768w\" sizes=\"auto, (max-width: 840px) 100vw, 840px\" \/><\/a><\/p>\n<p>&nbsp;<\/p>\n<h2 align=\"justify\">\u00bfPor qu\u00e9 unas vacaciones en Menorca en junio?<\/h2>\n<p>&nbsp;<\/p>\n<p align=\"justify\">Pasar tus merecidos d\u00edas de descanso en Menorca en junio es ideal por varios motivos. Te los contamos.<\/p>\n<p>&nbsp;<\/p>\n<p align=\"justify\"><b>1. Menos gente<\/b><\/p>\n<p align=\"justify\"><strong>En junio no hay tanta aglomeraci\u00f3n de gente<\/strong>, la isla no est\u00e1 tan cargada de turistas y, por tanto, en ella puedes disfrutar de esa tranquilidad y esa pasividad por la que se caracteriza.<\/p>\n<p>&nbsp;<\/p>\n<p align=\"justify\"><b>2. Playas<\/b><\/p>\n<p align=\"justify\">El hecho de que haya menos gente hace que uno de sus principales atractivos, <strong>las playas, est\u00e9n mucho m\u00e1s despejadas<\/strong>. \u00bfY las playas v\u00edrgenes? \u00a1Libres!<\/p>\n<p>&nbsp;<\/p>\n<p align=\"justify\"><b>3. Clima<\/b><\/p>\n<p align=\"justify\">A principios de verano la <strong>temperatura es s\u00faper apacible<\/strong>. El tiempo es c\u00e1lido, pero no tan agobiante como en los meses posteriores.<\/p>\n<p>&nbsp;<\/p>\n<p align=\"justify\"><b>4. Atardeceres<\/b><\/p>\n<p align=\"justify\">No puedes pasar unas vacaciones en Menorca en junio y perderte los <strong>m\u00e1gicos atardeceres<\/strong> que este mes te tiene preparados. En los mejores <a href=\"https:\/\/www.mnkvillas.com\/blog\/miradores-de-menorca\" target=\"_blank\" rel=\"noopener\">miradores de Menorca<\/a> disfrutar\u00e1s de preciosas vistas que, sin duda, te cautivar\u00e1n.<\/p>\n<p>&nbsp;<\/p>\n<p align=\"justify\"><b>5. Ecoturismo<\/b><\/p>\n<p align=\"justify\">Y, para los amantes del ecoturismo, junio tambi\u00e9n es un mes perfecto. <strong>Parajes verdes, cielos azules y campos cargados de flores<\/strong> de colores \u00bfacaso hay un lugar m\u00e1s maravilloso para pasar las vacaciones?<\/p>\n<p>&nbsp;<\/p>\n<p align=\"justify\">Desde luego, esta es una isla preciosa a la que se puede ir en cualquier \u00e9poca del a\u00f1o. Pero si quieres disfrutar de sus encantos y aprovechar cada instante, pasa tus vacaciones en Menorca en junio.<\/p>\n<p>&nbsp;<\/p>\n<p align=\"justify\">Y ya que est\u00e1s, si finalmente te vienes \u00a1cu\u00e9ntanos en nuestra p\u00e1gina de Facebook c\u00f3mo ha sido tu viaje!<\/p>\n<p>&nbsp;<\/p>\n<p align=\"center\"><b>Y t\u00fa \u00bfa qu\u00e9 esperas para venirte a Menorca?<\/b><\/p>\n<p>&nbsp;<\/p>\n","protected":false},"excerpt":{"rendered":"<p>Pasar unas vacaciones en Menorca en junio tiene muchas m\u00e1s ventajas de las que cre\u00edas. Y es que este mes tiene muchas cualidades para ser el elegido. &nbsp; Menorca es uno de los destinos tur\u00edsticos que m\u00e1s promueve la importancia de la sostenibilidad y el cuidado medioambiental. Y el d\u00eda 5 de junio es el &#8230; <a href=\"https://www.mnkvillas.com/blog\/vacaciones-en-menorca-en-junio\">Continuar<\/a><\/p>\n","protected":false},"author":2,"featured_media":2749,"comment_status":"closed","ping_status":"open","sticky":false,"template":"","format":"standard","meta":{"footnotes":""},"categories":[16,11],"tags":[],"class_list":["post-2747","post","type-post","status-publish","format-standard","has-post-thumbnail","hentry","category-naturaleza-en-menorca","category-vacaciones-en-menorca"],"yoast_head":"<!-- This site is optimized with the Yoast SEO plugin v27.4 - https:\/\/yoast.com\/product\/yoast-seo-wordpress\/ -->\n<title>Vacaciones en Menorca en junio \u00bfpor qu\u00e9 ese mes es perfecto?<\/title>\n<meta name=\"description\" content=\"Pasar unas vacaciones en Menorca en junio tiene muchas m\u00e1s ventajas de las que cre\u00edas. Y es que este mes tiene muchas cualidades para ser el elegido. Descubre cu\u00e1les son en este post.\" \/>\n<meta name=\"robots\" content=\"index, follow, max-snippet:-1, max-image-preview:large, max-video-preview:-1\" \/>\n<link rel=\"canonical\" href=\"https://www.mnkvillas.com/blog\/vacaciones-en-menorca-en-junio\" \/>\n<meta property=\"og:locale\" content=\"es_ES\" \/>\n<meta property=\"og:type\" content=\"article\" \/>\n<meta property=\"og:title\" content=\"Vacaciones en Menorca en junio \u00bfpor qu\u00e9 ese mes es perfecto?\" \/>\n<meta property=\"og:description\" content=\"Pasar unas vacaciones en Menorca en junio tiene muchas m\u00e1s ventajas de las que cre\u00edas. Y es que este mes tiene muchas cualidades para ser el elegido. Descubre cu\u00e1les son en este post.\" \/>\n<meta property=\"og:url\" content=\"https://www.mnkvillas.com/blog\/vacaciones-en-menorca-en-junio\" \/>\n<meta property=\"og:site_name\" content=\"El Blog de MNK Villas\" \/>\n<meta property=\"article:published_time\" content=\"2018-01-26T16:13:37+00:00\" \/>\n<meta property=\"article:modified_time\" content=\"2018-01-26T16:16:43+00:00\" \/>\n<meta property=\"og:image\" content=\"https://www.mnkvillas.com/blog\/wp-content\/uploads\/2018\/01\/Vacaciones-en-Menorca-en-junio-01.jpg\" \/>\n\t<meta property=\"og:image:width\" content=\"840\" \/>\n\t<meta property=\"og:image:height\" content=\"389\" \/>\n\t<meta property=\"og:image:type\" content=\"image\/jpeg\" \/>\n<meta name=\"author\" content=\"MNK Villas\" \/>\n<meta name=\"twitter:card\" content=\"summary_large_image\" \/>\n<meta name=\"twitter:label1\" content=\"Escrito por\" \/>\n\t<meta name=\"twitter:data1\" content=\"MNK Villas\" \/>\n\t<meta name=\"twitter:label2\" content=\"Tiempo de lectura\" \/>\n\t<meta name=\"twitter:data2\" content=\"2 minutos\" \/>\n<script type=\"application\/ld+json\" class=\"yoast-schema-graph\">{\"@context\":\"https:\\\/\\\/schema.org\",\"@graph\":[{\"@type\":\"Article\",\"@id\":\"https:\\\/\\\/blog.mnkvillas.com\\\/vacaciones-en-menorca-en-junio#article\",\"isPartOf\":{\"@id\":\"https:\\\/\\\/blog.mnkvillas.com\\\/vacaciones-en-menorca-en-junio\"},\"author\":{\"name\":\"MNK Villas\",\"@id\":\"https:\\\/\\\/blog.mnkvillas.com\\\/#\\\/schema\\\/person\\\/5efebb89c1bdae18cb0ab6c4a34d438d\"},\"headline\":\"Vacaciones en Menorca en junio \u00bfpor qu\u00e9 ese mes es perfecto?\",\"datePublished\":\"2018-01-26T16:13:37+00:00\",\"dateModified\":\"2018-01-26T16:16:43+00:00\",\"mainEntityOfPage\":{\"@id\":\"https:\\\/\\\/blog.mnkvillas.com\\\/vacaciones-en-menorca-en-junio\"},\"wordCount\":407,\"image\":{\"@id\":\"https:\\\/\\\/blog.mnkvillas.com\\\/vacaciones-en-menorca-en-junio#primaryimage\"},\"thumbnailUrl\":\"https:\\\/\\\/blog.mnkvillas.com\\\/wp-content\\\/uploads\\\/2018\\\/01\\\/Vacaciones-en-Menorca-en-junio-01.jpg\",\"articleSection\":[\"Naturaleza en Menorca\",\"Vacaciones en Menorca\"],\"inLanguage\":\"es\"},{\"@type\":\"WebPage\",\"@id\":\"https:\\\/\\\/blog.mnkvillas.com\\\/vacaciones-en-menorca-en-junio\",\"url\":\"https:\\\/\\\/blog.mnkvillas.com\\\/vacaciones-en-menorca-en-junio\",\"name\":\"Vacaciones en Menorca en junio \u00bfpor qu\u00e9 ese mes es perfecto?\",\"isPartOf\":{\"@id\":\"https:\\\/\\\/blog.mnkvillas.com\\\/#website\"},\"primaryImageOfPage\":{\"@id\":\"https:\\\/\\\/blog.mnkvillas.com\\\/vacaciones-en-menorca-en-junio#primaryimage\"},\"image\":{\"@id\":\"https:\\\/\\\/blog.mnkvillas.com\\\/vacaciones-en-menorca-en-junio#primaryimage\"},\"thumbnailUrl\":\"https:\\\/\\\/blog.mnkvillas.com\\\/wp-content\\\/uploads\\\/2018\\\/01\\\/Vacaciones-en-Menorca-en-junio-01.jpg\",\"datePublished\":\"2018-01-26T16:13:37+00:00\",\"dateModified\":\"2018-01-26T16:16:43+00:00\",\"author\":{\"@id\":\"https:\\\/\\\/blog.mnkvillas.com\\\/#\\\/schema\\\/person\\\/5efebb89c1bdae18cb0ab6c4a34d438d\"},\"description\":\"Pasar unas vacaciones en Menorca en junio tiene muchas m\u00e1s ventajas de las que cre\u00edas. Y es que este mes tiene muchas cualidades para ser el elegido. Descubre cu\u00e1les son en este post.\",\"breadcrumb\":{\"@id\":\"https:\\\/\\\/blog.mnkvillas.com\\\/vacaciones-en-menorca-en-junio#breadcrumb\"},\"inLanguage\":\"es\",\"potentialAction\":[{\"@type\":\"ReadAction\",\"target\":[\"https:\\\/\\\/blog.mnkvillas.com\\\/vacaciones-en-menorca-en-junio\"]}]},{\"@type\":\"ImageObject\",\"inLanguage\":\"es\",\"@id\":\"https:\\\/\\\/blog.mnkvillas.com\\\/vacaciones-en-menorca-en-junio#primaryimage\",\"url\":\"https:\\\/\\\/blog.mnkvillas.com\\\/wp-content\\\/uploads\\\/2018\\\/01\\\/Vacaciones-en-Menorca-en-junio-01.jpg\",\"contentUrl\":\"https:\\\/\\\/blog.mnkvillas.com\\\/wp-content\\\/uploads\\\/2018\\\/01\\\/Vacaciones-en-Menorca-en-junio-01.jpg\",\"width\":840,\"height\":389,\"caption\":\"vacaciones en Menorca en junio-01\"},{\"@type\":\"BreadcrumbList\",\"@id\":\"https:\\\/\\\/blog.mnkvillas.com\\\/vacaciones-en-menorca-en-junio#breadcrumb\",\"itemListElement\":[{\"@type\":\"ListItem\",\"position\":1,\"name\":\"Portada\",\"item\":\"https:\\\/\\\/blog.mnkvillas.com\\\/\"},{\"@type\":\"ListItem\",\"position\":2,\"name\":\"Vacaciones en Menorca en junio \u00bfpor qu\u00e9 ese mes es perfecto?\"}]},{\"@type\":\"WebSite\",\"@id\":\"https:\\\/\\\/blog.mnkvillas.com\\\/#website\",\"url\":\"https:\\\/\\\/blog.mnkvillas.com\\\/\",\"name\":\"El Blog de MNK Villas\",\"description\":\"Gesti\u00f3n y comercializaci\u00f3n de casas y villas en Menorca\",\"potentialAction\":[{\"@type\":\"SearchAction\",\"target\":{\"@type\":\"EntryPoint\",\"urlTemplate\":\"https:\\\/\\\/blog.mnkvillas.com\\\/?s={search_term_string}\"},\"query-input\":{\"@type\":\"PropertyValueSpecification\",\"valueRequired\":true,\"valueName\":\"search_term_string\"}}],\"inLanguage\":\"es\"},{\"@type\":\"Person\",\"@id\":\"https:\\\/\\\/blog.mnkvillas.com\\\/#\\\/schema\\\/person\\\/5efebb89c1bdae18cb0ab6c4a34d438d\",\"name\":\"MNK Villas\",\"image\":{\"@type\":\"ImageObject\",\"inLanguage\":\"es\",\"@id\":\"https:\\\/\\\/secure.gravatar.com\\\/avatar\\\/32fd5f16b06bfc66336905f2701aff5bb0df631080894bd3d84147be1c1a1ac8?s=96&d=mm&r=g\",\"url\":\"https:\\\/\\\/secure.gravatar.com\\\/avatar\\\/32fd5f16b06bfc66336905f2701aff5bb0df631080894bd3d84147be1c1a1ac8?s=96&d=mm&r=g\",\"contentUrl\":\"https:\\\/\\\/secure.gravatar.com\\\/avatar\\\/32fd5f16b06bfc66336905f2701aff5bb0df631080894bd3d84147be1c1a1ac8?s=96&d=mm&r=g\",\"caption\":\"MNK Villas\"},\"url\":\"https:\\\/\\\/blog.mnkvillas.com\\\/author\\\/mnk-villas\"}]}<\/script>\n<!-- \/ Yoast SEO plugin. -->","yoast_head_json":{"title":"Vacaciones en Menorca en junio \u00bfpor qu\u00e9 ese mes es perfecto?","description":"Pasar unas vacaciones en Menorca en junio tiene muchas m\u00e1s ventajas de las que cre\u00edas. Y es que este mes tiene muchas cualidades para ser el elegido. Descubre cu\u00e1les son en este post.","robots":{"index":"index","follow":"follow","max-snippet":"max-snippet:-1","max-image-preview":"max-image-preview:large","max-video-preview":"max-video-preview:-1"},"canonical":"https://www.mnkvillas.com/blog\/vacaciones-en-menorca-en-junio","og_locale":"es_ES","og_type":"article","og_title":"Vacaciones en Menorca en junio \u00bfpor qu\u00e9 ese mes es perfecto?","og_description":"Pasar unas vacaciones en Menorca en junio tiene muchas m\u00e1s ventajas de las que cre\u00edas. Y es que este mes tiene muchas cualidades para ser el elegido. Descubre cu\u00e1les son en este post.","og_url":"https://www.mnkvillas.com/blog\/vacaciones-en-menorca-en-junio","og_site_name":"El Blog de MNK Villas","article_published_time":"2018-01-26T16:13:37+00:00","article_modified_time":"2018-01-26T16:16:43+00:00","og_image":[{"width":840,"height":389,"url":"https://www.mnkvillas.com/blog\/wp-content\/uploads\/2018\/01\/Vacaciones-en-Menorca-en-junio-01.jpg","type":"image\/jpeg"}],"author":"MNK Villas","twitter_card":"summary_large_image","twitter_misc":{"Escrito por":"MNK Villas","Tiempo de lectura":"2 minutos"},"schema":{"@context":"https:\/\/schema.org","@graph":[{"@type":"Article","@id":"https://www.mnkvillas.com/blog\/vacaciones-en-menorca-en-junio#article","isPartOf":{"@id":"https://www.mnkvillas.com/blog\/vacaciones-en-menorca-en-junio"},"author":{"name":"MNK Villas","@id":"https://www.mnkvillas.com/blog\/#\/schema\/person\/5efebb89c1bdae18cb0ab6c4a34d438d"},"headline":"Vacaciones en Menorca en junio \u00bfpor qu\u00e9 ese mes es perfecto?","datePublished":"2018-01-26T16:13:37+00:00","dateModified":"2018-01-26T16:16:43+00:00","mainEntityOfPage":{"@id":"https://www.mnkvillas.com/blog\/vacaciones-en-menorca-en-junio"},"wordCount":407,"image":{"@id":"https://www.mnkvillas.com/blog\/vacaciones-en-menorca-en-junio#primaryimage"},"thumbnailUrl":"https://www.mnkvillas.com/blog\/wp-content\/uploads\/2018\/01\/Vacaciones-en-Menorca-en-junio-01.jpg","articleSection":["Naturaleza en Menorca","Vacaciones en Menorca"],"inLanguage":"es"},{"@type":"WebPage","@id":"https://www.mnkvillas.com/blog\/vacaciones-en-menorca-en-junio","url":"https://www.mnkvillas.com/blog\/vacaciones-en-menorca-en-junio","name":"Vacaciones en Menorca en junio \u00bfpor qu\u00e9 ese mes es perfecto?","isPartOf":{"@id":"https://www.mnkvillas.com/blog\/#website"},"primaryImageOfPage":{"@id":"https://www.mnkvillas.com/blog\/vacaciones-en-menorca-en-junio#primaryimage"},"image":{"@id":"https://www.mnkvillas.com/blog\/vacaciones-en-menorca-en-junio#primaryimage"},"thumbnailUrl":"https://www.mnkvillas.com/blog\/wp-content\/uploads\/2018\/01\/Vacaciones-en-Menorca-en-junio-01.jpg","datePublished":"2018-01-26T16:13:37+00:00","dateModified":"2018-01-26T16:16:43+00:00","author":{"@id":"https://www.mnkvillas.com/blog\/#\/schema\/person\/5efebb89c1bdae18cb0ab6c4a34d438d"},"description":"Pasar unas vacaciones en Menorca en junio tiene muchas m\u00e1s ventajas de las que cre\u00edas. Y es que este mes tiene muchas cualidades para ser el elegido. Descubre cu\u00e1les son en este post.","breadcrumb":{"@id":"https://www.mnkvillas.com/blog\/vacaciones-en-menorca-en-junio#breadcrumb"},"inLanguage":"es","potentialAction":[{"@type":"ReadAction","target":["https://www.mnkvillas.com/blog\/vacaciones-en-menorca-en-junio"]}]},{"@type":"ImageObject","inLanguage":"es","@id":"https://www.mnkvillas.com/blog\/vacaciones-en-menorca-en-junio#primaryimage","url":"https://www.mnkvillas.com/blog\/wp-content\/uploads\/2018\/01\/Vacaciones-en-Menorca-en-junio-01.jpg","contentUrl":"https://www.mnkvillas.com/blog\/wp-content\/uploads\/2018\/01\/Vacaciones-en-Menorca-en-junio-01.jpg","width":840,"height":389,"caption":"vacaciones en Menorca en junio-01"},{"@type":"BreadcrumbList","@id":"https://www.mnkvillas.com/blog\/vacaciones-en-menorca-en-junio#breadcrumb","itemListElement":[{"@type":"ListItem","position":1,"name":"Portada","item":"https://www.mnkvillas.com/blog\/"},{"@type":"ListItem","position":2,"name":"Vacaciones en Menorca en junio \u00bfpor qu\u00e9 ese mes es perfecto?"}]},{"@type":"WebSite","@id":"https://www.mnkvillas.com/blog\/#website","url":"https://www.mnkvillas.com/blog\/","name":"El Blog de MNK Villas","description":"Gesti\u00f3n y comercializaci\u00f3n de casas y villas en Menorca","potentialAction":[{"@type":"SearchAction","target":{"@type":"EntryPoint","urlTemplate":"https://www.mnkvillas.com/blog\/?s={search_term_string}"},"query-input":{"@type":"PropertyValueSpecification","valueRequired":true,"valueName":"search_term_string"}}],"inLanguage":"es"},{"@type":"Person","@id":"https://www.mnkvillas.com/blog\/#\/schema\/person\/5efebb89c1bdae18cb0ab6c4a34d438d","name":"MNK Villas","image":{"@type":"ImageObject","inLanguage":"es","@id":"https:\/\/secure.gravatar.com\/avatar\/32fd5f16b06bfc66336905f2701aff5bb0df631080894bd3d84147be1c1a1ac8?s=96&d=mm&r=g","url":"https:\/\/secure.gravatar.com\/avatar\/32fd5f16b06bfc66336905f2701aff5bb0df631080894bd3d84147be1c1a1ac8?s=96&d=mm&r=g","contentUrl":"https:\/\/secure.gravatar.com\/avatar\/32fd5f16b06bfc66336905f2701aff5bb0df631080894bd3d84147be1c1a1ac8?s=96&d=mm&r=g","caption":"MNK Villas"},"url":"https://www.mnkvillas.com/blog\/author\/mnk-villas"}]}},"_links":{"self":[{"href":"https://www.mnkvillas.com/blog\/wp-json\/wp\/v2\/posts\/2747","targetHints":{"allow":["GET"]}}],"collection":[{"href":"https://www.mnkvillas.com/blog\/wp-json\/wp\/v2\/posts"}],"about":[{"href":"https://www.mnkvillas.com/blog\/wp-json\/wp\/v2\/types\/post"}],"author":[{"embeddable":true,"href":"https://www.mnkvillas.com/blog\/wp-json\/wp\/v2\/users\/2"}],"replies":[{"embeddable":true,"href":"https://www.mnkvillas.com/blog\/wp-json\/wp\/v2\/comments?post=2747"}],"version-history":[{"count":5,"href":"https://www.mnkvillas.com/blog\/wp-json\/wp\/v2\/posts\/2747\/revisions"}],"predecessor-version":[{"id":2753,"href":"https://www.mnkvillas.com/blog\/wp-json\/wp\/v2\/posts\/2747\/revisions\/2753"}],"wp:featuredmedia":[{"embeddable":true,"href":"https://www.mnkvillas.com/blog\/wp-json\/wp\/v2\/media\/2749"}],"wp:attachment":[{"href":"https://www.mnkvillas.com/blog\/wp-json\/wp\/v2\/media?parent=2747"}],"wp:term":[{"taxonomy":"category","embeddable":true,"href":"https://www.mnkvillas.com/blog\/wp-json\/wp\/v2\/categories?post=2747"},{"taxonomy":"post_tag","embeddable":true,"href":"https://www.mnkvillas.com/blog\/wp-json\/wp\/v2\/tags?post=2747"}],"curies":[{"name":"wp","href":"https:\/\/api.w.org\/{rel}","templated":true}]}}