{"id":2317,"date":"2017-09-25T10:00:03","date_gmt":"2017-09-25T10:00:03","guid":{"rendered":"https://www.mnkvillas.com/blog\/?p=2317"},"modified":"2017-09-27T12:43:41","modified_gmt":"2017-09-27T12:43:41","slug":"dia-mundial-del-turismo-en-menorca-2017","status":"publish","type":"post","link":"https://www.mnkvillas.com/blog\/dia-mundial-del-turismo-en-menorca-2017","title":{"rendered":"D\u00eda Mundial del Turismo en Menorca 2017 \u00a1Descubre sus secretos!"},"content":{"rendered":"<p align=\"center\">El D\u00eda Mundial del Turismo en Menorca tambi\u00e9n se celebra \u00bfquieres saber c\u00f3mo?<\/p>\n<p>&nbsp;<\/p>\n<div id=\"attachment_2318\" style=\"width: 850px\" class=\"wp-caption aligncenter\"><a href=\"https:\/\/www.mnkvillas.com\/blog\/dia-mundial-del-turismo-en-menorca-2017\" target=\"_blank\" rel=\"noopener\"><img loading=\"lazy\" decoding=\"async\" aria-describedby=\"caption-attachment-2318\" class=\"wp-image-2318 size-full\" title=\"dia mundial del turismo en menorca\" src=\"https://www.mnkvillas.com/blog\/wp-content\/uploads\/2017\/09\/D\u00eda-mundial-del-Turismo-01.jpg\" alt=\"dia mundial del turismo en menorca\" width=\"840\" height=\"389\" srcset=\"https://www.mnkvillas.com/blog\/wp-content\/uploads\/2017\/09\/D\u00eda-mundial-del-Turismo-01.jpg 840w, https://www.mnkvillas.com/blog\/wp-content\/uploads\/2017\/09\/D\u00eda-mundial-del-Turismo-01-300x139.jpg 300w, https://www.mnkvillas.com/blog\/wp-content\/uploads\/2017\/09\/D\u00eda-mundial-del-Turismo-01-768x356.jpg 768w\" sizes=\"auto, (max-width: 840px) 100vw, 840px\" \/><\/a><p id=\"caption-attachment-2318\" class=\"wp-caption-text\">El D\u00eda Mundial del Turismo tambi\u00e9n se celebra en Menorca | MNKVillas<\/p><\/div>\n<p>&nbsp;<\/p>\n<p align=\"justify\">La <a href=\"http:\/\/media.unwto.org\/es\">Organizaci\u00f3n Mundial del Turismo<\/a> (OMT) declar\u00f3 en 1980 el 27 de septiembre como el D\u00eda Mundial del Turismo. Desde entonces, cada 27 de septiembre es especial y, como no pod\u00eda ser de otra manera, en Menorca tambi\u00e9n se celebra.<\/p>\n<p>&nbsp;<\/p>\n<p align=\"justify\">Menorca es uno de los destinos tur\u00edsticos por excelencia de Espa\u00f1a. Solo en 2016, la isla recibi\u00f3 a m\u00e1s de 1,4 millones de personas, una cifra que parece batir todos sus r\u00e9cords hist\u00f3ricos.<\/p>\n<p>&nbsp;<\/p>\n<p align=\"justify\">Pero \u00bfqu\u00e9 es lo que la hace tan especial? \u00bfPor qu\u00e9 es tan visitada?<\/p>\n<p>&nbsp;<\/p>\n<h2 align=\"justify\"><b>Turismo en Menorca<\/b><\/h2>\n<h3 align=\"justify\"><b>Principales motivos por los que los turistas eligen la isla<\/b><\/h3>\n<p>&nbsp;<\/p>\n<p align=\"justify\">Puede que pienses que las playas ocupan el n\u00famero uno. Sin embargo, \u00a1no lo son! Algunos de los principales motivos por los que los turistas deciden escoger Menorca como destino tur\u00edstico son:<\/p>\n<p>&nbsp;<\/p>\n<p align=\"justify\"><strong>El clima<\/strong><\/p>\n<p align=\"justify\">El clima de Menorca es excepcionalmente bueno y estable durante pr\u00e1cticamente todo el a\u00f1o. La temperatura media anual es de unos 20 grados, por lo que disfrutar de la isla es posible tanto en verano como en invierno.<\/p>\n<p>&nbsp;<\/p>\n<p align=\"justify\"><strong>Los paisajes<\/strong><\/p>\n<p align=\"justify\">Tan sorprendentes como bonitos son sus paisajes. Los hay para todo tipo de turista: para los amantes de lo rural, para quienes prefieren las playas, para los apasionados de lo ecuestre, para quienes prefieren turismo activo.<\/p>\n<p align=\"justify\">Pases por donde pases, en Menorca tienes un lugar, un paisaje digno de admiraci\u00f3n.<\/p>\n<p>&nbsp;<\/p>\n<p align=\"justify\"><strong>La tranquilidad<\/strong><\/p>\n<p align=\"justify\">La tranquilidad de Menorca es uno de sus principales sellos de identidad, pues la isla se caracteriza por su estilo <i>slow<\/i>, es decir, su ritmo sosegado y apacible. Si a tranquilidad unimos la amabilidad de sus residentes y la seguridad no podemos negar que tenemos un destino tur\u00edstico al que a todos nos encantar\u00eda viajar.<\/p>\n<p>&nbsp;<\/p>\n<p align=\"justify\"><strong>Las playas<\/strong><\/p>\n<p align=\"justify\">Magn\u00edficos rincones v\u00edrgenes con encanto que te invitan a desconectar, as\u00ed son las <a href=\"https:\/\/www.mnkvillas.com\/blog\/calas-de-menorca-vacaciones-verano-2017\">playas de Menorca<\/a>. Un remanso de paz, de sosiego capaces de endulzar a cualquier viajero.<\/p>\n<p>&nbsp;<\/p>\n<h2 align=\"justify\"><strong>\u00bfY c\u00f3mo se celebrar\u00e1 el D\u00eda Mundial del Turismo en Menorca 2017?<\/strong><\/h2>\n<p>&nbsp;<\/p>\n<p align=\"justify\">El Ayuntamiento de Ciutadela ha preparado una <a href=\"http:\/\/www.ajciutadella.org\/Contingut.aspx?IdPub=24405\">visita dramatizada gratuita<\/a> el mismo d\u00eda 27.\u00a0Es el segundo a\u00f1o que se realiza, se denomina El secreto de Ciutadela y tiene como objetivo contar su historia y su car\u00e1cter de una forma mucho m\u00e1s amena y entretenida.<\/p>\n<p>&nbsp;<\/p>\n<p>Adem\u00e1s de esto, tal y como se\u00f1ala el portal <a href=\"http:\/\/menorcaaldia.com\/2017\/09\/25\/celebracion-del-dia-mundial-del-turismo-en-menorca\/\">menorcaald\u00eda.com<\/a>, algunos de los monumentos prehist\u00f3ricos de la cultura talay\u00f3tica menorquina abren sus puertas de forma totalmente gratuita durante este d\u00eda. La Naveta des Tudons, la Torre d&#8217;en Galm\u00e9s y el poblado talay\u00f3tico de Trepuc\u00f3 son algunos de ellos. El Fort Marlbourough y la Torre de Fornells tambi\u00e9n se suman a la iniciativa.<\/p>\n<p>&nbsp;<\/p>\n<p align=\"justify\">Como ves, Menorca es perfecta tanto en verano como en invierno. Y ello se percibe tambi\u00e9n con la innumerable oferta de actividades que los diferentes organismos presentan durante todo el a\u00f1o. Por supuesto, el D\u00eda Mundial del Turismo en Menorca 2017 es una oportunidad de lujo para dar a conocer las bondades de un destino tur\u00edstico sin igual como Menorca.<\/p>\n<p>&nbsp;<\/p>\n<p align=\"center\"><b>\u00a1Descubre los secretos de Ciudadela en el D\u00eda Mundial del Turismo en Menorca!<\/b><\/p>\n<p>&nbsp;<\/p>\n<p align=\"center\"><a href=\"http:\/\/www.mnkvillas.com\" target=\"_blank\" rel=\"noopener\"><img loading=\"lazy\" decoding=\"async\" class=\"aligncenter wp-image-1401\" title=\"alojamiento en menorca\" src=\"https://www.mnkvillas.com/blog\/wp-content\/uploads\/2016\/06\/LOGOTIPO_final_horizontal_transp.png\" alt=\"alojamiento en menorca\" width=\"220\" height=\"65\" \/><\/a><\/p>\n","protected":false},"excerpt":{"rendered":"<p>El D\u00eda Mundial del Turismo en Menorca tambi\u00e9n se celebra \u00bfquieres saber c\u00f3mo? &nbsp; &nbsp; La Organizaci\u00f3n Mundial del Turismo (OMT) declar\u00f3 en 1980 el 27 de septiembre como el D\u00eda Mundial del Turismo. Desde entonces, cada 27 de septiembre es especial y, como no pod\u00eda ser de otra manera, en Menorca tambi\u00e9n se celebra. &#8230; <a href=\"https://www.mnkvillas.com/blog\/dia-mundial-del-turismo-en-menorca-2017\">Continuar<\/a><\/p>\n","protected":false},"author":2,"featured_media":2324,"comment_status":"closed","ping_status":"open","sticky":false,"template":"","format":"standard","meta":{"footnotes":""},"categories":[9],"tags":[],"class_list":["post-2317","post","type-post","status-publish","format-standard","has-post-thumbnail","hentry","category-turismo-en-menorca"],"yoast_head":"<!-- This site is optimized with the Yoast SEO plugin v27.4 - https:\/\/yoast.com\/product\/yoast-seo-wordpress\/ -->\n<title>D\u00eda Mundial del Turismo en Menorca 2017 \u00a1tambi\u00e9n aqu\u00ed se celebra!<\/title>\n<meta name=\"description\" content=\"D\u00eda Mundial del Turismo en Menorca 2017: en MNK Villas te contamos c\u00f3mo se celebra en Ciudadela este d\u00eda tan especial para la isla.\" \/>\n<meta name=\"robots\" content=\"index, follow, max-snippet:-1, max-image-preview:large, max-video-preview:-1\" \/>\n<link rel=\"canonical\" href=\"https://www.mnkvillas.com/blog\/dia-mundial-del-turismo-en-menorca-2017\" \/>\n<meta property=\"og:locale\" content=\"es_ES\" \/>\n<meta property=\"og:type\" content=\"article\" \/>\n<meta property=\"og:title\" content=\"D\u00eda Mundial del Turismo en Menorca 2017 \u00a1tambi\u00e9n aqu\u00ed se celebra!\" \/>\n<meta property=\"og:description\" content=\"D\u00eda Mundial del Turismo en Menorca 2017: en MNK Villas te contamos c\u00f3mo se celebra en Ciudadela este d\u00eda tan especial para la isla.\" \/>\n<meta property=\"og:url\" content=\"https://www.mnkvillas.com/blog\/dia-mundial-del-turismo-en-menorca-2017\" \/>\n<meta property=\"og:site_name\" content=\"El Blog de MNK Villas\" \/>\n<meta property=\"article:published_time\" content=\"2017-09-25T10:00:03+00:00\" \/>\n<meta property=\"article:modified_time\" content=\"2017-09-27T12:43:41+00:00\" \/>\n<meta property=\"og:image\" content=\"https://www.mnkvillas.com/blog\/wp-content\/uploads\/2017\/09\/D\u00cdA-MUNDIAL-DEL-TURISMO-1.png\" \/>\n\t<meta property=\"og:image:width\" content=\"800\" \/>\n\t<meta property=\"og:image:height\" content=\"800\" \/>\n\t<meta property=\"og:image:type\" content=\"image\/png\" \/>\n<meta name=\"author\" content=\"MNK Villas\" \/>\n<meta name=\"twitter:card\" content=\"summary_large_image\" \/>\n<meta name=\"twitter:label1\" content=\"Escrito por\" \/>\n\t<meta name=\"twitter:data1\" content=\"MNK Villas\" \/>\n\t<meta name=\"twitter:label2\" content=\"Tiempo de lectura\" \/>\n\t<meta name=\"twitter:data2\" content=\"3 minutos\" \/>\n<script type=\"application\/ld+json\" class=\"yoast-schema-graph\">{\"@context\":\"https:\\\/\\\/schema.org\",\"@graph\":[{\"@type\":\"Article\",\"@id\":\"https:\\\/\\\/blog.mnkvillas.com\\\/dia-mundial-del-turismo-en-menorca-2017#article\",\"isPartOf\":{\"@id\":\"https:\\\/\\\/blog.mnkvillas.com\\\/dia-mundial-del-turismo-en-menorca-2017\"},\"author\":{\"name\":\"MNK Villas\",\"@id\":\"https:\\\/\\\/blog.mnkvillas.com\\\/#\\\/schema\\\/person\\\/5efebb89c1bdae18cb0ab6c4a34d438d\"},\"headline\":\"D\u00eda Mundial del Turismo en Menorca 2017 \u00a1Descubre sus secretos!\",\"datePublished\":\"2017-09-25T10:00:03+00:00\",\"dateModified\":\"2017-09-27T12:43:41+00:00\",\"mainEntityOfPage\":{\"@id\":\"https:\\\/\\\/blog.mnkvillas.com\\\/dia-mundial-del-turismo-en-menorca-2017\"},\"wordCount\":596,\"image\":{\"@id\":\"https:\\\/\\\/blog.mnkvillas.com\\\/dia-mundial-del-turismo-en-menorca-2017#primaryimage\"},\"thumbnailUrl\":\"https:\\\/\\\/blog.mnkvillas.com\\\/wp-content\\\/uploads\\\/2017\\\/09\\\/D\u00cdA-MUNDIAL-DEL-TURISMO-1.png\",\"articleSection\":[\"Turismo en Menorca\"],\"inLanguage\":\"es\"},{\"@type\":\"WebPage\",\"@id\":\"https:\\\/\\\/blog.mnkvillas.com\\\/dia-mundial-del-turismo-en-menorca-2017\",\"url\":\"https:\\\/\\\/blog.mnkvillas.com\\\/dia-mundial-del-turismo-en-menorca-2017\",\"name\":\"D\u00eda Mundial del Turismo en Menorca 2017 \u00a1tambi\u00e9n aqu\u00ed se celebra!\",\"isPartOf\":{\"@id\":\"https:\\\/\\\/blog.mnkvillas.com\\\/#website\"},\"primaryImageOfPage\":{\"@id\":\"https:\\\/\\\/blog.mnkvillas.com\\\/dia-mundial-del-turismo-en-menorca-2017#primaryimage\"},\"image\":{\"@id\":\"https:\\\/\\\/blog.mnkvillas.com\\\/dia-mundial-del-turismo-en-menorca-2017#primaryimage\"},\"thumbnailUrl\":\"https:\\\/\\\/blog.mnkvillas.com\\\/wp-content\\\/uploads\\\/2017\\\/09\\\/D\u00cdA-MUNDIAL-DEL-TURISMO-1.png\",\"datePublished\":\"2017-09-25T10:00:03+00:00\",\"dateModified\":\"2017-09-27T12:43:41+00:00\",\"author\":{\"@id\":\"https:\\\/\\\/blog.mnkvillas.com\\\/#\\\/schema\\\/person\\\/5efebb89c1bdae18cb0ab6c4a34d438d\"},\"description\":\"D\u00eda Mundial del Turismo en Menorca 2017: en MNK Villas te contamos c\u00f3mo se celebra en Ciudadela este d\u00eda tan especial para la isla.\",\"breadcrumb\":{\"@id\":\"https:\\\/\\\/blog.mnkvillas.com\\\/dia-mundial-del-turismo-en-menorca-2017#breadcrumb\"},\"inLanguage\":\"es\",\"potentialAction\":[{\"@type\":\"ReadAction\",\"target\":[\"https:\\\/\\\/blog.mnkvillas.com\\\/dia-mundial-del-turismo-en-menorca-2017\"]}]},{\"@type\":\"ImageObject\",\"inLanguage\":\"es\",\"@id\":\"https:\\\/\\\/blog.mnkvillas.com\\\/dia-mundial-del-turismo-en-menorca-2017#primaryimage\",\"url\":\"https:\\\/\\\/blog.mnkvillas.com\\\/wp-content\\\/uploads\\\/2017\\\/09\\\/D\u00cdA-MUNDIAL-DEL-TURISMO-1.png\",\"contentUrl\":\"https:\\\/\\\/blog.mnkvillas.com\\\/wp-content\\\/uploads\\\/2017\\\/09\\\/D\u00cdA-MUNDIAL-DEL-TURISMO-1.png\",\"width\":800,\"height\":800,\"caption\":\"d\u00eda mundial del turismo en menorca\"},{\"@type\":\"BreadcrumbList\",\"@id\":\"https:\\\/\\\/blog.mnkvillas.com\\\/dia-mundial-del-turismo-en-menorca-2017#breadcrumb\",\"itemListElement\":[{\"@type\":\"ListItem\",\"position\":1,\"name\":\"Portada\",\"item\":\"https:\\\/\\\/blog.mnkvillas.com\\\/\"},{\"@type\":\"ListItem\",\"position\":2,\"name\":\"D\u00eda Mundial del Turismo en Menorca 2017 \u00a1Descubre sus secretos!\"}]},{\"@type\":\"WebSite\",\"@id\":\"https:\\\/\\\/blog.mnkvillas.com\\\/#website\",\"url\":\"https:\\\/\\\/blog.mnkvillas.com\\\/\",\"name\":\"El Blog de MNK Villas\",\"description\":\"Gesti\u00f3n y comercializaci\u00f3n de casas y villas en Menorca\",\"potentialAction\":[{\"@type\":\"SearchAction\",\"target\":{\"@type\":\"EntryPoint\",\"urlTemplate\":\"https:\\\/\\\/blog.mnkvillas.com\\\/?s={search_term_string}\"},\"query-input\":{\"@type\":\"PropertyValueSpecification\",\"valueRequired\":true,\"valueName\":\"search_term_string\"}}],\"inLanguage\":\"es\"},{\"@type\":\"Person\",\"@id\":\"https:\\\/\\\/blog.mnkvillas.com\\\/#\\\/schema\\\/person\\\/5efebb89c1bdae18cb0ab6c4a34d438d\",\"name\":\"MNK Villas\",\"image\":{\"@type\":\"ImageObject\",\"inLanguage\":\"es\",\"@id\":\"https:\\\/\\\/secure.gravatar.com\\\/avatar\\\/32fd5f16b06bfc66336905f2701aff5bb0df631080894bd3d84147be1c1a1ac8?s=96&d=mm&r=g\",\"url\":\"https:\\\/\\\/secure.gravatar.com\\\/avatar\\\/32fd5f16b06bfc66336905f2701aff5bb0df631080894bd3d84147be1c1a1ac8?s=96&d=mm&r=g\",\"contentUrl\":\"https:\\\/\\\/secure.gravatar.com\\\/avatar\\\/32fd5f16b06bfc66336905f2701aff5bb0df631080894bd3d84147be1c1a1ac8?s=96&d=mm&r=g\",\"caption\":\"MNK Villas\"},\"url\":\"https:\\\/\\\/blog.mnkvillas.com\\\/author\\\/mnk-villas\"}]}<\/script>\n<!-- \/ Yoast SEO plugin. -->","yoast_head_json":{"title":"D\u00eda Mundial del Turismo en Menorca 2017 \u00a1tambi\u00e9n aqu\u00ed se celebra!","description":"D\u00eda Mundial del Turismo en Menorca 2017: en MNK Villas te contamos c\u00f3mo se celebra en Ciudadela este d\u00eda tan especial para la isla.","robots":{"index":"index","follow":"follow","max-snippet":"max-snippet:-1","max-image-preview":"max-image-preview:large","max-video-preview":"max-video-preview:-1"},"canonical":"https://www.mnkvillas.com/blog\/dia-mundial-del-turismo-en-menorca-2017","og_locale":"es_ES","og_type":"article","og_title":"D\u00eda Mundial del Turismo en Menorca 2017 \u00a1tambi\u00e9n aqu\u00ed se celebra!","og_description":"D\u00eda Mundial del Turismo en Menorca 2017: en MNK Villas te contamos c\u00f3mo se celebra en Ciudadela este d\u00eda tan especial para la isla.","og_url":"https://www.mnkvillas.com/blog\/dia-mundial-del-turismo-en-menorca-2017","og_site_name":"El Blog de MNK Villas","article_published_time":"2017-09-25T10:00:03+00:00","article_modified_time":"2017-09-27T12:43:41+00:00","og_image":[{"width":800,"height":800,"url":"https://www.mnkvillas.com/blog\/wp-content\/uploads\/2017\/09\/D\u00cdA-MUNDIAL-DEL-TURISMO-1.png","type":"image\/png"}],"author":"MNK Villas","twitter_card":"summary_large_image","twitter_misc":{"Escrito por":"MNK Villas","Tiempo de lectura":"3 minutos"},"schema":{"@context":"https:\/\/schema.org","@graph":[{"@type":"Article","@id":"https://www.mnkvillas.com/blog\/dia-mundial-del-turismo-en-menorca-2017#article","isPartOf":{"@id":"https://www.mnkvillas.com/blog\/dia-mundial-del-turismo-en-menorca-2017"},"author":{"name":"MNK Villas","@id":"https://www.mnkvillas.com/blog\/#\/schema\/person\/5efebb89c1bdae18cb0ab6c4a34d438d"},"headline":"D\u00eda Mundial del Turismo en Menorca 2017 \u00a1Descubre sus secretos!","datePublished":"2017-09-25T10:00:03+00:00","dateModified":"2017-09-27T12:43:41+00:00","mainEntityOfPage":{"@id":"https://www.mnkvillas.com/blog\/dia-mundial-del-turismo-en-menorca-2017"},"wordCount":596,"image":{"@id":"https://www.mnkvillas.com/blog\/dia-mundial-del-turismo-en-menorca-2017#primaryimage"},"thumbnailUrl":"https://www.mnkvillas.com/blog\/wp-content\/uploads\/2017\/09\/D\u00cdA-MUNDIAL-DEL-TURISMO-1.png","articleSection":["Turismo en Menorca"],"inLanguage":"es"},{"@type":"WebPage","@id":"https://www.mnkvillas.com/blog\/dia-mundial-del-turismo-en-menorca-2017","url":"https://www.mnkvillas.com/blog\/dia-mundial-del-turismo-en-menorca-2017","name":"D\u00eda Mundial del Turismo en Menorca 2017 \u00a1tambi\u00e9n aqu\u00ed se celebra!","isPartOf":{"@id":"https://www.mnkvillas.com/blog\/#website"},"primaryImageOfPage":{"@id":"https://www.mnkvillas.com/blog\/dia-mundial-del-turismo-en-menorca-2017#primaryimage"},"image":{"@id":"https://www.mnkvillas.com/blog\/dia-mundial-del-turismo-en-menorca-2017#primaryimage"},"thumbnailUrl":"https://www.mnkvillas.com/blog\/wp-content\/uploads\/2017\/09\/D\u00cdA-MUNDIAL-DEL-TURISMO-1.png","datePublished":"2017-09-25T10:00:03+00:00","dateModified":"2017-09-27T12:43:41+00:00","author":{"@id":"https://www.mnkvillas.com/blog\/#\/schema\/person\/5efebb89c1bdae18cb0ab6c4a34d438d"},"description":"D\u00eda Mundial del Turismo en Menorca 2017: en MNK Villas te contamos c\u00f3mo se celebra en Ciudadela este d\u00eda tan especial para la isla.","breadcrumb":{"@id":"https://www.mnkvillas.com/blog\/dia-mundial-del-turismo-en-menorca-2017#breadcrumb"},"inLanguage":"es","potentialAction":[{"@type":"ReadAction","target":["https://www.mnkvillas.com/blog\/dia-mundial-del-turismo-en-menorca-2017"]}]},{"@type":"ImageObject","inLanguage":"es","@id":"https://www.mnkvillas.com/blog\/dia-mundial-del-turismo-en-menorca-2017#primaryimage","url":"https://www.mnkvillas.com/blog\/wp-content\/uploads\/2017\/09\/D\u00cdA-MUNDIAL-DEL-TURISMO-1.png","contentUrl":"https://www.mnkvillas.com/blog\/wp-content\/uploads\/2017\/09\/D\u00cdA-MUNDIAL-DEL-TURISMO-1.png","width":800,"height":800,"caption":"d\u00eda mundial del turismo en menorca"},{"@type":"BreadcrumbList","@id":"https://www.mnkvillas.com/blog\/dia-mundial-del-turismo-en-menorca-2017#breadcrumb","itemListElement":[{"@type":"ListItem","position":1,"name":"Portada","item":"https://www.mnkvillas.com/blog\/"},{"@type":"ListItem","position":2,"name":"D\u00eda Mundial del Turismo en Menorca 2017 \u00a1Descubre sus secretos!"}]},{"@type":"WebSite","@id":"https://www.mnkvillas.com/blog\/#website","url":"https://www.mnkvillas.com/blog\/","name":"El Blog de MNK Villas","description":"Gesti\u00f3n y comercializaci\u00f3n de casas y villas en Menorca","potentialAction":[{"@type":"SearchAction","target":{"@type":"EntryPoint","urlTemplate":"https://www.mnkvillas.com/blog\/?s={search_term_string}"},"query-input":{"@type":"PropertyValueSpecification","valueRequired":true,"valueName":"search_term_string"}}],"inLanguage":"es"},{"@type":"Person","@id":"https://www.mnkvillas.com/blog\/#\/schema\/person\/5efebb89c1bdae18cb0ab6c4a34d438d","name":"MNK Villas","image":{"@type":"ImageObject","inLanguage":"es","@id":"https:\/\/secure.gravatar.com\/avatar\/32fd5f16b06bfc66336905f2701aff5bb0df631080894bd3d84147be1c1a1ac8?s=96&d=mm&r=g","url":"https:\/\/secure.gravatar.com\/avatar\/32fd5f16b06bfc66336905f2701aff5bb0df631080894bd3d84147be1c1a1ac8?s=96&d=mm&r=g","contentUrl":"https:\/\/secure.gravatar.com\/avatar\/32fd5f16b06bfc66336905f2701aff5bb0df631080894bd3d84147be1c1a1ac8?s=96&d=mm&r=g","caption":"MNK Villas"},"url":"https://www.mnkvillas.com/blog\/author\/mnk-villas"}]}},"_links":{"self":[{"href":"https://www.mnkvillas.com/blog\/wp-json\/wp\/v2\/posts\/2317","targetHints":{"allow":["GET"]}}],"collection":[{"href":"https://www.mnkvillas.com/blog\/wp-json\/wp\/v2\/posts"}],"about":[{"href":"https://www.mnkvillas.com/blog\/wp-json\/wp\/v2\/types\/post"}],"author":[{"embeddable":true,"href":"https://www.mnkvillas.com/blog\/wp-json\/wp\/v2\/users\/2"}],"replies":[{"embeddable":true,"href":"https://www.mnkvillas.com/blog\/wp-json\/wp\/v2\/comments?post=2317"}],"version-history":[{"count":7,"href":"https://www.mnkvillas.com/blog\/wp-json\/wp\/v2\/posts\/2317\/revisions"}],"predecessor-version":[{"id":2335,"href":"https://www.mnkvillas.com/blog\/wp-json\/wp\/v2\/posts\/2317\/revisions\/2335"}],"wp:featuredmedia":[{"embeddable":true,"href":"https://www.mnkvillas.com/blog\/wp-json\/wp\/v2\/media\/2324"}],"wp:attachment":[{"href":"https://www.mnkvillas.com/blog\/wp-json\/wp\/v2\/media?parent=2317"}],"wp:term":[{"taxonomy":"category","embeddable":true,"href":"https://www.mnkvillas.com/blog\/wp-json\/wp\/v2\/categories?post=2317"},{"taxonomy":"post_tag","embeddable":true,"href":"https://www.mnkvillas.com/blog\/wp-json\/wp\/v2\/tags?post=2317"}],"curies":[{"name":"wp","href":"https:\/\/api.w.org\/{rel}","templated":true}]}}