{"id":2244,"date":"2017-08-31T12:48:00","date_gmt":"2017-08-31T12:48:00","guid":{"rendered":"https://www.mnkvillas.com/blog\/?p=2244"},"modified":"2017-09-01T12:38:49","modified_gmt":"2017-09-01T12:38:49","slug":"villas-en-menorca-con-vistas-al-mar-regata","status":"publish","type":"post","link":"https://www.mnkvillas.com/blog\/villas-en-menorca-con-vistas-al-mar-regata","title":{"rendered":"Villas en Menorca con vistas al mar Copa del Rey &#8211; Panerai"},"content":{"rendered":"<p align=\"center\"><span style=\"font-size: medium;\">\u00bfVienes a Menorca por la Copa del Rey &#8211; Panerai? \u00a1Al\u00f3jate en estas <b>villas en Menorca con vistas al mar<\/b>!<\/span><\/p>\n<p>&nbsp;<\/p>\n<p>&nbsp;<\/p>\n<p><a href=\"http:\/\/www.blog.mnkvillas.com\/villas-en-menorca-con-vistas-al-mar-regata\" target=\"_blank\" rel=\"noopener\"><img loading=\"lazy\" decoding=\"async\" class=\"aligncenter wp-image-2248 size-full\" title=\"villas en menorca con vistas al mar - regata\" src=\"https://www.mnkvillas.com/blog\/wp-content\/uploads\/2017\/08\/Campeonato-de-Regata-01.jpg\" alt=\"villas en menorca con vistas al mar - regata\" width=\"840\" height=\"389\" srcset=\"https://www.mnkvillas.com/blog\/wp-content\/uploads\/2017\/08\/Campeonato-de-Regata-01.jpg 840w, https://www.mnkvillas.com/blog\/wp-content\/uploads\/2017\/08\/Campeonato-de-Regata-01-300x139.jpg 300w, https://www.mnkvillas.com/blog\/wp-content\/uploads\/2017\/08\/Campeonato-de-Regata-01-768x356.jpg 768w\" sizes=\"auto, (max-width: 840px) 100vw, 840px\" \/><\/a><\/p>\n<p>&nbsp;<\/p>\n<p>&nbsp;<\/p>\n<p>&nbsp;<\/p>\n<p align=\"justify\"><span style=\"font-size: medium;\">Las aguas cristalinas de Menorca son uno de sus mayores reclamos tur\u00edsticos. Pero no lo son solo para aquellos turistas que viajan a la isla por sus playas. Tambi\u00e9n lo son para aquel otro tipo de viajero que disfruta del mar de una forma especial. Por ejemplo, navegando por \u00e9l.<\/span><\/p>\n<p>&nbsp;<\/p>\n<p align=\"justify\"><span style=\"font-size: medium;\">Y es que esta isla ofrece unas vistas al horizonte tan magn\u00edficas como sorprendentes. Si a esas vistas le a\u00f1ades adem\u00e1s un espect\u00e1culo mar\u00edtimo como la regata que se celebra estos d\u00edas, la sorpresa -te lo aseguramos- ser\u00e1 doble.<\/span><\/p>\n<p>&nbsp;<\/p>\n<p align=\"justify\"><span style=\"font-size: medium;\">Desde el pasado 29 de agosto y hasta el d\u00eda 2 de septiembre, Menorca acoge la XIV Copa del Rey &#8211; Panerai de vela cl\u00e1sica. S\u00ed, si ya est\u00e1s en la isla y te quedas un tiempo m\u00e1s, podr\u00e1s disfrutar de esta maravillosa regata. Y si todav\u00eda no has viajado, pero lo haces entre hoy y el d\u00eda 2 \u00a1tambi\u00e9n!<\/span><\/p>\n<p>&nbsp;<\/p>\n<p align=\"justify\"><span style=\"font-size: medium;\">Esta competici\u00f3n tiene lugar en el Club Mar\u00edtimo de Mah\u00f3n, as\u00ed que si eres de los amantes de vela cl\u00e1sica y te gustar\u00eda verla c\u00f3modamente, \u00a1te proponemos estas tres espectaculares <b>villas en Menorca con vistas al mar de Mah\u00f3n<\/b>!<\/span><\/p>\n<p>&nbsp;<\/p>\n<h2><b>Villas en Menorca con vistas al mar<\/b><\/h2>\n<p>&nbsp;<\/p>\n<p align=\"justify\"><span style=\"font-size: medium;\">\u00a1Para que puedas ver la Copa del Rey &#8211; Panerai!<\/span><\/p>\n<p>&nbsp;<\/p>\n<h3><a href=\"https:\/\/www.mnkvillas.com\/alquiler\/villa-mao-villa-port-palmera-171067.html\">Villa Port Palmera<\/a><\/h3>\n<p>&nbsp;<\/p>\n<p align=\"justify\"><span style=\"font-size: medium;\">La villa Port Palmera est\u00e1 en primera l\u00ednea de mar. En ella tienes acceso directo, exclusivo y privado a la Cala Llonga, una zona residencial en el Puerto de Mah\u00f3n.<\/span><\/p>\n<p>&nbsp;<\/p>\n<p align=\"justify\"><span style=\"font-size: medium;\">Es para unas diez personas, as\u00ed que si quieres un <a href=\"https:\/\/www.mnkvillas.com\/blog\/viaje-familiar-a-menorca-con-ninos-mnk-villas\"><b>viaje familiar a Menorca con ni\u00f1os<\/b><\/a>, esta es una excelente oportunidad.<\/span><\/p>\n<p>&nbsp;<\/p>\n<p><a href=\"https:\/\/www.mnkvillas.com\/alquiler\/villa-mao-villa-port-palmera-171067.html\" target=\"_blank\" rel=\"noopener\"><img loading=\"lazy\" decoding=\"async\" class=\"aligncenter wp-image-2245 size-full\" title=\"villas en menorca con vistas al mar villa port palmera\" src=\"https://www.mnkvillas.com/blog\/wp-content\/uploads\/2017\/08\/Calas-de-Menorca-1.jpg\" alt=\"villas en menorca con vistas al mar villa port palmera\" width=\"728\" height=\"90\" srcset=\"https://www.mnkvillas.com/blog\/wp-content\/uploads\/2017\/08\/Calas-de-Menorca-1.jpg 728w, https://www.mnkvillas.com/blog\/wp-content\/uploads\/2017\/08\/Calas-de-Menorca-1-300x37.jpg 300w\" sizes=\"auto, (max-width: 728px) 100vw, 728px\" \/><\/a><\/p>\n<p>&nbsp;<\/p>\n<p>&nbsp;<\/p>\n<h3><a href=\"https:\/\/www.mnkvillas.com\/alquiler\/villa-mao-villa-pepita-170163.html\">Villa Pepita<\/a><\/h3>\n<p>&nbsp;<\/p>\n<p align=\"justify\"><span style=\"font-size: medium;\">Villa Pepita es una casa con encanto e historia en Menorca. Fue de las primeras casas que se construyeron en primera l\u00ednea de mar. Sus vistas son cuando menos espectaculares. \u00a1Adem\u00e1s de perfectas para ver la regata!<\/span><\/p>\n<p>&nbsp;<\/p>\n<p align=\"justify\"><span style=\"font-size: medium;\">Es para ocho hu\u00e9spedes y tiene todo lo que necesitas para pasarlo bien.<\/span><\/p>\n<p>&nbsp;<\/p>\n<p><a href=\"https:\/\/www.mnkvillas.com\/alquiler\/villa-mao-villa-pepita-170163.html\" target=\"_blank\" rel=\"noopener\"><img loading=\"lazy\" decoding=\"async\" class=\"aligncenter wp-image-2246 size-full\" title=\"villas en menorca con vistas al mar villa pepita\" src=\"https://www.mnkvillas.com/blog\/wp-content\/uploads\/2017\/08\/Calas-de-Menorca-2.jpg\" alt=\"villas en menorca con vistas al mar villa pepita\" width=\"728\" height=\"90\" srcset=\"https://www.mnkvillas.com/blog\/wp-content\/uploads\/2017\/08\/Calas-de-Menorca-2.jpg 728w, https://www.mnkvillas.com/blog\/wp-content\/uploads\/2017\/08\/Calas-de-Menorca-2-300x37.jpg 300w\" sizes=\"auto, (max-width: 728px) 100vw, 728px\" \/><\/a><\/p>\n<p>&nbsp;<\/p>\n<p>&nbsp;<\/p>\n<h3><a href=\"https:\/\/www.mnkvillas.com\/alquiler\/villa-mao-villa-marina-170153.html\">Villa Marina<\/a><\/h3>\n<p>&nbsp;<\/p>\n<p align=\"justify\"><span style=\"font-size: medium;\">Imag\u00ednate relajado en una piscina desbordante mirando al Puerto de Mah\u00f3n pl\u00e1cidamente y viendo la XIV Copa del Rey &#8211; Panerai de vela cl\u00e1sica \u00bfno te parece un plan maravilloso? Pues eso mismo puedes hacerlo realidad en Villa Marina, una de las <b>villas en Menorca con vistas al mar<\/b> m\u00e1s espectaculares.<\/span><\/p>\n<p>&nbsp;<\/p>\n<p align=\"justify\"><span style=\"font-size: medium;\">Es un chalet para un m\u00e1ximo de ocho hu\u00e9spedes \u00a1donde olvidarte de la rutina!<\/span><\/p>\n<p>&nbsp;<\/p>\n<p><a href=\"https:\/\/www.mnkvillas.com\/alquiler\/villa-mao-villa-marina-170153.html\" target=\"_blank\" rel=\"noopener\"><img loading=\"lazy\" decoding=\"async\" class=\"aligncenter wp-image-2247 size-full\" title=\"villas en menorca con vistas al mar villa marina\" src=\"https://www.mnkvillas.com/blog\/wp-content\/uploads\/2017\/08\/Calas-de-Menorca-3.jpg\" alt=\"villas en menorca con vistas al mar villa marina\" width=\"728\" height=\"90\" srcset=\"https://www.mnkvillas.com/blog\/wp-content\/uploads\/2017\/08\/Calas-de-Menorca-3.jpg 728w, https://www.mnkvillas.com/blog\/wp-content\/uploads\/2017\/08\/Calas-de-Menorca-3-300x37.jpg 300w\" sizes=\"auto, (max-width: 728px) 100vw, 728px\" \/><\/a><\/p>\n<p>&nbsp;<\/p>\n<p>&nbsp;<\/p>\n<p align=\"justify\"><span style=\"font-size: medium;\">Como puedes ver, estas tres<strong> villas de Menorca con vistas al mar<\/strong> son incre\u00edbles. Pero m\u00e1s lo es el visitarlas \u00a1y disfrutarlas!<\/span><\/p>\n<p>&nbsp;<\/p>\n<h4 style=\"text-align: center;\">Y t\u00fa \u00bfte vienes a alguna de estas <b>villas en Menorca con vistas al mar<\/b>?<\/h4>\n<p>&nbsp;<\/p>\n","protected":false},"excerpt":{"rendered":"<p>\u00bfVienes a Menorca por la Copa del Rey &#8211; Panerai? \u00a1Al\u00f3jate en estas villas en Menorca con vistas al mar! &nbsp; &nbsp; &nbsp; &nbsp; &nbsp; Las aguas cristalinas de Menorca son uno de sus mayores reclamos tur\u00edsticos. Pero no lo son solo para aquellos turistas que viajan a la isla por sus playas. Tambi\u00e9n lo &#8230; <a href=\"https://www.mnkvillas.com/blog\/villas-en-menorca-con-vistas-al-mar-regata\">Continuar<\/a><\/p>\n","protected":false},"author":2,"featured_media":2248,"comment_status":"closed","ping_status":"open","sticky":false,"template":"","format":"standard","meta":{"footnotes":""},"categories":[11,10],"tags":[],"class_list":["post-2244","post","type-post","status-publish","format-standard","has-post-thumbnail","hentry","category-vacaciones-en-menorca","category-villas-en-menorca"],"yoast_head":"<!-- This site is optimized with the Yoast SEO plugin v27.4 - https:\/\/yoast.com\/product\/yoast-seo-wordpress\/ -->\n<title>Villas en Menorca con vistas al mar | XIV Copa del Rey - Panerai<\/title>\n<meta name=\"description\" content=\"Estas villas en Menorca con vistas al mar de Mah\u00f3n te permitir\u00e1n ver y disfrutar de la XIV Copa del Rey - Panerai de vela cl\u00e1sica. \u00a1Divi\u00e9rtete en familia!\" \/>\n<meta name=\"robots\" content=\"index, follow, max-snippet:-1, max-image-preview:large, max-video-preview:-1\" \/>\n<link rel=\"canonical\" href=\"https://www.mnkvillas.com/blog\/villas-en-menorca-con-vistas-al-mar-regata\" \/>\n<meta property=\"og:locale\" content=\"es_ES\" \/>\n<meta property=\"og:type\" content=\"article\" \/>\n<meta property=\"og:title\" content=\"Villas en Menorca con vistas al mar | XIV Copa del Rey - Panerai\" \/>\n<meta property=\"og:description\" content=\"Estas villas en Menorca con vistas al mar de Mah\u00f3n te permitir\u00e1n ver y disfrutar de la XIV Copa del Rey - Panerai de vela cl\u00e1sica. \u00a1Divi\u00e9rtete en familia!\" \/>\n<meta property=\"og:url\" content=\"https://www.mnkvillas.com/blog\/villas-en-menorca-con-vistas-al-mar-regata\" \/>\n<meta property=\"og:site_name\" content=\"El Blog de MNK Villas\" \/>\n<meta property=\"article:published_time\" content=\"2017-08-31T12:48:00+00:00\" \/>\n<meta property=\"article:modified_time\" content=\"2017-09-01T12:38:49+00:00\" \/>\n<meta property=\"og:image\" content=\"https://www.mnkvillas.com/blog\/wp-content\/uploads\/2017\/08\/Campeonato-de-Regata-01.jpg\" \/>\n\t<meta property=\"og:image:width\" content=\"840\" \/>\n\t<meta property=\"og:image:height\" content=\"389\" \/>\n\t<meta property=\"og:image:type\" content=\"image\/jpeg\" \/>\n<meta name=\"author\" content=\"MNK Villas\" \/>\n<meta name=\"twitter:card\" content=\"summary_large_image\" \/>\n<meta name=\"twitter:label1\" content=\"Escrito por\" \/>\n\t<meta name=\"twitter:data1\" content=\"MNK Villas\" \/>\n\t<meta name=\"twitter:label2\" content=\"Tiempo de lectura\" \/>\n\t<meta name=\"twitter:data2\" content=\"2 minutos\" \/>\n<script type=\"application\/ld+json\" class=\"yoast-schema-graph\">{\"@context\":\"https:\\\/\\\/schema.org\",\"@graph\":[{\"@type\":\"Article\",\"@id\":\"https:\\\/\\\/blog.mnkvillas.com\\\/villas-en-menorca-con-vistas-al-mar-regata#article\",\"isPartOf\":{\"@id\":\"https:\\\/\\\/blog.mnkvillas.com\\\/villas-en-menorca-con-vistas-al-mar-regata\"},\"author\":{\"name\":\"MNK Villas\",\"@id\":\"https:\\\/\\\/blog.mnkvillas.com\\\/#\\\/schema\\\/person\\\/5efebb89c1bdae18cb0ab6c4a34d438d\"},\"headline\":\"Villas en Menorca con vistas al mar Copa del Rey &#8211; Panerai\",\"datePublished\":\"2017-08-31T12:48:00+00:00\",\"dateModified\":\"2017-09-01T12:38:49+00:00\",\"mainEntityOfPage\":{\"@id\":\"https:\\\/\\\/blog.mnkvillas.com\\\/villas-en-menorca-con-vistas-al-mar-regata\"},\"wordCount\":511,\"image\":{\"@id\":\"https:\\\/\\\/blog.mnkvillas.com\\\/villas-en-menorca-con-vistas-al-mar-regata#primaryimage\"},\"thumbnailUrl\":\"https:\\\/\\\/blog.mnkvillas.com\\\/wp-content\\\/uploads\\\/2017\\\/08\\\/Campeonato-de-Regata-01.jpg\",\"articleSection\":[\"Vacaciones en Menorca\",\"Villas en Menorca\"],\"inLanguage\":\"es\"},{\"@type\":\"WebPage\",\"@id\":\"https:\\\/\\\/blog.mnkvillas.com\\\/villas-en-menorca-con-vistas-al-mar-regata\",\"url\":\"https:\\\/\\\/blog.mnkvillas.com\\\/villas-en-menorca-con-vistas-al-mar-regata\",\"name\":\"Villas en Menorca con vistas al mar | XIV Copa del Rey - Panerai\",\"isPartOf\":{\"@id\":\"https:\\\/\\\/blog.mnkvillas.com\\\/#website\"},\"primaryImageOfPage\":{\"@id\":\"https:\\\/\\\/blog.mnkvillas.com\\\/villas-en-menorca-con-vistas-al-mar-regata#primaryimage\"},\"image\":{\"@id\":\"https:\\\/\\\/blog.mnkvillas.com\\\/villas-en-menorca-con-vistas-al-mar-regata#primaryimage\"},\"thumbnailUrl\":\"https:\\\/\\\/blog.mnkvillas.com\\\/wp-content\\\/uploads\\\/2017\\\/08\\\/Campeonato-de-Regata-01.jpg\",\"datePublished\":\"2017-08-31T12:48:00+00:00\",\"dateModified\":\"2017-09-01T12:38:49+00:00\",\"author\":{\"@id\":\"https:\\\/\\\/blog.mnkvillas.com\\\/#\\\/schema\\\/person\\\/5efebb89c1bdae18cb0ab6c4a34d438d\"},\"description\":\"Estas villas en Menorca con vistas al mar de Mah\u00f3n te permitir\u00e1n ver y disfrutar de la XIV Copa del Rey - Panerai de vela cl\u00e1sica. \u00a1Divi\u00e9rtete en familia!\",\"breadcrumb\":{\"@id\":\"https:\\\/\\\/blog.mnkvillas.com\\\/villas-en-menorca-con-vistas-al-mar-regata#breadcrumb\"},\"inLanguage\":\"es\",\"potentialAction\":[{\"@type\":\"ReadAction\",\"target\":[\"https:\\\/\\\/blog.mnkvillas.com\\\/villas-en-menorca-con-vistas-al-mar-regata\"]}]},{\"@type\":\"ImageObject\",\"inLanguage\":\"es\",\"@id\":\"https:\\\/\\\/blog.mnkvillas.com\\\/villas-en-menorca-con-vistas-al-mar-regata#primaryimage\",\"url\":\"https:\\\/\\\/blog.mnkvillas.com\\\/wp-content\\\/uploads\\\/2017\\\/08\\\/Campeonato-de-Regata-01.jpg\",\"contentUrl\":\"https:\\\/\\\/blog.mnkvillas.com\\\/wp-content\\\/uploads\\\/2017\\\/08\\\/Campeonato-de-Regata-01.jpg\",\"width\":840,\"height\":389,\"caption\":\"villas en menorca con vistas al mar - campeonato\"},{\"@type\":\"BreadcrumbList\",\"@id\":\"https:\\\/\\\/blog.mnkvillas.com\\\/villas-en-menorca-con-vistas-al-mar-regata#breadcrumb\",\"itemListElement\":[{\"@type\":\"ListItem\",\"position\":1,\"name\":\"Portada\",\"item\":\"https:\\\/\\\/blog.mnkvillas.com\\\/\"},{\"@type\":\"ListItem\",\"position\":2,\"name\":\"Villas en Menorca con vistas al mar Copa del Rey &#8211; Panerai\"}]},{\"@type\":\"WebSite\",\"@id\":\"https:\\\/\\\/blog.mnkvillas.com\\\/#website\",\"url\":\"https:\\\/\\\/blog.mnkvillas.com\\\/\",\"name\":\"El Blog de MNK Villas\",\"description\":\"Gesti\u00f3n y comercializaci\u00f3n de casas y villas en Menorca\",\"potentialAction\":[{\"@type\":\"SearchAction\",\"target\":{\"@type\":\"EntryPoint\",\"urlTemplate\":\"https:\\\/\\\/blog.mnkvillas.com\\\/?s={search_term_string}\"},\"query-input\":{\"@type\":\"PropertyValueSpecification\",\"valueRequired\":true,\"valueName\":\"search_term_string\"}}],\"inLanguage\":\"es\"},{\"@type\":\"Person\",\"@id\":\"https:\\\/\\\/blog.mnkvillas.com\\\/#\\\/schema\\\/person\\\/5efebb89c1bdae18cb0ab6c4a34d438d\",\"name\":\"MNK Villas\",\"image\":{\"@type\":\"ImageObject\",\"inLanguage\":\"es\",\"@id\":\"https:\\\/\\\/secure.gravatar.com\\\/avatar\\\/32fd5f16b06bfc66336905f2701aff5bb0df631080894bd3d84147be1c1a1ac8?s=96&d=mm&r=g\",\"url\":\"https:\\\/\\\/secure.gravatar.com\\\/avatar\\\/32fd5f16b06bfc66336905f2701aff5bb0df631080894bd3d84147be1c1a1ac8?s=96&d=mm&r=g\",\"contentUrl\":\"https:\\\/\\\/secure.gravatar.com\\\/avatar\\\/32fd5f16b06bfc66336905f2701aff5bb0df631080894bd3d84147be1c1a1ac8?s=96&d=mm&r=g\",\"caption\":\"MNK Villas\"},\"url\":\"https:\\\/\\\/blog.mnkvillas.com\\\/author\\\/mnk-villas\"}]}<\/script>\n<!-- \/ Yoast SEO plugin. -->","yoast_head_json":{"title":"Villas en Menorca con vistas al mar | XIV Copa del Rey - Panerai","description":"Estas villas en Menorca con vistas al mar de Mah\u00f3n te permitir\u00e1n ver y disfrutar de la XIV Copa del Rey - Panerai de vela cl\u00e1sica. \u00a1Divi\u00e9rtete en familia!","robots":{"index":"index","follow":"follow","max-snippet":"max-snippet:-1","max-image-preview":"max-image-preview:large","max-video-preview":"max-video-preview:-1"},"canonical":"https://www.mnkvillas.com/blog\/villas-en-menorca-con-vistas-al-mar-regata","og_locale":"es_ES","og_type":"article","og_title":"Villas en Menorca con vistas al mar | XIV Copa del Rey - Panerai","og_description":"Estas villas en Menorca con vistas al mar de Mah\u00f3n te permitir\u00e1n ver y disfrutar de la XIV Copa del Rey - Panerai de vela cl\u00e1sica. \u00a1Divi\u00e9rtete en familia!","og_url":"https://www.mnkvillas.com/blog\/villas-en-menorca-con-vistas-al-mar-regata","og_site_name":"El Blog de MNK Villas","article_published_time":"2017-08-31T12:48:00+00:00","article_modified_time":"2017-09-01T12:38:49+00:00","og_image":[{"width":840,"height":389,"url":"https://www.mnkvillas.com/blog\/wp-content\/uploads\/2017\/08\/Campeonato-de-Regata-01.jpg","type":"image\/jpeg"}],"author":"MNK Villas","twitter_card":"summary_large_image","twitter_misc":{"Escrito por":"MNK Villas","Tiempo de lectura":"2 minutos"},"schema":{"@context":"https:\/\/schema.org","@graph":[{"@type":"Article","@id":"https://www.mnkvillas.com/blog\/villas-en-menorca-con-vistas-al-mar-regata#article","isPartOf":{"@id":"https://www.mnkvillas.com/blog\/villas-en-menorca-con-vistas-al-mar-regata"},"author":{"name":"MNK Villas","@id":"https://www.mnkvillas.com/blog\/#\/schema\/person\/5efebb89c1bdae18cb0ab6c4a34d438d"},"headline":"Villas en Menorca con vistas al mar Copa del Rey &#8211; Panerai","datePublished":"2017-08-31T12:48:00+00:00","dateModified":"2017-09-01T12:38:49+00:00","mainEntityOfPage":{"@id":"https://www.mnkvillas.com/blog\/villas-en-menorca-con-vistas-al-mar-regata"},"wordCount":511,"image":{"@id":"https://www.mnkvillas.com/blog\/villas-en-menorca-con-vistas-al-mar-regata#primaryimage"},"thumbnailUrl":"https://www.mnkvillas.com/blog\/wp-content\/uploads\/2017\/08\/Campeonato-de-Regata-01.jpg","articleSection":["Vacaciones en Menorca","Villas en Menorca"],"inLanguage":"es"},{"@type":"WebPage","@id":"https://www.mnkvillas.com/blog\/villas-en-menorca-con-vistas-al-mar-regata","url":"https://www.mnkvillas.com/blog\/villas-en-menorca-con-vistas-al-mar-regata","name":"Villas en Menorca con vistas al mar | XIV Copa del Rey - Panerai","isPartOf":{"@id":"https://www.mnkvillas.com/blog\/#website"},"primaryImageOfPage":{"@id":"https://www.mnkvillas.com/blog\/villas-en-menorca-con-vistas-al-mar-regata#primaryimage"},"image":{"@id":"https://www.mnkvillas.com/blog\/villas-en-menorca-con-vistas-al-mar-regata#primaryimage"},"thumbnailUrl":"https://www.mnkvillas.com/blog\/wp-content\/uploads\/2017\/08\/Campeonato-de-Regata-01.jpg","datePublished":"2017-08-31T12:48:00+00:00","dateModified":"2017-09-01T12:38:49+00:00","author":{"@id":"https://www.mnkvillas.com/blog\/#\/schema\/person\/5efebb89c1bdae18cb0ab6c4a34d438d"},"description":"Estas villas en Menorca con vistas al mar de Mah\u00f3n te permitir\u00e1n ver y disfrutar de la XIV Copa del Rey - Panerai de vela cl\u00e1sica. \u00a1Divi\u00e9rtete en familia!","breadcrumb":{"@id":"https://www.mnkvillas.com/blog\/villas-en-menorca-con-vistas-al-mar-regata#breadcrumb"},"inLanguage":"es","potentialAction":[{"@type":"ReadAction","target":["https://www.mnkvillas.com/blog\/villas-en-menorca-con-vistas-al-mar-regata"]}]},{"@type":"ImageObject","inLanguage":"es","@id":"https://www.mnkvillas.com/blog\/villas-en-menorca-con-vistas-al-mar-regata#primaryimage","url":"https://www.mnkvillas.com/blog\/wp-content\/uploads\/2017\/08\/Campeonato-de-Regata-01.jpg","contentUrl":"https://www.mnkvillas.com/blog\/wp-content\/uploads\/2017\/08\/Campeonato-de-Regata-01.jpg","width":840,"height":389,"caption":"villas en menorca con vistas al mar - campeonato"},{"@type":"BreadcrumbList","@id":"https://www.mnkvillas.com/blog\/villas-en-menorca-con-vistas-al-mar-regata#breadcrumb","itemListElement":[{"@type":"ListItem","position":1,"name":"Portada","item":"https://www.mnkvillas.com/blog\/"},{"@type":"ListItem","position":2,"name":"Villas en Menorca con vistas al mar Copa del Rey &#8211; Panerai"}]},{"@type":"WebSite","@id":"https://www.mnkvillas.com/blog\/#website","url":"https://www.mnkvillas.com/blog\/","name":"El Blog de MNK Villas","description":"Gesti\u00f3n y comercializaci\u00f3n de casas y villas en Menorca","potentialAction":[{"@type":"SearchAction","target":{"@type":"EntryPoint","urlTemplate":"https://www.mnkvillas.com/blog\/?s={search_term_string}"},"query-input":{"@type":"PropertyValueSpecification","valueRequired":true,"valueName":"search_term_string"}}],"inLanguage":"es"},{"@type":"Person","@id":"https://www.mnkvillas.com/blog\/#\/schema\/person\/5efebb89c1bdae18cb0ab6c4a34d438d","name":"MNK Villas","image":{"@type":"ImageObject","inLanguage":"es","@id":"https:\/\/secure.gravatar.com\/avatar\/32fd5f16b06bfc66336905f2701aff5bb0df631080894bd3d84147be1c1a1ac8?s=96&d=mm&r=g","url":"https:\/\/secure.gravatar.com\/avatar\/32fd5f16b06bfc66336905f2701aff5bb0df631080894bd3d84147be1c1a1ac8?s=96&d=mm&r=g","contentUrl":"https:\/\/secure.gravatar.com\/avatar\/32fd5f16b06bfc66336905f2701aff5bb0df631080894bd3d84147be1c1a1ac8?s=96&d=mm&r=g","caption":"MNK Villas"},"url":"https://www.mnkvillas.com/blog\/author\/mnk-villas"}]}},"_links":{"self":[{"href":"https://www.mnkvillas.com/blog\/wp-json\/wp\/v2\/posts\/2244","targetHints":{"allow":["GET"]}}],"collection":[{"href":"https://www.mnkvillas.com/blog\/wp-json\/wp\/v2\/posts"}],"about":[{"href":"https://www.mnkvillas.com/blog\/wp-json\/wp\/v2\/types\/post"}],"author":[{"embeddable":true,"href":"https://www.mnkvillas.com/blog\/wp-json\/wp\/v2\/users\/2"}],"replies":[{"embeddable":true,"href":"https://www.mnkvillas.com/blog\/wp-json\/wp\/v2\/comments?post=2244"}],"version-history":[{"count":5,"href":"https://www.mnkvillas.com/blog\/wp-json\/wp\/v2\/posts\/2244\/revisions"}],"predecessor-version":[{"id":2253,"href":"https://www.mnkvillas.com/blog\/wp-json\/wp\/v2\/posts\/2244\/revisions\/2253"}],"wp:featuredmedia":[{"embeddable":true,"href":"https://www.mnkvillas.com/blog\/wp-json\/wp\/v2\/media\/2248"}],"wp:attachment":[{"href":"https://www.mnkvillas.com/blog\/wp-json\/wp\/v2\/media?parent=2244"}],"wp:term":[{"taxonomy":"category","embeddable":true,"href":"https://www.mnkvillas.com/blog\/wp-json\/wp\/v2\/categories?post=2244"},{"taxonomy":"post_tag","embeddable":true,"href":"https://www.mnkvillas.com/blog\/wp-json\/wp\/v2\/tags?post=2244"}],"curies":[{"name":"wp","href":"https:\/\/api.w.org\/{rel}","templated":true}]}}