{"id":2208,"date":"2017-08-17T10:00:50","date_gmt":"2017-08-17T10:00:50","guid":{"rendered":"https://www.mnkvillas.com/blog\/?p=2208"},"modified":"2017-08-28T14:10:49","modified_gmt":"2017-08-28T14:10:49","slug":"agenda-cultural-de-menorca-actividades-agosto","status":"publish","type":"post","link":"https://www.mnkvillas.com/blog\/agenda-cultural-de-menorca-actividades-agosto","title":{"rendered":"Agenda cultural de Menorca \u00bfqu\u00e9 actividades hacer en agosto?"},"content":{"rendered":"<p align=\"center\"><span style=\"font-size: medium;\"><b>La agenda cultural de Menorca es diversa. Y las actividades en Menorca que hacer tambi\u00e9n<\/b><\/span><\/p>\n<p>&nbsp;<\/p>\n<p align=\"center\"><a href=\"https://www.mnkvillas.com/blog\/agenda-cultural-de-menorca-actividades-agosto\" target=\"_blank\" rel=\"noopener\"><img loading=\"lazy\" decoding=\"async\" class=\"aligncenter wp-image-2221 size-full\" title=\"agenda cultural de Menorca\" src=\"https://www.mnkvillas.com/blog\/wp-content\/uploads\/2017\/08\/Agenda-cultural-de-Menorca-01.jpg\" alt=\"agenda cultural de Menorca\" width=\"840\" height=\"389\" srcset=\"https://www.mnkvillas.com/blog\/wp-content\/uploads\/2017\/08\/Agenda-cultural-de-Menorca-01.jpg 840w, https://www.mnkvillas.com/blog\/wp-content\/uploads\/2017\/08\/Agenda-cultural-de-Menorca-01-300x139.jpg 300w, https://www.mnkvillas.com/blog\/wp-content\/uploads\/2017\/08\/Agenda-cultural-de-Menorca-01-768x356.jpg 768w\" sizes=\"auto, (max-width: 840px) 100vw, 840px\" \/><\/a><\/p>\n<p>&nbsp;<\/p>\n<p align=\"justify\"><span style=\"font-size: medium;\">\u00bfSab\u00edas que el teatro m\u00e1s antiguo de Espa\u00f1a se encuentra en uno de los rincones m\u00e1s peque\u00f1os de su geograf\u00eda? \u00a1Pues s\u00ed! As\u00ed es y ese rinc\u00f3n no es otro que Menorca, concretamente en el t\u00e9rmino municipal de Mah\u00f3n. <\/span><\/p>\n<p>&nbsp;<\/p>\n<p align=\"justify\"><span style=\"font-size: medium;\">Hablamos del Teatro de Mah\u00f3n y fueron los italianos quienes lo crearon, all\u00e1 por el a\u00f1o 1829. En 2001 fue su \u00faltima remodelaci\u00f3n, pues tras m\u00e1s de 180 a\u00f1os en funcionamiento, era hora de adaptarse a las necesidades del nuevo siglo. <\/span><\/p>\n<p>&nbsp;<\/p>\n<p align=\"justify\"><span style=\"font-size: medium;\">La Fundaci\u00f3n del <a href=\"http:\/\/teatremao.com\/\">Teatre Principal de Ma\u00f3<\/a> es la que se encarga de promover la participaci\u00f3n tanto p\u00fablica como privada en las <b>actividades en Menorca<\/b> con car\u00e1cter cultural. Tambi\u00e9n promueve las artes esc\u00e9nicas. <\/span><\/p>\n<p>&nbsp;<\/p>\n<p align=\"justify\"><span style=\"font-size: medium;\">A d\u00eda de hoy, el teatro cuenta con una gran cantidad de <b>actividades en Menorca<\/b> de inter\u00e9s cultural. Por si tienes pensado venir de <a href=\"https://www.mnkvillas.com/blog\/vacaciones-2017-en-menorca-con-ninos\">vacaciones en familia<\/a>, te dejamos la <b>agenda cultural de Menorca<\/b> de agosto y septiembre del Teatro de Ma\u00f3. <\/span><\/p>\n<p>&nbsp;<\/p>\n<h2 class=\"western\" align=\"justify\">Agenda cultural de Menorca en verano<\/h2>\n<p>&nbsp;<\/p>\n<h4 class=\"western\" align=\"justify\">23 de agosto | 21:00<\/h4>\n<p>&nbsp;<\/p>\n<p align=\"justify\"><span style=\"font-size: medium;\">El d\u00eda 23 de agosto a las nueve de la noche, en el Teatre, Pablo Carbonel realiza un espect\u00e1culo que est\u00e1 a medio camino entre mon\u00f3logo y musical. Lo hace con motivo de la presentaci\u00f3n de su \u00faltimo libro, El mundo de la tar\u00e1ntula. <\/span><\/p>\n<hr \/>\n<h4 class=\"western\" align=\"justify\">24 de agosto | 20:30<\/h4>\n<p>&nbsp;<\/p>\n<p align=\"justify\"><span style=\"font-size: medium;\">En la Sala de la Reina, el d\u00eda 24, se presenta el libro dedicado a Francesc d\u2019A Pons Alzina. <\/span><\/p>\n<hr \/>\n<h4 class=\"western\" align=\"justify\">31 de agosto | 21:00<\/h4>\n<p>&nbsp;<\/p>\n<p align=\"justify\"><span style=\"font-size: medium;\">En el Teatre Visual, el 31 de agosto a las nueve de la noche se celebra un espect\u00e1culo infantil para los m\u00e1s peque\u00f1os. El espect\u00e1culo lleva por nombre CLINC! y es una de las <b>actividades en Menorca<\/b> para toda la familia que no te debes perder si vienes de vacaciones a la isla.<\/span><\/p>\n<hr \/>\n<p align=\"justify\"><span style=\"font-size: medium;\">En septiembre tambi\u00e9n hay una \u00f3pera y una cena de calle a la que podr\u00e1n asistir los vecinos y quienes lo deseen.<\/span><\/p>\n<p>&nbsp;<\/p>\n<p align=\"justify\"><span style=\"font-size: medium;\">Mah\u00f3n no es la \u00fanica sede de la cultura menorquina, pues por toda la isla podr\u00e1s ver s\u00edmbolos representativos que sin duda han sido claves para que la isla adquiera una gran riqueza cultural.<\/span><\/p>\n<p>&nbsp;<\/p>\n<p align=\"justify\"><span style=\"font-size: medium;\">La Casa de la Cultura, el Museo Municipal del Basti\u00f3n de Sa Font, la Escuela Municipal de M\u00fasica y Danza, el Centro Municipal de Arte son solo algunas de las edificaciones de Ciudadela encargadas de organizar y complementar la amplia <b>agenda cultural de Menorca<\/b>.<\/span><\/p>\n<p>&nbsp;<\/p>\n<h2 class=\"western\" align=\"justify\">Otras actividades en Menorca<\/h2>\n<p>&nbsp;<\/p>\n<p align=\"justify\"><span style=\"font-size: medium;\">El verano es una excelente oportunidad para realizar todo tipo de <b>actividades en Menorca<\/b>. As\u00ed que si no sabes cu\u00e1les practicar en tus vacaciones, desc\u00fabrelo en el post \u201c<a href=\"https://www.mnkvillas.com/blog\/que-hacer-en-menorca-en-agosto\">qu\u00e9 hacer en Menorca en agosto<\/a>\u201d. En \u00e9l encontrar\u00e1s una gran diversidad.<\/span><\/p>\n<p>&nbsp;<\/p>\n<h3 align=\"center\"><span style=\"font-size: medium;\"><b>Y a ti \u00bfqu\u00e9 actividades te gustan m\u00e1s de la agenda cultural de Menorca?<\/b><\/span><\/h3>\n<p>&nbsp;<\/p>\n<p><img loading=\"lazy\" decoding=\"async\" class=\"aligncenter size-full wp-image-1989\" src=\"https://www.mnkvillas.com/blog\/wp-content\/uploads\/2017\/05\/banner-final-post-mnkvillas.png\" alt=\"vacaciones en menorca 2017\" width=\"828\" height=\"315\" srcset=\"https://www.mnkvillas.com/blog\/wp-content\/uploads\/2017\/05\/banner-final-post-mnkvillas.png 828w, https://www.mnkvillas.com/blog\/wp-content\/uploads\/2017\/05\/banner-final-post-mnkvillas-300x114.png 300w, https://www.mnkvillas.com/blog\/wp-content\/uploads\/2017\/05\/banner-final-post-mnkvillas-768x292.png 768w\" sizes=\"auto, (max-width: 828px) 100vw, 828px\" \/><\/p>\n","protected":false},"excerpt":{"rendered":"<p>La agenda cultural de Menorca es diversa. Y las actividades en Menorca que hacer tambi\u00e9n &nbsp; &nbsp; \u00bfSab\u00edas que el teatro m\u00e1s antiguo de Espa\u00f1a se encuentra en uno de los rincones m\u00e1s peque\u00f1os de su geograf\u00eda? \u00a1Pues s\u00ed! As\u00ed es y ese rinc\u00f3n no es otro que Menorca, concretamente en el t\u00e9rmino municipal de &#8230; <a href=\"https://www.mnkvillas.com/blog\/agenda-cultural-de-menorca-actividades-agosto\">Continuar<\/a><\/p>\n","protected":false},"author":2,"featured_media":2221,"comment_status":"closed","ping_status":"open","sticky":false,"template":"","format":"standard","meta":{"footnotes":""},"categories":[9],"tags":[],"class_list":["post-2208","post","type-post","status-publish","format-standard","has-post-thumbnail","hentry","category-turismo-en-menorca"],"yoast_head":"<!-- This site is optimized with the Yoast SEO plugin v27.4 - https:\/\/yoast.com\/product\/yoast-seo-wordpress\/ -->\n<title>Agenda cultural de Menorca | Actividades en Menorca que hacer<\/title>\n<meta name=\"description\" content=\"Conoce la agenda cultural de Menorca con la gran variedad de actividades en Menorca que hacer y la oferta del Teatro de Ma\u00f3 para verano.\" \/>\n<meta name=\"robots\" content=\"index, follow, max-snippet:-1, max-image-preview:large, max-video-preview:-1\" \/>\n<link rel=\"canonical\" href=\"https://www.mnkvillas.com/blog\/agenda-cultural-de-menorca-actividades-agosto\" \/>\n<meta property=\"og:locale\" content=\"es_ES\" \/>\n<meta property=\"og:type\" content=\"article\" \/>\n<meta property=\"og:title\" content=\"Agenda cultural de Menorca | Actividades en Menorca que hacer\" \/>\n<meta property=\"og:description\" content=\"Conoce la agenda cultural de Menorca con la gran variedad de actividades en Menorca que hacer y la oferta del Teatro de Ma\u00f3 para verano.\" \/>\n<meta property=\"og:url\" content=\"https://www.mnkvillas.com/blog\/agenda-cultural-de-menorca-actividades-agosto\" \/>\n<meta property=\"og:site_name\" content=\"El Blog de MNK Villas\" \/>\n<meta property=\"article:published_time\" content=\"2017-08-17T10:00:50+00:00\" \/>\n<meta property=\"article:modified_time\" content=\"2017-08-28T14:10:49+00:00\" \/>\n<meta property=\"og:image\" content=\"https://www.mnkvillas.com/blog\/wp-content\/uploads\/2017\/08\/Agenda-cultural-de-Menorca-01.jpg\" \/>\n\t<meta property=\"og:image:width\" content=\"840\" \/>\n\t<meta property=\"og:image:height\" content=\"389\" \/>\n\t<meta property=\"og:image:type\" content=\"image\/jpeg\" \/>\n<meta name=\"author\" content=\"MNK Villas\" \/>\n<meta name=\"twitter:card\" content=\"summary_large_image\" \/>\n<meta name=\"twitter:label1\" content=\"Escrito por\" \/>\n\t<meta name=\"twitter:data1\" content=\"MNK Villas\" \/>\n\t<meta name=\"twitter:label2\" content=\"Tiempo de lectura\" \/>\n\t<meta name=\"twitter:data2\" content=\"3 minutos\" \/>\n<script type=\"application\/ld+json\" class=\"yoast-schema-graph\">{\"@context\":\"https:\\\/\\\/schema.org\",\"@graph\":[{\"@type\":\"Article\",\"@id\":\"https:\\\/\\\/blog.mnkvillas.com\\\/agenda-cultural-de-menorca-actividades-agosto#article\",\"isPartOf\":{\"@id\":\"https:\\\/\\\/blog.mnkvillas.com\\\/agenda-cultural-de-menorca-actividades-agosto\"},\"author\":{\"name\":\"MNK Villas\",\"@id\":\"https:\\\/\\\/blog.mnkvillas.com\\\/#\\\/schema\\\/person\\\/5efebb89c1bdae18cb0ab6c4a34d438d\"},\"headline\":\"Agenda cultural de Menorca \u00bfqu\u00e9 actividades hacer en agosto?\",\"datePublished\":\"2017-08-17T10:00:50+00:00\",\"dateModified\":\"2017-08-28T14:10:49+00:00\",\"mainEntityOfPage\":{\"@id\":\"https:\\\/\\\/blog.mnkvillas.com\\\/agenda-cultural-de-menorca-actividades-agosto\"},\"wordCount\":520,\"image\":{\"@id\":\"https:\\\/\\\/blog.mnkvillas.com\\\/agenda-cultural-de-menorca-actividades-agosto#primaryimage\"},\"thumbnailUrl\":\"https:\\\/\\\/blog.mnkvillas.com\\\/wp-content\\\/uploads\\\/2017\\\/08\\\/Agenda-cultural-de-Menorca-01.jpg\",\"articleSection\":[\"Turismo en Menorca\"],\"inLanguage\":\"es\"},{\"@type\":\"WebPage\",\"@id\":\"https:\\\/\\\/blog.mnkvillas.com\\\/agenda-cultural-de-menorca-actividades-agosto\",\"url\":\"https:\\\/\\\/blog.mnkvillas.com\\\/agenda-cultural-de-menorca-actividades-agosto\",\"name\":\"Agenda cultural de Menorca | Actividades en Menorca que hacer\",\"isPartOf\":{\"@id\":\"https:\\\/\\\/blog.mnkvillas.com\\\/#website\"},\"primaryImageOfPage\":{\"@id\":\"https:\\\/\\\/blog.mnkvillas.com\\\/agenda-cultural-de-menorca-actividades-agosto#primaryimage\"},\"image\":{\"@id\":\"https:\\\/\\\/blog.mnkvillas.com\\\/agenda-cultural-de-menorca-actividades-agosto#primaryimage\"},\"thumbnailUrl\":\"https:\\\/\\\/blog.mnkvillas.com\\\/wp-content\\\/uploads\\\/2017\\\/08\\\/Agenda-cultural-de-Menorca-01.jpg\",\"datePublished\":\"2017-08-17T10:00:50+00:00\",\"dateModified\":\"2017-08-28T14:10:49+00:00\",\"author\":{\"@id\":\"https:\\\/\\\/blog.mnkvillas.com\\\/#\\\/schema\\\/person\\\/5efebb89c1bdae18cb0ab6c4a34d438d\"},\"description\":\"Conoce la agenda cultural de Menorca con la gran variedad de actividades en Menorca que hacer y la oferta del Teatro de Ma\u00f3 para verano.\",\"breadcrumb\":{\"@id\":\"https:\\\/\\\/blog.mnkvillas.com\\\/agenda-cultural-de-menorca-actividades-agosto#breadcrumb\"},\"inLanguage\":\"es\",\"potentialAction\":[{\"@type\":\"ReadAction\",\"target\":[\"https:\\\/\\\/blog.mnkvillas.com\\\/agenda-cultural-de-menorca-actividades-agosto\"]}]},{\"@type\":\"ImageObject\",\"inLanguage\":\"es\",\"@id\":\"https:\\\/\\\/blog.mnkvillas.com\\\/agenda-cultural-de-menorca-actividades-agosto#primaryimage\",\"url\":\"https:\\\/\\\/blog.mnkvillas.com\\\/wp-content\\\/uploads\\\/2017\\\/08\\\/Agenda-cultural-de-Menorca-01.jpg\",\"contentUrl\":\"https:\\\/\\\/blog.mnkvillas.com\\\/wp-content\\\/uploads\\\/2017\\\/08\\\/Agenda-cultural-de-Menorca-01.jpg\",\"width\":840,\"height\":389,\"caption\":\"Agenda cultural de Menorca\"},{\"@type\":\"BreadcrumbList\",\"@id\":\"https:\\\/\\\/blog.mnkvillas.com\\\/agenda-cultural-de-menorca-actividades-agosto#breadcrumb\",\"itemListElement\":[{\"@type\":\"ListItem\",\"position\":1,\"name\":\"Portada\",\"item\":\"https:\\\/\\\/blog.mnkvillas.com\\\/\"},{\"@type\":\"ListItem\",\"position\":2,\"name\":\"Agenda cultural de Menorca \u00bfqu\u00e9 actividades hacer en agosto?\"}]},{\"@type\":\"WebSite\",\"@id\":\"https:\\\/\\\/blog.mnkvillas.com\\\/#website\",\"url\":\"https:\\\/\\\/blog.mnkvillas.com\\\/\",\"name\":\"El Blog de MNK Villas\",\"description\":\"Gesti\u00f3n y comercializaci\u00f3n de casas y villas en Menorca\",\"potentialAction\":[{\"@type\":\"SearchAction\",\"target\":{\"@type\":\"EntryPoint\",\"urlTemplate\":\"https:\\\/\\\/blog.mnkvillas.com\\\/?s={search_term_string}\"},\"query-input\":{\"@type\":\"PropertyValueSpecification\",\"valueRequired\":true,\"valueName\":\"search_term_string\"}}],\"inLanguage\":\"es\"},{\"@type\":\"Person\",\"@id\":\"https:\\\/\\\/blog.mnkvillas.com\\\/#\\\/schema\\\/person\\\/5efebb89c1bdae18cb0ab6c4a34d438d\",\"name\":\"MNK Villas\",\"image\":{\"@type\":\"ImageObject\",\"inLanguage\":\"es\",\"@id\":\"https:\\\/\\\/secure.gravatar.com\\\/avatar\\\/32fd5f16b06bfc66336905f2701aff5bb0df631080894bd3d84147be1c1a1ac8?s=96&d=mm&r=g\",\"url\":\"https:\\\/\\\/secure.gravatar.com\\\/avatar\\\/32fd5f16b06bfc66336905f2701aff5bb0df631080894bd3d84147be1c1a1ac8?s=96&d=mm&r=g\",\"contentUrl\":\"https:\\\/\\\/secure.gravatar.com\\\/avatar\\\/32fd5f16b06bfc66336905f2701aff5bb0df631080894bd3d84147be1c1a1ac8?s=96&d=mm&r=g\",\"caption\":\"MNK Villas\"},\"url\":\"https:\\\/\\\/blog.mnkvillas.com\\\/author\\\/mnk-villas\"}]}<\/script>\n<!-- \/ Yoast SEO plugin. -->","yoast_head_json":{"title":"Agenda cultural de Menorca | Actividades en Menorca que hacer","description":"Conoce la agenda cultural de Menorca con la gran variedad de actividades en Menorca que hacer y la oferta del Teatro de Ma\u00f3 para verano.","robots":{"index":"index","follow":"follow","max-snippet":"max-snippet:-1","max-image-preview":"max-image-preview:large","max-video-preview":"max-video-preview:-1"},"canonical":"https://www.mnkvillas.com/blog\/agenda-cultural-de-menorca-actividades-agosto","og_locale":"es_ES","og_type":"article","og_title":"Agenda cultural de Menorca | Actividades en Menorca que hacer","og_description":"Conoce la agenda cultural de Menorca con la gran variedad de actividades en Menorca que hacer y la oferta del Teatro de Ma\u00f3 para verano.","og_url":"https://www.mnkvillas.com/blog\/agenda-cultural-de-menorca-actividades-agosto","og_site_name":"El Blog de MNK Villas","article_published_time":"2017-08-17T10:00:50+00:00","article_modified_time":"2017-08-28T14:10:49+00:00","og_image":[{"width":840,"height":389,"url":"https://www.mnkvillas.com/blog\/wp-content\/uploads\/2017\/08\/Agenda-cultural-de-Menorca-01.jpg","type":"image\/jpeg"}],"author":"MNK Villas","twitter_card":"summary_large_image","twitter_misc":{"Escrito por":"MNK Villas","Tiempo de lectura":"3 minutos"},"schema":{"@context":"https:\/\/schema.org","@graph":[{"@type":"Article","@id":"https://www.mnkvillas.com/blog\/agenda-cultural-de-menorca-actividades-agosto#article","isPartOf":{"@id":"https://www.mnkvillas.com/blog\/agenda-cultural-de-menorca-actividades-agosto"},"author":{"name":"MNK Villas","@id":"https://www.mnkvillas.com/blog\/#\/schema\/person\/5efebb89c1bdae18cb0ab6c4a34d438d"},"headline":"Agenda cultural de Menorca \u00bfqu\u00e9 actividades hacer en agosto?","datePublished":"2017-08-17T10:00:50+00:00","dateModified":"2017-08-28T14:10:49+00:00","mainEntityOfPage":{"@id":"https://www.mnkvillas.com/blog\/agenda-cultural-de-menorca-actividades-agosto"},"wordCount":520,"image":{"@id":"https://www.mnkvillas.com/blog\/agenda-cultural-de-menorca-actividades-agosto#primaryimage"},"thumbnailUrl":"https://www.mnkvillas.com/blog\/wp-content\/uploads\/2017\/08\/Agenda-cultural-de-Menorca-01.jpg","articleSection":["Turismo en Menorca"],"inLanguage":"es"},{"@type":"WebPage","@id":"https://www.mnkvillas.com/blog\/agenda-cultural-de-menorca-actividades-agosto","url":"https://www.mnkvillas.com/blog\/agenda-cultural-de-menorca-actividades-agosto","name":"Agenda cultural de Menorca | Actividades en Menorca que hacer","isPartOf":{"@id":"https://www.mnkvillas.com/blog\/#website"},"primaryImageOfPage":{"@id":"https://www.mnkvillas.com/blog\/agenda-cultural-de-menorca-actividades-agosto#primaryimage"},"image":{"@id":"https://www.mnkvillas.com/blog\/agenda-cultural-de-menorca-actividades-agosto#primaryimage"},"thumbnailUrl":"https://www.mnkvillas.com/blog\/wp-content\/uploads\/2017\/08\/Agenda-cultural-de-Menorca-01.jpg","datePublished":"2017-08-17T10:00:50+00:00","dateModified":"2017-08-28T14:10:49+00:00","author":{"@id":"https://www.mnkvillas.com/blog\/#\/schema\/person\/5efebb89c1bdae18cb0ab6c4a34d438d"},"description":"Conoce la agenda cultural de Menorca con la gran variedad de actividades en Menorca que hacer y la oferta del Teatro de Ma\u00f3 para verano.","breadcrumb":{"@id":"https://www.mnkvillas.com/blog\/agenda-cultural-de-menorca-actividades-agosto#breadcrumb"},"inLanguage":"es","potentialAction":[{"@type":"ReadAction","target":["https://www.mnkvillas.com/blog\/agenda-cultural-de-menorca-actividades-agosto"]}]},{"@type":"ImageObject","inLanguage":"es","@id":"https://www.mnkvillas.com/blog\/agenda-cultural-de-menorca-actividades-agosto#primaryimage","url":"https://www.mnkvillas.com/blog\/wp-content\/uploads\/2017\/08\/Agenda-cultural-de-Menorca-01.jpg","contentUrl":"https://www.mnkvillas.com/blog\/wp-content\/uploads\/2017\/08\/Agenda-cultural-de-Menorca-01.jpg","width":840,"height":389,"caption":"Agenda cultural de Menorca"},{"@type":"BreadcrumbList","@id":"https://www.mnkvillas.com/blog\/agenda-cultural-de-menorca-actividades-agosto#breadcrumb","itemListElement":[{"@type":"ListItem","position":1,"name":"Portada","item":"https://www.mnkvillas.com/blog\/"},{"@type":"ListItem","position":2,"name":"Agenda cultural de Menorca \u00bfqu\u00e9 actividades hacer en agosto?"}]},{"@type":"WebSite","@id":"https://www.mnkvillas.com/blog\/#website","url":"https://www.mnkvillas.com/blog\/","name":"El Blog de MNK Villas","description":"Gesti\u00f3n y comercializaci\u00f3n de casas y villas en Menorca","potentialAction":[{"@type":"SearchAction","target":{"@type":"EntryPoint","urlTemplate":"https://www.mnkvillas.com/blog\/?s={search_term_string}"},"query-input":{"@type":"PropertyValueSpecification","valueRequired":true,"valueName":"search_term_string"}}],"inLanguage":"es"},{"@type":"Person","@id":"https://www.mnkvillas.com/blog\/#\/schema\/person\/5efebb89c1bdae18cb0ab6c4a34d438d","name":"MNK Villas","image":{"@type":"ImageObject","inLanguage":"es","@id":"https:\/\/secure.gravatar.com\/avatar\/32fd5f16b06bfc66336905f2701aff5bb0df631080894bd3d84147be1c1a1ac8?s=96&d=mm&r=g","url":"https:\/\/secure.gravatar.com\/avatar\/32fd5f16b06bfc66336905f2701aff5bb0df631080894bd3d84147be1c1a1ac8?s=96&d=mm&r=g","contentUrl":"https:\/\/secure.gravatar.com\/avatar\/32fd5f16b06bfc66336905f2701aff5bb0df631080894bd3d84147be1c1a1ac8?s=96&d=mm&r=g","caption":"MNK Villas"},"url":"https://www.mnkvillas.com/blog\/author\/mnk-villas"}]}},"_links":{"self":[{"href":"https://www.mnkvillas.com/blog\/wp-json\/wp\/v2\/posts\/2208","targetHints":{"allow":["GET"]}}],"collection":[{"href":"https://www.mnkvillas.com/blog\/wp-json\/wp\/v2\/posts"}],"about":[{"href":"https://www.mnkvillas.com/blog\/wp-json\/wp\/v2\/types\/post"}],"author":[{"embeddable":true,"href":"https://www.mnkvillas.com/blog\/wp-json\/wp\/v2\/users\/2"}],"replies":[{"embeddable":true,"href":"https://www.mnkvillas.com/blog\/wp-json\/wp\/v2\/comments?post=2208"}],"version-history":[{"count":8,"href":"https://www.mnkvillas.com/blog\/wp-json\/wp\/v2\/posts\/2208\/revisions"}],"predecessor-version":[{"id":2242,"href":"https://www.mnkvillas.com/blog\/wp-json\/wp\/v2\/posts\/2208\/revisions\/2242"}],"wp:featuredmedia":[{"embeddable":true,"href":"https://www.mnkvillas.com/blog\/wp-json\/wp\/v2\/media\/2221"}],"wp:attachment":[{"href":"https://www.mnkvillas.com/blog\/wp-json\/wp\/v2\/media?parent=2208"}],"wp:term":[{"taxonomy":"category","embeddable":true,"href":"https://www.mnkvillas.com/blog\/wp-json\/wp\/v2\/categories?post=2208"},{"taxonomy":"post_tag","embeddable":true,"href":"https://www.mnkvillas.com/blog\/wp-json\/wp\/v2\/tags?post=2208"}],"curies":[{"name":"wp","href":"https:\/\/api.w.org\/{rel}","templated":true}]}}