{"id":2153,"date":"2017-07-26T10:07:47","date_gmt":"2017-07-26T10:07:47","guid":{"rendered":"https://www.mnkvillas.com/blog\/?p=2153"},"modified":"2017-07-27T10:15:11","modified_gmt":"2017-07-27T10:15:11","slug":"calas-de-menorca-vacaciones-verano-2017","status":"publish","type":"post","link":"https://www.mnkvillas.com/blog\/calas-de-menorca-vacaciones-verano-2017","title":{"rendered":"\u00bfQu\u00e9 calas de Menorca visitar en mis vacaciones de verano 2017?"},"content":{"rendered":"<p align=\"center\"><span style=\"font-size: large;\">En tus <b>vacaciones <\/b><b>de verano 2017<\/b>, que no te falte visitar estas <b>calas <\/b><b>de<\/b><b> Menorca<\/b><\/span><\/p>\n<p>&nbsp;<\/p>\n<p align=\"center\"><a href=\"https:\/\/www.mnkvillas.com\/calas-de-menorca-vacaciones-verano-2017\" target=\"_blank\" rel=\"noopener\"><img loading=\"lazy\" decoding=\"async\" class=\"aligncenter wp-image-2154 size-full\" title=\"calas de Menorca\" src=\"https://www.mnkvillas.com/blog\/wp-content\/uploads\/2017\/07\/Calas-de-Menorca.jpg\" alt=\"calas de Menorca\" width=\"840\" height=\"389\" srcset=\"https://www.mnkvillas.com/blog\/wp-content\/uploads\/2017\/07\/Calas-de-Menorca.jpg 840w, https://www.mnkvillas.com/blog\/wp-content\/uploads\/2017\/07\/Calas-de-Menorca-300x139.jpg 300w, https://www.mnkvillas.com/blog\/wp-content\/uploads\/2017\/07\/Calas-de-Menorca-768x356.jpg 768w\" sizes=\"auto, (max-width: 840px) 100vw, 840px\" \/><\/a><\/p>\n<p>&nbsp;<\/p>\n<p align=\"justify\"><span style=\"font-size: medium;\">Las playas de Punta Cana, de Kon Phi Phi e incluso las de las espl\u00e9ndidas Islas Fiyi son de las m\u00e1s admiradas del mundo. Poner un pie en ellas es querer olvidarse de todo. Todas ellas son consideradas como parajes de gran belleza natural. Y para belleza natural la de las <b>calas de Menorca<\/b>, aut\u00e9nticos para\u00edsos que no tienen comparaci\u00f3n.<\/span><\/p>\n<p>&nbsp;<\/p>\n<p align=\"justify\"><span style=\"font-size: medium;\">S\u00ed, si vienes a pasar tus <b>vacaciones de verano 2017<\/b>, conocer estas <b>calas de Menorca<\/b> ha de estar entre tus planes.<\/span><\/p>\n<p>&nbsp;<\/p>\n<h2 class=\"western\">\u00bfCu\u00e1les son las cinco mejores calas de Menorca?<\/h2>\n<p>&nbsp;<\/p>\n<p><span style=\"font-size: medium;\">Pr\u00e1cticamente todas las playas de Menorca son dignas de admiraci\u00f3n. Pero, por si no te da tiempo de conocerlas todas, te hemos seleccionado un listado de las cinco mejores <b>calas de Menorca<\/b>.<\/span><\/p>\n<p>&nbsp;<\/p>\n<h3 class=\"western\">1. Cala Escorxada<\/h3>\n<p>&nbsp;<\/p>\n<p><a href=\"https:\/\/www.mnkvillas.com\/calas-de-menorca-vacaciones-verano-2017\" target=\"_blank\" rel=\"noopener\"><img loading=\"lazy\" decoding=\"async\" class=\"aligncenter wp-image-2155 size-full\" title=\"Cala Escorxada, una de las calas de Menorca\" src=\"https://www.mnkvillas.com/blog\/wp-content\/uploads\/2017\/07\/Cala-Escorxada.jpg\" alt=\"Cala Escorxada, una de las calas de Menorca\" width=\"840\" height=\"389\" srcset=\"https://www.mnkvillas.com/blog\/wp-content\/uploads\/2017\/07\/Cala-Escorxada.jpg 840w, https://www.mnkvillas.com/blog\/wp-content\/uploads\/2017\/07\/Cala-Escorxada-300x139.jpg 300w, https://www.mnkvillas.com/blog\/wp-content\/uploads\/2017\/07\/Cala-Escorxada-768x356.jpg 768w\" sizes=\"auto, (max-width: 840px) 100vw, 840px\" \/><\/a><\/p>\n<p>&nbsp;<\/p>\n<p><span style=\"font-size: medium;\">La Cala Escorxada es una de las reinas v\u00edrgenes del sur de la isla. Acceder a ella es muy complicado, pues para llegar debes hacer una caminata de casi una hora. Eso s\u00ed, una vez que llegues, te encontrar\u00e1s con una de las playas m\u00e1s maravillosas no solo de Menorca, sino de toda Espa\u00f1a.<\/span><\/p>\n<p>&nbsp;<\/p>\n<hr \/>\n<p>&nbsp;<\/p>\n<h3 class=\"western\">2. Cala Galdana<\/h3>\n<p>&nbsp;<\/p>\n<p><img loading=\"lazy\" decoding=\"async\" class=\"aligncenter wp-image-2156 size-full\" title=\"Cala Galdana, una de las calas de Menorca\" src=\"https://www.mnkvillas.com/blog\/wp-content\/uploads\/2017\/07\/Cala-Galdana.jpg\" alt=\"Cala Galdana, una de las calas de Menorca\" width=\"840\" height=\"389\" srcset=\"https://www.mnkvillas.com/blog\/wp-content\/uploads\/2017\/07\/Cala-Galdana.jpg 840w, https://www.mnkvillas.com/blog\/wp-content\/uploads\/2017\/07\/Cala-Galdana-300x139.jpg 300w, https://www.mnkvillas.com/blog\/wp-content\/uploads\/2017\/07\/Cala-Galdana-768x356.jpg 768w\" sizes=\"auto, (max-width: 840px) 100vw, 840px\" \/><\/p>\n<p>&nbsp;<\/p>\n<p><span style=\"font-size: medium;\">La Cala Galdana es una de las m\u00e1s concurridas de la isla. Es tan familiar como la propia Menorca. Aunque a su alrededor hay muchas edificaciones tur\u00edsticas, estas no le restan protagonismo a sus 300 metros de linda costa. Si vienes a <a href=\"https://www.mnkvillas.com/blog\/disfrutar-en-menorca-con-ninos\"><b>Menorca con ni\u00f1os<\/b><\/a>, esta cala es id\u00edlica.<\/span><\/p>\n<p>&nbsp;<\/p>\n<p>&nbsp;<\/p>\n<p><a href=\"https:\/\/www.mnkvillas.com\/es\/fincas-menorca\/finca-santa-ponsa\/32\" target=\"_blank\" rel=\"noopener\"><img loading=\"lazy\" decoding=\"async\" class=\"aligncenter wp-image-2175 size-full\" title=\"alojamiento en Menorca cerca de Cala Galdana\" src=\"https://www.mnkvillas.com/blog\/wp-content\/uploads\/2017\/07\/\u00bfBuscas-alojamiento-en-Menorca-cerca-de-Cala-Galdana-1.jpg\" alt=\"alojamiento en Menorca cerca de Cala Galdana\" width=\"728\" height=\"90\" srcset=\"https://www.mnkvillas.com/blog\/wp-content\/uploads\/2017\/07\/\u00bfBuscas-alojamiento-en-Menorca-cerca-de-Cala-Galdana-1.jpg 728w, https://www.mnkvillas.com/blog\/wp-content\/uploads\/2017\/07\/\u00bfBuscas-alojamiento-en-Menorca-cerca-de-Cala-Galdana-1-300x37.jpg 300w\" sizes=\"auto, (max-width: 728px) 100vw, 728px\" \/><\/a><\/p>\n<hr \/>\n<p>&nbsp;<\/p>\n<h3><\/h3>\n<h3 class=\"western\">3. Cala Pilar<\/h3>\n<p>&nbsp;<\/p>\n<p><a href=\"https:\/\/www.mnkvillas.com\/calas-de-menorca-vacaciones-verano-2017\" target=\"_blank\" rel=\"noopener\"><img loading=\"lazy\" decoding=\"async\" class=\"aligncenter wp-image-2157 size-full\" title=\"Cala Pilar, una de las calas de Menorca\" src=\"https://www.mnkvillas.com/blog\/wp-content\/uploads\/2017\/07\/Cala-Pilar.jpg\" alt=\"Cala Pilar, una de las calas de Menorca\" width=\"840\" height=\"389\" srcset=\"https://www.mnkvillas.com/blog\/wp-content\/uploads\/2017\/07\/Cala-Pilar.jpg 840w, https://www.mnkvillas.com/blog\/wp-content\/uploads\/2017\/07\/Cala-Pilar-300x139.jpg 300w, https://www.mnkvillas.com/blog\/wp-content\/uploads\/2017\/07\/Cala-Pilar-768x356.jpg 768w\" sizes=\"auto, (max-width: 840px) 100vw, 840px\" \/><\/a><\/p>\n<p>&nbsp;<\/p>\n<p><span style=\"font-size: medium;\">Aunque pudieras pensar que la Cala Pilar es una playa solitaria por su ubicaci\u00f3n, realmente est\u00e1 acompa\u00f1ada por unos acantilados rocosos que la hacen \u00fanica. El color rojizo por el que se caracteriza y el azul turquesa de sus aguas forman un paisaje verdaderamente hermoso.<\/span><\/p>\n<p>&nbsp;<\/p>\n<hr \/>\n<p>&nbsp;<\/p>\n<h3 class=\"western\">4. Cala Tortuga<\/h3>\n<p>&nbsp;<\/p>\n<p><a href=\"https:\/\/www.mnkvillas.com\/calas-de-menorca-vacaciones-verano-2017\" target=\"_blank\" rel=\"noopener\"><img loading=\"lazy\" decoding=\"async\" class=\"aligncenter wp-image-2158 size-full\" title=\"Cala Tortuga, una de las calas de Menorca\" src=\"https://www.mnkvillas.com/blog\/wp-content\/uploads\/2017\/07\/Playa-del-Tortuga.jpg\" alt=\"Cala Tortuga, una de las calas de Menorca\" width=\"840\" height=\"389\" srcset=\"https://www.mnkvillas.com/blog\/wp-content\/uploads\/2017\/07\/Playa-del-Tortuga.jpg 840w, https://www.mnkvillas.com/blog\/wp-content\/uploads\/2017\/07\/Playa-del-Tortuga-300x139.jpg 300w, https://www.mnkvillas.com/blog\/wp-content\/uploads\/2017\/07\/Playa-del-Tortuga-768x356.jpg 768w\" sizes=\"auto, (max-width: 840px) 100vw, 840px\" \/><\/a><\/p>\n<p>&nbsp;<\/p>\n<p>&nbsp;<\/p>\n<p><span style=\"font-size: medium;\">A 17 kil\u00f3metros de Mah\u00f3n y junto al fabuloso Faro de Fav\u00e0ritx se encuentra una de nuestras calas de Menorca preferidas, la Cala Tortuga. Su nombre hace una distinci\u00f3n especial a las tortugas que la habitan. Forma parte del \u00c1rea Natural de Especial Inter\u00e9s (ANEI) de S\u2019Albufera des Grau y s\u00ed, tambi\u00e9n ofrece un panorama espectacular.<\/span><\/p>\n<p>&nbsp;<\/p>\n<p>&nbsp;<\/p>\n<p><a href=\"https://www.mnkvillas.com/blog\/ruta-por-los-7-faros-de-menorca\" target=\"_blank\" rel=\"noopener\"><img loading=\"lazy\" decoding=\"async\" class=\"aligncenter wp-image-2173 size-full\" title=\"ruta por los faros de menorca\" src=\"https://www.mnkvillas.com/blog\/wp-content\/uploads\/2017\/07\/ruta-por-los-faros-de-menorca.jpg\" alt=\"ruta por los faros de menorca\" width=\"728\" height=\"90\" srcset=\"https://www.mnkvillas.com/blog\/wp-content\/uploads\/2017\/07\/ruta-por-los-faros-de-menorca.jpg 728w, https://www.mnkvillas.com/blog\/wp-content\/uploads\/2017\/07\/ruta-por-los-faros-de-menorca-300x37.jpg 300w\" sizes=\"auto, (max-width: 728px) 100vw, 728px\" \/><\/a><\/p>\n<p>&nbsp;<\/p>\n<hr \/>\n<p>&nbsp;<\/p>\n<h3 class=\"western\">5. Cala Mitjaneta<\/h3>\n<p>&nbsp;<\/p>\n<p><a href=\"https:\/\/www.mnkvillas.com\/calas-de-menorca-vacaciones-verano-2017\" target=\"_blank\" rel=\"noopener\"><img loading=\"lazy\" decoding=\"async\" class=\"aligncenter wp-image-2159 size-full\" title=\"Cala Mitjaneta, una de las calas de Menorca\" src=\"https://www.mnkvillas.com/blog\/wp-content\/uploads\/2017\/07\/Cala-Mitjaneta.jpg\" alt=\"Cala Mitjaneta, una de las calas de Menorca\" width=\"840\" height=\"389\" srcset=\"https://www.mnkvillas.com/blog\/wp-content\/uploads\/2017\/07\/Cala-Mitjaneta.jpg 840w, https://www.mnkvillas.com/blog\/wp-content\/uploads\/2017\/07\/Cala-Mitjaneta-300x139.jpg 300w, https://www.mnkvillas.com/blog\/wp-content\/uploads\/2017\/07\/Cala-Mitjaneta-768x356.jpg 768w\" sizes=\"auto, (max-width: 840px) 100vw, 840px\" \/><\/a><\/p>\n<p>&nbsp;<\/p>\n<p><span style=\"font-size: medium;\">Y de las cl\u00e1sicas, pero no por ello menos maravillosa, la Cala Mitjaneta, una de las calas de Menorca que no debes dejar de visitar. Es uno de esos rincones del Mar Mediterr\u00e1neo que merece la pena visitar. Y no solo eso, sino que ser\u00e1 dif\u00edcil de olvidar.<\/span><\/p>\n<p>&nbsp;<\/p>\n<hr \/>\n<p>&nbsp;<\/p>\n<p align=\"justify\"><span style=\"font-size: medium;\">Las mires por donde las mires, estas cinco <b>calas de Menorca <\/b><b>son aut\u00e9nticas joyas.<\/b> Vamos, que so\u00f1ar despiertos en ellas es posible.<\/span><\/p>\n<p>&nbsp;<\/p>\n<p align=\"justify\"><span style=\"font-size: medium;\">Abre los ojos, d\u00e9jate llevar por su belleza y descansa. Aqu\u00ed tienes cinco rincones m\u00e1gicos donde la tranquilidad est\u00e1 asegurada.<\/span><\/p>\n<p>&nbsp;<\/p>\n<p align=\"justify\"><a href=\"https://www.mnkvillas.com/blog\/que-ver-en-menorca-en-verano\" target=\"_blank\" rel=\"noopener\"><img loading=\"lazy\" decoding=\"async\" class=\"aligncenter wp-image-2169 size-full\" title=\"que ver en menorca en verano\" src=\"https://www.mnkvillas.com/blog\/wp-content\/uploads\/2017\/07\/Que-ver-en-menorca-en-verano.jpg\" alt=\"que ver en menorca en verano\" width=\"728\" height=\"90\" srcset=\"https://www.mnkvillas.com/blog\/wp-content\/uploads\/2017\/07\/Que-ver-en-menorca-en-verano.jpg 728w, https://www.mnkvillas.com/blog\/wp-content\/uploads\/2017\/07\/Que-ver-en-menorca-en-verano-300x37.jpg 300w\" sizes=\"auto, (max-width: 728px) 100vw, 728px\" \/><\/a><\/p>\n<p>&nbsp;<\/p>\n<p align=\"center\"><span style=\"font-size: medium;\"><b>Y como no es lo mismo verlas que disfrutarlas \u00bfqu\u00e9 tal si te vienes estas vacaciones de verano 2017?<\/b><\/span><\/p>\n","protected":false},"excerpt":{"rendered":"<p>En tus vacaciones de verano 2017, que no te falte visitar estas calas de Menorca &nbsp; &nbsp; Las playas de Punta Cana, de Kon Phi Phi e incluso las de las espl\u00e9ndidas Islas Fiyi son de las m\u00e1s admiradas del mundo. Poner un pie en ellas es querer olvidarse de todo. Todas ellas son consideradas &#8230; <a href=\"https://www.mnkvillas.com/blog\/calas-de-menorca-vacaciones-verano-2017\">Continuar<\/a><\/p>\n","protected":false},"author":2,"featured_media":2157,"comment_status":"closed","ping_status":"open","sticky":false,"template":"","format":"standard","meta":{"footnotes":""},"categories":[9,11],"tags":[],"class_list":["post-2153","post","type-post","status-publish","format-standard","has-post-thumbnail","hentry","category-turismo-en-menorca","category-vacaciones-en-menorca"],"yoast_head":"<!-- This site is optimized with the Yoast SEO plugin v27.5 - https:\/\/yoast.com\/product\/yoast-seo-wordpress\/ -->\n<title>Calas de Menorca, las cinco mejores para vacaciones de verano 2017<\/title>\n<meta name=\"description\" content=\"Descubre las cinco mejores calas de Menorca para pasar tus vacaciones de verano 2017. Son aut\u00e9nticos para\u00edsos naturales donde reina la tranquilidad.\" \/>\n<meta name=\"robots\" content=\"index, follow, max-snippet:-1, max-image-preview:large, max-video-preview:-1\" \/>\n<link rel=\"canonical\" href=\"https://www.mnkvillas.com/blog\/calas-de-menorca-vacaciones-verano-2017\" \/>\n<meta property=\"og:locale\" content=\"es_ES\" \/>\n<meta property=\"og:type\" content=\"article\" \/>\n<meta property=\"og:title\" content=\"Calas de Menorca, las cinco mejores para vacaciones de verano 2017\" \/>\n<meta property=\"og:description\" content=\"Descubre las cinco mejores calas de Menorca para pasar tus vacaciones de verano 2017. Son aut\u00e9nticos para\u00edsos naturales donde reina la tranquilidad.\" \/>\n<meta property=\"og:url\" content=\"https://www.mnkvillas.com/blog\/calas-de-menorca-vacaciones-verano-2017\" \/>\n<meta property=\"og:site_name\" content=\"El Blog de MNK Villas\" \/>\n<meta property=\"article:published_time\" content=\"2017-07-26T10:07:47+00:00\" \/>\n<meta property=\"article:modified_time\" content=\"2017-07-27T10:15:11+00:00\" \/>\n<meta property=\"og:image\" content=\"https://www.mnkvillas.com/blog\/wp-content\/uploads\/2017\/07\/Cala-Pilar.jpg\" \/>\n\t<meta property=\"og:image:width\" content=\"840\" \/>\n\t<meta property=\"og:image:height\" content=\"389\" \/>\n\t<meta property=\"og:image:type\" content=\"image\/jpeg\" \/>\n<meta name=\"author\" content=\"MNK Villas\" \/>\n<meta name=\"twitter:card\" content=\"summary_large_image\" \/>\n<meta name=\"twitter:label1\" content=\"Escrito por\" \/>\n\t<meta name=\"twitter:data1\" content=\"MNK Villas\" \/>\n\t<meta name=\"twitter:label2\" content=\"Tiempo de lectura\" \/>\n\t<meta name=\"twitter:data2\" content=\"3 minutos\" \/>\n<script type=\"application\/ld+json\" class=\"yoast-schema-graph\">{\"@context\":\"https:\\\/\\\/schema.org\",\"@graph\":[{\"@type\":\"Article\",\"@id\":\"https:\\\/\\\/blog.mnkvillas.com\\\/calas-de-menorca-vacaciones-verano-2017#article\",\"isPartOf\":{\"@id\":\"https:\\\/\\\/blog.mnkvillas.com\\\/calas-de-menorca-vacaciones-verano-2017\"},\"author\":{\"name\":\"MNK Villas\",\"@id\":\"https:\\\/\\\/blog.mnkvillas.com\\\/#\\\/schema\\\/person\\\/5efebb89c1bdae18cb0ab6c4a34d438d\"},\"headline\":\"\u00bfQu\u00e9 calas de Menorca visitar en mis vacaciones de verano 2017?\",\"datePublished\":\"2017-07-26T10:07:47+00:00\",\"dateModified\":\"2017-07-27T10:15:11+00:00\",\"mainEntityOfPage\":{\"@id\":\"https:\\\/\\\/blog.mnkvillas.com\\\/calas-de-menorca-vacaciones-verano-2017\"},\"wordCount\":529,\"image\":{\"@id\":\"https:\\\/\\\/blog.mnkvillas.com\\\/calas-de-menorca-vacaciones-verano-2017#primaryimage\"},\"thumbnailUrl\":\"https:\\\/\\\/blog.mnkvillas.com\\\/wp-content\\\/uploads\\\/2017\\\/07\\\/Cala-Pilar.jpg\",\"articleSection\":[\"Turismo en Menorca\",\"Vacaciones en Menorca\"],\"inLanguage\":\"es\"},{\"@type\":\"WebPage\",\"@id\":\"https:\\\/\\\/blog.mnkvillas.com\\\/calas-de-menorca-vacaciones-verano-2017\",\"url\":\"https:\\\/\\\/blog.mnkvillas.com\\\/calas-de-menorca-vacaciones-verano-2017\",\"name\":\"Calas de Menorca, las cinco mejores para vacaciones de verano 2017\",\"isPartOf\":{\"@id\":\"https:\\\/\\\/blog.mnkvillas.com\\\/#website\"},\"primaryImageOfPage\":{\"@id\":\"https:\\\/\\\/blog.mnkvillas.com\\\/calas-de-menorca-vacaciones-verano-2017#primaryimage\"},\"image\":{\"@id\":\"https:\\\/\\\/blog.mnkvillas.com\\\/calas-de-menorca-vacaciones-verano-2017#primaryimage\"},\"thumbnailUrl\":\"https:\\\/\\\/blog.mnkvillas.com\\\/wp-content\\\/uploads\\\/2017\\\/07\\\/Cala-Pilar.jpg\",\"datePublished\":\"2017-07-26T10:07:47+00:00\",\"dateModified\":\"2017-07-27T10:15:11+00:00\",\"author\":{\"@id\":\"https:\\\/\\\/blog.mnkvillas.com\\\/#\\\/schema\\\/person\\\/5efebb89c1bdae18cb0ab6c4a34d438d\"},\"description\":\"Descubre las cinco mejores calas de Menorca para pasar tus vacaciones de verano 2017. Son aut\u00e9nticos para\u00edsos naturales donde reina la tranquilidad.\",\"breadcrumb\":{\"@id\":\"https:\\\/\\\/blog.mnkvillas.com\\\/calas-de-menorca-vacaciones-verano-2017#breadcrumb\"},\"inLanguage\":\"es\",\"potentialAction\":[{\"@type\":\"ReadAction\",\"target\":[\"https:\\\/\\\/blog.mnkvillas.com\\\/calas-de-menorca-vacaciones-verano-2017\"]}]},{\"@type\":\"ImageObject\",\"inLanguage\":\"es\",\"@id\":\"https:\\\/\\\/blog.mnkvillas.com\\\/calas-de-menorca-vacaciones-verano-2017#primaryimage\",\"url\":\"https:\\\/\\\/blog.mnkvillas.com\\\/wp-content\\\/uploads\\\/2017\\\/07\\\/Cala-Pilar.jpg\",\"contentUrl\":\"https:\\\/\\\/blog.mnkvillas.com\\\/wp-content\\\/uploads\\\/2017\\\/07\\\/Cala-Pilar.jpg\",\"width\":840,\"height\":389,\"caption\":\"Cala Pilar, una de las calas de Menorca\"},{\"@type\":\"BreadcrumbList\",\"@id\":\"https:\\\/\\\/blog.mnkvillas.com\\\/calas-de-menorca-vacaciones-verano-2017#breadcrumb\",\"itemListElement\":[{\"@type\":\"ListItem\",\"position\":1,\"name\":\"Portada\",\"item\":\"https:\\\/\\\/blog.mnkvillas.com\\\/\"},{\"@type\":\"ListItem\",\"position\":2,\"name\":\"\u00bfQu\u00e9 calas de Menorca visitar en mis vacaciones de verano 2017?\"}]},{\"@type\":\"WebSite\",\"@id\":\"https:\\\/\\\/blog.mnkvillas.com\\\/#website\",\"url\":\"https:\\\/\\\/blog.mnkvillas.com\\\/\",\"name\":\"El Blog de MNK Villas\",\"description\":\"Gesti\u00f3n y comercializaci\u00f3n de casas y villas en Menorca\",\"potentialAction\":[{\"@type\":\"SearchAction\",\"target\":{\"@type\":\"EntryPoint\",\"urlTemplate\":\"https:\\\/\\\/blog.mnkvillas.com\\\/?s={search_term_string}\"},\"query-input\":{\"@type\":\"PropertyValueSpecification\",\"valueRequired\":true,\"valueName\":\"search_term_string\"}}],\"inLanguage\":\"es\"},{\"@type\":\"Person\",\"@id\":\"https:\\\/\\\/blog.mnkvillas.com\\\/#\\\/schema\\\/person\\\/5efebb89c1bdae18cb0ab6c4a34d438d\",\"name\":\"MNK Villas\",\"image\":{\"@type\":\"ImageObject\",\"inLanguage\":\"es\",\"@id\":\"https:\\\/\\\/secure.gravatar.com\\\/avatar\\\/32fd5f16b06bfc66336905f2701aff5bb0df631080894bd3d84147be1c1a1ac8?s=96&d=mm&r=g\",\"url\":\"https:\\\/\\\/secure.gravatar.com\\\/avatar\\\/32fd5f16b06bfc66336905f2701aff5bb0df631080894bd3d84147be1c1a1ac8?s=96&d=mm&r=g\",\"contentUrl\":\"https:\\\/\\\/secure.gravatar.com\\\/avatar\\\/32fd5f16b06bfc66336905f2701aff5bb0df631080894bd3d84147be1c1a1ac8?s=96&d=mm&r=g\",\"caption\":\"MNK Villas\"},\"url\":\"https:\\\/\\\/blog.mnkvillas.com\\\/author\\\/mnk-villas\"}]}<\/script>\n<!-- \/ Yoast SEO plugin. -->","yoast_head_json":{"title":"Calas de Menorca, las cinco mejores para vacaciones de verano 2017","description":"Descubre las cinco mejores calas de Menorca para pasar tus vacaciones de verano 2017. Son aut\u00e9nticos para\u00edsos naturales donde reina la tranquilidad.","robots":{"index":"index","follow":"follow","max-snippet":"max-snippet:-1","max-image-preview":"max-image-preview:large","max-video-preview":"max-video-preview:-1"},"canonical":"https://www.mnkvillas.com/blog\/calas-de-menorca-vacaciones-verano-2017","og_locale":"es_ES","og_type":"article","og_title":"Calas de Menorca, las cinco mejores para vacaciones de verano 2017","og_description":"Descubre las cinco mejores calas de Menorca para pasar tus vacaciones de verano 2017. Son aut\u00e9nticos para\u00edsos naturales donde reina la tranquilidad.","og_url":"https://www.mnkvillas.com/blog\/calas-de-menorca-vacaciones-verano-2017","og_site_name":"El Blog de MNK Villas","article_published_time":"2017-07-26T10:07:47+00:00","article_modified_time":"2017-07-27T10:15:11+00:00","og_image":[{"width":840,"height":389,"url":"https://www.mnkvillas.com/blog\/wp-content\/uploads\/2017\/07\/Cala-Pilar.jpg","type":"image\/jpeg"}],"author":"MNK Villas","twitter_card":"summary_large_image","twitter_misc":{"Escrito por":"MNK Villas","Tiempo de lectura":"3 minutos"},"schema":{"@context":"https:\/\/schema.org","@graph":[{"@type":"Article","@id":"https://www.mnkvillas.com/blog\/calas-de-menorca-vacaciones-verano-2017#article","isPartOf":{"@id":"https://www.mnkvillas.com/blog\/calas-de-menorca-vacaciones-verano-2017"},"author":{"name":"MNK Villas","@id":"https://www.mnkvillas.com/blog\/#\/schema\/person\/5efebb89c1bdae18cb0ab6c4a34d438d"},"headline":"\u00bfQu\u00e9 calas de Menorca visitar en mis vacaciones de verano 2017?","datePublished":"2017-07-26T10:07:47+00:00","dateModified":"2017-07-27T10:15:11+00:00","mainEntityOfPage":{"@id":"https://www.mnkvillas.com/blog\/calas-de-menorca-vacaciones-verano-2017"},"wordCount":529,"image":{"@id":"https://www.mnkvillas.com/blog\/calas-de-menorca-vacaciones-verano-2017#primaryimage"},"thumbnailUrl":"https://www.mnkvillas.com/blog\/wp-content\/uploads\/2017\/07\/Cala-Pilar.jpg","articleSection":["Turismo en Menorca","Vacaciones en Menorca"],"inLanguage":"es"},{"@type":"WebPage","@id":"https://www.mnkvillas.com/blog\/calas-de-menorca-vacaciones-verano-2017","url":"https://www.mnkvillas.com/blog\/calas-de-menorca-vacaciones-verano-2017","name":"Calas de Menorca, las cinco mejores para vacaciones de verano 2017","isPartOf":{"@id":"https://www.mnkvillas.com/blog\/#website"},"primaryImageOfPage":{"@id":"https://www.mnkvillas.com/blog\/calas-de-menorca-vacaciones-verano-2017#primaryimage"},"image":{"@id":"https://www.mnkvillas.com/blog\/calas-de-menorca-vacaciones-verano-2017#primaryimage"},"thumbnailUrl":"https://www.mnkvillas.com/blog\/wp-content\/uploads\/2017\/07\/Cala-Pilar.jpg","datePublished":"2017-07-26T10:07:47+00:00","dateModified":"2017-07-27T10:15:11+00:00","author":{"@id":"https://www.mnkvillas.com/blog\/#\/schema\/person\/5efebb89c1bdae18cb0ab6c4a34d438d"},"description":"Descubre las cinco mejores calas de Menorca para pasar tus vacaciones de verano 2017. Son aut\u00e9nticos para\u00edsos naturales donde reina la tranquilidad.","breadcrumb":{"@id":"https://www.mnkvillas.com/blog\/calas-de-menorca-vacaciones-verano-2017#breadcrumb"},"inLanguage":"es","potentialAction":[{"@type":"ReadAction","target":["https://www.mnkvillas.com/blog\/calas-de-menorca-vacaciones-verano-2017"]}]},{"@type":"ImageObject","inLanguage":"es","@id":"https://www.mnkvillas.com/blog\/calas-de-menorca-vacaciones-verano-2017#primaryimage","url":"https://www.mnkvillas.com/blog\/wp-content\/uploads\/2017\/07\/Cala-Pilar.jpg","contentUrl":"https://www.mnkvillas.com/blog\/wp-content\/uploads\/2017\/07\/Cala-Pilar.jpg","width":840,"height":389,"caption":"Cala Pilar, una de las calas de Menorca"},{"@type":"BreadcrumbList","@id":"https://www.mnkvillas.com/blog\/calas-de-menorca-vacaciones-verano-2017#breadcrumb","itemListElement":[{"@type":"ListItem","position":1,"name":"Portada","item":"https://www.mnkvillas.com/blog\/"},{"@type":"ListItem","position":2,"name":"\u00bfQu\u00e9 calas de Menorca visitar en mis vacaciones de verano 2017?"}]},{"@type":"WebSite","@id":"https://www.mnkvillas.com/blog\/#website","url":"https://www.mnkvillas.com/blog\/","name":"El Blog de MNK Villas","description":"Gesti\u00f3n y comercializaci\u00f3n de casas y villas en Menorca","potentialAction":[{"@type":"SearchAction","target":{"@type":"EntryPoint","urlTemplate":"https://www.mnkvillas.com/blog\/?s={search_term_string}"},"query-input":{"@type":"PropertyValueSpecification","valueRequired":true,"valueName":"search_term_string"}}],"inLanguage":"es"},{"@type":"Person","@id":"https://www.mnkvillas.com/blog\/#\/schema\/person\/5efebb89c1bdae18cb0ab6c4a34d438d","name":"MNK Villas","image":{"@type":"ImageObject","inLanguage":"es","@id":"https:\/\/secure.gravatar.com\/avatar\/32fd5f16b06bfc66336905f2701aff5bb0df631080894bd3d84147be1c1a1ac8?s=96&d=mm&r=g","url":"https:\/\/secure.gravatar.com\/avatar\/32fd5f16b06bfc66336905f2701aff5bb0df631080894bd3d84147be1c1a1ac8?s=96&d=mm&r=g","contentUrl":"https:\/\/secure.gravatar.com\/avatar\/32fd5f16b06bfc66336905f2701aff5bb0df631080894bd3d84147be1c1a1ac8?s=96&d=mm&r=g","caption":"MNK Villas"},"url":"https://www.mnkvillas.com/blog\/author\/mnk-villas"}]}},"_links":{"self":[{"href":"https://www.mnkvillas.com/blog\/wp-json\/wp\/v2\/posts\/2153","targetHints":{"allow":["GET"]}}],"collection":[{"href":"https://www.mnkvillas.com/blog\/wp-json\/wp\/v2\/posts"}],"about":[{"href":"https://www.mnkvillas.com/blog\/wp-json\/wp\/v2\/types\/post"}],"author":[{"embeddable":true,"href":"https://www.mnkvillas.com/blog\/wp-json\/wp\/v2\/users\/2"}],"replies":[{"embeddable":true,"href":"https://www.mnkvillas.com/blog\/wp-json\/wp\/v2\/comments?post=2153"}],"version-history":[{"count":12,"href":"https://www.mnkvillas.com/blog\/wp-json\/wp\/v2\/posts\/2153\/revisions"}],"predecessor-version":[{"id":2177,"href":"https://www.mnkvillas.com/blog\/wp-json\/wp\/v2\/posts\/2153\/revisions\/2177"}],"wp:featuredmedia":[{"embeddable":true,"href":"https://www.mnkvillas.com/blog\/wp-json\/wp\/v2\/media\/2157"}],"wp:attachment":[{"href":"https://www.mnkvillas.com/blog\/wp-json\/wp\/v2\/media?parent=2153"}],"wp:term":[{"taxonomy":"category","embeddable":true,"href":"https://www.mnkvillas.com/blog\/wp-json\/wp\/v2\/categories?post=2153"},{"taxonomy":"post_tag","embeddable":true,"href":"https://www.mnkvillas.com/blog\/wp-json\/wp\/v2\/tags?post=2153"}],"curies":[{"name":"wp","href":"https:\/\/api.w.org\/{rel}","templated":true}]}}