{"id":2009,"date":"2017-06-07T15:31:51","date_gmt":"2017-06-07T15:31:51","guid":{"rendered":"https://www.mnkvillas.com/blog\/?p=2009"},"modified":"2017-06-07T15:36:15","modified_gmt":"2017-06-07T15:36:15","slug":"alquiler-de-casa-en-menorca-vacaciones-familia","status":"publish","type":"post","link":"https://www.mnkvillas.com/blog\/alquiler-de-casa-en-menorca-vacaciones-familia","title":{"rendered":"Vacaciones en familia en Menorca, \u00bfpor qu\u00e9 el alquiler de casa?"},"content":{"rendered":"<p align=\"center\"><span style=\"font-size: medium;\">Alquiler de casa en Menorca para vacaciones en familia,<\/span><\/p>\n<p align=\"center\"><em>\u00bfpor qu\u00e9 esta opci\u00f3n de alojamiento?<\/em><\/p>\n<p>&nbsp;<\/p>\n<p align=\"center\"><a href=\"https://www.mnkvillas.com/blog\/alquiler-de-casa-en-menorca-vacaciones-familia\" target=\"_blank\" rel=\"noopener noreferrer\"><img loading=\"lazy\" decoding=\"async\" class=\"aligncenter wp-image-2010 size-full\" title=\"alquiler de casa en Menorca\" src=\"https://www.mnkvillas.com/blog\/wp-content\/uploads\/2017\/06\/Planes-de-familia-en-este-verano-01.jpg\" alt=\"alquiler de casa en Menorca\" width=\"840\" height=\"389\" srcset=\"https://www.mnkvillas.com/blog\/wp-content\/uploads\/2017\/06\/Planes-de-familia-en-este-verano-01.jpg 840w, https://www.mnkvillas.com/blog\/wp-content\/uploads\/2017\/06\/Planes-de-familia-en-este-verano-01-300x139.jpg 300w, https://www.mnkvillas.com/blog\/wp-content\/uploads\/2017\/06\/Planes-de-familia-en-este-verano-01-768x356.jpg 768w\" sizes=\"auto, (max-width: 840px) 100vw, 840px\" \/><\/a><\/p>\n<p>&nbsp;<\/p>\n<p align=\"justify\"><span style=\"font-size: medium;\">A estas alturas del a\u00f1o, es normal que ni\u00f1os y padres est\u00e9n cansados. Despu\u00e9s de llevar medio a\u00f1o a pi\u00f1\u00f3n trabajando sin parar, acudiendo a actividades extraescolares y dedic\u00e1ndose a los quehaceres rutinarios, unas vacaciones est\u00e1n m\u00e1s que merecidas. Menorca es el para\u00edso y el <a href=\"https://www.mnkvillas.com/blog\/alquiler-de-casa-en-menorca-vacaciones-familia\"><b>alquiler de casa<\/b><\/a> la mejor opci\u00f3n de alojamiento para vacaciones en familia.<\/span><\/p>\n<p>&nbsp;<\/p>\n<p align=\"justify\"><span style=\"font-size: medium;\">Y es que las <b>villas de Menorca<\/b> son todo un remanso de paz y sosiego, pues van a brindarte toda la tranquilidad que buscas y que necesitas para desconectar al cien por cien.<\/span><\/p>\n<p>&nbsp;<\/p>\n<h2 class=\"western\">Pero \u00bfpor qu\u00e9 el alquiler de casa en Menorca?<\/h2>\n<p>&nbsp;<\/p>\n<p><span style=\"font-size: medium;\">1. Vigilancia m\u00e1xima sin dejar de disfrutar.<\/span><\/p>\n<p align=\"justify\"><span style=\"font-size: medium;\">Pasar unas <b><a href=\"https://www.mnkvillas.com/blog\/vacaciones-2017-en-menorca-con-ninos\">vacaciones en familia<\/a> en Menorca <\/b>es ideal porque, al ser una isla muy familiar y al estar tan orientada por tanto a un tipo de turismo mucho m\u00e1s sosegado que busca la paz, no tendr\u00e1s que preocuparte tanto por estar al tanto de los peque\u00f1os. Pero es que adem\u00e1s, el <b>alquiler de casa en Menorca<\/b> te va a permitir poder vigilar a los peques mientras ellos juegan sin que tengas que dejar de disfrutar t\u00fa. Estas villas tienen piscina, una piscina que puedes vigilar mientras cocinas, mientras tomas el sol, etc. \u00a1Ah\u00ed sabes que solo va a estar tu familia y t\u00fa!<\/span><\/p>\n<p>&nbsp;<\/p>\n<p align=\"justify\"><span style=\"font-size: medium;\">2. Organizaci\u00f3n de comidas como quieras y cuando quieras.<\/span><\/p>\n<p align=\"justify\"><span style=\"font-size: medium;\">Al <strong>alquilar una casa en Menorca<\/strong> t\u00fa puedes cocinar u organizar tus comidas cuando y como quieras sin tener que respetar un horario, algo que hace que tus vacaciones en familia sean todav\u00eda m\u00e1s placenteras.<\/span><\/p>\n<p>&nbsp;<\/p>\n<p align=\"justify\"><span style=\"font-size: medium;\">3. Planes mucho m\u00e1s cercanos.<\/span><\/p>\n<p align=\"justify\"><span style=\"font-size: medium;\">Irse de vacaciones en familia para no disfrutar al cien por cien de ella no tiene mucho sentido. As\u00ed que, \u00bfqu\u00e9 mejor que el <b>alquiler de casa <\/b><b>en Menorca<\/b><b> <\/b>para hacer planes mucho m\u00e1s cercanos con ella? S\u00ed, aqu\u00ed tienes mucho espacio para hacer <i>picnic<\/i>, para hacer una barbacoa, para hacer un concurso de <a href=\"http:\/\/www.pequeocio.com\/como-hacer-cupcakes-ninos\/\">cupcakes<\/a>, hacer juegos como el Twister\u2026 y todo, todo ello, \u00a1en familia!<\/span><\/p>\n<p>&nbsp;<\/p>\n<h2 class=\"western\">Consejos para tus vacaciones en familia en Menorca<\/h2>\n<p>&nbsp;<\/p>\n<p align=\"justify\"><span style=\"font-size: medium;\">&#8211; Si te decides por el <strong>alquiler de casa<\/strong>, inf\u00f3rmate y reserva cuanto antes, sobre todo si vienes a finales de junio, \u00a1que son las <a href=\"https://www.mnkvillas.com/blog\/alquiler-de-casas-en-menorca-sant-joan-2017\">fiestas de Sant Joan<\/a>!<\/span><\/p>\n<p>&nbsp;<\/p>\n<p align=\"justify\"><span style=\"font-size: medium;\">&#8211; No olvides el protector solar ni ropa de playa. Menorca es un destino para disfrutar de ella.<\/span><\/p>\n<p>&nbsp;<\/p>\n<p align=\"justify\"><span style=\"font-size: medium;\">&#8211; Trae ropa c\u00f3moda para hacer actividades chulas.<\/span><\/p>\n<p>&nbsp;<\/p>\n<p align=\"justify\"><span style=\"font-size: medium;\">&#8211; Incluye en la maleta un mapa de Menorca. Si este te representa los lugares m\u00e1s emblem\u00e1ticos de la isla, mejor que mejor.<\/span><\/p>\n<p>&nbsp;<\/p>\n<h3 align=\"center\"><span style=\"font-size: medium;\"><b>Y t\u00fa, con todo esto, \u00bfno te decides con tus vacaciones en familia en Menorca?<\/b><\/span><\/h3>\n<p><img loading=\"lazy\" decoding=\"async\" class=\"aligncenter wp-image-1401\" src=\"https://www.mnkvillas.com/blog\/wp-content\/uploads\/2016\/06\/LOGOTIPO_final_horizontal_transp.png\" alt=\"alojamiento en menorca\" width=\"305\" height=\"87\" \/><\/p>\n","protected":false},"excerpt":{"rendered":"<p>Alquiler de casa en Menorca para vacaciones en familia, \u00bfpor qu\u00e9 esta opci\u00f3n de alojamiento? &nbsp; &nbsp; A estas alturas del a\u00f1o, es normal que ni\u00f1os y padres est\u00e9n cansados. Despu\u00e9s de llevar medio a\u00f1o a pi\u00f1\u00f3n trabajando sin parar, acudiendo a actividades extraescolares y dedic\u00e1ndose a los quehaceres rutinarios, unas vacaciones est\u00e1n m\u00e1s que &#8230; <a href=\"https://www.mnkvillas.com/blog\/alquiler-de-casa-en-menorca-vacaciones-familia\">Continuar<\/a><\/p>\n","protected":false},"author":2,"featured_media":2010,"comment_status":"closed","ping_status":"open","sticky":false,"template":"","format":"standard","meta":{"footnotes":""},"categories":[1],"tags":[],"class_list":["post-2009","post","type-post","status-publish","format-standard","has-post-thumbnail","hentry","category-sin-categoria"],"yoast_head":"<!-- This site is optimized with the Yoast SEO plugin v27.5 - https:\/\/yoast.com\/product\/yoast-seo-wordpress\/ -->\n<title>Alquiler de casa en Menorca para vacaciones en familia, \u00bfpor qu\u00e9?<\/title>\n<meta name=\"description\" content=\"Alquiler de casa en Menorca para vacaciones en familia: en MNKVillas, te damos las claves de por qu\u00e9 elegir esta opci\u00f3n de alojamiento en Menorca.\" \/>\n<meta name=\"robots\" content=\"index, follow, max-snippet:-1, max-image-preview:large, max-video-preview:-1\" \/>\n<link rel=\"canonical\" href=\"https://www.mnkvillas.com/blog\/alquiler-de-casa-en-menorca-vacaciones-familia\" \/>\n<meta property=\"og:locale\" content=\"es_ES\" \/>\n<meta property=\"og:type\" content=\"article\" \/>\n<meta property=\"og:title\" content=\"Alquiler de casa en Menorca para vacaciones en familia, \u00bfpor qu\u00e9?\" \/>\n<meta property=\"og:description\" content=\"Alquiler de casa en Menorca para vacaciones en familia: en MNKVillas, te damos las claves de por qu\u00e9 elegir esta opci\u00f3n de alojamiento en Menorca.\" \/>\n<meta property=\"og:url\" content=\"https://www.mnkvillas.com/blog\/alquiler-de-casa-en-menorca-vacaciones-familia\" \/>\n<meta property=\"og:site_name\" content=\"El Blog de MNK Villas\" \/>\n<meta property=\"article:published_time\" content=\"2017-06-07T15:31:51+00:00\" \/>\n<meta property=\"article:modified_time\" content=\"2017-06-07T15:36:15+00:00\" \/>\n<meta property=\"og:image\" content=\"https://www.mnkvillas.com/blog\/wp-content\/uploads\/2017\/06\/Planes-de-familia-en-este-verano-01.jpg\" \/>\n\t<meta property=\"og:image:width\" content=\"840\" \/>\n\t<meta property=\"og:image:height\" content=\"389\" \/>\n\t<meta property=\"og:image:type\" content=\"image\/jpeg\" \/>\n<meta name=\"author\" content=\"MNK Villas\" \/>\n<meta name=\"twitter:card\" content=\"summary_large_image\" \/>\n<meta name=\"twitter:label1\" content=\"Escrito por\" \/>\n\t<meta name=\"twitter:data1\" content=\"MNK Villas\" \/>\n\t<meta name=\"twitter:label2\" content=\"Tiempo de lectura\" \/>\n\t<meta name=\"twitter:data2\" content=\"2 minutos\" \/>\n<script type=\"application\/ld+json\" class=\"yoast-schema-graph\">{\"@context\":\"https:\\\/\\\/schema.org\",\"@graph\":[{\"@type\":\"Article\",\"@id\":\"https:\\\/\\\/blog.mnkvillas.com\\\/alquiler-de-casa-en-menorca-vacaciones-familia#article\",\"isPartOf\":{\"@id\":\"https:\\\/\\\/blog.mnkvillas.com\\\/alquiler-de-casa-en-menorca-vacaciones-familia\"},\"author\":{\"name\":\"MNK Villas\",\"@id\":\"https:\\\/\\\/blog.mnkvillas.com\\\/#\\\/schema\\\/person\\\/5efebb89c1bdae18cb0ab6c4a34d438d\"},\"headline\":\"Vacaciones en familia en Menorca, \u00bfpor qu\u00e9 el alquiler de casa?\",\"datePublished\":\"2017-06-07T15:31:51+00:00\",\"dateModified\":\"2017-06-07T15:36:15+00:00\",\"mainEntityOfPage\":{\"@id\":\"https:\\\/\\\/blog.mnkvillas.com\\\/alquiler-de-casa-en-menorca-vacaciones-familia\"},\"wordCount\":488,\"image\":{\"@id\":\"https:\\\/\\\/blog.mnkvillas.com\\\/alquiler-de-casa-en-menorca-vacaciones-familia#primaryimage\"},\"thumbnailUrl\":\"https:\\\/\\\/blog.mnkvillas.com\\\/wp-content\\\/uploads\\\/2017\\\/06\\\/Planes-de-familia-en-este-verano-01.jpg\",\"inLanguage\":\"es\"},{\"@type\":\"WebPage\",\"@id\":\"https:\\\/\\\/blog.mnkvillas.com\\\/alquiler-de-casa-en-menorca-vacaciones-familia\",\"url\":\"https:\\\/\\\/blog.mnkvillas.com\\\/alquiler-de-casa-en-menorca-vacaciones-familia\",\"name\":\"Alquiler de casa en Menorca para vacaciones en familia, \u00bfpor qu\u00e9?\",\"isPartOf\":{\"@id\":\"https:\\\/\\\/blog.mnkvillas.com\\\/#website\"},\"primaryImageOfPage\":{\"@id\":\"https:\\\/\\\/blog.mnkvillas.com\\\/alquiler-de-casa-en-menorca-vacaciones-familia#primaryimage\"},\"image\":{\"@id\":\"https:\\\/\\\/blog.mnkvillas.com\\\/alquiler-de-casa-en-menorca-vacaciones-familia#primaryimage\"},\"thumbnailUrl\":\"https:\\\/\\\/blog.mnkvillas.com\\\/wp-content\\\/uploads\\\/2017\\\/06\\\/Planes-de-familia-en-este-verano-01.jpg\",\"datePublished\":\"2017-06-07T15:31:51+00:00\",\"dateModified\":\"2017-06-07T15:36:15+00:00\",\"author\":{\"@id\":\"https:\\\/\\\/blog.mnkvillas.com\\\/#\\\/schema\\\/person\\\/5efebb89c1bdae18cb0ab6c4a34d438d\"},\"description\":\"Alquiler de casa en Menorca para vacaciones en familia: en MNKVillas, te damos las claves de por qu\u00e9 elegir esta opci\u00f3n de alojamiento en Menorca.\",\"breadcrumb\":{\"@id\":\"https:\\\/\\\/blog.mnkvillas.com\\\/alquiler-de-casa-en-menorca-vacaciones-familia#breadcrumb\"},\"inLanguage\":\"es\",\"potentialAction\":[{\"@type\":\"ReadAction\",\"target\":[\"https:\\\/\\\/blog.mnkvillas.com\\\/alquiler-de-casa-en-menorca-vacaciones-familia\"]}]},{\"@type\":\"ImageObject\",\"inLanguage\":\"es\",\"@id\":\"https:\\\/\\\/blog.mnkvillas.com\\\/alquiler-de-casa-en-menorca-vacaciones-familia#primaryimage\",\"url\":\"https:\\\/\\\/blog.mnkvillas.com\\\/wp-content\\\/uploads\\\/2017\\\/06\\\/Planes-de-familia-en-este-verano-01.jpg\",\"contentUrl\":\"https:\\\/\\\/blog.mnkvillas.com\\\/wp-content\\\/uploads\\\/2017\\\/06\\\/Planes-de-familia-en-este-verano-01.jpg\",\"width\":840,\"height\":389,\"caption\":\"alquiler de casa en Menorca\"},{\"@type\":\"BreadcrumbList\",\"@id\":\"https:\\\/\\\/blog.mnkvillas.com\\\/alquiler-de-casa-en-menorca-vacaciones-familia#breadcrumb\",\"itemListElement\":[{\"@type\":\"ListItem\",\"position\":1,\"name\":\"Portada\",\"item\":\"https:\\\/\\\/blog.mnkvillas.com\\\/\"},{\"@type\":\"ListItem\",\"position\":2,\"name\":\"Vacaciones en familia en Menorca, \u00bfpor qu\u00e9 el alquiler de casa?\"}]},{\"@type\":\"WebSite\",\"@id\":\"https:\\\/\\\/blog.mnkvillas.com\\\/#website\",\"url\":\"https:\\\/\\\/blog.mnkvillas.com\\\/\",\"name\":\"El Blog de MNK Villas\",\"description\":\"Gesti\u00f3n y comercializaci\u00f3n de casas y villas en Menorca\",\"potentialAction\":[{\"@type\":\"SearchAction\",\"target\":{\"@type\":\"EntryPoint\",\"urlTemplate\":\"https:\\\/\\\/blog.mnkvillas.com\\\/?s={search_term_string}\"},\"query-input\":{\"@type\":\"PropertyValueSpecification\",\"valueRequired\":true,\"valueName\":\"search_term_string\"}}],\"inLanguage\":\"es\"},{\"@type\":\"Person\",\"@id\":\"https:\\\/\\\/blog.mnkvillas.com\\\/#\\\/schema\\\/person\\\/5efebb89c1bdae18cb0ab6c4a34d438d\",\"name\":\"MNK Villas\",\"image\":{\"@type\":\"ImageObject\",\"inLanguage\":\"es\",\"@id\":\"https:\\\/\\\/secure.gravatar.com\\\/avatar\\\/32fd5f16b06bfc66336905f2701aff5bb0df631080894bd3d84147be1c1a1ac8?s=96&d=mm&r=g\",\"url\":\"https:\\\/\\\/secure.gravatar.com\\\/avatar\\\/32fd5f16b06bfc66336905f2701aff5bb0df631080894bd3d84147be1c1a1ac8?s=96&d=mm&r=g\",\"contentUrl\":\"https:\\\/\\\/secure.gravatar.com\\\/avatar\\\/32fd5f16b06bfc66336905f2701aff5bb0df631080894bd3d84147be1c1a1ac8?s=96&d=mm&r=g\",\"caption\":\"MNK Villas\"},\"url\":\"https:\\\/\\\/blog.mnkvillas.com\\\/author\\\/mnk-villas\"}]}<\/script>\n<!-- \/ Yoast SEO plugin. -->","yoast_head_json":{"title":"Alquiler de casa en Menorca para vacaciones en familia, \u00bfpor qu\u00e9?","description":"Alquiler de casa en Menorca para vacaciones en familia: en MNKVillas, te damos las claves de por qu\u00e9 elegir esta opci\u00f3n de alojamiento en Menorca.","robots":{"index":"index","follow":"follow","max-snippet":"max-snippet:-1","max-image-preview":"max-image-preview:large","max-video-preview":"max-video-preview:-1"},"canonical":"https://www.mnkvillas.com/blog\/alquiler-de-casa-en-menorca-vacaciones-familia","og_locale":"es_ES","og_type":"article","og_title":"Alquiler de casa en Menorca para vacaciones en familia, \u00bfpor qu\u00e9?","og_description":"Alquiler de casa en Menorca para vacaciones en familia: en MNKVillas, te damos las claves de por qu\u00e9 elegir esta opci\u00f3n de alojamiento en Menorca.","og_url":"https://www.mnkvillas.com/blog\/alquiler-de-casa-en-menorca-vacaciones-familia","og_site_name":"El Blog de MNK Villas","article_published_time":"2017-06-07T15:31:51+00:00","article_modified_time":"2017-06-07T15:36:15+00:00","og_image":[{"width":840,"height":389,"url":"https://www.mnkvillas.com/blog\/wp-content\/uploads\/2017\/06\/Planes-de-familia-en-este-verano-01.jpg","type":"image\/jpeg"}],"author":"MNK Villas","twitter_card":"summary_large_image","twitter_misc":{"Escrito por":"MNK Villas","Tiempo de lectura":"2 minutos"},"schema":{"@context":"https:\/\/schema.org","@graph":[{"@type":"Article","@id":"https://www.mnkvillas.com/blog\/alquiler-de-casa-en-menorca-vacaciones-familia#article","isPartOf":{"@id":"https://www.mnkvillas.com/blog\/alquiler-de-casa-en-menorca-vacaciones-familia"},"author":{"name":"MNK Villas","@id":"https://www.mnkvillas.com/blog\/#\/schema\/person\/5efebb89c1bdae18cb0ab6c4a34d438d"},"headline":"Vacaciones en familia en Menorca, \u00bfpor qu\u00e9 el alquiler de casa?","datePublished":"2017-06-07T15:31:51+00:00","dateModified":"2017-06-07T15:36:15+00:00","mainEntityOfPage":{"@id":"https://www.mnkvillas.com/blog\/alquiler-de-casa-en-menorca-vacaciones-familia"},"wordCount":488,"image":{"@id":"https://www.mnkvillas.com/blog\/alquiler-de-casa-en-menorca-vacaciones-familia#primaryimage"},"thumbnailUrl":"https://www.mnkvillas.com/blog\/wp-content\/uploads\/2017\/06\/Planes-de-familia-en-este-verano-01.jpg","inLanguage":"es"},{"@type":"WebPage","@id":"https://www.mnkvillas.com/blog\/alquiler-de-casa-en-menorca-vacaciones-familia","url":"https://www.mnkvillas.com/blog\/alquiler-de-casa-en-menorca-vacaciones-familia","name":"Alquiler de casa en Menorca para vacaciones en familia, \u00bfpor qu\u00e9?","isPartOf":{"@id":"https://www.mnkvillas.com/blog\/#website"},"primaryImageOfPage":{"@id":"https://www.mnkvillas.com/blog\/alquiler-de-casa-en-menorca-vacaciones-familia#primaryimage"},"image":{"@id":"https://www.mnkvillas.com/blog\/alquiler-de-casa-en-menorca-vacaciones-familia#primaryimage"},"thumbnailUrl":"https://www.mnkvillas.com/blog\/wp-content\/uploads\/2017\/06\/Planes-de-familia-en-este-verano-01.jpg","datePublished":"2017-06-07T15:31:51+00:00","dateModified":"2017-06-07T15:36:15+00:00","author":{"@id":"https://www.mnkvillas.com/blog\/#\/schema\/person\/5efebb89c1bdae18cb0ab6c4a34d438d"},"description":"Alquiler de casa en Menorca para vacaciones en familia: en MNKVillas, te damos las claves de por qu\u00e9 elegir esta opci\u00f3n de alojamiento en Menorca.","breadcrumb":{"@id":"https://www.mnkvillas.com/blog\/alquiler-de-casa-en-menorca-vacaciones-familia#breadcrumb"},"inLanguage":"es","potentialAction":[{"@type":"ReadAction","target":["https://www.mnkvillas.com/blog\/alquiler-de-casa-en-menorca-vacaciones-familia"]}]},{"@type":"ImageObject","inLanguage":"es","@id":"https://www.mnkvillas.com/blog\/alquiler-de-casa-en-menorca-vacaciones-familia#primaryimage","url":"https://www.mnkvillas.com/blog\/wp-content\/uploads\/2017\/06\/Planes-de-familia-en-este-verano-01.jpg","contentUrl":"https://www.mnkvillas.com/blog\/wp-content\/uploads\/2017\/06\/Planes-de-familia-en-este-verano-01.jpg","width":840,"height":389,"caption":"alquiler de casa en Menorca"},{"@type":"BreadcrumbList","@id":"https://www.mnkvillas.com/blog\/alquiler-de-casa-en-menorca-vacaciones-familia#breadcrumb","itemListElement":[{"@type":"ListItem","position":1,"name":"Portada","item":"https://www.mnkvillas.com/blog\/"},{"@type":"ListItem","position":2,"name":"Vacaciones en familia en Menorca, \u00bfpor qu\u00e9 el alquiler de casa?"}]},{"@type":"WebSite","@id":"https://www.mnkvillas.com/blog\/#website","url":"https://www.mnkvillas.com/blog\/","name":"El Blog de MNK Villas","description":"Gesti\u00f3n y comercializaci\u00f3n de casas y villas en Menorca","potentialAction":[{"@type":"SearchAction","target":{"@type":"EntryPoint","urlTemplate":"https://www.mnkvillas.com/blog\/?s={search_term_string}"},"query-input":{"@type":"PropertyValueSpecification","valueRequired":true,"valueName":"search_term_string"}}],"inLanguage":"es"},{"@type":"Person","@id":"https://www.mnkvillas.com/blog\/#\/schema\/person\/5efebb89c1bdae18cb0ab6c4a34d438d","name":"MNK Villas","image":{"@type":"ImageObject","inLanguage":"es","@id":"https:\/\/secure.gravatar.com\/avatar\/32fd5f16b06bfc66336905f2701aff5bb0df631080894bd3d84147be1c1a1ac8?s=96&d=mm&r=g","url":"https:\/\/secure.gravatar.com\/avatar\/32fd5f16b06bfc66336905f2701aff5bb0df631080894bd3d84147be1c1a1ac8?s=96&d=mm&r=g","contentUrl":"https:\/\/secure.gravatar.com\/avatar\/32fd5f16b06bfc66336905f2701aff5bb0df631080894bd3d84147be1c1a1ac8?s=96&d=mm&r=g","caption":"MNK Villas"},"url":"https://www.mnkvillas.com/blog\/author\/mnk-villas"}]}},"_links":{"self":[{"href":"https://www.mnkvillas.com/blog\/wp-json\/wp\/v2\/posts\/2009","targetHints":{"allow":["GET"]}}],"collection":[{"href":"https://www.mnkvillas.com/blog\/wp-json\/wp\/v2\/posts"}],"about":[{"href":"https://www.mnkvillas.com/blog\/wp-json\/wp\/v2\/types\/post"}],"author":[{"embeddable":true,"href":"https://www.mnkvillas.com/blog\/wp-json\/wp\/v2\/users\/2"}],"replies":[{"embeddable":true,"href":"https://www.mnkvillas.com/blog\/wp-json\/wp\/v2\/comments?post=2009"}],"version-history":[{"count":6,"href":"https://www.mnkvillas.com/blog\/wp-json\/wp\/v2\/posts\/2009\/revisions"}],"predecessor-version":[{"id":2018,"href":"https://www.mnkvillas.com/blog\/wp-json\/wp\/v2\/posts\/2009\/revisions\/2018"}],"wp:featuredmedia":[{"embeddable":true,"href":"https://www.mnkvillas.com/blog\/wp-json\/wp\/v2\/media\/2010"}],"wp:attachment":[{"href":"https://www.mnkvillas.com/blog\/wp-json\/wp\/v2\/media?parent=2009"}],"wp:term":[{"taxonomy":"category","embeddable":true,"href":"https://www.mnkvillas.com/blog\/wp-json\/wp\/v2\/categories?post=2009"},{"taxonomy":"post_tag","embeddable":true,"href":"https://www.mnkvillas.com/blog\/wp-json\/wp\/v2\/tags?post=2009"}],"curies":[{"name":"wp","href":"https:\/\/api.w.org\/{rel}","templated":true}]}}