{"id":1946,"date":"2017-05-19T13:27:34","date_gmt":"2017-05-19T13:27:34","guid":{"rendered":"https://www.mnkvillas.com/blog\/?p=1946"},"modified":"2017-06-07T15:32:37","modified_gmt":"2017-06-07T15:32:37","slug":"alquiler-de-casas-en-menorca-sant-joan-2017","status":"publish","type":"post","link":"https://www.mnkvillas.com/blog\/alquiler-de-casas-en-menorca-sant-joan-2017","title":{"rendered":"Alquiler de casas en Menorca para las fiestas de Sant Joan 2017"},"content":{"rendered":"<p style=\"text-align: center;\" align=\"justify\">\u00bfQu\u00e9 tipo de <strong>alquiler de casas en Menorca<\/strong> puedes escoger para vivir las fiestas?<\/p>\n<p>&nbsp;<\/p>\n<p align=\"justify\"><a href=\"https:\/\/www.mnkvillas.com\/alquiler-de-casas-en-menorca-sant-joan-2017\" target=\"_blank\" rel=\"noopener noreferrer\"><img loading=\"lazy\" decoding=\"async\" class=\"aligncenter wp-image-1947 size-full\" title=\"alquiler casas en Menorca\" src=\"https://www.mnkvillas.com/blog\/wp-content\/uploads\/2017\/05\/Alquiler-de-casa-para-fiestas-Sant-Joan-01.jpg\" alt=\"alquiler casas en Menorca\" width=\"840\" height=\"389\" srcset=\"https://www.mnkvillas.com/blog\/wp-content\/uploads\/2017\/05\/Alquiler-de-casa-para-fiestas-Sant-Joan-01.jpg 840w, https://www.mnkvillas.com/blog\/wp-content\/uploads\/2017\/05\/Alquiler-de-casa-para-fiestas-Sant-Joan-01-300x139.jpg 300w, https://www.mnkvillas.com/blog\/wp-content\/uploads\/2017\/05\/Alquiler-de-casa-para-fiestas-Sant-Joan-01-768x356.jpg 768w\" sizes=\"auto, (max-width: 840px) 100vw, 840px\" \/><\/a><\/p>\n<p>&nbsp;<\/p>\n<p align=\"justify\"><span style=\"font-size: medium;\">A poco m\u00e1s de un mes para la llegada del gran d\u00eda, el <a href=\"https:\/\/www.mnkvillas.com\/alquiler-de-casas-en-menorca-sant-joan-2017\"><b>alquiler de casas en Menorca<\/b><\/a> de \u00faltima hora se constituye como una preferencia de alojamiento en la isla. Y es que si hay algo que tenga esta festividad de representativo es que te cala hondo, motivo por el que muchos deciden volver. Y no solo eso, sino que, adem\u00e1s de los reincidentes, est\u00e1n aquellos que se animan por primera vez y vienen de acompa\u00f1antes de aquellos que ya la han disfrutado. <\/span><\/p>\n<p>&nbsp;<\/p>\n<p align=\"justify\"><span style=\"font-size: medium;\">El d\u00eda principal de las <b>fiestas de Sant Joan 2017<\/b> es el 23 de junio y, si tienes pensado venir, has de saber que en estas fechas es m\u00e1s complicado conseguir un buen alquiler de casas en Menorca, pues hablamos de un evento isle\u00f1o de gran repercusi\u00f3n al que acude una multitud de gente. Por tanto, si ya en verano hay aglomeraci\u00f3n de turistas en la isla, durante las <b>fiestas de Sant Joan 2017<\/b> el n\u00famero de visitas se incrementa, por lo que resulta m\u00e1s complicado encontrar opciones de <a href=\"https://www.mnkvillas.com/blog\/alojamiento-en-menorca\"><b>alojamiento en Menorca<\/b><\/a>. <\/span><\/p>\n<p>&nbsp;<\/p>\n<p align=\"justify\"><span style=\"font-size: medium;\">En estas fechas, los bares, los restaurantes, las calles y hasta los balcones se llenan de vecinos y visitantes que esperan ansiados la llegada de los caixers, encabezados por la figura m\u00e1s emblem\u00e1tica de la isla, el caballo. <\/span><\/p>\n<p>&nbsp;<\/p>\n<p align=\"justify\"><span style=\"font-size: medium;\">El himno de Menorca y la m\u00fasica entretiene a los viandantes, los juegos tradicionales menorquines los divierten y los caragols, sin duda alguna, los sorprenden y a algunos hasta los emociona. S\u00ed, las <b>fiestas de <a href=\"https:\/\/menorcadiferente.com\/fiestas-de-sant-joan-2017\/\">Sant Joan <\/a><\/b><b>2017<\/b> engloban actos para peque\u00f1os, para j\u00f3venes y para mayores.<\/span><\/p>\n<p>&nbsp;<\/p>\n<p align=\"justify\"><span style=\"font-size: medium;\">Y si Ciutadella es uno de los rincones m\u00e1s bonitos de la Isla Balear, durante estos d\u00edas se convierte en un enclave verdaderamente especial, m\u00e1gico, que te permite llevarte el recuerdo m\u00e1s preciado de tu estancia en la isla.<\/span><\/p>\n<p>&nbsp;<\/p>\n<p align=\"center\"><span style=\"font-size: medium;\"><i>\u00bfQui\u00e9n se resiste a una fiesta como esta?<\/i> <\/span><\/p>\n<p>&nbsp;<\/p>\n<p align=\"left\"><span style=\"font-size: medium;\">Y, solo por si decides venirte y a\u00fan no tienes alojamiento en Menorca, he aqu\u00ed algunas <b>opciones de alquiler de casas en Menorca<\/b> que pueden venirte muy bien, tanto si vienes para disfrutar en familia como si vienes con amigos, ya que, en ellas, pueden quedarse varias personas. <\/span><\/p>\n<p>&nbsp;<\/p>\n<div id=\"attachment_1949\" style=\"width: 310px\" class=\"wp-caption alignleft\"><a href=\"https:\/\/www.mnkvillas.com\/es\/fincas-menorca\/finca-santa-ponsa\/32\" target=\"_blank\" rel=\"noopener noreferrer\"><img loading=\"lazy\" decoding=\"async\" aria-describedby=\"caption-attachment-1949\" class=\"wp-image-1949 size-medium\" title=\"finca santa ponsa - alquiler de casas en Menorca\" src=\"https://www.mnkvillas.com/blog\/wp-content\/uploads\/2017\/05\/santaponsa-300x251.png\" alt=\"finca santa ponsa - alquiler de casas en Menorca\" width=\"300\" height=\"251\" srcset=\"https://www.mnkvillas.com/blog\/wp-content\/uploads\/2017\/05\/santaponsa-300x251.png 300w, https://www.mnkvillas.com/blog\/wp-content\/uploads\/2017\/05\/santaponsa-768x644.png 768w, https://www.mnkvillas.com/blog\/wp-content\/uploads\/2017\/05\/santaponsa.png 940w\" sizes=\"auto, (max-width: 300px) 100vw, 300px\" \/><\/a><p id=\"caption-attachment-1949\" class=\"wp-caption-text\"><a href=\"https:\/\/www.mnkvillas.com\/es\/fincas-menorca\/finca-santa-ponsa\/32\"><strong>Finca Santa Ponsa<\/strong><\/a> &#8211; MNK Villas<\/p><\/div>\n<div id=\"attachment_1950\" style=\"width: 310px\" class=\"wp-caption alignright\"><a href=\"https:\/\/www.mnkvillas.com\/es\/villas-menorca\/villa-paraiso\/60\" target=\"_blank\" rel=\"noopener noreferrer\"><img loading=\"lazy\" decoding=\"async\" aria-describedby=\"caption-attachment-1950\" class=\"wp-image-1950 size-medium\" title=\"villa para\u00edso - alquiler de casas en en Menorca\" src=\"https://www.mnkvillas.com/blog\/wp-content\/uploads\/2017\/05\/villaparaiso2-300x251.png\" alt=\"villa para\u00edso - alquiler de casas en en Menorca\" width=\"300\" height=\"251\" srcset=\"https://www.mnkvillas.com/blog\/wp-content\/uploads\/2017\/05\/villaparaiso2-300x251.png 300w, https://www.mnkvillas.com/blog\/wp-content\/uploads\/2017\/05\/villaparaiso2-768x644.png 768w, https://www.mnkvillas.com/blog\/wp-content\/uploads\/2017\/05\/villaparaiso2.png 940w\" sizes=\"auto, (max-width: 300px) 100vw, 300px\" \/><\/a><p id=\"caption-attachment-1950\" class=\"wp-caption-text\"><a href=\"https:\/\/www.mnkvillas.com\/es\/villas-menorca\/villa-paraiso\/60\"><strong>Villa Para\u00edso<\/strong><\/a> &#8211; MNK Villas<\/p><\/div>\n<p>&nbsp;<\/p>\n<p align=\"center\"><span style=\"font-size: large;\"><b>Y t\u00fa, \u00bfnecesitas asesoramiento para el alquiler de casas en Menorca por las fiestas de Sant Joan 2017?<\/b><\/span><\/p>\n<p align=\"center\"><img loading=\"lazy\" decoding=\"async\" class=\"aligncenter wp-image-1401\" src=\"https://www.mnkvillas.com/blog\/wp-content\/uploads\/2016\/06\/LOGOTIPO_final_horizontal_transp.png\" alt=\"alojamiento en menorca\" width=\"244\" height=\"64\" \/><\/p>\n","protected":false},"excerpt":{"rendered":"<p>\u00bfQu\u00e9 tipo de alquiler de casas en Menorca puedes escoger para vivir las fiestas? &nbsp; &nbsp; A poco m\u00e1s de un mes para la llegada del gran d\u00eda, el alquiler de casas en Menorca de \u00faltima hora se constituye como una preferencia de alojamiento en la isla. Y es que si hay algo que tenga &#8230; <a href=\"https://www.mnkvillas.com/blog\/alquiler-de-casas-en-menorca-sant-joan-2017\">Continuar<\/a><\/p>\n","protected":false},"author":2,"featured_media":1947,"comment_status":"closed","ping_status":"open","sticky":false,"template":"","format":"standard","meta":{"footnotes":""},"categories":[1],"tags":[],"class_list":["post-1946","post","type-post","status-publish","format-standard","has-post-thumbnail","hentry","category-sin-categoria"],"yoast_head":"<!-- This site is optimized with the Yoast SEO plugin v27.4 - https:\/\/yoast.com\/product\/yoast-seo-wordpress\/ -->\n<title>Alquiler de casas en Menorca para las fiestas de Sant Joan 2017<\/title>\n<meta name=\"description\" content=\"Alquiler de casas en Menorca para las fiestas de Sant Joan 2017: en MNK Villas te mostramos qu\u00e9 vivir\u00e1s en la fiesta y damos opciones de alojamiento.\" \/>\n<meta name=\"robots\" content=\"index, follow, max-snippet:-1, max-image-preview:large, max-video-preview:-1\" \/>\n<link rel=\"canonical\" href=\"https://www.mnkvillas.com/blog\/alquiler-de-casas-en-menorca-sant-joan-2017\" \/>\n<meta property=\"og:locale\" content=\"es_ES\" \/>\n<meta property=\"og:type\" content=\"article\" \/>\n<meta property=\"og:title\" content=\"Alquiler de casas en Menorca para las fiestas de Sant Joan 2017\" \/>\n<meta property=\"og:description\" content=\"Alquiler de casas en Menorca para las fiestas de Sant Joan 2017: en MNK Villas te mostramos qu\u00e9 vivir\u00e1s en la fiesta y damos opciones de alojamiento.\" \/>\n<meta property=\"og:url\" content=\"https://www.mnkvillas.com/blog\/alquiler-de-casas-en-menorca-sant-joan-2017\" \/>\n<meta property=\"og:site_name\" content=\"El Blog de MNK Villas\" \/>\n<meta property=\"article:published_time\" content=\"2017-05-19T13:27:34+00:00\" \/>\n<meta property=\"article:modified_time\" content=\"2017-06-07T15:32:37+00:00\" \/>\n<meta property=\"og:image\" content=\"https://www.mnkvillas.com/blog\/wp-content\/uploads\/2017\/05\/Alquiler-de-casa-para-fiestas-Sant-Joan-01.jpg\" \/>\n\t<meta property=\"og:image:width\" content=\"840\" \/>\n\t<meta property=\"og:image:height\" content=\"389\" \/>\n\t<meta property=\"og:image:type\" content=\"image\/jpeg\" \/>\n<meta name=\"author\" content=\"MNK Villas\" \/>\n<meta name=\"twitter:card\" content=\"summary_large_image\" \/>\n<meta name=\"twitter:label1\" content=\"Escrito por\" \/>\n\t<meta name=\"twitter:data1\" content=\"MNK Villas\" \/>\n\t<meta name=\"twitter:label2\" content=\"Tiempo de lectura\" \/>\n\t<meta name=\"twitter:data2\" content=\"2 minutos\" \/>\n<script type=\"application\/ld+json\" class=\"yoast-schema-graph\">{\"@context\":\"https:\\\/\\\/schema.org\",\"@graph\":[{\"@type\":\"Article\",\"@id\":\"https:\\\/\\\/blog.mnkvillas.com\\\/alquiler-de-casas-en-menorca-sant-joan-2017#article\",\"isPartOf\":{\"@id\":\"https:\\\/\\\/blog.mnkvillas.com\\\/alquiler-de-casas-en-menorca-sant-joan-2017\"},\"author\":{\"name\":\"MNK Villas\",\"@id\":\"https:\\\/\\\/blog.mnkvillas.com\\\/#\\\/schema\\\/person\\\/5efebb89c1bdae18cb0ab6c4a34d438d\"},\"headline\":\"Alquiler de casas en Menorca para las fiestas de Sant Joan 2017\",\"datePublished\":\"2017-05-19T13:27:34+00:00\",\"dateModified\":\"2017-06-07T15:32:37+00:00\",\"mainEntityOfPage\":{\"@id\":\"https:\\\/\\\/blog.mnkvillas.com\\\/alquiler-de-casas-en-menorca-sant-joan-2017\"},\"wordCount\":453,\"image\":{\"@id\":\"https:\\\/\\\/blog.mnkvillas.com\\\/alquiler-de-casas-en-menorca-sant-joan-2017#primaryimage\"},\"thumbnailUrl\":\"https:\\\/\\\/blog.mnkvillas.com\\\/wp-content\\\/uploads\\\/2017\\\/05\\\/Alquiler-de-casa-para-fiestas-Sant-Joan-01.jpg\",\"inLanguage\":\"es\"},{\"@type\":\"WebPage\",\"@id\":\"https:\\\/\\\/blog.mnkvillas.com\\\/alquiler-de-casas-en-menorca-sant-joan-2017\",\"url\":\"https:\\\/\\\/blog.mnkvillas.com\\\/alquiler-de-casas-en-menorca-sant-joan-2017\",\"name\":\"Alquiler de casas en Menorca para las fiestas de Sant Joan 2017\",\"isPartOf\":{\"@id\":\"https:\\\/\\\/blog.mnkvillas.com\\\/#website\"},\"primaryImageOfPage\":{\"@id\":\"https:\\\/\\\/blog.mnkvillas.com\\\/alquiler-de-casas-en-menorca-sant-joan-2017#primaryimage\"},\"image\":{\"@id\":\"https:\\\/\\\/blog.mnkvillas.com\\\/alquiler-de-casas-en-menorca-sant-joan-2017#primaryimage\"},\"thumbnailUrl\":\"https:\\\/\\\/blog.mnkvillas.com\\\/wp-content\\\/uploads\\\/2017\\\/05\\\/Alquiler-de-casa-para-fiestas-Sant-Joan-01.jpg\",\"datePublished\":\"2017-05-19T13:27:34+00:00\",\"dateModified\":\"2017-06-07T15:32:37+00:00\",\"author\":{\"@id\":\"https:\\\/\\\/blog.mnkvillas.com\\\/#\\\/schema\\\/person\\\/5efebb89c1bdae18cb0ab6c4a34d438d\"},\"description\":\"Alquiler de casas en Menorca para las fiestas de Sant Joan 2017: en MNK Villas te mostramos qu\u00e9 vivir\u00e1s en la fiesta y damos opciones de alojamiento.\",\"breadcrumb\":{\"@id\":\"https:\\\/\\\/blog.mnkvillas.com\\\/alquiler-de-casas-en-menorca-sant-joan-2017#breadcrumb\"},\"inLanguage\":\"es\",\"potentialAction\":[{\"@type\":\"ReadAction\",\"target\":[\"https:\\\/\\\/blog.mnkvillas.com\\\/alquiler-de-casas-en-menorca-sant-joan-2017\"]}]},{\"@type\":\"ImageObject\",\"inLanguage\":\"es\",\"@id\":\"https:\\\/\\\/blog.mnkvillas.com\\\/alquiler-de-casas-en-menorca-sant-joan-2017#primaryimage\",\"url\":\"https:\\\/\\\/blog.mnkvillas.com\\\/wp-content\\\/uploads\\\/2017\\\/05\\\/Alquiler-de-casa-para-fiestas-Sant-Joan-01.jpg\",\"contentUrl\":\"https:\\\/\\\/blog.mnkvillas.com\\\/wp-content\\\/uploads\\\/2017\\\/05\\\/Alquiler-de-casa-para-fiestas-Sant-Joan-01.jpg\",\"width\":840,\"height\":389,\"caption\":\"alquiler casas en Menorca\"},{\"@type\":\"BreadcrumbList\",\"@id\":\"https:\\\/\\\/blog.mnkvillas.com\\\/alquiler-de-casas-en-menorca-sant-joan-2017#breadcrumb\",\"itemListElement\":[{\"@type\":\"ListItem\",\"position\":1,\"name\":\"Portada\",\"item\":\"https:\\\/\\\/blog.mnkvillas.com\\\/\"},{\"@type\":\"ListItem\",\"position\":2,\"name\":\"Alquiler de casas en Menorca para las fiestas de Sant Joan 2017\"}]},{\"@type\":\"WebSite\",\"@id\":\"https:\\\/\\\/blog.mnkvillas.com\\\/#website\",\"url\":\"https:\\\/\\\/blog.mnkvillas.com\\\/\",\"name\":\"El Blog de MNK Villas\",\"description\":\"Gesti\u00f3n y comercializaci\u00f3n de casas y villas en Menorca\",\"potentialAction\":[{\"@type\":\"SearchAction\",\"target\":{\"@type\":\"EntryPoint\",\"urlTemplate\":\"https:\\\/\\\/blog.mnkvillas.com\\\/?s={search_term_string}\"},\"query-input\":{\"@type\":\"PropertyValueSpecification\",\"valueRequired\":true,\"valueName\":\"search_term_string\"}}],\"inLanguage\":\"es\"},{\"@type\":\"Person\",\"@id\":\"https:\\\/\\\/blog.mnkvillas.com\\\/#\\\/schema\\\/person\\\/5efebb89c1bdae18cb0ab6c4a34d438d\",\"name\":\"MNK Villas\",\"image\":{\"@type\":\"ImageObject\",\"inLanguage\":\"es\",\"@id\":\"https:\\\/\\\/secure.gravatar.com\\\/avatar\\\/32fd5f16b06bfc66336905f2701aff5bb0df631080894bd3d84147be1c1a1ac8?s=96&d=mm&r=g\",\"url\":\"https:\\\/\\\/secure.gravatar.com\\\/avatar\\\/32fd5f16b06bfc66336905f2701aff5bb0df631080894bd3d84147be1c1a1ac8?s=96&d=mm&r=g\",\"contentUrl\":\"https:\\\/\\\/secure.gravatar.com\\\/avatar\\\/32fd5f16b06bfc66336905f2701aff5bb0df631080894bd3d84147be1c1a1ac8?s=96&d=mm&r=g\",\"caption\":\"MNK Villas\"},\"url\":\"https:\\\/\\\/blog.mnkvillas.com\\\/author\\\/mnk-villas\"}]}<\/script>\n<!-- \/ Yoast SEO plugin. -->","yoast_head_json":{"title":"Alquiler de casas en Menorca para las fiestas de Sant Joan 2017","description":"Alquiler de casas en Menorca para las fiestas de Sant Joan 2017: en MNK Villas te mostramos qu\u00e9 vivir\u00e1s en la fiesta y damos opciones de alojamiento.","robots":{"index":"index","follow":"follow","max-snippet":"max-snippet:-1","max-image-preview":"max-image-preview:large","max-video-preview":"max-video-preview:-1"},"canonical":"https://www.mnkvillas.com/blog\/alquiler-de-casas-en-menorca-sant-joan-2017","og_locale":"es_ES","og_type":"article","og_title":"Alquiler de casas en Menorca para las fiestas de Sant Joan 2017","og_description":"Alquiler de casas en Menorca para las fiestas de Sant Joan 2017: en MNK Villas te mostramos qu\u00e9 vivir\u00e1s en la fiesta y damos opciones de alojamiento.","og_url":"https://www.mnkvillas.com/blog\/alquiler-de-casas-en-menorca-sant-joan-2017","og_site_name":"El Blog de MNK Villas","article_published_time":"2017-05-19T13:27:34+00:00","article_modified_time":"2017-06-07T15:32:37+00:00","og_image":[{"width":840,"height":389,"url":"https://www.mnkvillas.com/blog\/wp-content\/uploads\/2017\/05\/Alquiler-de-casa-para-fiestas-Sant-Joan-01.jpg","type":"image\/jpeg"}],"author":"MNK Villas","twitter_card":"summary_large_image","twitter_misc":{"Escrito por":"MNK Villas","Tiempo de lectura":"2 minutos"},"schema":{"@context":"https:\/\/schema.org","@graph":[{"@type":"Article","@id":"https://www.mnkvillas.com/blog\/alquiler-de-casas-en-menorca-sant-joan-2017#article","isPartOf":{"@id":"https://www.mnkvillas.com/blog\/alquiler-de-casas-en-menorca-sant-joan-2017"},"author":{"name":"MNK Villas","@id":"https://www.mnkvillas.com/blog\/#\/schema\/person\/5efebb89c1bdae18cb0ab6c4a34d438d"},"headline":"Alquiler de casas en Menorca para las fiestas de Sant Joan 2017","datePublished":"2017-05-19T13:27:34+00:00","dateModified":"2017-06-07T15:32:37+00:00","mainEntityOfPage":{"@id":"https://www.mnkvillas.com/blog\/alquiler-de-casas-en-menorca-sant-joan-2017"},"wordCount":453,"image":{"@id":"https://www.mnkvillas.com/blog\/alquiler-de-casas-en-menorca-sant-joan-2017#primaryimage"},"thumbnailUrl":"https://www.mnkvillas.com/blog\/wp-content\/uploads\/2017\/05\/Alquiler-de-casa-para-fiestas-Sant-Joan-01.jpg","inLanguage":"es"},{"@type":"WebPage","@id":"https://www.mnkvillas.com/blog\/alquiler-de-casas-en-menorca-sant-joan-2017","url":"https://www.mnkvillas.com/blog\/alquiler-de-casas-en-menorca-sant-joan-2017","name":"Alquiler de casas en Menorca para las fiestas de Sant Joan 2017","isPartOf":{"@id":"https://www.mnkvillas.com/blog\/#website"},"primaryImageOfPage":{"@id":"https://www.mnkvillas.com/blog\/alquiler-de-casas-en-menorca-sant-joan-2017#primaryimage"},"image":{"@id":"https://www.mnkvillas.com/blog\/alquiler-de-casas-en-menorca-sant-joan-2017#primaryimage"},"thumbnailUrl":"https://www.mnkvillas.com/blog\/wp-content\/uploads\/2017\/05\/Alquiler-de-casa-para-fiestas-Sant-Joan-01.jpg","datePublished":"2017-05-19T13:27:34+00:00","dateModified":"2017-06-07T15:32:37+00:00","author":{"@id":"https://www.mnkvillas.com/blog\/#\/schema\/person\/5efebb89c1bdae18cb0ab6c4a34d438d"},"description":"Alquiler de casas en Menorca para las fiestas de Sant Joan 2017: en MNK Villas te mostramos qu\u00e9 vivir\u00e1s en la fiesta y damos opciones de alojamiento.","breadcrumb":{"@id":"https://www.mnkvillas.com/blog\/alquiler-de-casas-en-menorca-sant-joan-2017#breadcrumb"},"inLanguage":"es","potentialAction":[{"@type":"ReadAction","target":["https://www.mnkvillas.com/blog\/alquiler-de-casas-en-menorca-sant-joan-2017"]}]},{"@type":"ImageObject","inLanguage":"es","@id":"https://www.mnkvillas.com/blog\/alquiler-de-casas-en-menorca-sant-joan-2017#primaryimage","url":"https://www.mnkvillas.com/blog\/wp-content\/uploads\/2017\/05\/Alquiler-de-casa-para-fiestas-Sant-Joan-01.jpg","contentUrl":"https://www.mnkvillas.com/blog\/wp-content\/uploads\/2017\/05\/Alquiler-de-casa-para-fiestas-Sant-Joan-01.jpg","width":840,"height":389,"caption":"alquiler casas en Menorca"},{"@type":"BreadcrumbList","@id":"https://www.mnkvillas.com/blog\/alquiler-de-casas-en-menorca-sant-joan-2017#breadcrumb","itemListElement":[{"@type":"ListItem","position":1,"name":"Portada","item":"https://www.mnkvillas.com/blog\/"},{"@type":"ListItem","position":2,"name":"Alquiler de casas en Menorca para las fiestas de Sant Joan 2017"}]},{"@type":"WebSite","@id":"https://www.mnkvillas.com/blog\/#website","url":"https://www.mnkvillas.com/blog\/","name":"El Blog de MNK Villas","description":"Gesti\u00f3n y comercializaci\u00f3n de casas y villas en Menorca","potentialAction":[{"@type":"SearchAction","target":{"@type":"EntryPoint","urlTemplate":"https://www.mnkvillas.com/blog\/?s={search_term_string}"},"query-input":{"@type":"PropertyValueSpecification","valueRequired":true,"valueName":"search_term_string"}}],"inLanguage":"es"},{"@type":"Person","@id":"https://www.mnkvillas.com/blog\/#\/schema\/person\/5efebb89c1bdae18cb0ab6c4a34d438d","name":"MNK Villas","image":{"@type":"ImageObject","inLanguage":"es","@id":"https:\/\/secure.gravatar.com\/avatar\/32fd5f16b06bfc66336905f2701aff5bb0df631080894bd3d84147be1c1a1ac8?s=96&d=mm&r=g","url":"https:\/\/secure.gravatar.com\/avatar\/32fd5f16b06bfc66336905f2701aff5bb0df631080894bd3d84147be1c1a1ac8?s=96&d=mm&r=g","contentUrl":"https:\/\/secure.gravatar.com\/avatar\/32fd5f16b06bfc66336905f2701aff5bb0df631080894bd3d84147be1c1a1ac8?s=96&d=mm&r=g","caption":"MNK Villas"},"url":"https://www.mnkvillas.com/blog\/author\/mnk-villas"}]}},"_links":{"self":[{"href":"https://www.mnkvillas.com/blog\/wp-json\/wp\/v2\/posts\/1946","targetHints":{"allow":["GET"]}}],"collection":[{"href":"https://www.mnkvillas.com/blog\/wp-json\/wp\/v2\/posts"}],"about":[{"href":"https://www.mnkvillas.com/blog\/wp-json\/wp\/v2\/types\/post"}],"author":[{"embeddable":true,"href":"https://www.mnkvillas.com/blog\/wp-json\/wp\/v2\/users\/2"}],"replies":[{"embeddable":true,"href":"https://www.mnkvillas.com/blog\/wp-json\/wp\/v2\/comments?post=1946"}],"version-history":[{"count":14,"href":"https://www.mnkvillas.com/blog\/wp-json\/wp\/v2\/posts\/1946\/revisions"}],"predecessor-version":[{"id":2015,"href":"https://www.mnkvillas.com/blog\/wp-json\/wp\/v2\/posts\/1946\/revisions\/2015"}],"wp:featuredmedia":[{"embeddable":true,"href":"https://www.mnkvillas.com/blog\/wp-json\/wp\/v2\/media\/1947"}],"wp:attachment":[{"href":"https://www.mnkvillas.com/blog\/wp-json\/wp\/v2\/media?parent=1946"}],"wp:term":[{"taxonomy":"category","embeddable":true,"href":"https://www.mnkvillas.com/blog\/wp-json\/wp\/v2\/categories?post=1946"},{"taxonomy":"post_tag","embeddable":true,"href":"https://www.mnkvillas.com/blog\/wp-json\/wp\/v2\/tags?post=1946"}],"curies":[{"name":"wp","href":"https:\/\/api.w.org\/{rel}","templated":true}]}}