{"id":1817,"date":"2017-04-07T10:00:03","date_gmt":"2017-04-07T10:00:03","guid":{"rendered":"https://www.mnkvillas.com/blog\/?p=1817"},"modified":"2017-04-27T15:55:14","modified_gmt":"2017-04-27T15:55:14","slug":"razones-pasar-verano-2017-en-menorca","status":"publish","type":"post","link":"https://www.mnkvillas.com/blog\/razones-pasar-verano-2017-en-menorca","title":{"rendered":"Razones para pasar el verano 2017 en Menorca"},"content":{"rendered":"<div id=\"attachment_1828\" style=\"width: 850px\" class=\"wp-caption aligncenter\"><a href=\"https://www.mnkvillas.com/blog\/razones-pasar-verano-2017-en-menorca\" target=\"_blank\" rel=\"noopener noreferrer\"><img loading=\"lazy\" decoding=\"async\" aria-describedby=\"caption-attachment-1828\" class=\"wp-image-1828 size-full\" title=\"verano 2017 en Menorca\" src=\"https://www.mnkvillas.com/blog\/wp-content\/uploads\/2017\/04\/razones-para-visitar-menorca-este-verano-01.jpg\" alt=\"verano 2017 en Menorca\" width=\"840\" height=\"389\" srcset=\"https://www.mnkvillas.com/blog\/wp-content\/uploads\/2017\/04\/razones-para-visitar-menorca-este-verano-01.jpg 840w, https://www.mnkvillas.com/blog\/wp-content\/uploads\/2017\/04\/razones-para-visitar-menorca-este-verano-01-300x139.jpg 300w, https://www.mnkvillas.com/blog\/wp-content\/uploads\/2017\/04\/razones-para-visitar-menorca-este-verano-01-768x356.jpg 768w\" sizes=\"auto, (max-width: 840px) 100vw, 840px\" \/><\/a><p id=\"caption-attachment-1828\" class=\"wp-caption-text\">Cala para disfrutar este verano 2017 en Menorca<\/p><\/div>\n<p>&nbsp;<\/p>\n<p align=\"justify\"><span style=\"font-size: medium;\">Puede que Menorca est\u00e9 entre tus destinos favoritos, y puede tambi\u00e9n que tengas otros muchos en mente. Pero, como nosotros adoramos Menorca y sabemos que, si vienes, vas a quedar encantado y vas a querer volver, hoy te damos unas cuantas razones ideales para que sepas por qu\u00e9 <a href=\"https://www.mnkvillas.com/blog\/razones-pasar-verano-2017-en-menorca\"><b>pasar el verano 2017 en Menorca<\/b><\/a> se va a convertir en tu recuerdo favorito. <\/span><\/p>\n<p>&nbsp;<\/p>\n<p align=\"center\"><span style=\"font-size: medium;\">\u00a1Pasa unas vacaciones con encanto inolvidables!<\/span><\/p>\n<p>&nbsp;<\/p>\n<h2 align=\"justify\"><span style=\"font-size: medium;\">Razones para pasar el verano 2017 en Menorca<\/span><\/h2>\n<p>&nbsp;<\/p>\n<p align=\"justify\"><span style=\"font-size: medium; color: #2765d6;\"><b>1. GASTRONOM\u00cdA<\/b><\/span><\/p>\n<p align=\"justify\"><span style=\"font-size: medium;\">Dicen que la gastronom\u00eda es una de las maravillas del mundo y, como tal, es capaz de mover fronteras. Menorca es un lugar id\u00edlico para conseguirlo contigo. Su famoso queso de Mah\u00f3n, su sobrasada reci\u00e9n hecha y su pomada, acompa\u00f1ados de una t\u00edpica a la vez que deliciosa caldereta de langosta te har\u00e1n cruzar cielo, mar y tierra. S\u00ed, su gastronom\u00eda es de esos placeres que seducen hasta a los m\u00e1s exigentes paladares. <\/span><\/p>\n<p>&nbsp;<\/p>\n<p align=\"justify\"><span style=\"font-size: medium; color: #2765d6;\"><b>2. ARTESAN\u00cdA<\/b><\/span><\/p>\n<p align=\"justify\"><span style=\"font-size: medium;\">Explorar los aut\u00e9nticos secretos que esconde la fabricaci\u00f3n artesanal es algo que, sin duda, deber\u00eda animarte a venir. Las abarcas, fabricadas a mano por artesanos isle\u00f1os, tienen mucha historia oculta que te fascinar\u00e1.<\/span><\/p>\n<p>&nbsp;<\/p>\n<p align=\"justify\"><span style=\"font-size: medium;\">Si no, aqu\u00ed puedes ver un adelanto:\u00a0<\/span><\/p>\n<p>&nbsp;<\/p>\n<p><iframe loading=\"lazy\" title=\"El origen de las abarcas - Sandalias menorquinas (SAVAM)\" width=\"500\" height=\"281\" src=\"https:\/\/www.youtube.com\/embed\/FERCY5szWR4?feature=oembed\" frameborder=\"0\" allow=\"accelerometer; autoplay; clipboard-write; encrypted-media; gyroscope; picture-in-picture; web-share\" referrerpolicy=\"strict-origin-when-cross-origin\" allowfullscreen><\/iframe><\/p>\n<p>&nbsp;<\/p>\n<p align=\"justify\"><span style=\"font-size: medium;\">Y cr\u00e9enos, si su origen tuvo lugar en \u00e9pocas de anta\u00f1o y todav\u00eda hoy no solo siguen estando de moda, sino que, incluso firmas importantes se han inspirado en ellas para lanzar sus propias colecciones \u00a1por algo es! Y s\u00ed, son estupendas para este verano 2017 en Menorca, \u00a1porque son s\u00faper c\u00f3modas y frescas!<\/span><\/p>\n<p>&nbsp;<\/p>\n<p align=\"justify\"><span style=\"font-size: medium; color: #2765d6;\"><b>3. FIESTAS DE SANT JOAN<\/b><\/span><\/p>\n<p align=\"justify\"><span style=\"font-size: medium;\">Disfrutar de las <a href=\"https://www.mnkvillas.com/blog\/se-acercan-las-fiestas-de-sant-joan-en-ciutadella-de-menorca\"><b>fiestas de Sant Joan <\/b><b>2017 en Menorca<\/b><\/a>, donde tradici\u00f3n y diversi\u00f3n se unen, te har\u00e1 vivir una experiencia \u00fanica. Y, adem\u00e1s, podr\u00e1s descubrir c\u00f3mo una isla tan peque\u00f1a, con tantos siglos de historia y tantas huellas extranjeras a sus espaldas puede mantener vivas sus costumbres. <\/span><\/p>\n<p>&nbsp;<\/p>\n<p align=\"justify\"><span style=\"font-size: medium;\">Si te gustan los caballos, sin duda esta fiesta te encantar\u00e1. Porque aqu\u00ed, el caballo es el protagonista. <\/span><\/p>\n<p>&nbsp;<\/p>\n<p align=\"justify\"><span style=\"font-size: medium; color: #2765d6;\"><b>4. RECURSOS NATURALES<\/b><\/span><\/p>\n<p align=\"justify\"><span style=\"font-size: medium;\">Descubrir la variedad de recursos naturales que alberga la isla ser\u00e1 una gran oportunidad no solo para conocer la flora y la fauna, sino que, a su paso, apreciar\u00e1s paisajes de ensue\u00f1o. Adem\u00e1s, pasar el verano 2017 en Menorca es ideal para practicar actividades deportivas de agua, por lo que, incluso cuando te est\u00e9s divirtiendo, perder\u00e1s el contacto con la magn\u00edfica naturaleza isle\u00f1a. <\/span><\/p>\n<p>&nbsp;<\/p>\n<p align=\"justify\"><span style=\"font-size: medium; color: #2765d6;\"><b>5. CALAS V\u00cdRGENES<\/b><\/span><\/p>\n<p align=\"justify\"><span style=\"font-size: medium;\">Seguramente, en la mayor parte de los portales tur\u00edsticos te encontrar\u00e1s las calas v\u00edrgenes de Menorca como la primera de las razones para visitar la isla. Y, de hecho, en otro post en el que te habl\u00e1bamos de otras <a href=\"https://www.mnkvillas.com/blog\/diez-buenas-razones-por-las-que-visitar-menorca-este-verano\"><b>diez buenas razones por las que visitar Menorca en verano<\/b><\/a> te la mencion\u00e1bamos en primer lugar. <\/span><\/p>\n<p>&nbsp;<\/p>\n<p align=\"justify\"><span style=\"font-size: medium;\">Y es que no podemos pasar por alto la belleza, la intimidad y el encanto de las calas v\u00edrgenes de Menorca.<\/span><\/p>\n<p>&nbsp;<\/p>\n<p align=\"center\"><span style=\"font-size: medium; color: #2765d6;\"><b>Vamos, que si vienes este verano 2017 a Menorca, \u00a1te sentir\u00e1s como en un para\u00edso!<\/b><\/span><\/p>\n<p>&nbsp;<\/p>\n<p align=\"center\"><span style=\"font-size: large; color: #2765d6;\"><b>Y t\u00fa, \u00bfte animas?<\/b><\/span><\/p>\n<p align=\"center\"><img loading=\"lazy\" decoding=\"async\" class=\"aligncenter wp-image-1401\" src=\"https://www.mnkvillas.com/blog\/wp-content\/uploads\/2016\/06\/LOGOTIPO_final_horizontal_transp.png\" alt=\"alojamiento en menorca\" width=\"344\" height=\"86\" \/><\/p>\n","protected":false},"excerpt":{"rendered":"<p>&nbsp; Puede que Menorca est\u00e9 entre tus destinos favoritos, y puede tambi\u00e9n que tengas otros muchos en mente. Pero, como nosotros adoramos Menorca y sabemos que, si vienes, vas a quedar encantado y vas a querer volver, hoy te damos unas cuantas razones ideales para que sepas por qu\u00e9 pasar el verano 2017 en Menorca &#8230; <a href=\"https://www.mnkvillas.com/blog\/razones-pasar-verano-2017-en-menorca\">Continuar<\/a><\/p>\n","protected":false},"author":2,"featured_media":1828,"comment_status":"closed","ping_status":"open","sticky":false,"template":"","format":"standard","meta":{"footnotes":""},"categories":[9,11],"tags":[14,154,41],"class_list":["post-1817","post","type-post","status-publish","format-standard","has-post-thumbnail","hentry","category-turismo-en-menorca","category-vacaciones-en-menorca","tag-vacaciones-en-menorca","tag-verano-2017-en-menorca","tag-viajar-a-menorca"],"yoast_head":"<!-- This site is optimized with the Yoast SEO plugin v27.4 - https:\/\/yoast.com\/product\/yoast-seo-wordpress\/ -->\n<title>Razones para pasar el verano 2017 en Menorca | Vacaciones con encanto<\/title>\n<meta name=\"description\" content=\"Pasar el verano 2017 en Menorca te brindar\u00e1 un sinf\u00edn de oportunidades para pasarlo bien y disfrutar como nunca de tus vacaciones. Te contamos las razones.\" \/>\n<meta name=\"robots\" content=\"index, follow, max-snippet:-1, max-image-preview:large, max-video-preview:-1\" \/>\n<link rel=\"canonical\" href=\"https://www.mnkvillas.com/blog\/razones-pasar-verano-2017-en-menorca\" \/>\n<meta property=\"og:locale\" content=\"es_ES\" \/>\n<meta property=\"og:type\" content=\"article\" \/>\n<meta property=\"og:title\" content=\"Razones para pasar el verano 2017 en Menorca | Vacaciones con encanto\" \/>\n<meta property=\"og:description\" content=\"Pasar el verano 2017 en Menorca te brindar\u00e1 un sinf\u00edn de oportunidades para pasarlo bien y disfrutar como nunca de tus vacaciones. Te contamos las razones.\" \/>\n<meta property=\"og:url\" content=\"https://www.mnkvillas.com/blog\/razones-pasar-verano-2017-en-menorca\" \/>\n<meta property=\"og:site_name\" content=\"El Blog de MNK Villas\" \/>\n<meta property=\"article:published_time\" content=\"2017-04-07T10:00:03+00:00\" \/>\n<meta property=\"article:modified_time\" content=\"2017-04-27T15:55:14+00:00\" \/>\n<meta property=\"og:image\" content=\"https://www.mnkvillas.com/blog\/wp-content\/uploads\/2017\/04\/razones-para-visitar-menorca-este-verano-01.jpg\" \/>\n\t<meta property=\"og:image:width\" content=\"840\" \/>\n\t<meta property=\"og:image:height\" content=\"389\" \/>\n\t<meta property=\"og:image:type\" content=\"image\/jpeg\" \/>\n<meta name=\"author\" content=\"MNK Villas\" \/>\n<meta name=\"twitter:card\" content=\"summary_large_image\" \/>\n<meta name=\"twitter:label1\" content=\"Escrito por\" \/>\n\t<meta name=\"twitter:data1\" content=\"MNK Villas\" \/>\n\t<meta name=\"twitter:label2\" content=\"Tiempo de lectura\" \/>\n\t<meta name=\"twitter:data2\" content=\"3 minutos\" \/>\n<script type=\"application\/ld+json\" class=\"yoast-schema-graph\">{\"@context\":\"https:\\\/\\\/schema.org\",\"@graph\":[{\"@type\":\"Article\",\"@id\":\"https:\\\/\\\/blog.mnkvillas.com\\\/razones-pasar-verano-2017-en-menorca#article\",\"isPartOf\":{\"@id\":\"https:\\\/\\\/blog.mnkvillas.com\\\/razones-pasar-verano-2017-en-menorca\"},\"author\":{\"name\":\"MNK Villas\",\"@id\":\"https:\\\/\\\/blog.mnkvillas.com\\\/#\\\/schema\\\/person\\\/5efebb89c1bdae18cb0ab6c4a34d438d\"},\"headline\":\"Razones para pasar el verano 2017 en Menorca\",\"datePublished\":\"2017-04-07T10:00:03+00:00\",\"dateModified\":\"2017-04-27T15:55:14+00:00\",\"mainEntityOfPage\":{\"@id\":\"https:\\\/\\\/blog.mnkvillas.com\\\/razones-pasar-verano-2017-en-menorca\"},\"wordCount\":560,\"image\":{\"@id\":\"https:\\\/\\\/blog.mnkvillas.com\\\/razones-pasar-verano-2017-en-menorca#primaryimage\"},\"thumbnailUrl\":\"https:\\\/\\\/blog.mnkvillas.com\\\/wp-content\\\/uploads\\\/2017\\\/04\\\/razones-para-visitar-menorca-este-verano-01.jpg\",\"keywords\":[\"vacaciones en Menorca\",\"verano 2017 en Menorca\",\"viajar a Menorca\"],\"articleSection\":[\"Turismo en Menorca\",\"Vacaciones en Menorca\"],\"inLanguage\":\"es\"},{\"@type\":\"WebPage\",\"@id\":\"https:\\\/\\\/blog.mnkvillas.com\\\/razones-pasar-verano-2017-en-menorca\",\"url\":\"https:\\\/\\\/blog.mnkvillas.com\\\/razones-pasar-verano-2017-en-menorca\",\"name\":\"Razones para pasar el verano 2017 en Menorca | Vacaciones con encanto\",\"isPartOf\":{\"@id\":\"https:\\\/\\\/blog.mnkvillas.com\\\/#website\"},\"primaryImageOfPage\":{\"@id\":\"https:\\\/\\\/blog.mnkvillas.com\\\/razones-pasar-verano-2017-en-menorca#primaryimage\"},\"image\":{\"@id\":\"https:\\\/\\\/blog.mnkvillas.com\\\/razones-pasar-verano-2017-en-menorca#primaryimage\"},\"thumbnailUrl\":\"https:\\\/\\\/blog.mnkvillas.com\\\/wp-content\\\/uploads\\\/2017\\\/04\\\/razones-para-visitar-menorca-este-verano-01.jpg\",\"datePublished\":\"2017-04-07T10:00:03+00:00\",\"dateModified\":\"2017-04-27T15:55:14+00:00\",\"author\":{\"@id\":\"https:\\\/\\\/blog.mnkvillas.com\\\/#\\\/schema\\\/person\\\/5efebb89c1bdae18cb0ab6c4a34d438d\"},\"description\":\"Pasar el verano 2017 en Menorca te brindar\u00e1 un sinf\u00edn de oportunidades para pasarlo bien y disfrutar como nunca de tus vacaciones. Te contamos las razones.\",\"breadcrumb\":{\"@id\":\"https:\\\/\\\/blog.mnkvillas.com\\\/razones-pasar-verano-2017-en-menorca#breadcrumb\"},\"inLanguage\":\"es\",\"potentialAction\":[{\"@type\":\"ReadAction\",\"target\":[\"https:\\\/\\\/blog.mnkvillas.com\\\/razones-pasar-verano-2017-en-menorca\"]}]},{\"@type\":\"ImageObject\",\"inLanguage\":\"es\",\"@id\":\"https:\\\/\\\/blog.mnkvillas.com\\\/razones-pasar-verano-2017-en-menorca#primaryimage\",\"url\":\"https:\\\/\\\/blog.mnkvillas.com\\\/wp-content\\\/uploads\\\/2017\\\/04\\\/razones-para-visitar-menorca-este-verano-01.jpg\",\"contentUrl\":\"https:\\\/\\\/blog.mnkvillas.com\\\/wp-content\\\/uploads\\\/2017\\\/04\\\/razones-para-visitar-menorca-este-verano-01.jpg\",\"width\":840,\"height\":389,\"caption\":\"Cala para disfrutar este verano 2017 en Menorca\"},{\"@type\":\"BreadcrumbList\",\"@id\":\"https:\\\/\\\/blog.mnkvillas.com\\\/razones-pasar-verano-2017-en-menorca#breadcrumb\",\"itemListElement\":[{\"@type\":\"ListItem\",\"position\":1,\"name\":\"Portada\",\"item\":\"https:\\\/\\\/blog.mnkvillas.com\\\/\"},{\"@type\":\"ListItem\",\"position\":2,\"name\":\"Razones para pasar el verano 2017 en Menorca\"}]},{\"@type\":\"WebSite\",\"@id\":\"https:\\\/\\\/blog.mnkvillas.com\\\/#website\",\"url\":\"https:\\\/\\\/blog.mnkvillas.com\\\/\",\"name\":\"El Blog de MNK Villas\",\"description\":\"Gesti\u00f3n y comercializaci\u00f3n de casas y villas en Menorca\",\"potentialAction\":[{\"@type\":\"SearchAction\",\"target\":{\"@type\":\"EntryPoint\",\"urlTemplate\":\"https:\\\/\\\/blog.mnkvillas.com\\\/?s={search_term_string}\"},\"query-input\":{\"@type\":\"PropertyValueSpecification\",\"valueRequired\":true,\"valueName\":\"search_term_string\"}}],\"inLanguage\":\"es\"},{\"@type\":\"Person\",\"@id\":\"https:\\\/\\\/blog.mnkvillas.com\\\/#\\\/schema\\\/person\\\/5efebb89c1bdae18cb0ab6c4a34d438d\",\"name\":\"MNK Villas\",\"image\":{\"@type\":\"ImageObject\",\"inLanguage\":\"es\",\"@id\":\"https:\\\/\\\/secure.gravatar.com\\\/avatar\\\/32fd5f16b06bfc66336905f2701aff5bb0df631080894bd3d84147be1c1a1ac8?s=96&d=mm&r=g\",\"url\":\"https:\\\/\\\/secure.gravatar.com\\\/avatar\\\/32fd5f16b06bfc66336905f2701aff5bb0df631080894bd3d84147be1c1a1ac8?s=96&d=mm&r=g\",\"contentUrl\":\"https:\\\/\\\/secure.gravatar.com\\\/avatar\\\/32fd5f16b06bfc66336905f2701aff5bb0df631080894bd3d84147be1c1a1ac8?s=96&d=mm&r=g\",\"caption\":\"MNK Villas\"},\"url\":\"https:\\\/\\\/blog.mnkvillas.com\\\/author\\\/mnk-villas\"}]}<\/script>\n<!-- \/ Yoast SEO plugin. -->","yoast_head_json":{"title":"Razones para pasar el verano 2017 en Menorca | Vacaciones con encanto","description":"Pasar el verano 2017 en Menorca te brindar\u00e1 un sinf\u00edn de oportunidades para pasarlo bien y disfrutar como nunca de tus vacaciones. Te contamos las razones.","robots":{"index":"index","follow":"follow","max-snippet":"max-snippet:-1","max-image-preview":"max-image-preview:large","max-video-preview":"max-video-preview:-1"},"canonical":"https://www.mnkvillas.com/blog\/razones-pasar-verano-2017-en-menorca","og_locale":"es_ES","og_type":"article","og_title":"Razones para pasar el verano 2017 en Menorca | Vacaciones con encanto","og_description":"Pasar el verano 2017 en Menorca te brindar\u00e1 un sinf\u00edn de oportunidades para pasarlo bien y disfrutar como nunca de tus vacaciones. Te contamos las razones.","og_url":"https://www.mnkvillas.com/blog\/razones-pasar-verano-2017-en-menorca","og_site_name":"El Blog de MNK Villas","article_published_time":"2017-04-07T10:00:03+00:00","article_modified_time":"2017-04-27T15:55:14+00:00","og_image":[{"width":840,"height":389,"url":"https://www.mnkvillas.com/blog\/wp-content\/uploads\/2017\/04\/razones-para-visitar-menorca-este-verano-01.jpg","type":"image\/jpeg"}],"author":"MNK Villas","twitter_card":"summary_large_image","twitter_misc":{"Escrito por":"MNK Villas","Tiempo de lectura":"3 minutos"},"schema":{"@context":"https:\/\/schema.org","@graph":[{"@type":"Article","@id":"https://www.mnkvillas.com/blog\/razones-pasar-verano-2017-en-menorca#article","isPartOf":{"@id":"https://www.mnkvillas.com/blog\/razones-pasar-verano-2017-en-menorca"},"author":{"name":"MNK Villas","@id":"https://www.mnkvillas.com/blog\/#\/schema\/person\/5efebb89c1bdae18cb0ab6c4a34d438d"},"headline":"Razones para pasar el verano 2017 en Menorca","datePublished":"2017-04-07T10:00:03+00:00","dateModified":"2017-04-27T15:55:14+00:00","mainEntityOfPage":{"@id":"https://www.mnkvillas.com/blog\/razones-pasar-verano-2017-en-menorca"},"wordCount":560,"image":{"@id":"https://www.mnkvillas.com/blog\/razones-pasar-verano-2017-en-menorca#primaryimage"},"thumbnailUrl":"https://www.mnkvillas.com/blog\/wp-content\/uploads\/2017\/04\/razones-para-visitar-menorca-este-verano-01.jpg","keywords":["vacaciones en Menorca","verano 2017 en Menorca","viajar a Menorca"],"articleSection":["Turismo en Menorca","Vacaciones en Menorca"],"inLanguage":"es"},{"@type":"WebPage","@id":"https://www.mnkvillas.com/blog\/razones-pasar-verano-2017-en-menorca","url":"https://www.mnkvillas.com/blog\/razones-pasar-verano-2017-en-menorca","name":"Razones para pasar el verano 2017 en Menorca | Vacaciones con encanto","isPartOf":{"@id":"https://www.mnkvillas.com/blog\/#website"},"primaryImageOfPage":{"@id":"https://www.mnkvillas.com/blog\/razones-pasar-verano-2017-en-menorca#primaryimage"},"image":{"@id":"https://www.mnkvillas.com/blog\/razones-pasar-verano-2017-en-menorca#primaryimage"},"thumbnailUrl":"https://www.mnkvillas.com/blog\/wp-content\/uploads\/2017\/04\/razones-para-visitar-menorca-este-verano-01.jpg","datePublished":"2017-04-07T10:00:03+00:00","dateModified":"2017-04-27T15:55:14+00:00","author":{"@id":"https://www.mnkvillas.com/blog\/#\/schema\/person\/5efebb89c1bdae18cb0ab6c4a34d438d"},"description":"Pasar el verano 2017 en Menorca te brindar\u00e1 un sinf\u00edn de oportunidades para pasarlo bien y disfrutar como nunca de tus vacaciones. Te contamos las razones.","breadcrumb":{"@id":"https://www.mnkvillas.com/blog\/razones-pasar-verano-2017-en-menorca#breadcrumb"},"inLanguage":"es","potentialAction":[{"@type":"ReadAction","target":["https://www.mnkvillas.com/blog\/razones-pasar-verano-2017-en-menorca"]}]},{"@type":"ImageObject","inLanguage":"es","@id":"https://www.mnkvillas.com/blog\/razones-pasar-verano-2017-en-menorca#primaryimage","url":"https://www.mnkvillas.com/blog\/wp-content\/uploads\/2017\/04\/razones-para-visitar-menorca-este-verano-01.jpg","contentUrl":"https://www.mnkvillas.com/blog\/wp-content\/uploads\/2017\/04\/razones-para-visitar-menorca-este-verano-01.jpg","width":840,"height":389,"caption":"Cala para disfrutar este verano 2017 en Menorca"},{"@type":"BreadcrumbList","@id":"https://www.mnkvillas.com/blog\/razones-pasar-verano-2017-en-menorca#breadcrumb","itemListElement":[{"@type":"ListItem","position":1,"name":"Portada","item":"https://www.mnkvillas.com/blog\/"},{"@type":"ListItem","position":2,"name":"Razones para pasar el verano 2017 en Menorca"}]},{"@type":"WebSite","@id":"https://www.mnkvillas.com/blog\/#website","url":"https://www.mnkvillas.com/blog\/","name":"El Blog de MNK Villas","description":"Gesti\u00f3n y comercializaci\u00f3n de casas y villas en Menorca","potentialAction":[{"@type":"SearchAction","target":{"@type":"EntryPoint","urlTemplate":"https://www.mnkvillas.com/blog\/?s={search_term_string}"},"query-input":{"@type":"PropertyValueSpecification","valueRequired":true,"valueName":"search_term_string"}}],"inLanguage":"es"},{"@type":"Person","@id":"https://www.mnkvillas.com/blog\/#\/schema\/person\/5efebb89c1bdae18cb0ab6c4a34d438d","name":"MNK Villas","image":{"@type":"ImageObject","inLanguage":"es","@id":"https:\/\/secure.gravatar.com\/avatar\/32fd5f16b06bfc66336905f2701aff5bb0df631080894bd3d84147be1c1a1ac8?s=96&d=mm&r=g","url":"https:\/\/secure.gravatar.com\/avatar\/32fd5f16b06bfc66336905f2701aff5bb0df631080894bd3d84147be1c1a1ac8?s=96&d=mm&r=g","contentUrl":"https:\/\/secure.gravatar.com\/avatar\/32fd5f16b06bfc66336905f2701aff5bb0df631080894bd3d84147be1c1a1ac8?s=96&d=mm&r=g","caption":"MNK Villas"},"url":"https://www.mnkvillas.com/blog\/author\/mnk-villas"}]}},"_links":{"self":[{"href":"https://www.mnkvillas.com/blog\/wp-json\/wp\/v2\/posts\/1817","targetHints":{"allow":["GET"]}}],"collection":[{"href":"https://www.mnkvillas.com/blog\/wp-json\/wp\/v2\/posts"}],"about":[{"href":"https://www.mnkvillas.com/blog\/wp-json\/wp\/v2\/types\/post"}],"author":[{"embeddable":true,"href":"https://www.mnkvillas.com/blog\/wp-json\/wp\/v2\/users\/2"}],"replies":[{"embeddable":true,"href":"https://www.mnkvillas.com/blog\/wp-json\/wp\/v2\/comments?post=1817"}],"version-history":[{"count":10,"href":"https://www.mnkvillas.com/blog\/wp-json\/wp\/v2\/posts\/1817\/revisions"}],"predecessor-version":[{"id":1908,"href":"https://www.mnkvillas.com/blog\/wp-json\/wp\/v2\/posts\/1817\/revisions\/1908"}],"wp:featuredmedia":[{"embeddable":true,"href":"https://www.mnkvillas.com/blog\/wp-json\/wp\/v2\/media\/1828"}],"wp:attachment":[{"href":"https://www.mnkvillas.com/blog\/wp-json\/wp\/v2\/media?parent=1817"}],"wp:term":[{"taxonomy":"category","embeddable":true,"href":"https://www.mnkvillas.com/blog\/wp-json\/wp\/v2\/categories?post=1817"},{"taxonomy":"post_tag","embeddable":true,"href":"https://www.mnkvillas.com/blog\/wp-json\/wp\/v2\/tags?post=1817"}],"curies":[{"name":"wp","href":"https:\/\/api.w.org\/{rel}","templated":true}]}}