{"id":1773,"date":"2017-03-16T17:14:08","date_gmt":"2017-03-16T17:14:08","guid":{"rendered":"https://www.mnkvillas.com/blog\/?p=1773"},"modified":"2017-03-16T17:17:10","modified_gmt":"2017-03-16T17:17:10","slug":"finca-binimazoch-vacaciones-de-semana-santa","status":"publish","type":"post","link":"https://www.mnkvillas.com/blog\/finca-binimazoch-vacaciones-de-semana-santa","title":{"rendered":"Finca Binimazoch, una villa de Menorca ideal para vacaciones de Semana Santa"},"content":{"rendered":"<div id=\"attachment_1774\" style=\"width: 850px\" class=\"wp-caption aligncenter\"><a href=\"https:\/\/www.mnkvillas.com\/es\/fincas-menorca\/finca-binimazoch\/25\" target=\"_blank\"><img loading=\"lazy\" decoding=\"async\" aria-describedby=\"caption-attachment-1774\" class=\"wp-image-1774 size-full\" title=\"Finca Binimazoch villa en menorca\" src=\"https://www.mnkvillas.com/blog\/wp-content\/uploads\/2017\/03\/Finca-Binimazoch.jpg\" alt=\"Finca Binimazoch villa en menorca\" width=\"840\" height=\"389\" srcset=\"https://www.mnkvillas.com/blog\/wp-content\/uploads\/2017\/03\/Finca-Binimazoch.jpg 840w, https://www.mnkvillas.com/blog\/wp-content\/uploads\/2017\/03\/Finca-Binimazoch-300x139.jpg 300w, https://www.mnkvillas.com/blog\/wp-content\/uploads\/2017\/03\/Finca-Binimazoch-768x356.jpg 768w\" sizes=\"auto, (max-width: 840px) 100vw, 840px\" \/><\/a><p id=\"caption-attachment-1774\" class=\"wp-caption-text\">Finca Binimazoch, una villa en Menorca<\/p><\/div>\n<p>&nbsp;<\/p>\n<p align=\"justify\"><span style=\"font-size: medium;\">Aut\u00e9ntica, sorprendente, apasionante, apacible, especial, protectora, entretenida y cultural son solo algunos de los incre\u00edbles adjetivos con los que Menorca es descrita. Uno de los sellos de identidad y al que debe gran parte de su protagonismo como destino tur\u00edstico espa\u00f1ol es su estilo de vida, sosegado, tranquilo, relajado, sin estr\u00e9s. Pues, si ya Menorca cuenta con este listado innumerable de buenas razones para conocerla, la <a href=\"https:\/\/www.mnkvillas.com\/es\/fincas-menorca\/finca-binimazoch\/25\">Finca Binimazoch<\/a>, una villa de Menorca, es ideal para vacaciones de\u00a0Semana Santa.<\/span><\/p>\n<p>&nbsp;<\/p>\n<p align=\"justify\"><span style=\"font-size: medium;\">S\u00ed, en esta \u00e9poca del a\u00f1o apetece un descanso en el que tanto disfrutemos de varios d\u00edas de desconexi\u00f3n como aprovechemos el tiempo para pasarlo en familia, \u00bfy qu\u00e9 mejor que en un lugar como esta isla balear y en una <a href=\"https:\/\/www.mnkvillas.com\/\">villa de Menorca<\/a> como la Finca Binimazoch?<\/span><\/p>\n<p>&nbsp;<\/p>\n<div id=\"attachment_1775\" style=\"width: 850px\" class=\"wp-caption aligncenter\"><a href=\"https://www.mnkvillas.com/blog\/finca-binimazoch-vacaciones-de-semana-santa\" target=\"_blank\"><img loading=\"lazy\" decoding=\"async\" aria-describedby=\"caption-attachment-1775\" class=\"wp-image-1775 size-full\" title=\"vacaciones de semana santa \" src=\"https://www.mnkvillas.com/blog\/wp-content\/uploads\/2017\/03\/Barbacoa-finca-binimazoch.jpg\" alt=\"vacaciones de semana santa \" width=\"840\" height=\"389\" srcset=\"https://www.mnkvillas.com/blog\/wp-content\/uploads\/2017\/03\/Barbacoa-finca-binimazoch.jpg 840w, https://www.mnkvillas.com/blog\/wp-content\/uploads\/2017\/03\/Barbacoa-finca-binimazoch-300x139.jpg 300w, https://www.mnkvillas.com/blog\/wp-content\/uploads\/2017\/03\/Barbacoa-finca-binimazoch-768x356.jpg 768w\" sizes=\"auto, (max-width: 840px) 100vw, 840px\" \/><\/a><p id=\"caption-attachment-1775\" class=\"wp-caption-text\">Una villa para vacaciones de Semana Santa<\/p><\/div>\n<p>&nbsp;<\/p>\n<p align=\"center\"><span style=\"font-size: medium;\"><i>\u00bfTe imaginas una comida o una cena familiar en una barbacoa como esta en la que poder compartir un ratito de lo m\u00e1s agradable en compa\u00f1\u00eda de los tuyos?<\/i><\/span><\/p>\n<p>&nbsp;<\/p>\n<p align=\"justify\"><span style=\"font-size: medium;\">Pues s\u00ed, esta imagen representa solo una peque\u00f1a parte de la Finca Binimazoch. Como ves, tiene barbacoa de obra y tiene adem\u00e1s el mobiliario necesario para que nada te falte: una mesa bastante grande y sillas para todos. Pero adem\u00e1s, como ves a sus lados, tiene zona de c\u00e9sped para que los m\u00e1s peque\u00f1os tambi\u00e9n puedan disfrutar.<\/span><\/p>\n<p>&nbsp;<\/p>\n<p align=\"justify\"><span style=\"font-size: medium;\">Probablemente, como te dec\u00edamos en un principio, en tus vacaciones de Semana Santa te apetezca descansar y olvidarte de la rutina. \u00a1Mira qu\u00e9 rinconcito tan acogedor!<\/span><\/p>\n<p>&nbsp;<\/p>\n<div id=\"attachment_1776\" style=\"width: 850px\" class=\"wp-caption aligncenter\"><a href=\"https://www.mnkvillas.com/blog\/finca-binimazoch-vacaciones-de-semana-santa\" target=\"_blank\"><img loading=\"lazy\" decoding=\"async\" aria-describedby=\"caption-attachment-1776\" class=\"wp-image-1776 size-full\" title=\"vacaciones semana santa \" src=\"https://www.mnkvillas.com/blog\/wp-content\/uploads\/2017\/03\/Chimenea-finca-binimazoch.jpg\" alt=\"vacaciones semana santa \" width=\"840\" height=\"389\" srcset=\"https://www.mnkvillas.com/blog\/wp-content\/uploads\/2017\/03\/Chimenea-finca-binimazoch.jpg 840w, https://www.mnkvillas.com/blog\/wp-content\/uploads\/2017\/03\/Chimenea-finca-binimazoch-300x139.jpg 300w, https://www.mnkvillas.com/blog\/wp-content\/uploads\/2017\/03\/Chimenea-finca-binimazoch-768x356.jpg 768w\" sizes=\"auto, (max-width: 840px) 100vw, 840px\" \/><\/a><p id=\"caption-attachment-1776\" class=\"wp-caption-text\">Una villa para vacaciones de Semana Santa<\/p><\/div>\n<p>&nbsp;<\/p>\n<p align=\"justify\"><span style=\"font-size: medium;\">S\u00ed, aqu\u00ed tanto podr\u00e1s disfrutar de un momento muy tuyo leyendo un poco como podr\u00e1s dejar pasar el tiempo bajo el respaldo de la tranquilidad t\u00edpica menorquina y propia de la Finca Binimazoch.<\/span><\/p>\n<p>&nbsp;<\/p>\n<p align=\"justify\"><span style=\"font-size: medium;\">Por cierto, la casa fue renovada en 2002, pero, tal y como se aprecia, en su reforma se quiso conservar el estilo t\u00edpico isle\u00f1o. Todo un lujo para sentirte como un aut\u00e9ntico menorqu\u00edn en tus vacaciones de Semana Santa.<\/span><\/p>\n<p>&nbsp;<\/p>\n<p align=\"justify\"><span style=\"font-size: medium;\">Otra de sus buenas razones para quedarte en ella es su ubicaci\u00f3n, pues es de muy f\u00e1cil acceso a playas v\u00edrgenes del norte de la isla como Pregonda (puedes ver m\u00e1s informaci\u00f3n sobre esta cala en nuestro post: <strong><a href=\"https://www.mnkvillas.com/blog\/cuatro-calas-y-villas-en-menorca-que-te-enamoraran\">4 calas y villas en Menorca que te enamorar\u00e1n<\/a><\/strong>). Est\u00e1 cerca de la playa de Arenal d\u2019en Castell y playa d\u2019Addaia.<\/span><\/p>\n<p>&nbsp;<\/p>\n<p align=\"justify\"><span style=\"font-size: medium;\">Y, por si prefieres m\u00e1s un momento de intimidad y privacidad sin olvidar la diversi\u00f3n, tranquilo, \u00a1que mira qu\u00e9 piscina tiene!<\/span><\/p>\n<p>&nbsp;<\/p>\n<div id=\"attachment_1777\" style=\"width: 850px\" class=\"wp-caption aligncenter\"><a href=\"https://www.mnkvillas.com/blog\/finca-binimazoch-vacaciones-de-semana-santa\" target=\"_blank\"><img loading=\"lazy\" decoding=\"async\" aria-describedby=\"caption-attachment-1777\" class=\"wp-image-1777 size-full\" title=\"vacaciones semana santa \" src=\"https://www.mnkvillas.com/blog\/wp-content\/uploads\/2017\/03\/Piscina-finca-binimazoch.jpg\" alt=\"vacaciones semana santa \" width=\"840\" height=\"389\" srcset=\"https://www.mnkvillas.com/blog\/wp-content\/uploads\/2017\/03\/Piscina-finca-binimazoch.jpg 840w, https://www.mnkvillas.com/blog\/wp-content\/uploads\/2017\/03\/Piscina-finca-binimazoch-300x139.jpg 300w, https://www.mnkvillas.com/blog\/wp-content\/uploads\/2017\/03\/Piscina-finca-binimazoch-768x356.jpg 768w\" sizes=\"auto, (max-width: 840px) 100vw, 840px\" \/><\/a><p id=\"caption-attachment-1777\" class=\"wp-caption-text\">Una villa para vacaciones de Semana Santa<\/p><\/div>\n<p>&nbsp;<\/p>\n<p align=\"justify\"><span style=\"font-size: medium;\">Hamacas, piscina, zona de c\u00e9sped, \u00e1rea de barbacoa y todo tipo de comodidades en una finca privada de 60 hect\u00e1reas, la Finca Binimazoch.<\/span><\/p>\n<p>&nbsp;<\/p>\n<p align=\"center\"><span style=\"font-size: medium; color: #2765d6;\"><b>Y t\u00fa, \u00bfte animas a venir en Semana Santa y disfrutar de ella?<\/b><\/span><\/p>\n<p>&nbsp;<\/p>\n<p align=\"center\"><img loading=\"lazy\" decoding=\"async\" class=\"aligncenter wp-image-1401\" src=\"https://www.mnkvillas.com/blog\/wp-content\/uploads\/2016\/06\/LOGOTIPO_final_horizontal_transp.png\" alt=\"alojamiento en menorca\" width=\"301\" height=\"82\" \/><\/p>\n","protected":false},"excerpt":{"rendered":"<p>&nbsp; Aut\u00e9ntica, sorprendente, apasionante, apacible, especial, protectora, entretenida y cultural son solo algunos de los incre\u00edbles adjetivos con los que Menorca es descrita. Uno de los sellos de identidad y al que debe gran parte de su protagonismo como destino tur\u00edstico espa\u00f1ol es su estilo de vida, sosegado, tranquilo, relajado, sin estr\u00e9s. Pues, si ya &#8230; <a href=\"https://www.mnkvillas.com/blog\/finca-binimazoch-vacaciones-de-semana-santa\">Continuar<\/a><\/p>\n","protected":false},"author":2,"featured_media":1774,"comment_status":"closed","ping_status":"open","sticky":false,"template":"","format":"standard","meta":{"footnotes":""},"categories":[11,10],"tags":[],"class_list":["post-1773","post","type-post","status-publish","format-standard","has-post-thumbnail","hentry","category-vacaciones-en-menorca","category-villas-en-menorca"],"yoast_head":"<!-- This site is optimized with the Yoast SEO plugin v27.4 - https:\/\/yoast.com\/product\/yoast-seo-wordpress\/ -->\n<title>Finca Binimazoch, una villa de Menorca ideal para vacaciones de Semana Santa<\/title>\n<meta name=\"description\" content=\"La Finca Binimazoch de Menorca es ideal para vacaciones de Semana Santa. Mira las caracter\u00edsticas de esta maravillosa casa, \u00a1y ver\u00e1s como no te resistes!\" \/>\n<meta name=\"robots\" content=\"index, follow, max-snippet:-1, max-image-preview:large, max-video-preview:-1\" \/>\n<link rel=\"canonical\" href=\"https://www.mnkvillas.com/blog\/finca-binimazoch-vacaciones-de-semana-santa\" \/>\n<meta property=\"og:locale\" content=\"es_ES\" \/>\n<meta property=\"og:type\" content=\"article\" \/>\n<meta property=\"og:title\" content=\"Finca Binimazoch, una villa de Menorca ideal para vacaciones de Semana Santa\" \/>\n<meta property=\"og:description\" content=\"La Finca Binimazoch de Menorca es ideal para vacaciones de Semana Santa. Mira las caracter\u00edsticas de esta maravillosa casa, \u00a1y ver\u00e1s como no te resistes!\" \/>\n<meta property=\"og:url\" content=\"https://www.mnkvillas.com/blog\/finca-binimazoch-vacaciones-de-semana-santa\" \/>\n<meta property=\"og:site_name\" content=\"El Blog de MNK Villas\" \/>\n<meta property=\"article:published_time\" content=\"2017-03-16T17:14:08+00:00\" \/>\n<meta property=\"article:modified_time\" content=\"2017-03-16T17:17:10+00:00\" \/>\n<meta property=\"og:image\" content=\"https://www.mnkvillas.com/blog\/wp-content\/uploads\/2017\/03\/Finca-Binimazoch.jpg\" \/>\n\t<meta property=\"og:image:width\" content=\"840\" \/>\n\t<meta property=\"og:image:height\" content=\"389\" \/>\n\t<meta property=\"og:image:type\" content=\"image\/jpeg\" \/>\n<meta name=\"author\" content=\"MNK Villas\" \/>\n<meta name=\"twitter:card\" content=\"summary_large_image\" \/>\n<meta name=\"twitter:label1\" content=\"Escrito por\" \/>\n\t<meta name=\"twitter:data1\" content=\"MNK Villas\" \/>\n\t<meta name=\"twitter:label2\" content=\"Tiempo de lectura\" \/>\n\t<meta name=\"twitter:data2\" content=\"3 minutos\" \/>\n<script type=\"application\/ld+json\" class=\"yoast-schema-graph\">{\"@context\":\"https:\\\/\\\/schema.org\",\"@graph\":[{\"@type\":\"Article\",\"@id\":\"https:\\\/\\\/blog.mnkvillas.com\\\/finca-binimazoch-vacaciones-de-semana-santa#article\",\"isPartOf\":{\"@id\":\"https:\\\/\\\/blog.mnkvillas.com\\\/finca-binimazoch-vacaciones-de-semana-santa\"},\"author\":{\"name\":\"MNK Villas\",\"@id\":\"https:\\\/\\\/blog.mnkvillas.com\\\/#\\\/schema\\\/person\\\/5efebb89c1bdae18cb0ab6c4a34d438d\"},\"headline\":\"Finca Binimazoch, una villa de Menorca ideal para vacaciones de Semana Santa\",\"datePublished\":\"2017-03-16T17:14:08+00:00\",\"dateModified\":\"2017-03-16T17:17:10+00:00\",\"mainEntityOfPage\":{\"@id\":\"https:\\\/\\\/blog.mnkvillas.com\\\/finca-binimazoch-vacaciones-de-semana-santa\"},\"wordCount\":543,\"image\":{\"@id\":\"https:\\\/\\\/blog.mnkvillas.com\\\/finca-binimazoch-vacaciones-de-semana-santa#primaryimage\"},\"thumbnailUrl\":\"https:\\\/\\\/blog.mnkvillas.com\\\/wp-content\\\/uploads\\\/2017\\\/03\\\/Finca-Binimazoch.jpg\",\"articleSection\":[\"Vacaciones en Menorca\",\"Villas en Menorca\"],\"inLanguage\":\"es\"},{\"@type\":\"WebPage\",\"@id\":\"https:\\\/\\\/blog.mnkvillas.com\\\/finca-binimazoch-vacaciones-de-semana-santa\",\"url\":\"https:\\\/\\\/blog.mnkvillas.com\\\/finca-binimazoch-vacaciones-de-semana-santa\",\"name\":\"Finca Binimazoch, una villa de Menorca ideal para vacaciones de Semana Santa\",\"isPartOf\":{\"@id\":\"https:\\\/\\\/blog.mnkvillas.com\\\/#website\"},\"primaryImageOfPage\":{\"@id\":\"https:\\\/\\\/blog.mnkvillas.com\\\/finca-binimazoch-vacaciones-de-semana-santa#primaryimage\"},\"image\":{\"@id\":\"https:\\\/\\\/blog.mnkvillas.com\\\/finca-binimazoch-vacaciones-de-semana-santa#primaryimage\"},\"thumbnailUrl\":\"https:\\\/\\\/blog.mnkvillas.com\\\/wp-content\\\/uploads\\\/2017\\\/03\\\/Finca-Binimazoch.jpg\",\"datePublished\":\"2017-03-16T17:14:08+00:00\",\"dateModified\":\"2017-03-16T17:17:10+00:00\",\"author\":{\"@id\":\"https:\\\/\\\/blog.mnkvillas.com\\\/#\\\/schema\\\/person\\\/5efebb89c1bdae18cb0ab6c4a34d438d\"},\"description\":\"La Finca Binimazoch de Menorca es ideal para vacaciones de Semana Santa. Mira las caracter\u00edsticas de esta maravillosa casa, \u00a1y ver\u00e1s como no te resistes!\",\"breadcrumb\":{\"@id\":\"https:\\\/\\\/blog.mnkvillas.com\\\/finca-binimazoch-vacaciones-de-semana-santa#breadcrumb\"},\"inLanguage\":\"es\",\"potentialAction\":[{\"@type\":\"ReadAction\",\"target\":[\"https:\\\/\\\/blog.mnkvillas.com\\\/finca-binimazoch-vacaciones-de-semana-santa\"]}]},{\"@type\":\"ImageObject\",\"inLanguage\":\"es\",\"@id\":\"https:\\\/\\\/blog.mnkvillas.com\\\/finca-binimazoch-vacaciones-de-semana-santa#primaryimage\",\"url\":\"https:\\\/\\\/blog.mnkvillas.com\\\/wp-content\\\/uploads\\\/2017\\\/03\\\/Finca-Binimazoch.jpg\",\"contentUrl\":\"https:\\\/\\\/blog.mnkvillas.com\\\/wp-content\\\/uploads\\\/2017\\\/03\\\/Finca-Binimazoch.jpg\",\"width\":840,\"height\":389,\"caption\":\"Finca Binimazoch, una villa en Menorca\"},{\"@type\":\"BreadcrumbList\",\"@id\":\"https:\\\/\\\/blog.mnkvillas.com\\\/finca-binimazoch-vacaciones-de-semana-santa#breadcrumb\",\"itemListElement\":[{\"@type\":\"ListItem\",\"position\":1,\"name\":\"Portada\",\"item\":\"https:\\\/\\\/blog.mnkvillas.com\\\/\"},{\"@type\":\"ListItem\",\"position\":2,\"name\":\"Finca Binimazoch, una villa de Menorca ideal para vacaciones de Semana Santa\"}]},{\"@type\":\"WebSite\",\"@id\":\"https:\\\/\\\/blog.mnkvillas.com\\\/#website\",\"url\":\"https:\\\/\\\/blog.mnkvillas.com\\\/\",\"name\":\"El Blog de MNK Villas\",\"description\":\"Gesti\u00f3n y comercializaci\u00f3n de casas y villas en Menorca\",\"potentialAction\":[{\"@type\":\"SearchAction\",\"target\":{\"@type\":\"EntryPoint\",\"urlTemplate\":\"https:\\\/\\\/blog.mnkvillas.com\\\/?s={search_term_string}\"},\"query-input\":{\"@type\":\"PropertyValueSpecification\",\"valueRequired\":true,\"valueName\":\"search_term_string\"}}],\"inLanguage\":\"es\"},{\"@type\":\"Person\",\"@id\":\"https:\\\/\\\/blog.mnkvillas.com\\\/#\\\/schema\\\/person\\\/5efebb89c1bdae18cb0ab6c4a34d438d\",\"name\":\"MNK Villas\",\"image\":{\"@type\":\"ImageObject\",\"inLanguage\":\"es\",\"@id\":\"https:\\\/\\\/secure.gravatar.com\\\/avatar\\\/32fd5f16b06bfc66336905f2701aff5bb0df631080894bd3d84147be1c1a1ac8?s=96&d=mm&r=g\",\"url\":\"https:\\\/\\\/secure.gravatar.com\\\/avatar\\\/32fd5f16b06bfc66336905f2701aff5bb0df631080894bd3d84147be1c1a1ac8?s=96&d=mm&r=g\",\"contentUrl\":\"https:\\\/\\\/secure.gravatar.com\\\/avatar\\\/32fd5f16b06bfc66336905f2701aff5bb0df631080894bd3d84147be1c1a1ac8?s=96&d=mm&r=g\",\"caption\":\"MNK Villas\"},\"url\":\"https:\\\/\\\/blog.mnkvillas.com\\\/author\\\/mnk-villas\"}]}<\/script>\n<!-- \/ Yoast SEO plugin. -->","yoast_head_json":{"title":"Finca Binimazoch, una villa de Menorca ideal para vacaciones de Semana Santa","description":"La Finca Binimazoch de Menorca es ideal para vacaciones de Semana Santa. Mira las caracter\u00edsticas de esta maravillosa casa, \u00a1y ver\u00e1s como no te resistes!","robots":{"index":"index","follow":"follow","max-snippet":"max-snippet:-1","max-image-preview":"max-image-preview:large","max-video-preview":"max-video-preview:-1"},"canonical":"https://www.mnkvillas.com/blog\/finca-binimazoch-vacaciones-de-semana-santa","og_locale":"es_ES","og_type":"article","og_title":"Finca Binimazoch, una villa de Menorca ideal para vacaciones de Semana Santa","og_description":"La Finca Binimazoch de Menorca es ideal para vacaciones de Semana Santa. Mira las caracter\u00edsticas de esta maravillosa casa, \u00a1y ver\u00e1s como no te resistes!","og_url":"https://www.mnkvillas.com/blog\/finca-binimazoch-vacaciones-de-semana-santa","og_site_name":"El Blog de MNK Villas","article_published_time":"2017-03-16T17:14:08+00:00","article_modified_time":"2017-03-16T17:17:10+00:00","og_image":[{"width":840,"height":389,"url":"https://www.mnkvillas.com/blog\/wp-content\/uploads\/2017\/03\/Finca-Binimazoch.jpg","type":"image\/jpeg"}],"author":"MNK Villas","twitter_card":"summary_large_image","twitter_misc":{"Escrito por":"MNK Villas","Tiempo de lectura":"3 minutos"},"schema":{"@context":"https:\/\/schema.org","@graph":[{"@type":"Article","@id":"https://www.mnkvillas.com/blog\/finca-binimazoch-vacaciones-de-semana-santa#article","isPartOf":{"@id":"https://www.mnkvillas.com/blog\/finca-binimazoch-vacaciones-de-semana-santa"},"author":{"name":"MNK Villas","@id":"https://www.mnkvillas.com/blog\/#\/schema\/person\/5efebb89c1bdae18cb0ab6c4a34d438d"},"headline":"Finca Binimazoch, una villa de Menorca ideal para vacaciones de Semana Santa","datePublished":"2017-03-16T17:14:08+00:00","dateModified":"2017-03-16T17:17:10+00:00","mainEntityOfPage":{"@id":"https://www.mnkvillas.com/blog\/finca-binimazoch-vacaciones-de-semana-santa"},"wordCount":543,"image":{"@id":"https://www.mnkvillas.com/blog\/finca-binimazoch-vacaciones-de-semana-santa#primaryimage"},"thumbnailUrl":"https://www.mnkvillas.com/blog\/wp-content\/uploads\/2017\/03\/Finca-Binimazoch.jpg","articleSection":["Vacaciones en Menorca","Villas en Menorca"],"inLanguage":"es"},{"@type":"WebPage","@id":"https://www.mnkvillas.com/blog\/finca-binimazoch-vacaciones-de-semana-santa","url":"https://www.mnkvillas.com/blog\/finca-binimazoch-vacaciones-de-semana-santa","name":"Finca Binimazoch, una villa de Menorca ideal para vacaciones de Semana Santa","isPartOf":{"@id":"https://www.mnkvillas.com/blog\/#website"},"primaryImageOfPage":{"@id":"https://www.mnkvillas.com/blog\/finca-binimazoch-vacaciones-de-semana-santa#primaryimage"},"image":{"@id":"https://www.mnkvillas.com/blog\/finca-binimazoch-vacaciones-de-semana-santa#primaryimage"},"thumbnailUrl":"https://www.mnkvillas.com/blog\/wp-content\/uploads\/2017\/03\/Finca-Binimazoch.jpg","datePublished":"2017-03-16T17:14:08+00:00","dateModified":"2017-03-16T17:17:10+00:00","author":{"@id":"https://www.mnkvillas.com/blog\/#\/schema\/person\/5efebb89c1bdae18cb0ab6c4a34d438d"},"description":"La Finca Binimazoch de Menorca es ideal para vacaciones de Semana Santa. Mira las caracter\u00edsticas de esta maravillosa casa, \u00a1y ver\u00e1s como no te resistes!","breadcrumb":{"@id":"https://www.mnkvillas.com/blog\/finca-binimazoch-vacaciones-de-semana-santa#breadcrumb"},"inLanguage":"es","potentialAction":[{"@type":"ReadAction","target":["https://www.mnkvillas.com/blog\/finca-binimazoch-vacaciones-de-semana-santa"]}]},{"@type":"ImageObject","inLanguage":"es","@id":"https://www.mnkvillas.com/blog\/finca-binimazoch-vacaciones-de-semana-santa#primaryimage","url":"https://www.mnkvillas.com/blog\/wp-content\/uploads\/2017\/03\/Finca-Binimazoch.jpg","contentUrl":"https://www.mnkvillas.com/blog\/wp-content\/uploads\/2017\/03\/Finca-Binimazoch.jpg","width":840,"height":389,"caption":"Finca Binimazoch, una villa en Menorca"},{"@type":"BreadcrumbList","@id":"https://www.mnkvillas.com/blog\/finca-binimazoch-vacaciones-de-semana-santa#breadcrumb","itemListElement":[{"@type":"ListItem","position":1,"name":"Portada","item":"https://www.mnkvillas.com/blog\/"},{"@type":"ListItem","position":2,"name":"Finca Binimazoch, una villa de Menorca ideal para vacaciones de Semana Santa"}]},{"@type":"WebSite","@id":"https://www.mnkvillas.com/blog\/#website","url":"https://www.mnkvillas.com/blog\/","name":"El Blog de MNK Villas","description":"Gesti\u00f3n y comercializaci\u00f3n de casas y villas en Menorca","potentialAction":[{"@type":"SearchAction","target":{"@type":"EntryPoint","urlTemplate":"https://www.mnkvillas.com/blog\/?s={search_term_string}"},"query-input":{"@type":"PropertyValueSpecification","valueRequired":true,"valueName":"search_term_string"}}],"inLanguage":"es"},{"@type":"Person","@id":"https://www.mnkvillas.com/blog\/#\/schema\/person\/5efebb89c1bdae18cb0ab6c4a34d438d","name":"MNK Villas","image":{"@type":"ImageObject","inLanguage":"es","@id":"https:\/\/secure.gravatar.com\/avatar\/32fd5f16b06bfc66336905f2701aff5bb0df631080894bd3d84147be1c1a1ac8?s=96&d=mm&r=g","url":"https:\/\/secure.gravatar.com\/avatar\/32fd5f16b06bfc66336905f2701aff5bb0df631080894bd3d84147be1c1a1ac8?s=96&d=mm&r=g","contentUrl":"https:\/\/secure.gravatar.com\/avatar\/32fd5f16b06bfc66336905f2701aff5bb0df631080894bd3d84147be1c1a1ac8?s=96&d=mm&r=g","caption":"MNK Villas"},"url":"https://www.mnkvillas.com/blog\/author\/mnk-villas"}]}},"_links":{"self":[{"href":"https://www.mnkvillas.com/blog\/wp-json\/wp\/v2\/posts\/1773","targetHints":{"allow":["GET"]}}],"collection":[{"href":"https://www.mnkvillas.com/blog\/wp-json\/wp\/v2\/posts"}],"about":[{"href":"https://www.mnkvillas.com/blog\/wp-json\/wp\/v2\/types\/post"}],"author":[{"embeddable":true,"href":"https://www.mnkvillas.com/blog\/wp-json\/wp\/v2\/users\/2"}],"replies":[{"embeddable":true,"href":"https://www.mnkvillas.com/blog\/wp-json\/wp\/v2\/comments?post=1773"}],"version-history":[{"count":4,"href":"https://www.mnkvillas.com/blog\/wp-json\/wp\/v2\/posts\/1773\/revisions"}],"predecessor-version":[{"id":1781,"href":"https://www.mnkvillas.com/blog\/wp-json\/wp\/v2\/posts\/1773\/revisions\/1781"}],"wp:featuredmedia":[{"embeddable":true,"href":"https://www.mnkvillas.com/blog\/wp-json\/wp\/v2\/media\/1774"}],"wp:attachment":[{"href":"https://www.mnkvillas.com/blog\/wp-json\/wp\/v2\/media?parent=1773"}],"wp:term":[{"taxonomy":"category","embeddable":true,"href":"https://www.mnkvillas.com/blog\/wp-json\/wp\/v2\/categories?post=1773"},{"taxonomy":"post_tag","embeddable":true,"href":"https://www.mnkvillas.com/blog\/wp-json\/wp\/v2\/tags?post=1773"}],"curies":[{"name":"wp","href":"https:\/\/api.w.org\/{rel}","templated":true}]}}