{"id":1760,"date":"2017-03-08T15:25:12","date_gmt":"2017-03-08T15:25:12","guid":{"rendered":"https://www.mnkvillas.com/blog\/?p=1760"},"modified":"2017-05-04T12:01:11","modified_gmt":"2017-05-04T12:01:11","slug":"vacaciones-de-verano-en-menorca-en-2017","status":"publish","type":"post","link":"https://www.mnkvillas.com/blog\/vacaciones-de-verano-en-menorca-en-2017","title":{"rendered":"Vacaciones de verano en Menorca en 2017, \u00a1descubre qu\u00e9 hacer!"},"content":{"rendered":"<h2 align=\"center\"><span style=\"font-size: large; color: #2765d6;\">\u00bfQu\u00e9 hacer en tus <a style=\"color: #2765d6;\" href=\"https://www.mnkvillas.com/blog\/vacaciones-de-verano-en-menorca-en-2017\">vacaciones de verano en Menorca en 2017<\/a>?<\/span><\/h2>\n<p>&nbsp;<\/p>\n<div id=\"attachment_1761\" style=\"width: 850px\" class=\"wp-caption aligncenter\"><a href=\"https://www.mnkvillas.com/blog\/vacaciones-de-verano-en-menorca-en-2017\" target=\"_blank\" rel=\"noopener noreferrer\"><img loading=\"lazy\" decoding=\"async\" aria-describedby=\"caption-attachment-1761\" class=\"wp-image-1761 size-full\" title=\"vacaciones de verano en menorca en 2017\" src=\"https://www.mnkvillas.com/blog\/wp-content\/uploads\/2017\/03\/Vacaciones-verano-Menorca-01.jpg\" alt=\"vacaciones de verano en menorca en 2017\" width=\"840\" height=\"389\" srcset=\"https://www.mnkvillas.com/blog\/wp-content\/uploads\/2017\/03\/Vacaciones-verano-Menorca-01.jpg 840w, https://www.mnkvillas.com/blog\/wp-content\/uploads\/2017\/03\/Vacaciones-verano-Menorca-01-300x139.jpg 300w, https://www.mnkvillas.com/blog\/wp-content\/uploads\/2017\/03\/Vacaciones-verano-Menorca-01-768x356.jpg 768w\" sizes=\"auto, (max-width: 840px) 100vw, 840px\" \/><\/a><p id=\"caption-attachment-1761\" class=\"wp-caption-text\">Qu\u00e9 hacer en verano en Menorca<\/p><\/div>\n<p>&nbsp;<\/p>\n<p align=\"justify\"><span style=\"font-size: medium;\">Menorca es una isla singular, peque\u00f1a, pero apta para todo tipo de turista. Fan\u00e1ticos de la naturaleza, amantes de la gastronom\u00eda t\u00edpica, apasionados de los paisajes con encanto y hasta para quienes adoran hacer nudismo, Menorca es ideal. Es tranquila, es natural, \u00a1y est\u00e1 llena de contrastes que, de seguro, te sorprender\u00e1n! Quien visita la isla, vuelve y puede que incluso para quedarse y no irse m\u00e1s. As\u00ed que si tu intenci\u00f3n es venirte de <strong>vacaciones de verano en Menorca en 2017<\/strong>, cuidado, \u00a1esta isla te puede enamorar!<\/span><\/p>\n<p>&nbsp;<\/p>\n<p align=\"justify\"><span style=\"font-size: medium;\">Y, en ese flechazo de amor, el trato amable de los menorquines y el ambiente familiar que se respira en ella tienen mucho que ver.<\/span><\/p>\n<p>&nbsp;<\/p>\n<h1 align=\"justify\"><span style=\"font-size: large; color: #2564d6;\"><b>Pero, \u00bfqu\u00e9 hacer en <span style=\"color: #2564d6;\"><a style=\"color: #2564d6;\" href=\"https://www.mnkvillas.com/blog\/que-hacer-estas-vacaciones-verano-menorca\">verano en Menorca<\/a><\/span>?<\/b><\/span><\/h1>\n<p align=\"justify\"><span style=\"font-size: medium;\">De entrada, lo que no te puedes perder, como seguramente ya sabr\u00e1s, son sus calas, as\u00ed que vamos a nombrarte algunas que te encantar\u00e1n. Pero tambi\u00e9n te hablaremos de los <strong>pueblos m\u00e1s bonitos de Menorca<\/strong>, as\u00ed como de sitios donde poder tomar algo en verano en Menorca. <\/span><\/p>\n<p>&nbsp;<\/p>\n<h2 align=\"justify\"><span style=\"font-size: medium; color: #2564d6;\"><b>Calas recomendadas en Menorca<\/b><\/span><\/h2>\n<p align=\"justify\"><span style=\"font-size: medium;\">En Menorca hay muchas calas que podr\u00edamos clasificar en tres grandes grupos: <\/span><\/p>\n<p>&nbsp;<\/p>\n<p align=\"justify\"><span style=\"font-size: medium;\">1. <strong>Calas de zonas urbanas<\/strong>: estas calas se encuentran en aquellas zonas pobladas en las que hay muchos hoteles, restaurantes, etc. Vamos, que son calas tur\u00edsticas en las que puedes encontrar todo tipo de facilidades. <strong>Cala Turqueta<\/strong> es una de las m\u00e1s famosas.<\/span><\/p>\n<p>&nbsp;<\/p>\n<p align=\"justify\"><span style=\"font-size: medium;\">2. <strong>Calas v\u00edrgenes de f\u00e1cil acceso<\/strong>: luego est\u00e1n las calas v\u00edrgenes, en las que hay menos gente que en las anteriores, y que son de f\u00e1cil acceso, pero la mayor\u00eda no tiene facilidades; por lo que si vienes a alguna de ellas, ven preparado. Ejemplo de estas calas son las magn\u00edficas Macarella y Son Saura. <\/span><\/p>\n<p>&nbsp;<\/p>\n<p align=\"justify\"><span style=\"font-size: medium;\">3. <strong>Calas v\u00edrgenes de dif\u00edcil acceso<\/strong>: este \u00faltimo tipo de cala es de dif\u00edcil acceso. De hecho, solo se puede llegar de dos formas: o andando o por mar. Si buscas una cala para ir en verano en Menorca y si pretendes alquilar un barco, llegar a playas como <strong>Cala Pilar<\/strong> o <strong>Cala Tortuga<\/strong> te fascinar\u00e1.<\/span><\/p>\n<p>&nbsp;<\/p>\n<p align=\"justify\"><span style=\"font-size: medium;\">Es importante tambi\u00e9n que sepas que las <a href=\"http:\/\/www.menorca.org\/es\/costa-de-menorca\/costa-sur-menorca.html\"><strong>calas del sur de Menorca<\/strong><\/a> son de agua cristalina, su arena es blanca y en ellas hay m\u00e1s vegetaci\u00f3n. Las del norte, en cambio, son de agua transparente, pero el paisaje es m\u00e1s salvaje, m\u00e1s rocoso y rojizo y tiene poca vegetaci\u00f3n. Pero, sean las calas del sur sean las del norte, lo cierto es que son preciosas. <\/span><\/p>\n<p>&nbsp;<\/p>\n<h2 align=\"justify\"><span style=\"font-size: medium; color: #2564d6;\"><b>Pueblos m\u00e1s bonitos de Menorca<\/b><\/span><\/h2>\n<p align=\"justify\"><span style=\"font-size: medium;\">Toda Menorca es bonita; pero, si hay tres pueblos de belleza inigualable que deber\u00edas ver en tus <strong>vacaciones de verano en Menorca en 2017<\/strong> esos son <strong>Binibeca Bell<\/strong>, <strong>Es Migjorn<\/strong> y <strong>Mah\u00f3n<\/strong>, si bien <strong>Ciudadela<\/strong> tiene un encanto especial que tampoco debes dejar de ver.<\/span><\/p>\n<p align=\"justify\"><span style=\"font-size: medium;\">Por si quieres m\u00e1s informaci\u00f3n sobre cada uno, en nuestro post \u201c<a href=\"https://www.mnkvillas.com/blog\/que-ver-menorca-los-tres-pueblos-mas-bonitos-la-isla\"><b>qu\u00e9 ver en Menorca: los tres pueblos m\u00e1s bonitos de la isla<\/b><\/a>\u201d la encontrar\u00e1s. <\/span><\/p>\n<p>&nbsp;<\/p>\n<h2 align=\"center\"><span style=\"font-size: large; color: #2564d6;\"><b>Y t\u00fa, \u00bfqu\u00e9 vas a hacer en tus vacaciones de verano en Menorca?<\/b><\/span><\/h2>\n<p><img loading=\"lazy\" decoding=\"async\" class=\"aligncenter wp-image-1401\" src=\"https://www.mnkvillas.com/blog\/wp-content\/uploads\/2016\/06\/LOGOTIPO_final_horizontal_transp.png\" alt=\"alojamiento en menorca\" width=\"350\" height=\"92\" \/><\/p>\n","protected":false},"excerpt":{"rendered":"<p>\u00bfQu\u00e9 hacer en tus vacaciones de verano en Menorca en 2017? &nbsp; &nbsp; Menorca es una isla singular, peque\u00f1a, pero apta para todo tipo de turista. Fan\u00e1ticos de la naturaleza, amantes de la gastronom\u00eda t\u00edpica, apasionados de los paisajes con encanto y hasta para quienes adoran hacer nudismo, Menorca es ideal. Es tranquila, es natural, &#8230; <a href=\"https://www.mnkvillas.com/blog\/vacaciones-de-verano-en-menorca-en-2017\">Continuar<\/a><\/p>\n","protected":false},"author":2,"featured_media":1761,"comment_status":"closed","ping_status":"open","sticky":false,"template":"","format":"standard","meta":{"footnotes":""},"categories":[16,9,11],"tags":[143,152,148],"class_list":["post-1760","post","type-post","status-publish","format-standard","has-post-thumbnail","hentry","category-naturaleza-en-menorca","category-turismo-en-menorca","category-vacaciones-en-menorca","tag-menorca-2017","tag-vacaciones-verano-menorca","tag-verano-en-menorca"],"yoast_head":"<!-- This site is optimized with the Yoast SEO plugin v27.5 - https:\/\/yoast.com\/product\/yoast-seo-wordpress\/ -->\n<title>Vacaciones de verano en Menorca en 2017 - MNK Villas<\/title>\n<meta name=\"description\" content=\"Vacaciones de verano en Menorca en 2017: MNK Villas te da las claves de qu\u00e9 hacer en esta isla tan singular durante tus vacaciones.\" \/>\n<meta name=\"robots\" content=\"index, follow, max-snippet:-1, max-image-preview:large, max-video-preview:-1\" \/>\n<link rel=\"canonical\" href=\"https://www.mnkvillas.com/blog\/vacaciones-de-verano-en-menorca-en-2017\" \/>\n<meta property=\"og:locale\" content=\"es_ES\" \/>\n<meta property=\"og:type\" content=\"article\" \/>\n<meta property=\"og:title\" content=\"Vacaciones de verano en Menorca en 2017 - MNK Villas\" \/>\n<meta property=\"og:description\" content=\"Vacaciones de verano en Menorca en 2017: MNK Villas te da las claves de qu\u00e9 hacer en esta isla tan singular durante tus vacaciones.\" \/>\n<meta property=\"og:url\" content=\"https://www.mnkvillas.com/blog\/vacaciones-de-verano-en-menorca-en-2017\" \/>\n<meta property=\"og:site_name\" content=\"El Blog de MNK Villas\" \/>\n<meta property=\"article:published_time\" content=\"2017-03-08T15:25:12+00:00\" \/>\n<meta property=\"article:modified_time\" content=\"2017-05-04T12:01:11+00:00\" \/>\n<meta property=\"og:image\" content=\"https://www.mnkvillas.com/blog\/wp-content\/uploads\/2017\/03\/Vacaciones-verano-Menorca-01.jpg\" \/>\n\t<meta property=\"og:image:width\" content=\"840\" \/>\n\t<meta property=\"og:image:height\" content=\"389\" \/>\n\t<meta property=\"og:image:type\" content=\"image\/jpeg\" \/>\n<meta name=\"author\" content=\"MNK Villas\" \/>\n<meta name=\"twitter:card\" content=\"summary_large_image\" \/>\n<meta name=\"twitter:label1\" content=\"Escrito por\" \/>\n\t<meta name=\"twitter:data1\" content=\"MNK Villas\" \/>\n\t<meta name=\"twitter:label2\" content=\"Tiempo de lectura\" \/>\n\t<meta name=\"twitter:data2\" content=\"3 minutos\" \/>\n<script type=\"application\/ld+json\" class=\"yoast-schema-graph\">{\"@context\":\"https:\\\/\\\/schema.org\",\"@graph\":[{\"@type\":\"Article\",\"@id\":\"https:\\\/\\\/blog.mnkvillas.com\\\/vacaciones-de-verano-en-menorca-en-2017#article\",\"isPartOf\":{\"@id\":\"https:\\\/\\\/blog.mnkvillas.com\\\/vacaciones-de-verano-en-menorca-en-2017\"},\"author\":{\"name\":\"MNK Villas\",\"@id\":\"https:\\\/\\\/blog.mnkvillas.com\\\/#\\\/schema\\\/person\\\/5efebb89c1bdae18cb0ab6c4a34d438d\"},\"headline\":\"Vacaciones de verano en Menorca en 2017, \u00a1descubre qu\u00e9 hacer!\",\"datePublished\":\"2017-03-08T15:25:12+00:00\",\"dateModified\":\"2017-05-04T12:01:11+00:00\",\"mainEntityOfPage\":{\"@id\":\"https:\\\/\\\/blog.mnkvillas.com\\\/vacaciones-de-verano-en-menorca-en-2017\"},\"wordCount\":565,\"image\":{\"@id\":\"https:\\\/\\\/blog.mnkvillas.com\\\/vacaciones-de-verano-en-menorca-en-2017#primaryimage\"},\"thumbnailUrl\":\"https:\\\/\\\/blog.mnkvillas.com\\\/wp-content\\\/uploads\\\/2017\\\/03\\\/Vacaciones-verano-Menorca-01.jpg\",\"keywords\":[\"Menorca 2017\",\"vacaciones verano Menorca\",\"verano en Menorca\"],\"articleSection\":[\"Naturaleza en Menorca\",\"Turismo en Menorca\",\"Vacaciones en Menorca\"],\"inLanguage\":\"es\"},{\"@type\":\"WebPage\",\"@id\":\"https:\\\/\\\/blog.mnkvillas.com\\\/vacaciones-de-verano-en-menorca-en-2017\",\"url\":\"https:\\\/\\\/blog.mnkvillas.com\\\/vacaciones-de-verano-en-menorca-en-2017\",\"name\":\"Vacaciones de verano en Menorca en 2017 - MNK Villas\",\"isPartOf\":{\"@id\":\"https:\\\/\\\/blog.mnkvillas.com\\\/#website\"},\"primaryImageOfPage\":{\"@id\":\"https:\\\/\\\/blog.mnkvillas.com\\\/vacaciones-de-verano-en-menorca-en-2017#primaryimage\"},\"image\":{\"@id\":\"https:\\\/\\\/blog.mnkvillas.com\\\/vacaciones-de-verano-en-menorca-en-2017#primaryimage\"},\"thumbnailUrl\":\"https:\\\/\\\/blog.mnkvillas.com\\\/wp-content\\\/uploads\\\/2017\\\/03\\\/Vacaciones-verano-Menorca-01.jpg\",\"datePublished\":\"2017-03-08T15:25:12+00:00\",\"dateModified\":\"2017-05-04T12:01:11+00:00\",\"author\":{\"@id\":\"https:\\\/\\\/blog.mnkvillas.com\\\/#\\\/schema\\\/person\\\/5efebb89c1bdae18cb0ab6c4a34d438d\"},\"description\":\"Vacaciones de verano en Menorca en 2017: MNK Villas te da las claves de qu\u00e9 hacer en esta isla tan singular durante tus vacaciones.\",\"breadcrumb\":{\"@id\":\"https:\\\/\\\/blog.mnkvillas.com\\\/vacaciones-de-verano-en-menorca-en-2017#breadcrumb\"},\"inLanguage\":\"es\",\"potentialAction\":[{\"@type\":\"ReadAction\",\"target\":[\"https:\\\/\\\/blog.mnkvillas.com\\\/vacaciones-de-verano-en-menorca-en-2017\"]}]},{\"@type\":\"ImageObject\",\"inLanguage\":\"es\",\"@id\":\"https:\\\/\\\/blog.mnkvillas.com\\\/vacaciones-de-verano-en-menorca-en-2017#primaryimage\",\"url\":\"https:\\\/\\\/blog.mnkvillas.com\\\/wp-content\\\/uploads\\\/2017\\\/03\\\/Vacaciones-verano-Menorca-01.jpg\",\"contentUrl\":\"https:\\\/\\\/blog.mnkvillas.com\\\/wp-content\\\/uploads\\\/2017\\\/03\\\/Vacaciones-verano-Menorca-01.jpg\",\"width\":840,\"height\":389,\"caption\":\"Qu\u00e9 hacer en verano en Menorca\"},{\"@type\":\"BreadcrumbList\",\"@id\":\"https:\\\/\\\/blog.mnkvillas.com\\\/vacaciones-de-verano-en-menorca-en-2017#breadcrumb\",\"itemListElement\":[{\"@type\":\"ListItem\",\"position\":1,\"name\":\"Portada\",\"item\":\"https:\\\/\\\/blog.mnkvillas.com\\\/\"},{\"@type\":\"ListItem\",\"position\":2,\"name\":\"Vacaciones de verano en Menorca en 2017, \u00a1descubre qu\u00e9 hacer!\"}]},{\"@type\":\"WebSite\",\"@id\":\"https:\\\/\\\/blog.mnkvillas.com\\\/#website\",\"url\":\"https:\\\/\\\/blog.mnkvillas.com\\\/\",\"name\":\"El Blog de MNK Villas\",\"description\":\"Gesti\u00f3n y comercializaci\u00f3n de casas y villas en Menorca\",\"potentialAction\":[{\"@type\":\"SearchAction\",\"target\":{\"@type\":\"EntryPoint\",\"urlTemplate\":\"https:\\\/\\\/blog.mnkvillas.com\\\/?s={search_term_string}\"},\"query-input\":{\"@type\":\"PropertyValueSpecification\",\"valueRequired\":true,\"valueName\":\"search_term_string\"}}],\"inLanguage\":\"es\"},{\"@type\":\"Person\",\"@id\":\"https:\\\/\\\/blog.mnkvillas.com\\\/#\\\/schema\\\/person\\\/5efebb89c1bdae18cb0ab6c4a34d438d\",\"name\":\"MNK Villas\",\"image\":{\"@type\":\"ImageObject\",\"inLanguage\":\"es\",\"@id\":\"https:\\\/\\\/secure.gravatar.com\\\/avatar\\\/32fd5f16b06bfc66336905f2701aff5bb0df631080894bd3d84147be1c1a1ac8?s=96&d=mm&r=g\",\"url\":\"https:\\\/\\\/secure.gravatar.com\\\/avatar\\\/32fd5f16b06bfc66336905f2701aff5bb0df631080894bd3d84147be1c1a1ac8?s=96&d=mm&r=g\",\"contentUrl\":\"https:\\\/\\\/secure.gravatar.com\\\/avatar\\\/32fd5f16b06bfc66336905f2701aff5bb0df631080894bd3d84147be1c1a1ac8?s=96&d=mm&r=g\",\"caption\":\"MNK Villas\"},\"url\":\"https:\\\/\\\/blog.mnkvillas.com\\\/author\\\/mnk-villas\"}]}<\/script>\n<!-- \/ Yoast SEO plugin. -->","yoast_head_json":{"title":"Vacaciones de verano en Menorca en 2017 - MNK Villas","description":"Vacaciones de verano en Menorca en 2017: MNK Villas te da las claves de qu\u00e9 hacer en esta isla tan singular durante tus vacaciones.","robots":{"index":"index","follow":"follow","max-snippet":"max-snippet:-1","max-image-preview":"max-image-preview:large","max-video-preview":"max-video-preview:-1"},"canonical":"https://www.mnkvillas.com/blog\/vacaciones-de-verano-en-menorca-en-2017","og_locale":"es_ES","og_type":"article","og_title":"Vacaciones de verano en Menorca en 2017 - MNK Villas","og_description":"Vacaciones de verano en Menorca en 2017: MNK Villas te da las claves de qu\u00e9 hacer en esta isla tan singular durante tus vacaciones.","og_url":"https://www.mnkvillas.com/blog\/vacaciones-de-verano-en-menorca-en-2017","og_site_name":"El Blog de MNK Villas","article_published_time":"2017-03-08T15:25:12+00:00","article_modified_time":"2017-05-04T12:01:11+00:00","og_image":[{"width":840,"height":389,"url":"https://www.mnkvillas.com/blog\/wp-content\/uploads\/2017\/03\/Vacaciones-verano-Menorca-01.jpg","type":"image\/jpeg"}],"author":"MNK Villas","twitter_card":"summary_large_image","twitter_misc":{"Escrito por":"MNK Villas","Tiempo de lectura":"3 minutos"},"schema":{"@context":"https:\/\/schema.org","@graph":[{"@type":"Article","@id":"https://www.mnkvillas.com/blog\/vacaciones-de-verano-en-menorca-en-2017#article","isPartOf":{"@id":"https://www.mnkvillas.com/blog\/vacaciones-de-verano-en-menorca-en-2017"},"author":{"name":"MNK Villas","@id":"https://www.mnkvillas.com/blog\/#\/schema\/person\/5efebb89c1bdae18cb0ab6c4a34d438d"},"headline":"Vacaciones de verano en Menorca en 2017, \u00a1descubre qu\u00e9 hacer!","datePublished":"2017-03-08T15:25:12+00:00","dateModified":"2017-05-04T12:01:11+00:00","mainEntityOfPage":{"@id":"https://www.mnkvillas.com/blog\/vacaciones-de-verano-en-menorca-en-2017"},"wordCount":565,"image":{"@id":"https://www.mnkvillas.com/blog\/vacaciones-de-verano-en-menorca-en-2017#primaryimage"},"thumbnailUrl":"https://www.mnkvillas.com/blog\/wp-content\/uploads\/2017\/03\/Vacaciones-verano-Menorca-01.jpg","keywords":["Menorca 2017","vacaciones verano Menorca","verano en Menorca"],"articleSection":["Naturaleza en Menorca","Turismo en Menorca","Vacaciones en Menorca"],"inLanguage":"es"},{"@type":"WebPage","@id":"https://www.mnkvillas.com/blog\/vacaciones-de-verano-en-menorca-en-2017","url":"https://www.mnkvillas.com/blog\/vacaciones-de-verano-en-menorca-en-2017","name":"Vacaciones de verano en Menorca en 2017 - MNK Villas","isPartOf":{"@id":"https://www.mnkvillas.com/blog\/#website"},"primaryImageOfPage":{"@id":"https://www.mnkvillas.com/blog\/vacaciones-de-verano-en-menorca-en-2017#primaryimage"},"image":{"@id":"https://www.mnkvillas.com/blog\/vacaciones-de-verano-en-menorca-en-2017#primaryimage"},"thumbnailUrl":"https://www.mnkvillas.com/blog\/wp-content\/uploads\/2017\/03\/Vacaciones-verano-Menorca-01.jpg","datePublished":"2017-03-08T15:25:12+00:00","dateModified":"2017-05-04T12:01:11+00:00","author":{"@id":"https://www.mnkvillas.com/blog\/#\/schema\/person\/5efebb89c1bdae18cb0ab6c4a34d438d"},"description":"Vacaciones de verano en Menorca en 2017: MNK Villas te da las claves de qu\u00e9 hacer en esta isla tan singular durante tus vacaciones.","breadcrumb":{"@id":"https://www.mnkvillas.com/blog\/vacaciones-de-verano-en-menorca-en-2017#breadcrumb"},"inLanguage":"es","potentialAction":[{"@type":"ReadAction","target":["https://www.mnkvillas.com/blog\/vacaciones-de-verano-en-menorca-en-2017"]}]},{"@type":"ImageObject","inLanguage":"es","@id":"https://www.mnkvillas.com/blog\/vacaciones-de-verano-en-menorca-en-2017#primaryimage","url":"https://www.mnkvillas.com/blog\/wp-content\/uploads\/2017\/03\/Vacaciones-verano-Menorca-01.jpg","contentUrl":"https://www.mnkvillas.com/blog\/wp-content\/uploads\/2017\/03\/Vacaciones-verano-Menorca-01.jpg","width":840,"height":389,"caption":"Qu\u00e9 hacer en verano en Menorca"},{"@type":"BreadcrumbList","@id":"https://www.mnkvillas.com/blog\/vacaciones-de-verano-en-menorca-en-2017#breadcrumb","itemListElement":[{"@type":"ListItem","position":1,"name":"Portada","item":"https://www.mnkvillas.com/blog\/"},{"@type":"ListItem","position":2,"name":"Vacaciones de verano en Menorca en 2017, \u00a1descubre qu\u00e9 hacer!"}]},{"@type":"WebSite","@id":"https://www.mnkvillas.com/blog\/#website","url":"https://www.mnkvillas.com/blog\/","name":"El Blog de MNK Villas","description":"Gesti\u00f3n y comercializaci\u00f3n de casas y villas en Menorca","potentialAction":[{"@type":"SearchAction","target":{"@type":"EntryPoint","urlTemplate":"https://www.mnkvillas.com/blog\/?s={search_term_string}"},"query-input":{"@type":"PropertyValueSpecification","valueRequired":true,"valueName":"search_term_string"}}],"inLanguage":"es"},{"@type":"Person","@id":"https://www.mnkvillas.com/blog\/#\/schema\/person\/5efebb89c1bdae18cb0ab6c4a34d438d","name":"MNK Villas","image":{"@type":"ImageObject","inLanguage":"es","@id":"https:\/\/secure.gravatar.com\/avatar\/32fd5f16b06bfc66336905f2701aff5bb0df631080894bd3d84147be1c1a1ac8?s=96&d=mm&r=g","url":"https:\/\/secure.gravatar.com\/avatar\/32fd5f16b06bfc66336905f2701aff5bb0df631080894bd3d84147be1c1a1ac8?s=96&d=mm&r=g","contentUrl":"https:\/\/secure.gravatar.com\/avatar\/32fd5f16b06bfc66336905f2701aff5bb0df631080894bd3d84147be1c1a1ac8?s=96&d=mm&r=g","caption":"MNK Villas"},"url":"https://www.mnkvillas.com/blog\/author\/mnk-villas"}]}},"_links":{"self":[{"href":"https://www.mnkvillas.com/blog\/wp-json\/wp\/v2\/posts\/1760","targetHints":{"allow":["GET"]}}],"collection":[{"href":"https://www.mnkvillas.com/blog\/wp-json\/wp\/v2\/posts"}],"about":[{"href":"https://www.mnkvillas.com/blog\/wp-json\/wp\/v2\/types\/post"}],"author":[{"embeddable":true,"href":"https://www.mnkvillas.com/blog\/wp-json\/wp\/v2\/users\/2"}],"replies":[{"embeddable":true,"href":"https://www.mnkvillas.com/blog\/wp-json\/wp\/v2\/comments?post=1760"}],"version-history":[{"count":5,"href":"https://www.mnkvillas.com/blog\/wp-json\/wp\/v2\/posts\/1760\/revisions"}],"predecessor-version":[{"id":1930,"href":"https://www.mnkvillas.com/blog\/wp-json\/wp\/v2\/posts\/1760\/revisions\/1930"}],"wp:featuredmedia":[{"embeddable":true,"href":"https://www.mnkvillas.com/blog\/wp-json\/wp\/v2\/media\/1761"}],"wp:attachment":[{"href":"https://www.mnkvillas.com/blog\/wp-json\/wp\/v2\/media?parent=1760"}],"wp:term":[{"taxonomy":"category","embeddable":true,"href":"https://www.mnkvillas.com/blog\/wp-json\/wp\/v2\/categories?post=1760"},{"taxonomy":"post_tag","embeddable":true,"href":"https://www.mnkvillas.com/blog\/wp-json\/wp\/v2\/tags?post=1760"}],"curies":[{"name":"wp","href":"https:\/\/api.w.org\/{rel}","templated":true}]}}