{"id":1743,"date":"2017-02-21T14:05:09","date_gmt":"2017-02-21T14:05:09","guid":{"rendered":"https://www.mnkvillas.com/blog\/?p=1743"},"modified":"2017-02-23T16:30:08","modified_gmt":"2017-02-23T16:30:08","slug":"regalos-para-el-dia-del-padre-2017-vacaciones-familiares-menorca","status":"publish","type":"post","link":"https://www.mnkvillas.com/blog\/regalos-para-el-dia-del-padre-2017-vacaciones-familiares-menorca","title":{"rendered":"Regalos para el D\u00eda del Padre 2017, \u00a1unas vacaciones familiares en Menorca!"},"content":{"rendered":"<p align=\"justify\"><a href=\"https://www.mnkvillas.com/blog\/regalos-para-el-dia-del-padre-2017-vacaciones-familiares-menorca\" target=\"_blank\"><img loading=\"lazy\" decoding=\"async\" class=\"aligncenter wp-image-1744 size-full\" title=\"regalos para el D\u00eda del Padre 2017\" src=\"https://www.mnkvillas.com/blog\/wp-content\/uploads\/2017\/02\/un-regalo-para-papa-en-menorca-01.jpg\" alt=\"regalos para el D\u00eda del Padre 2017\" width=\"840\" height=\"389\" srcset=\"https://www.mnkvillas.com/blog\/wp-content\/uploads\/2017\/02\/un-regalo-para-papa-en-menorca-01.jpg 840w, https://www.mnkvillas.com/blog\/wp-content\/uploads\/2017\/02\/un-regalo-para-papa-en-menorca-01-300x139.jpg 300w, https://www.mnkvillas.com/blog\/wp-content\/uploads\/2017\/02\/un-regalo-para-papa-en-menorca-01-768x356.jpg 768w\" sizes=\"auto, (max-width: 840px) 100vw, 840px\" \/><\/a><\/p>\n<p>&nbsp;<\/p>\n<p align=\"justify\"><span style=\"font-size: medium;\">Tu padre ha sido, es y ser\u00e1 uno de los sustentos familiares, uno de tus apoyos incondicionales, uno de los pilares de tu vida. Seguramente sea tu referente, esa persona en la que te hayas refugiado en m\u00e1s de una ocasi\u00f3n y esa que te haya ayudado a levantarte en cada tropiezo. Por ello, tiene m\u00e1s que merecido un detalle por tu parte, \u00a1hazle uno de los <a href=\"https://www.mnkvillas.com/blog\/regalos-para-el-dia-del-padre-2017-vacaciones-familiares-menorca\">regalos para el D\u00eda del Padre 2017<\/a> m\u00e1s emotivos! \u00bfQu\u00e9 tal unas vacaciones familiares en Menorca? <\/span><\/p>\n<p>&nbsp;<\/p>\n<p align=\"justify\"><span style=\"font-size: medium;\">El 19 de marzo se celebra en toda Espa\u00f1a el D\u00eda del Padre 2017 y ese es, sin duda alguna, uno de los momentos ideales para homenajearlo por todo lo que te ha dado en la vida. Menorca, por su parte, es una isla de lo m\u00e1s familiar. As\u00ed que, \u00bfqu\u00e9 mejor combinaci\u00f3n que unas vacaciones familiares en Menorca para tu padre por su d\u00eda?<\/span><\/p>\n<p>&nbsp;<\/p>\n<h1 align=\"justify\"><span style=\"font-size: medium;\"><b>Por qu\u00e9 unas vacaciones en Menorca<\/b><\/span><\/h1>\n<p align=\"justify\"><span style=\"font-size: medium;\">Menorca tiene muchas buenas razones por las que ser escogida para regalarle unas vacaciones a tu padre por su d\u00eda. Entre ellas, es una isla muy tranquila, as\u00ed que desconectar en ella del estr\u00e9s diario est\u00e1 garantizado. <\/span><\/p>\n<p>&nbsp;<\/p>\n<p align=\"justify\"><span style=\"font-size: medium;\">Adem\u00e1s, en Menorca hay much\u00edsimas cosas para hacer: ir de ruta por la Menorca arqueol\u00f3gica y ver la cultura talay\u00f3tica, hacer una caminata o montar a caballo por el Cam\u00ed de Cavalls, ir de kayak por la Menorca m\u00e1s mediterr\u00e1nea, tomar el sol en una de las maravillosas calas v\u00edrgenes, hacer una <a href=\"https://www.mnkvillas.com/blog\/y-si-nos-vamos-de-ruta-por-los-siete-faros-de-menorca-2\">ruta por los faros de Menorca<\/a>, pasear por los pueblos m\u00e1s bonitos de Menorca, y un largo etc\u00e9tera. <\/span><\/p>\n<p>&nbsp;<\/p>\n<p align=\"justify\"><span style=\"font-size: medium;\">Tambi\u00e9n hay muchos monumentos y s\u00edmbolos representativos que ver como la Catedral de Ciudadela, el puerto natural de Mah\u00f3n, la <a href=\"http:\/\/www.fortalesalamola.com\/\">Fortaleza La Mola<\/a>, el poblado talay\u00f3tico de Trepuc\u00f3\u2026<\/span><\/p>\n<p>&nbsp;<\/p>\n<p align=\"justify\"><span style=\"font-size: medium;\">Asimismo, en Menorca hay muchos paisajes de ensue\u00f1o que seguro que le encantar\u00e1n. Vamos, que vas a regalarle unas <a href=\"https://www.mnkvillas.com/blog\/villas-vacaciones-en-familia-menorca-2017\">vacaciones en familia en Menorca en 2017<\/a> para no olvidar. Y, sin duda, ser\u00e1 uno de los regalos para el D\u00eda del Padre 2017 que no olvidar\u00e1. <\/span><\/p>\n<p>&nbsp;<\/p>\n<h1 align=\"justify\"><span style=\"font-size: medium;\"><b>Por qu\u00e9 MNK Villas<\/b><\/span><\/h1>\n<p align=\"justify\"><span style=\"font-size: medium;\">Tambi\u00e9n son muchas las razones por las que optar por MNK Villas. En primer lugar, la privacidad y la intimidad. Aqu\u00ed encontrar\u00e1s villas en Menorca que cuentan con todas las comodidades \u00a1y hasta alg\u00fan que otro lujo! Por ejemplo: todas ellas tienen piscina privada y zonas de ocio para que tu padre pueda disfrutar de unas vacaciones familiares en Menorca inolvidables. <\/span><\/p>\n<p>&nbsp;<\/p>\n<p align=\"justify\"><span style=\"font-size: medium;\">Y encima, con MNK Villas, puedes hacerle el regalo ahora \u00a1y disfrutarlo en verano! Seguro que, en esa \u00e9poca del a\u00f1o, tu padre y t\u00fa tendr\u00e9is m\u00e1s tiempo para disfrutar juntos de una experiencia inolvidable. <\/span><\/p>\n<p>&nbsp;<\/p>\n<p align=\"center\"><span style=\"font-size: medium; color: #002c57;\"><b>Y t\u00fa, \u00bf<\/b><b>tienes pensado alguno de los regalos para el<\/b><b> D\u00eda del Padre 2017?<\/b> <\/span><\/p>\n<p>&nbsp;<\/p>\n<p align=\"center\"><img loading=\"lazy\" decoding=\"async\" class=\"aligncenter wp-image-1401\" src=\"https://www.mnkvillas.com/blog\/wp-content\/uploads\/2016\/06\/LOGOTIPO_final_horizontal_transp.png\" alt=\"alojamiento en menorca\" width=\"267\" height=\"65\" \/><\/p>\n","protected":false},"excerpt":{"rendered":"<p>&nbsp; Tu padre ha sido, es y ser\u00e1 uno de los sustentos familiares, uno de tus apoyos incondicionales, uno de los pilares de tu vida. Seguramente sea tu referente, esa persona en la que te hayas refugiado en m\u00e1s de una ocasi\u00f3n y esa que te haya ayudado a levantarte en cada tropiezo. Por ello, &#8230; <a href=\"https://www.mnkvillas.com/blog\/regalos-para-el-dia-del-padre-2017-vacaciones-familiares-menorca\">Continuar<\/a><\/p>\n","protected":false},"author":2,"featured_media":1748,"comment_status":"closed","ping_status":"open","sticky":false,"template":"","format":"standard","meta":{"footnotes":""},"categories":[9,11],"tags":[146,14,145,144],"class_list":["post-1743","post","type-post","status-publish","format-standard","has-post-thumbnail","hentry","category-turismo-en-menorca","category-vacaciones-en-menorca","tag-dia-del-padre-2017","tag-vacaciones-en-menorca","tag-vacaciones-familiares-2017","tag-vacaciones-menorca-2017"],"yoast_head":"<!-- This site is optimized with the Yoast SEO plugin v27.4 - https:\/\/yoast.com\/product\/yoast-seo-wordpress\/ -->\n<title>Regalos para el D\u00eda del Padre 2017, \u00a1unas vacaciones familiares en Menorca!<\/title>\n<meta name=\"description\" content=\"...Merecido un detalle por tu parte, \u00a1hazle uno de los regalos para el D\u00eda del Padre 2017 m\u00e1s emotivos! \u00bfQu\u00e9 tal unas vacaciones familiares en Menorca?...\" \/>\n<meta name=\"robots\" content=\"index, follow, max-snippet:-1, max-image-preview:large, max-video-preview:-1\" \/>\n<link rel=\"canonical\" href=\"https://www.mnkvillas.com/blog\/regalos-para-el-dia-del-padre-2017-vacaciones-familiares-menorca\" \/>\n<meta property=\"og:locale\" content=\"es_ES\" \/>\n<meta property=\"og:type\" content=\"article\" \/>\n<meta property=\"og:title\" content=\"Regalos para el D\u00eda del Padre 2017, \u00a1unas vacaciones familiares en Menorca!\" \/>\n<meta property=\"og:description\" content=\"...Merecido un detalle por tu parte, \u00a1hazle uno de los regalos para el D\u00eda del Padre 2017 m\u00e1s emotivos! \u00bfQu\u00e9 tal unas vacaciones familiares en Menorca?...\" \/>\n<meta property=\"og:url\" content=\"https://www.mnkvillas.com/blog\/regalos-para-el-dia-del-padre-2017-vacaciones-familiares-menorca\" \/>\n<meta property=\"og:site_name\" content=\"El Blog de MNK Villas\" \/>\n<meta property=\"article:published_time\" content=\"2017-02-21T14:05:09+00:00\" \/>\n<meta property=\"article:modified_time\" content=\"2017-02-23T16:30:08+00:00\" \/>\n<meta property=\"og:image\" content=\"https://www.mnkvillas.com/blog\/wp-content\/uploads\/2017\/02\/un-regalo-para-papa-en-menorca-01-1.jpg\" \/>\n\t<meta property=\"og:image:width\" content=\"840\" \/>\n\t<meta property=\"og:image:height\" content=\"389\" \/>\n\t<meta property=\"og:image:type\" content=\"image\/jpeg\" \/>\n<meta name=\"author\" content=\"MNK Villas\" \/>\n<meta name=\"twitter:card\" content=\"summary_large_image\" \/>\n<meta name=\"twitter:label1\" content=\"Escrito por\" \/>\n\t<meta name=\"twitter:data1\" content=\"MNK Villas\" \/>\n\t<meta name=\"twitter:label2\" content=\"Tiempo de lectura\" \/>\n\t<meta name=\"twitter:data2\" content=\"2 minutos\" \/>\n<script type=\"application\/ld+json\" class=\"yoast-schema-graph\">{\"@context\":\"https:\\\/\\\/schema.org\",\"@graph\":[{\"@type\":\"Article\",\"@id\":\"https:\\\/\\\/blog.mnkvillas.com\\\/regalos-para-el-dia-del-padre-2017-vacaciones-familiares-menorca#article\",\"isPartOf\":{\"@id\":\"https:\\\/\\\/blog.mnkvillas.com\\\/regalos-para-el-dia-del-padre-2017-vacaciones-familiares-menorca\"},\"author\":{\"name\":\"MNK Villas\",\"@id\":\"https:\\\/\\\/blog.mnkvillas.com\\\/#\\\/schema\\\/person\\\/5efebb89c1bdae18cb0ab6c4a34d438d\"},\"headline\":\"Regalos para el D\u00eda del Padre 2017, \u00a1unas vacaciones familiares en Menorca!\",\"datePublished\":\"2017-02-21T14:05:09+00:00\",\"dateModified\":\"2017-02-23T16:30:08+00:00\",\"mainEntityOfPage\":{\"@id\":\"https:\\\/\\\/blog.mnkvillas.com\\\/regalos-para-el-dia-del-padre-2017-vacaciones-familiares-menorca\"},\"wordCount\":500,\"image\":{\"@id\":\"https:\\\/\\\/blog.mnkvillas.com\\\/regalos-para-el-dia-del-padre-2017-vacaciones-familiares-menorca#primaryimage\"},\"thumbnailUrl\":\"https:\\\/\\\/blog.mnkvillas.com\\\/wp-content\\\/uploads\\\/2017\\\/02\\\/un-regalo-para-papa-en-menorca-01-1.jpg\",\"keywords\":[\"D\u00eda del Padre 2017\",\"vacaciones en Menorca\",\"vacaciones familiares 2017\",\"vacaciones menorca 2017\"],\"articleSection\":[\"Turismo en Menorca\",\"Vacaciones en Menorca\"],\"inLanguage\":\"es\"},{\"@type\":\"WebPage\",\"@id\":\"https:\\\/\\\/blog.mnkvillas.com\\\/regalos-para-el-dia-del-padre-2017-vacaciones-familiares-menorca\",\"url\":\"https:\\\/\\\/blog.mnkvillas.com\\\/regalos-para-el-dia-del-padre-2017-vacaciones-familiares-menorca\",\"name\":\"Regalos para el D\u00eda del Padre 2017, \u00a1unas vacaciones familiares en Menorca!\",\"isPartOf\":{\"@id\":\"https:\\\/\\\/blog.mnkvillas.com\\\/#website\"},\"primaryImageOfPage\":{\"@id\":\"https:\\\/\\\/blog.mnkvillas.com\\\/regalos-para-el-dia-del-padre-2017-vacaciones-familiares-menorca#primaryimage\"},\"image\":{\"@id\":\"https:\\\/\\\/blog.mnkvillas.com\\\/regalos-para-el-dia-del-padre-2017-vacaciones-familiares-menorca#primaryimage\"},\"thumbnailUrl\":\"https:\\\/\\\/blog.mnkvillas.com\\\/wp-content\\\/uploads\\\/2017\\\/02\\\/un-regalo-para-papa-en-menorca-01-1.jpg\",\"datePublished\":\"2017-02-21T14:05:09+00:00\",\"dateModified\":\"2017-02-23T16:30:08+00:00\",\"author\":{\"@id\":\"https:\\\/\\\/blog.mnkvillas.com\\\/#\\\/schema\\\/person\\\/5efebb89c1bdae18cb0ab6c4a34d438d\"},\"description\":\"...Merecido un detalle por tu parte, \u00a1hazle uno de los regalos para el D\u00eda del Padre 2017 m\u00e1s emotivos! \u00bfQu\u00e9 tal unas vacaciones familiares en Menorca?...\",\"breadcrumb\":{\"@id\":\"https:\\\/\\\/blog.mnkvillas.com\\\/regalos-para-el-dia-del-padre-2017-vacaciones-familiares-menorca#breadcrumb\"},\"inLanguage\":\"es\",\"potentialAction\":[{\"@type\":\"ReadAction\",\"target\":[\"https:\\\/\\\/blog.mnkvillas.com\\\/regalos-para-el-dia-del-padre-2017-vacaciones-familiares-menorca\"]}]},{\"@type\":\"ImageObject\",\"inLanguage\":\"es\",\"@id\":\"https:\\\/\\\/blog.mnkvillas.com\\\/regalos-para-el-dia-del-padre-2017-vacaciones-familiares-menorca#primaryimage\",\"url\":\"https:\\\/\\\/blog.mnkvillas.com\\\/wp-content\\\/uploads\\\/2017\\\/02\\\/un-regalo-para-papa-en-menorca-01-1.jpg\",\"contentUrl\":\"https:\\\/\\\/blog.mnkvillas.com\\\/wp-content\\\/uploads\\\/2017\\\/02\\\/un-regalo-para-papa-en-menorca-01-1.jpg\",\"width\":840,\"height\":389,\"caption\":\"regalos dia del padre 2017\"},{\"@type\":\"BreadcrumbList\",\"@id\":\"https:\\\/\\\/blog.mnkvillas.com\\\/regalos-para-el-dia-del-padre-2017-vacaciones-familiares-menorca#breadcrumb\",\"itemListElement\":[{\"@type\":\"ListItem\",\"position\":1,\"name\":\"Portada\",\"item\":\"https:\\\/\\\/blog.mnkvillas.com\\\/\"},{\"@type\":\"ListItem\",\"position\":2,\"name\":\"Regalos para el D\u00eda del Padre 2017, \u00a1unas vacaciones familiares en Menorca!\"}]},{\"@type\":\"WebSite\",\"@id\":\"https:\\\/\\\/blog.mnkvillas.com\\\/#website\",\"url\":\"https:\\\/\\\/blog.mnkvillas.com\\\/\",\"name\":\"El Blog de MNK Villas\",\"description\":\"Gesti\u00f3n y comercializaci\u00f3n de casas y villas en Menorca\",\"potentialAction\":[{\"@type\":\"SearchAction\",\"target\":{\"@type\":\"EntryPoint\",\"urlTemplate\":\"https:\\\/\\\/blog.mnkvillas.com\\\/?s={search_term_string}\"},\"query-input\":{\"@type\":\"PropertyValueSpecification\",\"valueRequired\":true,\"valueName\":\"search_term_string\"}}],\"inLanguage\":\"es\"},{\"@type\":\"Person\",\"@id\":\"https:\\\/\\\/blog.mnkvillas.com\\\/#\\\/schema\\\/person\\\/5efebb89c1bdae18cb0ab6c4a34d438d\",\"name\":\"MNK Villas\",\"image\":{\"@type\":\"ImageObject\",\"inLanguage\":\"es\",\"@id\":\"https:\\\/\\\/secure.gravatar.com\\\/avatar\\\/32fd5f16b06bfc66336905f2701aff5bb0df631080894bd3d84147be1c1a1ac8?s=96&d=mm&r=g\",\"url\":\"https:\\\/\\\/secure.gravatar.com\\\/avatar\\\/32fd5f16b06bfc66336905f2701aff5bb0df631080894bd3d84147be1c1a1ac8?s=96&d=mm&r=g\",\"contentUrl\":\"https:\\\/\\\/secure.gravatar.com\\\/avatar\\\/32fd5f16b06bfc66336905f2701aff5bb0df631080894bd3d84147be1c1a1ac8?s=96&d=mm&r=g\",\"caption\":\"MNK Villas\"},\"url\":\"https:\\\/\\\/blog.mnkvillas.com\\\/author\\\/mnk-villas\"}]}<\/script>\n<!-- \/ Yoast SEO plugin. -->","yoast_head_json":{"title":"Regalos para el D\u00eda del Padre 2017, \u00a1unas vacaciones familiares en Menorca!","description":"...Merecido un detalle por tu parte, \u00a1hazle uno de los regalos para el D\u00eda del Padre 2017 m\u00e1s emotivos! \u00bfQu\u00e9 tal unas vacaciones familiares en Menorca?...","robots":{"index":"index","follow":"follow","max-snippet":"max-snippet:-1","max-image-preview":"max-image-preview:large","max-video-preview":"max-video-preview:-1"},"canonical":"https://www.mnkvillas.com/blog\/regalos-para-el-dia-del-padre-2017-vacaciones-familiares-menorca","og_locale":"es_ES","og_type":"article","og_title":"Regalos para el D\u00eda del Padre 2017, \u00a1unas vacaciones familiares en Menorca!","og_description":"...Merecido un detalle por tu parte, \u00a1hazle uno de los regalos para el D\u00eda del Padre 2017 m\u00e1s emotivos! \u00bfQu\u00e9 tal unas vacaciones familiares en Menorca?...","og_url":"https://www.mnkvillas.com/blog\/regalos-para-el-dia-del-padre-2017-vacaciones-familiares-menorca","og_site_name":"El Blog de MNK Villas","article_published_time":"2017-02-21T14:05:09+00:00","article_modified_time":"2017-02-23T16:30:08+00:00","og_image":[{"width":840,"height":389,"url":"https://www.mnkvillas.com/blog\/wp-content\/uploads\/2017\/02\/un-regalo-para-papa-en-menorca-01-1.jpg","type":"image\/jpeg"}],"author":"MNK Villas","twitter_card":"summary_large_image","twitter_misc":{"Escrito por":"MNK Villas","Tiempo de lectura":"2 minutos"},"schema":{"@context":"https:\/\/schema.org","@graph":[{"@type":"Article","@id":"https://www.mnkvillas.com/blog\/regalos-para-el-dia-del-padre-2017-vacaciones-familiares-menorca#article","isPartOf":{"@id":"https://www.mnkvillas.com/blog\/regalos-para-el-dia-del-padre-2017-vacaciones-familiares-menorca"},"author":{"name":"MNK Villas","@id":"https://www.mnkvillas.com/blog\/#\/schema\/person\/5efebb89c1bdae18cb0ab6c4a34d438d"},"headline":"Regalos para el D\u00eda del Padre 2017, \u00a1unas vacaciones familiares en Menorca!","datePublished":"2017-02-21T14:05:09+00:00","dateModified":"2017-02-23T16:30:08+00:00","mainEntityOfPage":{"@id":"https://www.mnkvillas.com/blog\/regalos-para-el-dia-del-padre-2017-vacaciones-familiares-menorca"},"wordCount":500,"image":{"@id":"https://www.mnkvillas.com/blog\/regalos-para-el-dia-del-padre-2017-vacaciones-familiares-menorca#primaryimage"},"thumbnailUrl":"https://www.mnkvillas.com/blog\/wp-content\/uploads\/2017\/02\/un-regalo-para-papa-en-menorca-01-1.jpg","keywords":["D\u00eda del Padre 2017","vacaciones en Menorca","vacaciones familiares 2017","vacaciones menorca 2017"],"articleSection":["Turismo en Menorca","Vacaciones en Menorca"],"inLanguage":"es"},{"@type":"WebPage","@id":"https://www.mnkvillas.com/blog\/regalos-para-el-dia-del-padre-2017-vacaciones-familiares-menorca","url":"https://www.mnkvillas.com/blog\/regalos-para-el-dia-del-padre-2017-vacaciones-familiares-menorca","name":"Regalos para el D\u00eda del Padre 2017, \u00a1unas vacaciones familiares en Menorca!","isPartOf":{"@id":"https://www.mnkvillas.com/blog\/#website"},"primaryImageOfPage":{"@id":"https://www.mnkvillas.com/blog\/regalos-para-el-dia-del-padre-2017-vacaciones-familiares-menorca#primaryimage"},"image":{"@id":"https://www.mnkvillas.com/blog\/regalos-para-el-dia-del-padre-2017-vacaciones-familiares-menorca#primaryimage"},"thumbnailUrl":"https://www.mnkvillas.com/blog\/wp-content\/uploads\/2017\/02\/un-regalo-para-papa-en-menorca-01-1.jpg","datePublished":"2017-02-21T14:05:09+00:00","dateModified":"2017-02-23T16:30:08+00:00","author":{"@id":"https://www.mnkvillas.com/blog\/#\/schema\/person\/5efebb89c1bdae18cb0ab6c4a34d438d"},"description":"...Merecido un detalle por tu parte, \u00a1hazle uno de los regalos para el D\u00eda del Padre 2017 m\u00e1s emotivos! \u00bfQu\u00e9 tal unas vacaciones familiares en Menorca?...","breadcrumb":{"@id":"https://www.mnkvillas.com/blog\/regalos-para-el-dia-del-padre-2017-vacaciones-familiares-menorca#breadcrumb"},"inLanguage":"es","potentialAction":[{"@type":"ReadAction","target":["https://www.mnkvillas.com/blog\/regalos-para-el-dia-del-padre-2017-vacaciones-familiares-menorca"]}]},{"@type":"ImageObject","inLanguage":"es","@id":"https://www.mnkvillas.com/blog\/regalos-para-el-dia-del-padre-2017-vacaciones-familiares-menorca#primaryimage","url":"https://www.mnkvillas.com/blog\/wp-content\/uploads\/2017\/02\/un-regalo-para-papa-en-menorca-01-1.jpg","contentUrl":"https://www.mnkvillas.com/blog\/wp-content\/uploads\/2017\/02\/un-regalo-para-papa-en-menorca-01-1.jpg","width":840,"height":389,"caption":"regalos dia del padre 2017"},{"@type":"BreadcrumbList","@id":"https://www.mnkvillas.com/blog\/regalos-para-el-dia-del-padre-2017-vacaciones-familiares-menorca#breadcrumb","itemListElement":[{"@type":"ListItem","position":1,"name":"Portada","item":"https://www.mnkvillas.com/blog\/"},{"@type":"ListItem","position":2,"name":"Regalos para el D\u00eda del Padre 2017, \u00a1unas vacaciones familiares en Menorca!"}]},{"@type":"WebSite","@id":"https://www.mnkvillas.com/blog\/#website","url":"https://www.mnkvillas.com/blog\/","name":"El Blog de MNK Villas","description":"Gesti\u00f3n y comercializaci\u00f3n de casas y villas en Menorca","potentialAction":[{"@type":"SearchAction","target":{"@type":"EntryPoint","urlTemplate":"https://www.mnkvillas.com/blog\/?s={search_term_string}"},"query-input":{"@type":"PropertyValueSpecification","valueRequired":true,"valueName":"search_term_string"}}],"inLanguage":"es"},{"@type":"Person","@id":"https://www.mnkvillas.com/blog\/#\/schema\/person\/5efebb89c1bdae18cb0ab6c4a34d438d","name":"MNK Villas","image":{"@type":"ImageObject","inLanguage":"es","@id":"https:\/\/secure.gravatar.com\/avatar\/32fd5f16b06bfc66336905f2701aff5bb0df631080894bd3d84147be1c1a1ac8?s=96&d=mm&r=g","url":"https:\/\/secure.gravatar.com\/avatar\/32fd5f16b06bfc66336905f2701aff5bb0df631080894bd3d84147be1c1a1ac8?s=96&d=mm&r=g","contentUrl":"https:\/\/secure.gravatar.com\/avatar\/32fd5f16b06bfc66336905f2701aff5bb0df631080894bd3d84147be1c1a1ac8?s=96&d=mm&r=g","caption":"MNK Villas"},"url":"https://www.mnkvillas.com/blog\/author\/mnk-villas"}]}},"_links":{"self":[{"href":"https://www.mnkvillas.com/blog\/wp-json\/wp\/v2\/posts\/1743","targetHints":{"allow":["GET"]}}],"collection":[{"href":"https://www.mnkvillas.com/blog\/wp-json\/wp\/v2\/posts"}],"about":[{"href":"https://www.mnkvillas.com/blog\/wp-json\/wp\/v2\/types\/post"}],"author":[{"embeddable":true,"href":"https://www.mnkvillas.com/blog\/wp-json\/wp\/v2\/users\/2"}],"replies":[{"embeddable":true,"href":"https://www.mnkvillas.com/blog\/wp-json\/wp\/v2\/comments?post=1743"}],"version-history":[{"count":3,"href":"https://www.mnkvillas.com/blog\/wp-json\/wp\/v2\/posts\/1743\/revisions"}],"predecessor-version":[{"id":1747,"href":"https://www.mnkvillas.com/blog\/wp-json\/wp\/v2\/posts\/1743\/revisions\/1747"}],"wp:featuredmedia":[{"embeddable":true,"href":"https://www.mnkvillas.com/blog\/wp-json\/wp\/v2\/media\/1748"}],"wp:attachment":[{"href":"https://www.mnkvillas.com/blog\/wp-json\/wp\/v2\/media?parent=1743"}],"wp:term":[{"taxonomy":"category","embeddable":true,"href":"https://www.mnkvillas.com/blog\/wp-json\/wp\/v2\/categories?post=1743"},{"taxonomy":"post_tag","embeddable":true,"href":"https://www.mnkvillas.com/blog\/wp-json\/wp\/v2\/tags?post=1743"}],"curies":[{"name":"wp","href":"https:\/\/api.w.org\/{rel}","templated":true}]}}