{"id":1724,"date":"2017-02-14T14:24:47","date_gmt":"2017-02-14T14:24:47","guid":{"rendered":"https://www.mnkvillas.com/blog\/?p=1724"},"modified":"2018-03-12T09:10:57","modified_gmt":"2018-03-12T09:10:57","slug":"regalo-especial-de-san-valentin-vacaciones-menorca-2017","status":"publish","type":"post","link":"https://www.mnkvillas.com/blog\/regalo-especial-de-san-valentin-vacaciones-menorca-2017","title":{"rendered":"Regalo especial de San Valent\u00edn: \u00a1vacaciones en Menorca en 2017!"},"content":{"rendered":"<p align=\"justify\"><a href=\"https:\/\/www.mnkvillas.com\/regalo-especial-de-san-valentin-vacaciones-menorca-2017\" target=\"_blank\" rel=\"noopener\"><img loading=\"lazy\" decoding=\"async\" class=\"aligncenter wp-image-1725 size-full\" title=\"regalo especial de San Valent\u00edn \" src=\"https://www.mnkvillas.com/blog\/wp-content\/uploads\/2017\/02\/San-Valentin-en-Menorca-01.jpg\" alt=\"regalo especial de San Valent\u00edn \" width=\"840\" height=\"353\" srcset=\"https://www.mnkvillas.com/blog\/wp-content\/uploads\/2017\/02\/San-Valentin-en-Menorca-01.jpg 840w, https://www.mnkvillas.com/blog\/wp-content\/uploads\/2017\/02\/San-Valentin-en-Menorca-01-300x126.jpg 300w, https://www.mnkvillas.com/blog\/wp-content\/uploads\/2017\/02\/San-Valentin-en-Menorca-01-768x323.jpg 768w\" sizes=\"auto, (max-width: 840px) 100vw, 840px\" \/><\/a><\/p>\n<p>&nbsp;<\/p>\n<p align=\"justify\"><span style=\"font-size: medium;\">Menorca es una isla con un potencial enorme para celebrar San Valent\u00edn. Y no, no te lo decimos nosotros por ser de Menorca. Te lo decimos porque verdaderamente es as\u00ed. Pero antes de contarte nuestro <a href=\"https:\/\/www.mnkvillas.com\/regalo-especial-de-san-valentin-vacaciones-menorca-2017\">regalo especial de\u00a0San Valent\u00edn<\/a>, veamos la importancia en s\u00ed de este m\u00e1gico d\u00eda. <\/span><\/p>\n<p>&nbsp;<\/p>\n<p align=\"justify\"><span style=\"font-size: medium;\">Y es que San Valent\u00edn es un d\u00eda especial por varios motivos: el primero de ellos, es una fecha se\u00f1alada en la que los enamorados deciden demostrar sus sentimientos a su pareja de una forma mucho m\u00e1s emotiva, momento que puedes aprovechar para prepararle una carta, un detallito especial y tambi\u00e9n, por qu\u00e9 no, \u00a1unas <a href=\"https://www.mnkvillas.com/blog\/casas-encanto-tus-vacaciones-menorca-2017\">vacaciones en Menorca en 2017<\/a>! Pero San Valent\u00edn es tambi\u00e9n v\u00e1lido para dejar atr\u00e1s lo malo y potenciar lo bueno, para reconciliarte con tu pareja, para disfrutar juntos de experiencias \u00fanicas, para divertirte con ella y descubrir cosas que nunca antes hab\u00edas logrado. <\/span><\/p>\n<p>&nbsp;<\/p>\n<p align=\"justify\"><span style=\"font-size: medium;\">\u00bfY qu\u00e9 mejor que Menorca para hacer todo esto? Por si no lo sab\u00edas, Menorca est\u00e1 considerada como uno de los destinos nacionales m\u00e1s rom\u00e1nticos. Su estilo de vida <em>slow<\/em> y su car\u00e1cter familiar han hecho de ella una \u00ednsula mayoritariamente visitada por parejas y familias. Por tanto, es genial como regalo especial de San Valent\u00edn. <\/span><\/p>\n<p>&nbsp;<\/p>\n<p align=\"justify\"><span style=\"font-size: medium;\">Pero, \u00bfqu\u00e9 hacer en Menorca en San Valent\u00edn? \u00a1He aqu\u00ed varias ideas!<\/span><\/p>\n<p>&nbsp;<\/p>\n<ul>\n<li>\n<p align=\"justify\"><span style=\"font-size: medium;\">Paseo rom\u00e1ntico en barco por la costa menorquina. <\/span><\/p>\n<\/li>\n<li>\n<p align=\"justify\"><span style=\"font-size: medium;\">Cocktail a la ca\u00edda del atardecer. Menorca cuenta con <a href=\"https:\/\/www.mnkvillas.com\/blog\/puesta-de-sol-en-menorca\" target=\"_blank\" rel=\"noopener\">rincones perfectos para contemplar una puesta de sol<\/a> excepcional. <\/span><\/p>\n<\/li>\n<li>\n<p align=\"justify\"><span style=\"font-size: medium;\">Velada con cena bajo las estrellas.<\/span><\/p>\n<\/li>\n<li>\n<p align=\"justify\"><span style=\"font-size: medium;\">Cultura menorquina al descubierto. Descubrir la <a href=\"https://www.mnkvillas.com/blog\/menorca-romantica-regalo-especial-san-valentin\">Menorca rom\u00e1ntica<\/a> y la Menorca arqueol\u00f3gica en pareja no tiene desperdicio. <\/span><\/p>\n<\/li>\n<li>\n<p align=\"justify\"><span style=\"font-size: medium;\">Paisajes de ensue\u00f1o que no olvidar\u00e1n jam\u00e1s. \u00bfUn ejemplo? El que admirar\u00e9is desde la Cueva d\u2019en Xoroi. <\/span><\/p>\n<\/li>\n<li>\n<p align=\"justify\"><span style=\"font-size: medium;\">Calas v\u00edrgenes para dos en una jornada donde la intimidad est\u00e1 garantizada. <\/span><\/p>\n<\/li>\n<\/ul>\n<p>&nbsp;<\/p>\n<p align=\"justify\"><span style=\"font-size: medium;\">Con todo esto que hacer en Menorca en San Valent\u00edn, \u00bfno hay razones suficientes para elegir este destino? <\/span><\/p>\n<p>&nbsp;<\/p>\n<p align=\"justify\"><span style=\"font-size: medium;\">Y si no puedes venir a Menorca por San Valent\u00edn, tranquilo. \u00a1Tenemos una idea para ti! <\/span><\/p>\n<p>&nbsp;<\/p>\n<p align=\"justify\"><span style=\"font-size: medium;\">En MNK Villas, estamos enamorados de nuestras villas en Menorca. Pero, como sabemos que no todos los enamorados pueden pegarse una <a href=\"https:\/\/www.mnkvillas.com\/blog\/escapada-para-desconectar-menorca\" target=\"_blank\" rel=\"noopener\">escapada para desconectar<\/a> ahora, hemos pensado en un regalo especial de San Valent\u00edn. Te contamos: <\/span><\/p>\n<p>&nbsp;<\/p>\n<p align=\"center\"><strong><span style=\"font-size: medium;\">Si reservas en febrero y te vienes en mayo, \u00a1te llevas un 50% de descuento en nuestras villas! <\/span><\/strong><\/p>\n<p align=\"center\"><span style=\"font-size: medium;\">Y si quieres dos opciones, la Finca Binimazoch y la Villa Bini Sac te esperan en mayo.<\/span><\/p>\n<p>&nbsp;<\/p>\n<p align=\"center\"><a href=\"https:\/\/www.mnkvillas.com\/es\/contacto\" target=\"_blank\" rel=\"noopener\"><img loading=\"lazy\" decoding=\"async\" class=\"aligncenter wp-image-1726 size-full\" title=\"regalo especial de San Valent\u00edn\" src=\"https://www.mnkvillas.com/blog\/wp-content\/uploads\/2017\/02\/Regalo-especial-San-Valentin_05.jpg\" alt=\"regalo especial de San Valent\u00edn\" width=\"461\" height=\"68\" srcset=\"https://www.mnkvillas.com/blog\/wp-content\/uploads\/2017\/02\/Regalo-especial-San-Valentin_05.jpg 461w, https://www.mnkvillas.com/blog\/wp-content\/uploads\/2017\/02\/Regalo-especial-San-Valentin_05-300x44.jpg 300w\" sizes=\"auto, (max-width: 461px) 100vw, 461px\" \/><\/a><\/p>\n<p>&nbsp;<\/p>\n<p align=\"center\"><span style=\"font-size: large;\"><b>Y a ti, \u00bfno te apetece ya preparar tus vacaciones en Menorca en 2017?<\/b><\/span><\/p>\n<p>&nbsp;<\/p>\n<p align=\"center\"><a href=\"https:\/\/www.mnkvillas.com\/es\/contacto\" target=\"_blank\" rel=\"noopener\"><img loading=\"lazy\" decoding=\"async\" class=\"aligncenter wp-image-1727 size-full\" title=\"regalo especial de San Valent\u00edn\" src=\"https://www.mnkvillas.com/blog\/wp-content\/uploads\/2017\/02\/Regalo-especial-San-Valentin_16.jpg\" alt=\"regalo especial de San Valent\u00edn\" width=\"372\" height=\"63\" srcset=\"https://www.mnkvillas.com/blog\/wp-content\/uploads\/2017\/02\/Regalo-especial-San-Valentin_16.jpg 372w, https://www.mnkvillas.com/blog\/wp-content\/uploads\/2017\/02\/Regalo-especial-San-Valentin_16-300x51.jpg 300w\" sizes=\"auto, (max-width: 372px) 100vw, 372px\" \/><\/a><\/p>\n","protected":false},"excerpt":{"rendered":"<p>&nbsp; Menorca es una isla con un potencial enorme para celebrar San Valent\u00edn. Y no, no te lo decimos nosotros por ser de Menorca. Te lo decimos porque verdaderamente es as\u00ed. Pero antes de contarte nuestro regalo especial de\u00a0San Valent\u00edn, veamos la importancia en s\u00ed de este m\u00e1gico d\u00eda. &nbsp; Y es que San Valent\u00edn &#8230; <a href=\"https://www.mnkvillas.com/blog\/regalo-especial-de-san-valentin-vacaciones-menorca-2017\">Continuar<\/a><\/p>\n","protected":false},"author":2,"featured_media":1725,"comment_status":"closed","ping_status":"open","sticky":false,"template":"","format":"standard","meta":{"footnotes":""},"categories":[11,10],"tags":[21,141,37,142],"class_list":["post-1724","post","type-post","status-publish","format-standard","has-post-thumbnail","hentry","category-vacaciones-en-menorca","category-villas-en-menorca","tag-menorca","tag-regalo-de-san-valentin","tag-san-valentin","tag-vacaciones-en-menorca-2017"],"yoast_head":"<!-- This site is optimized with the Yoast SEO plugin v27.4 - https:\/\/yoast.com\/product\/yoast-seo-wordpress\/ -->\n<title>Regalo especial de San Valent\u00edn: \u00a1vacaciones en Menorca en 2017!<\/title>\n<meta name=\"description\" content=\"...Antes de contarte nuestro regalo especial de San Valent\u00edn, veamos la importancia en s\u00ed de este m\u00e1gico d\u00eda. es que San Valent\u00edn...\" \/>\n<meta name=\"robots\" content=\"index, follow, max-snippet:-1, max-image-preview:large, max-video-preview:-1\" \/>\n<link rel=\"canonical\" href=\"https://www.mnkvillas.com/blog\/regalo-especial-de-san-valentin-vacaciones-menorca-2017\" \/>\n<meta property=\"og:locale\" content=\"es_ES\" \/>\n<meta property=\"og:type\" content=\"article\" \/>\n<meta property=\"og:title\" content=\"Regalo especial de San Valent\u00edn: \u00a1vacaciones en Menorca en 2017!\" \/>\n<meta property=\"og:description\" content=\"...Antes de contarte nuestro regalo especial de San Valent\u00edn, veamos la importancia en s\u00ed de este m\u00e1gico d\u00eda. es que San Valent\u00edn...\" \/>\n<meta property=\"og:url\" content=\"https://www.mnkvillas.com/blog\/regalo-especial-de-san-valentin-vacaciones-menorca-2017\" \/>\n<meta property=\"og:site_name\" content=\"El Blog de MNK Villas\" \/>\n<meta property=\"article:published_time\" content=\"2017-02-14T14:24:47+00:00\" \/>\n<meta property=\"article:modified_time\" content=\"2018-03-12T09:10:57+00:00\" \/>\n<meta property=\"og:image\" content=\"https://www.mnkvillas.com/blog\/wp-content\/uploads\/2017\/02\/San-Valentin-en-Menorca-01.jpg\" \/>\n\t<meta property=\"og:image:width\" content=\"840\" \/>\n\t<meta property=\"og:image:height\" content=\"353\" \/>\n\t<meta property=\"og:image:type\" content=\"image\/jpeg\" \/>\n<meta name=\"author\" content=\"MNK Villas\" \/>\n<meta name=\"twitter:card\" content=\"summary_large_image\" \/>\n<meta name=\"twitter:label1\" content=\"Escrito por\" \/>\n\t<meta name=\"twitter:data1\" content=\"MNK Villas\" \/>\n\t<meta name=\"twitter:label2\" content=\"Tiempo de lectura\" \/>\n\t<meta name=\"twitter:data2\" content=\"2 minutos\" \/>\n<script type=\"application\/ld+json\" class=\"yoast-schema-graph\">{\"@context\":\"https:\\\/\\\/schema.org\",\"@graph\":[{\"@type\":\"Article\",\"@id\":\"https:\\\/\\\/blog.mnkvillas.com\\\/regalo-especial-de-san-valentin-vacaciones-menorca-2017#article\",\"isPartOf\":{\"@id\":\"https:\\\/\\\/blog.mnkvillas.com\\\/regalo-especial-de-san-valentin-vacaciones-menorca-2017\"},\"author\":{\"name\":\"MNK Villas\",\"@id\":\"https:\\\/\\\/blog.mnkvillas.com\\\/#\\\/schema\\\/person\\\/5efebb89c1bdae18cb0ab6c4a34d438d\"},\"headline\":\"Regalo especial de San Valent\u00edn: \u00a1vacaciones en Menorca en 2017!\",\"datePublished\":\"2017-02-14T14:24:47+00:00\",\"dateModified\":\"2018-03-12T09:10:57+00:00\",\"mainEntityOfPage\":{\"@id\":\"https:\\\/\\\/blog.mnkvillas.com\\\/regalo-especial-de-san-valentin-vacaciones-menorca-2017\"},\"wordCount\":464,\"image\":{\"@id\":\"https:\\\/\\\/blog.mnkvillas.com\\\/regalo-especial-de-san-valentin-vacaciones-menorca-2017#primaryimage\"},\"thumbnailUrl\":\"https:\\\/\\\/blog.mnkvillas.com\\\/wp-content\\\/uploads\\\/2017\\\/02\\\/San-Valentin-en-Menorca-01.jpg\",\"keywords\":[\"Menorca\",\"regalo de San Valent\u00edn\",\"San Valent\u00edn\",\"vacaciones en Menorca 2017\"],\"articleSection\":[\"Vacaciones en Menorca\",\"Villas en Menorca\"],\"inLanguage\":\"es\"},{\"@type\":\"WebPage\",\"@id\":\"https:\\\/\\\/blog.mnkvillas.com\\\/regalo-especial-de-san-valentin-vacaciones-menorca-2017\",\"url\":\"https:\\\/\\\/blog.mnkvillas.com\\\/regalo-especial-de-san-valentin-vacaciones-menorca-2017\",\"name\":\"Regalo especial de San Valent\u00edn: \u00a1vacaciones en Menorca en 2017!\",\"isPartOf\":{\"@id\":\"https:\\\/\\\/blog.mnkvillas.com\\\/#website\"},\"primaryImageOfPage\":{\"@id\":\"https:\\\/\\\/blog.mnkvillas.com\\\/regalo-especial-de-san-valentin-vacaciones-menorca-2017#primaryimage\"},\"image\":{\"@id\":\"https:\\\/\\\/blog.mnkvillas.com\\\/regalo-especial-de-san-valentin-vacaciones-menorca-2017#primaryimage\"},\"thumbnailUrl\":\"https:\\\/\\\/blog.mnkvillas.com\\\/wp-content\\\/uploads\\\/2017\\\/02\\\/San-Valentin-en-Menorca-01.jpg\",\"datePublished\":\"2017-02-14T14:24:47+00:00\",\"dateModified\":\"2018-03-12T09:10:57+00:00\",\"author\":{\"@id\":\"https:\\\/\\\/blog.mnkvillas.com\\\/#\\\/schema\\\/person\\\/5efebb89c1bdae18cb0ab6c4a34d438d\"},\"description\":\"...Antes de contarte nuestro regalo especial de San Valent\u00edn, veamos la importancia en s\u00ed de este m\u00e1gico d\u00eda. es que San Valent\u00edn...\",\"breadcrumb\":{\"@id\":\"https:\\\/\\\/blog.mnkvillas.com\\\/regalo-especial-de-san-valentin-vacaciones-menorca-2017#breadcrumb\"},\"inLanguage\":\"es\",\"potentialAction\":[{\"@type\":\"ReadAction\",\"target\":[\"https:\\\/\\\/blog.mnkvillas.com\\\/regalo-especial-de-san-valentin-vacaciones-menorca-2017\"]}]},{\"@type\":\"ImageObject\",\"inLanguage\":\"es\",\"@id\":\"https:\\\/\\\/blog.mnkvillas.com\\\/regalo-especial-de-san-valentin-vacaciones-menorca-2017#primaryimage\",\"url\":\"https:\\\/\\\/blog.mnkvillas.com\\\/wp-content\\\/uploads\\\/2017\\\/02\\\/San-Valentin-en-Menorca-01.jpg\",\"contentUrl\":\"https:\\\/\\\/blog.mnkvillas.com\\\/wp-content\\\/uploads\\\/2017\\\/02\\\/San-Valentin-en-Menorca-01.jpg\",\"width\":840,\"height\":353,\"caption\":\"regalo especial de San Valent\u00edn\"},{\"@type\":\"BreadcrumbList\",\"@id\":\"https:\\\/\\\/blog.mnkvillas.com\\\/regalo-especial-de-san-valentin-vacaciones-menorca-2017#breadcrumb\",\"itemListElement\":[{\"@type\":\"ListItem\",\"position\":1,\"name\":\"Portada\",\"item\":\"https:\\\/\\\/blog.mnkvillas.com\\\/\"},{\"@type\":\"ListItem\",\"position\":2,\"name\":\"Regalo especial de San Valent\u00edn: \u00a1vacaciones en Menorca en 2017!\"}]},{\"@type\":\"WebSite\",\"@id\":\"https:\\\/\\\/blog.mnkvillas.com\\\/#website\",\"url\":\"https:\\\/\\\/blog.mnkvillas.com\\\/\",\"name\":\"El Blog de MNK Villas\",\"description\":\"Gesti\u00f3n y comercializaci\u00f3n de casas y villas en Menorca\",\"potentialAction\":[{\"@type\":\"SearchAction\",\"target\":{\"@type\":\"EntryPoint\",\"urlTemplate\":\"https:\\\/\\\/blog.mnkvillas.com\\\/?s={search_term_string}\"},\"query-input\":{\"@type\":\"PropertyValueSpecification\",\"valueRequired\":true,\"valueName\":\"search_term_string\"}}],\"inLanguage\":\"es\"},{\"@type\":\"Person\",\"@id\":\"https:\\\/\\\/blog.mnkvillas.com\\\/#\\\/schema\\\/person\\\/5efebb89c1bdae18cb0ab6c4a34d438d\",\"name\":\"MNK Villas\",\"image\":{\"@type\":\"ImageObject\",\"inLanguage\":\"es\",\"@id\":\"https:\\\/\\\/secure.gravatar.com\\\/avatar\\\/32fd5f16b06bfc66336905f2701aff5bb0df631080894bd3d84147be1c1a1ac8?s=96&d=mm&r=g\",\"url\":\"https:\\\/\\\/secure.gravatar.com\\\/avatar\\\/32fd5f16b06bfc66336905f2701aff5bb0df631080894bd3d84147be1c1a1ac8?s=96&d=mm&r=g\",\"contentUrl\":\"https:\\\/\\\/secure.gravatar.com\\\/avatar\\\/32fd5f16b06bfc66336905f2701aff5bb0df631080894bd3d84147be1c1a1ac8?s=96&d=mm&r=g\",\"caption\":\"MNK Villas\"},\"url\":\"https:\\\/\\\/blog.mnkvillas.com\\\/author\\\/mnk-villas\"}]}<\/script>\n<!-- \/ Yoast SEO plugin. -->","yoast_head_json":{"title":"Regalo especial de San Valent\u00edn: \u00a1vacaciones en Menorca en 2017!","description":"...Antes de contarte nuestro regalo especial de San Valent\u00edn, veamos la importancia en s\u00ed de este m\u00e1gico d\u00eda. es que San Valent\u00edn...","robots":{"index":"index","follow":"follow","max-snippet":"max-snippet:-1","max-image-preview":"max-image-preview:large","max-video-preview":"max-video-preview:-1"},"canonical":"https://www.mnkvillas.com/blog\/regalo-especial-de-san-valentin-vacaciones-menorca-2017","og_locale":"es_ES","og_type":"article","og_title":"Regalo especial de San Valent\u00edn: \u00a1vacaciones en Menorca en 2017!","og_description":"...Antes de contarte nuestro regalo especial de San Valent\u00edn, veamos la importancia en s\u00ed de este m\u00e1gico d\u00eda. es que San Valent\u00edn...","og_url":"https://www.mnkvillas.com/blog\/regalo-especial-de-san-valentin-vacaciones-menorca-2017","og_site_name":"El Blog de MNK Villas","article_published_time":"2017-02-14T14:24:47+00:00","article_modified_time":"2018-03-12T09:10:57+00:00","og_image":[{"width":840,"height":353,"url":"https://www.mnkvillas.com/blog\/wp-content\/uploads\/2017\/02\/San-Valentin-en-Menorca-01.jpg","type":"image\/jpeg"}],"author":"MNK Villas","twitter_card":"summary_large_image","twitter_misc":{"Escrito por":"MNK Villas","Tiempo de lectura":"2 minutos"},"schema":{"@context":"https:\/\/schema.org","@graph":[{"@type":"Article","@id":"https://www.mnkvillas.com/blog\/regalo-especial-de-san-valentin-vacaciones-menorca-2017#article","isPartOf":{"@id":"https://www.mnkvillas.com/blog\/regalo-especial-de-san-valentin-vacaciones-menorca-2017"},"author":{"name":"MNK Villas","@id":"https://www.mnkvillas.com/blog\/#\/schema\/person\/5efebb89c1bdae18cb0ab6c4a34d438d"},"headline":"Regalo especial de San Valent\u00edn: \u00a1vacaciones en Menorca en 2017!","datePublished":"2017-02-14T14:24:47+00:00","dateModified":"2018-03-12T09:10:57+00:00","mainEntityOfPage":{"@id":"https://www.mnkvillas.com/blog\/regalo-especial-de-san-valentin-vacaciones-menorca-2017"},"wordCount":464,"image":{"@id":"https://www.mnkvillas.com/blog\/regalo-especial-de-san-valentin-vacaciones-menorca-2017#primaryimage"},"thumbnailUrl":"https://www.mnkvillas.com/blog\/wp-content\/uploads\/2017\/02\/San-Valentin-en-Menorca-01.jpg","keywords":["Menorca","regalo de San Valent\u00edn","San Valent\u00edn","vacaciones en Menorca 2017"],"articleSection":["Vacaciones en Menorca","Villas en Menorca"],"inLanguage":"es"},{"@type":"WebPage","@id":"https://www.mnkvillas.com/blog\/regalo-especial-de-san-valentin-vacaciones-menorca-2017","url":"https://www.mnkvillas.com/blog\/regalo-especial-de-san-valentin-vacaciones-menorca-2017","name":"Regalo especial de San Valent\u00edn: \u00a1vacaciones en Menorca en 2017!","isPartOf":{"@id":"https://www.mnkvillas.com/blog\/#website"},"primaryImageOfPage":{"@id":"https://www.mnkvillas.com/blog\/regalo-especial-de-san-valentin-vacaciones-menorca-2017#primaryimage"},"image":{"@id":"https://www.mnkvillas.com/blog\/regalo-especial-de-san-valentin-vacaciones-menorca-2017#primaryimage"},"thumbnailUrl":"https://www.mnkvillas.com/blog\/wp-content\/uploads\/2017\/02\/San-Valentin-en-Menorca-01.jpg","datePublished":"2017-02-14T14:24:47+00:00","dateModified":"2018-03-12T09:10:57+00:00","author":{"@id":"https://www.mnkvillas.com/blog\/#\/schema\/person\/5efebb89c1bdae18cb0ab6c4a34d438d"},"description":"...Antes de contarte nuestro regalo especial de San Valent\u00edn, veamos la importancia en s\u00ed de este m\u00e1gico d\u00eda. es que San Valent\u00edn...","breadcrumb":{"@id":"https://www.mnkvillas.com/blog\/regalo-especial-de-san-valentin-vacaciones-menorca-2017#breadcrumb"},"inLanguage":"es","potentialAction":[{"@type":"ReadAction","target":["https://www.mnkvillas.com/blog\/regalo-especial-de-san-valentin-vacaciones-menorca-2017"]}]},{"@type":"ImageObject","inLanguage":"es","@id":"https://www.mnkvillas.com/blog\/regalo-especial-de-san-valentin-vacaciones-menorca-2017#primaryimage","url":"https://www.mnkvillas.com/blog\/wp-content\/uploads\/2017\/02\/San-Valentin-en-Menorca-01.jpg","contentUrl":"https://www.mnkvillas.com/blog\/wp-content\/uploads\/2017\/02\/San-Valentin-en-Menorca-01.jpg","width":840,"height":353,"caption":"regalo especial de San Valent\u00edn"},{"@type":"BreadcrumbList","@id":"https://www.mnkvillas.com/blog\/regalo-especial-de-san-valentin-vacaciones-menorca-2017#breadcrumb","itemListElement":[{"@type":"ListItem","position":1,"name":"Portada","item":"https://www.mnkvillas.com/blog\/"},{"@type":"ListItem","position":2,"name":"Regalo especial de San Valent\u00edn: \u00a1vacaciones en Menorca en 2017!"}]},{"@type":"WebSite","@id":"https://www.mnkvillas.com/blog\/#website","url":"https://www.mnkvillas.com/blog\/","name":"El Blog de MNK Villas","description":"Gesti\u00f3n y comercializaci\u00f3n de casas y villas en Menorca","potentialAction":[{"@type":"SearchAction","target":{"@type":"EntryPoint","urlTemplate":"https://www.mnkvillas.com/blog\/?s={search_term_string}"},"query-input":{"@type":"PropertyValueSpecification","valueRequired":true,"valueName":"search_term_string"}}],"inLanguage":"es"},{"@type":"Person","@id":"https://www.mnkvillas.com/blog\/#\/schema\/person\/5efebb89c1bdae18cb0ab6c4a34d438d","name":"MNK Villas","image":{"@type":"ImageObject","inLanguage":"es","@id":"https:\/\/secure.gravatar.com\/avatar\/32fd5f16b06bfc66336905f2701aff5bb0df631080894bd3d84147be1c1a1ac8?s=96&d=mm&r=g","url":"https:\/\/secure.gravatar.com\/avatar\/32fd5f16b06bfc66336905f2701aff5bb0df631080894bd3d84147be1c1a1ac8?s=96&d=mm&r=g","contentUrl":"https:\/\/secure.gravatar.com\/avatar\/32fd5f16b06bfc66336905f2701aff5bb0df631080894bd3d84147be1c1a1ac8?s=96&d=mm&r=g","caption":"MNK Villas"},"url":"https://www.mnkvillas.com/blog\/author\/mnk-villas"}]}},"_links":{"self":[{"href":"https://www.mnkvillas.com/blog\/wp-json\/wp\/v2\/posts\/1724","targetHints":{"allow":["GET"]}}],"collection":[{"href":"https://www.mnkvillas.com/blog\/wp-json\/wp\/v2\/posts"}],"about":[{"href":"https://www.mnkvillas.com/blog\/wp-json\/wp\/v2\/types\/post"}],"author":[{"embeddable":true,"href":"https://www.mnkvillas.com/blog\/wp-json\/wp\/v2\/users\/2"}],"replies":[{"embeddable":true,"href":"https://www.mnkvillas.com/blog\/wp-json\/wp\/v2\/comments?post=1724"}],"version-history":[{"count":3,"href":"https://www.mnkvillas.com/blog\/wp-json\/wp\/v2\/posts\/1724\/revisions"}],"predecessor-version":[{"id":2914,"href":"https://www.mnkvillas.com/blog\/wp-json\/wp\/v2\/posts\/1724\/revisions\/2914"}],"wp:featuredmedia":[{"embeddable":true,"href":"https://www.mnkvillas.com/blog\/wp-json\/wp\/v2\/media\/1725"}],"wp:attachment":[{"href":"https://www.mnkvillas.com/blog\/wp-json\/wp\/v2\/media?parent=1724"}],"wp:term":[{"taxonomy":"category","embeddable":true,"href":"https://www.mnkvillas.com/blog\/wp-json\/wp\/v2\/categories?post=1724"},{"taxonomy":"post_tag","embeddable":true,"href":"https://www.mnkvillas.com/blog\/wp-json\/wp\/v2\/tags?post=1724"}],"curies":[{"name":"wp","href":"https:\/\/api.w.org\/{rel}","templated":true}]}}