{"id":1640,"date":"2016-12-15T14:19:18","date_gmt":"2016-12-15T14:19:18","guid":{"rendered":"https://www.mnkvillas.com/blog\/?p=1640"},"modified":"2016-12-15T14:19:18","modified_gmt":"2016-12-15T14:19:18","slug":"cinco-posts-del-blog-mnk-villas","status":"publish","type":"post","link":"https://www.mnkvillas.com/blog\/cinco-posts-del-blog-mnk-villas","title":{"rendered":"Top cinco posts del blog de MNK Villas m\u00e1s vistos del a\u00f1o"},"content":{"rendered":"<p align=\"justify\"><a href=\"https:\/\/www.mnkvillas.com\/\" target=\"_blank\"><img loading=\"lazy\" decoding=\"async\" class=\"aligncenter wp-image-1641 size-full\" title=\"blog de Mnk Villas\" src=\"https://www.mnkvillas.com/blog\/wp-content\/uploads\/2016\/12\/Post-mas-visto_Que-hacer-estas-vacaciones-de-verano-en-Menorca-01.jpg\" alt=\"post del blog de Mnk Villas mas vistos\" width=\"840\" height=\"353\" srcset=\"https://www.mnkvillas.com/blog\/wp-content\/uploads\/2016\/12\/Post-mas-visto_Que-hacer-estas-vacaciones-de-verano-en-Menorca-01.jpg 840w, https://www.mnkvillas.com/blog\/wp-content\/uploads\/2016\/12\/Post-mas-visto_Que-hacer-estas-vacaciones-de-verano-en-Menorca-01-300x126.jpg 300w, https://www.mnkvillas.com/blog\/wp-content\/uploads\/2016\/12\/Post-mas-visto_Que-hacer-estas-vacaciones-de-verano-en-Menorca-01-768x323.jpg 768w\" sizes=\"auto, (max-width: 840px) 100vw, 840px\" \/><\/a><\/p>\n<p>&nbsp;<\/p>\n<p align=\"justify\"><span style=\"font-size: medium;\">Ahora que acaba el a\u00f1o nos ponemos melanc\u00f3licos. Bueno, digamos que es una melancol\u00eda positiva porque, otro a\u00f1o m\u00e1s, MNK Villas cierra el a\u00f1o por todo lo alto. Otro a\u00f1o m\u00e1s estamos muy contentos con lo que hemos conseguido. Y otro a\u00f1o m\u00e1s que afrontaremos el pr\u00f3ximo con muchas ganas, mucha energ\u00eda y mucho optimismo. Pero, como a\u00fan queda para que termine el 2016 y puede que ya est\u00e9s planeando tus pr\u00f3ximas vacaciones, hoy queremos hablarte de los cinco posts del blog de MNK Villas m\u00e1s vistos del a\u00f1o. <\/span><\/p>\n<p>&nbsp;<\/p>\n<p align=\"justify\"><span style=\"font-size: medium;\">Evidentemente lo hacemos con un prop\u00f3sito: que tengas toda la informaci\u00f3n que necesitas sobre tus posibles vacaciones en Menorca en un \u00fanico post. Porque, si son los m\u00e1s vistos, \u00a1tambi\u00e9n es porque han sido los m\u00e1s buscados! Y, si otros los han buscado, puede que a ti tambi\u00e9n te resulten de inter\u00e9s. Por eso y porque, ante todo, queremos servirte de ayuda, he aqu\u00ed los s\u00faper cinco posts del blog de MNK Villas m\u00e1s vistos de este grandioso 2016: <\/span><\/p>\n<p>&nbsp;<\/p>\n<p align=\"justify\"><span style=\"font-size: medium;\">1. <strong><a href=\"https://www.mnkvillas.com/blog\/que-hacer-estas-vacaciones-verano-menorca\">Qu\u00e9 hacer estas vacaciones de verano en Menorca<\/a><\/strong>.<\/span><\/p>\n<p align=\"justify\"><span style=\"font-size: medium;\">El estrellato se lo lleva en esta ocasi\u00f3n nuestro post qu\u00e9 hacer estas vacaciones de verano en Menorca. Y es que entre que Menorca es uno de los destinos nacionales preferidos y que en ella hay mucho que hacer, lo normal es que quieras aprovechar tus vacaciones al m\u00e1ximo. Por eso, aqu\u00ed resumimos las mejores actividades que hacer en la isla. <\/span><\/p>\n<p>&nbsp;<\/p>\n<p align=\"justify\"><span style=\"font-size: medium;\">2. <strong><a href=\"https://www.mnkvillas.com/blog\/que-ver-menorca-los-tres-pueblos-mas-bonitos-la-isla\">Qu\u00e9 ver en Menorca: los tres pueblos m\u00e1s bonitos de la isla<\/a><\/strong>.<\/span><\/p>\n<p align=\"justify\"><span style=\"font-size: medium;\">En el puesto dos, qu\u00e9 ver en Menorca: los tres pueblos m\u00e1s bonitos de la isla. Porque, cuando se planean las vacaciones en la isla, evidentemente quieres saber qu\u00e9 ver en ella. Y he aqu\u00ed los tres pueblos m\u00e1s bonitos. <\/span><\/p>\n<p>&nbsp;<\/p>\n<p align=\"justify\"><span style=\"font-size: medium;\">3. <strong><a href=\"https://www.mnkvillas.com/blog\/vacaciones-familia-menorca-cami-cavalls\">\u00bfVacaciones en familia en Menorca? \u00a1Por el Cam\u00ed de Cavalls!<\/a><\/strong><\/span><\/p>\n<p align=\"justify\"><span style=\"font-size: medium;\">Menorca es la m\u00e1s familiar de las Islas Baleares. Por eso, lo normal es que busquen vacaciones en familia en Menorca. Y lo normal tambi\u00e9n es que nosotros ofrezcamos una ruta por el Cam\u00ed de Cavalls a todas las familias. \u00a1No pueden irse sin hacerla!<\/span><\/p>\n<p>&nbsp;<\/p>\n<p align=\"justify\"><span style=\"font-size: medium;\">4. <strong><a href=\"https://www.mnkvillas.com/blog\/villa-en-menorca-para-semana-santa-en-compania\">Villa en Menorca para pasar una Semana Santa en buena compa\u00f1\u00eda<\/a><\/strong>.<\/span><\/p>\n<p align=\"justify\"><span style=\"font-size: medium;\">La Semana Santa es temporada alta en Menorca. Por eso, en el blog de MNK Villas quisimos facilitar informaci\u00f3n sobre una villa en Menorca que creemos que est\u00e1 muy bien para pasar la Semana Santa en buena compa\u00f1\u00eda. \u00a1Por ello fue tambi\u00e9n de los m\u00e1s buscados!<\/span><\/p>\n<p>&nbsp;<\/p>\n<p align=\"justify\"><span style=\"font-size: medium;\">5. <strong><a href=\"https://www.mnkvillas.com/blog\/gastronomia-de-menorca\">Gastronom\u00eda de Menorca<\/a><\/strong>.<\/span><\/p>\n<p align=\"justify\"><span style=\"font-size: medium;\">Y algo que no falla en pr\u00e1cticamente ning\u00fan viaje: buscar d\u00f3nde y qu\u00e9 comer. Por eso, otro de los posts m\u00e1s vistos del blog de MNK Villa fue el de gastronom\u00eda de Menorca, en el que tienes informaci\u00f3n sobre lo que suele comerse en ella.<\/span><\/p>\n<p>&nbsp;<\/p>\n<p align=\"center\"><span style=\"font-size: medium;\"><b>Y t\u00fa, \u00bfhab\u00edas visto tambi\u00e9n el blog de MNK Villas?<\/b><\/span><\/p>\n","protected":false},"excerpt":{"rendered":"<p>&nbsp; Ahora que acaba el a\u00f1o nos ponemos melanc\u00f3licos. Bueno, digamos que es una melancol\u00eda positiva porque, otro a\u00f1o m\u00e1s, MNK Villas cierra el a\u00f1o por todo lo alto. Otro a\u00f1o m\u00e1s estamos muy contentos con lo que hemos conseguido. Y otro a\u00f1o m\u00e1s que afrontaremos el pr\u00f3ximo con muchas ganas, mucha energ\u00eda y mucho &#8230; <a href=\"https://www.mnkvillas.com/blog\/cinco-posts-del-blog-mnk-villas\">Continuar<\/a><\/p>\n","protected":false},"author":2,"featured_media":1641,"comment_status":"closed","ping_status":"open","sticky":false,"template":"","format":"standard","meta":{"footnotes":""},"categories":[9,11],"tags":[43,14,41],"class_list":["post-1640","post","type-post","status-publish","format-standard","has-post-thumbnail","hentry","category-turismo-en-menorca","category-vacaciones-en-menorca","tag-conocer-menorca","tag-vacaciones-en-menorca","tag-viajar-a-menorca"],"yoast_head":"<!-- This site is optimized with the Yoast SEO plugin v27.4 - https:\/\/yoast.com\/product\/yoast-seo-wordpress\/ -->\n<title>Top cinco posts del blog de MNK Villas m\u00e1s vistos del a\u00f1o<\/title>\n<meta name=\"description\" content=\"Como puede que ya est\u00e9s planeando tus pr\u00f3ximas vacaciones, hoy queremos hablarte de los cinco posts del blog de MNK Villas m\u00e1s vistos del a\u00f1o.\" \/>\n<meta name=\"robots\" content=\"index, follow, max-snippet:-1, max-image-preview:large, max-video-preview:-1\" \/>\n<link rel=\"canonical\" href=\"https://www.mnkvillas.com/blog\/cinco-posts-del-blog-mnk-villas\" \/>\n<meta property=\"og:locale\" content=\"es_ES\" \/>\n<meta property=\"og:type\" content=\"article\" \/>\n<meta property=\"og:title\" content=\"Top cinco posts del blog de MNK Villas m\u00e1s vistos del a\u00f1o\" \/>\n<meta property=\"og:description\" content=\"Como puede que ya est\u00e9s planeando tus pr\u00f3ximas vacaciones, hoy queremos hablarte de los cinco posts del blog de MNK Villas m\u00e1s vistos del a\u00f1o.\" \/>\n<meta property=\"og:url\" content=\"https://www.mnkvillas.com/blog\/cinco-posts-del-blog-mnk-villas\" \/>\n<meta property=\"og:site_name\" content=\"El Blog de MNK Villas\" \/>\n<meta property=\"article:published_time\" content=\"2016-12-15T14:19:18+00:00\" \/>\n<meta property=\"og:image\" content=\"https://www.mnkvillas.com/blog\/wp-content\/uploads\/2016\/12\/Post-mas-visto_Que-hacer-estas-vacaciones-de-verano-en-Menorca-01.jpg\" \/>\n\t<meta property=\"og:image:width\" content=\"840\" \/>\n\t<meta property=\"og:image:height\" content=\"353\" \/>\n\t<meta property=\"og:image:type\" content=\"image\/jpeg\" \/>\n<meta name=\"author\" content=\"MNK Villas\" \/>\n<meta name=\"twitter:card\" content=\"summary_large_image\" \/>\n<meta name=\"twitter:label1\" content=\"Escrito por\" \/>\n\t<meta name=\"twitter:data1\" content=\"MNK Villas\" \/>\n\t<meta name=\"twitter:label2\" content=\"Tiempo de lectura\" \/>\n\t<meta name=\"twitter:data2\" content=\"3 minutos\" \/>\n<script type=\"application\/ld+json\" class=\"yoast-schema-graph\">{\"@context\":\"https:\\\/\\\/schema.org\",\"@graph\":[{\"@type\":\"Article\",\"@id\":\"https:\\\/\\\/blog.mnkvillas.com\\\/cinco-posts-del-blog-mnk-villas#article\",\"isPartOf\":{\"@id\":\"https:\\\/\\\/blog.mnkvillas.com\\\/cinco-posts-del-blog-mnk-villas\"},\"author\":{\"name\":\"MNK Villas\",\"@id\":\"https:\\\/\\\/blog.mnkvillas.com\\\/#\\\/schema\\\/person\\\/5efebb89c1bdae18cb0ab6c4a34d438d\"},\"headline\":\"Top cinco posts del blog de MNK Villas m\u00e1s vistos del a\u00f1o\",\"datePublished\":\"2016-12-15T14:19:18+00:00\",\"mainEntityOfPage\":{\"@id\":\"https:\\\/\\\/blog.mnkvillas.com\\\/cinco-posts-del-blog-mnk-villas\"},\"wordCount\":526,\"image\":{\"@id\":\"https:\\\/\\\/blog.mnkvillas.com\\\/cinco-posts-del-blog-mnk-villas#primaryimage\"},\"thumbnailUrl\":\"https:\\\/\\\/blog.mnkvillas.com\\\/wp-content\\\/uploads\\\/2016\\\/12\\\/Post-mas-visto_Que-hacer-estas-vacaciones-de-verano-en-Menorca-01.jpg\",\"keywords\":[\"conocer menorca\",\"vacaciones en Menorca\",\"viajar a Menorca\"],\"articleSection\":[\"Turismo en Menorca\",\"Vacaciones en Menorca\"],\"inLanguage\":\"es\"},{\"@type\":\"WebPage\",\"@id\":\"https:\\\/\\\/blog.mnkvillas.com\\\/cinco-posts-del-blog-mnk-villas\",\"url\":\"https:\\\/\\\/blog.mnkvillas.com\\\/cinco-posts-del-blog-mnk-villas\",\"name\":\"Top cinco posts del blog de MNK Villas m\u00e1s vistos del a\u00f1o\",\"isPartOf\":{\"@id\":\"https:\\\/\\\/blog.mnkvillas.com\\\/#website\"},\"primaryImageOfPage\":{\"@id\":\"https:\\\/\\\/blog.mnkvillas.com\\\/cinco-posts-del-blog-mnk-villas#primaryimage\"},\"image\":{\"@id\":\"https:\\\/\\\/blog.mnkvillas.com\\\/cinco-posts-del-blog-mnk-villas#primaryimage\"},\"thumbnailUrl\":\"https:\\\/\\\/blog.mnkvillas.com\\\/wp-content\\\/uploads\\\/2016\\\/12\\\/Post-mas-visto_Que-hacer-estas-vacaciones-de-verano-en-Menorca-01.jpg\",\"datePublished\":\"2016-12-15T14:19:18+00:00\",\"author\":{\"@id\":\"https:\\\/\\\/blog.mnkvillas.com\\\/#\\\/schema\\\/person\\\/5efebb89c1bdae18cb0ab6c4a34d438d\"},\"description\":\"Como puede que ya est\u00e9s planeando tus pr\u00f3ximas vacaciones, hoy queremos hablarte de los cinco posts del blog de MNK Villas m\u00e1s vistos del a\u00f1o.\",\"breadcrumb\":{\"@id\":\"https:\\\/\\\/blog.mnkvillas.com\\\/cinco-posts-del-blog-mnk-villas#breadcrumb\"},\"inLanguage\":\"es\",\"potentialAction\":[{\"@type\":\"ReadAction\",\"target\":[\"https:\\\/\\\/blog.mnkvillas.com\\\/cinco-posts-del-blog-mnk-villas\"]}]},{\"@type\":\"ImageObject\",\"inLanguage\":\"es\",\"@id\":\"https:\\\/\\\/blog.mnkvillas.com\\\/cinco-posts-del-blog-mnk-villas#primaryimage\",\"url\":\"https:\\\/\\\/blog.mnkvillas.com\\\/wp-content\\\/uploads\\\/2016\\\/12\\\/Post-mas-visto_Que-hacer-estas-vacaciones-de-verano-en-Menorca-01.jpg\",\"contentUrl\":\"https:\\\/\\\/blog.mnkvillas.com\\\/wp-content\\\/uploads\\\/2016\\\/12\\\/Post-mas-visto_Que-hacer-estas-vacaciones-de-verano-en-Menorca-01.jpg\",\"width\":840,\"height\":353,\"caption\":\"Viajar a menorca y disfrutar de sus calas v\u00edrgenes\"},{\"@type\":\"BreadcrumbList\",\"@id\":\"https:\\\/\\\/blog.mnkvillas.com\\\/cinco-posts-del-blog-mnk-villas#breadcrumb\",\"itemListElement\":[{\"@type\":\"ListItem\",\"position\":1,\"name\":\"Portada\",\"item\":\"https:\\\/\\\/blog.mnkvillas.com\\\/\"},{\"@type\":\"ListItem\",\"position\":2,\"name\":\"Top cinco posts del blog de MNK Villas m\u00e1s vistos del a\u00f1o\"}]},{\"@type\":\"WebSite\",\"@id\":\"https:\\\/\\\/blog.mnkvillas.com\\\/#website\",\"url\":\"https:\\\/\\\/blog.mnkvillas.com\\\/\",\"name\":\"El Blog de MNK Villas\",\"description\":\"Gesti\u00f3n y comercializaci\u00f3n de casas y villas en Menorca\",\"potentialAction\":[{\"@type\":\"SearchAction\",\"target\":{\"@type\":\"EntryPoint\",\"urlTemplate\":\"https:\\\/\\\/blog.mnkvillas.com\\\/?s={search_term_string}\"},\"query-input\":{\"@type\":\"PropertyValueSpecification\",\"valueRequired\":true,\"valueName\":\"search_term_string\"}}],\"inLanguage\":\"es\"},{\"@type\":\"Person\",\"@id\":\"https:\\\/\\\/blog.mnkvillas.com\\\/#\\\/schema\\\/person\\\/5efebb89c1bdae18cb0ab6c4a34d438d\",\"name\":\"MNK Villas\",\"image\":{\"@type\":\"ImageObject\",\"inLanguage\":\"es\",\"@id\":\"https:\\\/\\\/secure.gravatar.com\\\/avatar\\\/32fd5f16b06bfc66336905f2701aff5bb0df631080894bd3d84147be1c1a1ac8?s=96&d=mm&r=g\",\"url\":\"https:\\\/\\\/secure.gravatar.com\\\/avatar\\\/32fd5f16b06bfc66336905f2701aff5bb0df631080894bd3d84147be1c1a1ac8?s=96&d=mm&r=g\",\"contentUrl\":\"https:\\\/\\\/secure.gravatar.com\\\/avatar\\\/32fd5f16b06bfc66336905f2701aff5bb0df631080894bd3d84147be1c1a1ac8?s=96&d=mm&r=g\",\"caption\":\"MNK Villas\"},\"url\":\"https:\\\/\\\/blog.mnkvillas.com\\\/author\\\/mnk-villas\"}]}<\/script>\n<!-- \/ Yoast SEO plugin. -->","yoast_head_json":{"title":"Top cinco posts del blog de MNK Villas m\u00e1s vistos del a\u00f1o","description":"Como puede que ya est\u00e9s planeando tus pr\u00f3ximas vacaciones, hoy queremos hablarte de los cinco posts del blog de MNK Villas m\u00e1s vistos del a\u00f1o.","robots":{"index":"index","follow":"follow","max-snippet":"max-snippet:-1","max-image-preview":"max-image-preview:large","max-video-preview":"max-video-preview:-1"},"canonical":"https://www.mnkvillas.com/blog\/cinco-posts-del-blog-mnk-villas","og_locale":"es_ES","og_type":"article","og_title":"Top cinco posts del blog de MNK Villas m\u00e1s vistos del a\u00f1o","og_description":"Como puede que ya est\u00e9s planeando tus pr\u00f3ximas vacaciones, hoy queremos hablarte de los cinco posts del blog de MNK Villas m\u00e1s vistos del a\u00f1o.","og_url":"https://www.mnkvillas.com/blog\/cinco-posts-del-blog-mnk-villas","og_site_name":"El Blog de MNK Villas","article_published_time":"2016-12-15T14:19:18+00:00","og_image":[{"width":840,"height":353,"url":"https://www.mnkvillas.com/blog\/wp-content\/uploads\/2016\/12\/Post-mas-visto_Que-hacer-estas-vacaciones-de-verano-en-Menorca-01.jpg","type":"image\/jpeg"}],"author":"MNK Villas","twitter_card":"summary_large_image","twitter_misc":{"Escrito por":"MNK Villas","Tiempo de lectura":"3 minutos"},"schema":{"@context":"https:\/\/schema.org","@graph":[{"@type":"Article","@id":"https://www.mnkvillas.com/blog\/cinco-posts-del-blog-mnk-villas#article","isPartOf":{"@id":"https://www.mnkvillas.com/blog\/cinco-posts-del-blog-mnk-villas"},"author":{"name":"MNK Villas","@id":"https://www.mnkvillas.com/blog\/#\/schema\/person\/5efebb89c1bdae18cb0ab6c4a34d438d"},"headline":"Top cinco posts del blog de MNK Villas m\u00e1s vistos del a\u00f1o","datePublished":"2016-12-15T14:19:18+00:00","mainEntityOfPage":{"@id":"https://www.mnkvillas.com/blog\/cinco-posts-del-blog-mnk-villas"},"wordCount":526,"image":{"@id":"https://www.mnkvillas.com/blog\/cinco-posts-del-blog-mnk-villas#primaryimage"},"thumbnailUrl":"https://www.mnkvillas.com/blog\/wp-content\/uploads\/2016\/12\/Post-mas-visto_Que-hacer-estas-vacaciones-de-verano-en-Menorca-01.jpg","keywords":["conocer menorca","vacaciones en Menorca","viajar a Menorca"],"articleSection":["Turismo en Menorca","Vacaciones en Menorca"],"inLanguage":"es"},{"@type":"WebPage","@id":"https://www.mnkvillas.com/blog\/cinco-posts-del-blog-mnk-villas","url":"https://www.mnkvillas.com/blog\/cinco-posts-del-blog-mnk-villas","name":"Top cinco posts del blog de MNK Villas m\u00e1s vistos del a\u00f1o","isPartOf":{"@id":"https://www.mnkvillas.com/blog\/#website"},"primaryImageOfPage":{"@id":"https://www.mnkvillas.com/blog\/cinco-posts-del-blog-mnk-villas#primaryimage"},"image":{"@id":"https://www.mnkvillas.com/blog\/cinco-posts-del-blog-mnk-villas#primaryimage"},"thumbnailUrl":"https://www.mnkvillas.com/blog\/wp-content\/uploads\/2016\/12\/Post-mas-visto_Que-hacer-estas-vacaciones-de-verano-en-Menorca-01.jpg","datePublished":"2016-12-15T14:19:18+00:00","author":{"@id":"https://www.mnkvillas.com/blog\/#\/schema\/person\/5efebb89c1bdae18cb0ab6c4a34d438d"},"description":"Como puede que ya est\u00e9s planeando tus pr\u00f3ximas vacaciones, hoy queremos hablarte de los cinco posts del blog de MNK Villas m\u00e1s vistos del a\u00f1o.","breadcrumb":{"@id":"https://www.mnkvillas.com/blog\/cinco-posts-del-blog-mnk-villas#breadcrumb"},"inLanguage":"es","potentialAction":[{"@type":"ReadAction","target":["https://www.mnkvillas.com/blog\/cinco-posts-del-blog-mnk-villas"]}]},{"@type":"ImageObject","inLanguage":"es","@id":"https://www.mnkvillas.com/blog\/cinco-posts-del-blog-mnk-villas#primaryimage","url":"https://www.mnkvillas.com/blog\/wp-content\/uploads\/2016\/12\/Post-mas-visto_Que-hacer-estas-vacaciones-de-verano-en-Menorca-01.jpg","contentUrl":"https://www.mnkvillas.com/blog\/wp-content\/uploads\/2016\/12\/Post-mas-visto_Que-hacer-estas-vacaciones-de-verano-en-Menorca-01.jpg","width":840,"height":353,"caption":"Viajar a menorca y disfrutar de sus calas v\u00edrgenes"},{"@type":"BreadcrumbList","@id":"https://www.mnkvillas.com/blog\/cinco-posts-del-blog-mnk-villas#breadcrumb","itemListElement":[{"@type":"ListItem","position":1,"name":"Portada","item":"https://www.mnkvillas.com/blog\/"},{"@type":"ListItem","position":2,"name":"Top cinco posts del blog de MNK Villas m\u00e1s vistos del a\u00f1o"}]},{"@type":"WebSite","@id":"https://www.mnkvillas.com/blog\/#website","url":"https://www.mnkvillas.com/blog\/","name":"El Blog de MNK Villas","description":"Gesti\u00f3n y comercializaci\u00f3n de casas y villas en Menorca","potentialAction":[{"@type":"SearchAction","target":{"@type":"EntryPoint","urlTemplate":"https://www.mnkvillas.com/blog\/?s={search_term_string}"},"query-input":{"@type":"PropertyValueSpecification","valueRequired":true,"valueName":"search_term_string"}}],"inLanguage":"es"},{"@type":"Person","@id":"https://www.mnkvillas.com/blog\/#\/schema\/person\/5efebb89c1bdae18cb0ab6c4a34d438d","name":"MNK Villas","image":{"@type":"ImageObject","inLanguage":"es","@id":"https:\/\/secure.gravatar.com\/avatar\/32fd5f16b06bfc66336905f2701aff5bb0df631080894bd3d84147be1c1a1ac8?s=96&d=mm&r=g","url":"https:\/\/secure.gravatar.com\/avatar\/32fd5f16b06bfc66336905f2701aff5bb0df631080894bd3d84147be1c1a1ac8?s=96&d=mm&r=g","contentUrl":"https:\/\/secure.gravatar.com\/avatar\/32fd5f16b06bfc66336905f2701aff5bb0df631080894bd3d84147be1c1a1ac8?s=96&d=mm&r=g","caption":"MNK Villas"},"url":"https://www.mnkvillas.com/blog\/author\/mnk-villas"}]}},"_links":{"self":[{"href":"https://www.mnkvillas.com/blog\/wp-json\/wp\/v2\/posts\/1640","targetHints":{"allow":["GET"]}}],"collection":[{"href":"https://www.mnkvillas.com/blog\/wp-json\/wp\/v2\/posts"}],"about":[{"href":"https://www.mnkvillas.com/blog\/wp-json\/wp\/v2\/types\/post"}],"author":[{"embeddable":true,"href":"https://www.mnkvillas.com/blog\/wp-json\/wp\/v2\/users\/2"}],"replies":[{"embeddable":true,"href":"https://www.mnkvillas.com/blog\/wp-json\/wp\/v2\/comments?post=1640"}],"version-history":[{"count":1,"href":"https://www.mnkvillas.com/blog\/wp-json\/wp\/v2\/posts\/1640\/revisions"}],"predecessor-version":[{"id":1642,"href":"https://www.mnkvillas.com/blog\/wp-json\/wp\/v2\/posts\/1640\/revisions\/1642"}],"wp:featuredmedia":[{"embeddable":true,"href":"https://www.mnkvillas.com/blog\/wp-json\/wp\/v2\/media\/1641"}],"wp:attachment":[{"href":"https://www.mnkvillas.com/blog\/wp-json\/wp\/v2\/media?parent=1640"}],"wp:term":[{"taxonomy":"category","embeddable":true,"href":"https://www.mnkvillas.com/blog\/wp-json\/wp\/v2\/categories?post=1640"},{"taxonomy":"post_tag","embeddable":true,"href":"https://www.mnkvillas.com/blog\/wp-json\/wp\/v2\/tags?post=1640"}],"curies":[{"name":"wp","href":"https:\/\/api.w.org\/{rel}","templated":true}]}}