{"id":1514,"date":"2016-09-15T14:04:33","date_gmt":"2016-09-15T14:04:33","guid":{"rendered":"https://www.mnkvillas.com/blog\/?p=1514"},"modified":"2016-09-15T14:07:49","modified_gmt":"2016-09-15T14:07:49","slug":"vacaciones-familia-menorca-cami-cavalls","status":"publish","type":"post","link":"https://www.mnkvillas.com/blog\/vacaciones-familia-menorca-cami-cavalls","title":{"rendered":"\u00bfVacaciones en familia en Menorca? \u00a1Por el Cam\u00ed de Cavalls!"},"content":{"rendered":"<p align=\"justify\"><a href=\"https:\/\/www.mnkvillas.com\/\" target=\"_blank\"><img loading=\"lazy\" decoding=\"async\" class=\"aligncenter wp-image-1515 size-full\" title=\"vacaciones en familia menorca cami de cavalls\" src=\"https://www.mnkvillas.com/blog\/wp-content\/uploads\/2016\/09\/1MNKV.png\" alt=\"vacaciones en familia menorca cami de cavalls\" width=\"561\" height=\"315\" srcset=\"https://www.mnkvillas.com/blog\/wp-content\/uploads\/2016\/09\/1MNKV.png 561w, https://www.mnkvillas.com/blog\/wp-content\/uploads\/2016\/09\/1MNKV-300x168.png 300w\" sizes=\"auto, (max-width: 561px) 100vw, 561px\" \/><\/a><\/p>\n<p>&nbsp;<\/p>\n<p align=\"justify\"><span style=\"font-size: medium;\">Se mire como se mire, septiembre es un mes extraordinario para viajar a la isla\u00a0y pasar tus <a href=\"https://www.mnkvillas.com/blog\/vacaciones-familia-menorca-cami-cavalls\"><strong>vacaciones en familia en Menorca<\/strong><\/a>. La oferta de actividades para hacer en grupo y pasarlo bien con tu pareja y tus peque\u00f1os es ampl\u00edsima durante todo el a\u00f1o, pero, si hay un mes en el que el clima es especialmente agradable es septiembre, clima que convierte a este mes como el id\u00f3neo para, por ejemplo, \u00a1hacer una ruta por el Cam\u00ed de Cavalls! <\/span><\/p>\n<p>&nbsp;<\/p>\n<p align=\"justify\"><span style=\"font-size: medium;\">Por si no sabes de qu\u00e9 se trata, es esta una de las actividades m\u00e1s planeadas por todas las familias que vienen de visita a Menorca. Esta puede hacerse tanto a pie, caminando, como a caballo o incluso en bici. Cada modalidad es una excelente oportunidad para disfrutar de una experiencia s\u00faper agradable durante tus vacaciones en familia en Menorca. <\/span><\/p>\n<p>&nbsp;<\/p>\n<p align=\"justify\"><span style=\"font-size: medium;\">El Cam\u00ed de Cavalls circunvala la isla, por lo que podr\u00e1s conocer la indiscutible y fant\u00e1stica variedad por la que esta se caracteriza. Durante los casi 185 kil\u00f3metros que dura el recorrido, tendr\u00e1s tiempo de sobra para conocer la riqueza geol\u00f3gica, arqueol\u00f3gica y medioambiental menorquina. Pero no, eso no es todo, porque tambi\u00e9n durante el trayecto podr\u00e1s conocer el <a href=\"https://www.mnkvillas.com/blog\/ocho-visitas-obligatorias-para-tus-vacaciones-en-menorca\">faro de Favaritz<\/a> y sus incre\u00edbles vistas, l&#8217;Albufera des Grau y su variada flora y fauna, refrescarte en las playas y calas v\u00edrgenes donde pararse a reposar y a darse un chapuz\u00f3n, descubrir los entornos m\u00e1s rurales de la \u00ednsula o hasta hallar algunos de los asentamientos prehist\u00f3ricos m\u00e1s representativos de la peque\u00f1a y a la vez tan grande Menorca. <\/span><\/p>\n<p>&nbsp;<\/p>\n<p align=\"justify\"><span style=\"font-size: medium;\">Especial menci\u00f3n merece <a href=\"https:\/\/es.wikipedia.org\/wiki\/S%27Albufera_des_Grau\">l&#8217;Albufera des Grau<\/a>, todo un referente para Menorca, ya que, adem\u00e1s de ser el parque natural m\u00e1s importante de la isla, se trata de uno de los puntos claves de la Reserva de la Biosfera menorquina, una distinci\u00f3n otorgada por la Unesco el 8 de octubre de 1994 y que solo tiene esta isla de todas las Baleares.<\/span><\/p>\n<p>&nbsp;<\/p>\n<p align=\"justify\"><span style=\"font-size: medium;\">Si adem\u00e1s sois una familia de deportistas, prefer\u00eds hacer la ruta del Cam\u00ed de Cavalls en bici y ten\u00e9is pensado quedaros unas cuantas semanas en Menorca, podr\u00e9is aprovechar la ocasi\u00f3n para practicar la 11 Volta a Menorca y participar en ella. Eso s\u00ed, antes de poneros a practicar, mejor informaros porque hay una serie de condiciones y plazos que hay que respetar.<\/span><\/p>\n<p>&nbsp;<\/p>\n<p align=\"justify\"><span style=\"font-size: medium;\">Si viajas a Menorca en familia, la ruta del Cam\u00ed de Cavalls es, sin duda alguna, uno de sus imprescindibles.<\/span><\/p>\n<p>&nbsp;<\/p>\n<p align=\"center\"><span style=\"font-size: medium; color: #1a235f;\"><b>Y t\u00fa, \u00bfviajas a Menorca en familia en septiembre? <\/b><\/span><\/p>\n<p>&nbsp;<\/p>\n<p align=\"center\"><span style=\"font-size: medium; color: #1a235f;\"><b>\u00a1No te lo pienses y haz la ruta! Lo pasar\u00e1s genial. <\/b><\/span><\/p>\n","protected":false},"excerpt":{"rendered":"<p>&nbsp; Se mire como se mire, septiembre es un mes extraordinario para viajar a la isla\u00a0y pasar tus vacaciones en familia en Menorca. La oferta de actividades para hacer en grupo y pasarlo bien con tu pareja y tus peque\u00f1os es ampl\u00edsima durante todo el a\u00f1o, pero, si hay un mes en el que el &#8230; <a href=\"https://www.mnkvillas.com/blog\/vacaciones-familia-menorca-cami-cavalls\">Continuar<\/a><\/p>\n","protected":false},"author":2,"featured_media":1515,"comment_status":"closed","ping_status":"open","sticky":false,"template":"","format":"standard","meta":{"footnotes":""},"categories":[11],"tags":[113,114,23,14],"class_list":["post-1514","post","type-post","status-publish","format-standard","has-post-thumbnail","hentry","category-vacaciones-en-menorca","tag-actividades-para-familias","tag-cami-de-cavalls","tag-familia","tag-vacaciones-en-menorca"],"yoast_head":"<!-- This site is optimized with the Yoast SEO plugin v27.4 - https:\/\/yoast.com\/product\/yoast-seo-wordpress\/ -->\n<title>\u00bfVacaciones en familia en Menorca? \u00a1Por el Cam\u00ed de Cavalls!<\/title>\n<meta name=\"description\" content=\"Septiembre es un mes extraordinario para viajar a la isla y pasar tus vacaciones en familia en Menorca. La oferta de actividades para hacer...\" \/>\n<meta name=\"robots\" content=\"index, follow, max-snippet:-1, max-image-preview:large, max-video-preview:-1\" \/>\n<link rel=\"canonical\" href=\"https://www.mnkvillas.com/blog\/vacaciones-familia-menorca-cami-cavalls\" \/>\n<meta property=\"og:locale\" content=\"es_ES\" \/>\n<meta property=\"og:type\" content=\"article\" \/>\n<meta property=\"og:title\" content=\"\u00bfVacaciones en familia en Menorca? \u00a1Por el Cam\u00ed de Cavalls!\" \/>\n<meta property=\"og:description\" content=\"Septiembre es un mes extraordinario para viajar a la isla y pasar tus vacaciones en familia en Menorca. La oferta de actividades para hacer...\" \/>\n<meta property=\"og:url\" content=\"https://www.mnkvillas.com/blog\/vacaciones-familia-menorca-cami-cavalls\" \/>\n<meta property=\"og:site_name\" content=\"El Blog de MNK Villas\" \/>\n<meta property=\"article:published_time\" content=\"2016-09-15T14:04:33+00:00\" \/>\n<meta property=\"article:modified_time\" content=\"2016-09-15T14:07:49+00:00\" \/>\n<meta property=\"og:image\" content=\"https://www.mnkvillas.com/blog\/wp-content\/uploads\/2016\/09\/1MNKV.png\" \/>\n\t<meta property=\"og:image:width\" content=\"561\" \/>\n\t<meta property=\"og:image:height\" content=\"315\" \/>\n\t<meta property=\"og:image:type\" content=\"image\/png\" \/>\n<meta name=\"author\" content=\"MNK Villas\" \/>\n<meta name=\"twitter:card\" content=\"summary_large_image\" \/>\n<meta name=\"twitter:label1\" content=\"Escrito por\" \/>\n\t<meta name=\"twitter:data1\" content=\"MNK Villas\" \/>\n\t<meta name=\"twitter:label2\" content=\"Tiempo de lectura\" \/>\n\t<meta name=\"twitter:data2\" content=\"2 minutos\" \/>\n<script type=\"application\/ld+json\" class=\"yoast-schema-graph\">{\"@context\":\"https:\\\/\\\/schema.org\",\"@graph\":[{\"@type\":\"Article\",\"@id\":\"https:\\\/\\\/blog.mnkvillas.com\\\/vacaciones-familia-menorca-cami-cavalls#article\",\"isPartOf\":{\"@id\":\"https:\\\/\\\/blog.mnkvillas.com\\\/vacaciones-familia-menorca-cami-cavalls\"},\"author\":{\"name\":\"MNK Villas\",\"@id\":\"https:\\\/\\\/blog.mnkvillas.com\\\/#\\\/schema\\\/person\\\/5efebb89c1bdae18cb0ab6c4a34d438d\"},\"headline\":\"\u00bfVacaciones en familia en Menorca? \u00a1Por el Cam\u00ed de Cavalls!\",\"datePublished\":\"2016-09-15T14:04:33+00:00\",\"dateModified\":\"2016-09-15T14:07:49+00:00\",\"mainEntityOfPage\":{\"@id\":\"https:\\\/\\\/blog.mnkvillas.com\\\/vacaciones-familia-menorca-cami-cavalls\"},\"wordCount\":470,\"image\":{\"@id\":\"https:\\\/\\\/blog.mnkvillas.com\\\/vacaciones-familia-menorca-cami-cavalls#primaryimage\"},\"thumbnailUrl\":\"https:\\\/\\\/blog.mnkvillas.com\\\/wp-content\\\/uploads\\\/2016\\\/09\\\/1MNKV.png\",\"keywords\":[\"actividades para familias\",\"Cam\u00ed de Cavalls\",\"familia\",\"vacaciones en Menorca\"],\"articleSection\":[\"Vacaciones en Menorca\"],\"inLanguage\":\"es\"},{\"@type\":\"WebPage\",\"@id\":\"https:\\\/\\\/blog.mnkvillas.com\\\/vacaciones-familia-menorca-cami-cavalls\",\"url\":\"https:\\\/\\\/blog.mnkvillas.com\\\/vacaciones-familia-menorca-cami-cavalls\",\"name\":\"\u00bfVacaciones en familia en Menorca? \u00a1Por el Cam\u00ed de Cavalls!\",\"isPartOf\":{\"@id\":\"https:\\\/\\\/blog.mnkvillas.com\\\/#website\"},\"primaryImageOfPage\":{\"@id\":\"https:\\\/\\\/blog.mnkvillas.com\\\/vacaciones-familia-menorca-cami-cavalls#primaryimage\"},\"image\":{\"@id\":\"https:\\\/\\\/blog.mnkvillas.com\\\/vacaciones-familia-menorca-cami-cavalls#primaryimage\"},\"thumbnailUrl\":\"https:\\\/\\\/blog.mnkvillas.com\\\/wp-content\\\/uploads\\\/2016\\\/09\\\/1MNKV.png\",\"datePublished\":\"2016-09-15T14:04:33+00:00\",\"dateModified\":\"2016-09-15T14:07:49+00:00\",\"author\":{\"@id\":\"https:\\\/\\\/blog.mnkvillas.com\\\/#\\\/schema\\\/person\\\/5efebb89c1bdae18cb0ab6c4a34d438d\"},\"description\":\"Septiembre es un mes extraordinario para viajar a la isla y pasar tus vacaciones en familia en Menorca. La oferta de actividades para hacer...\",\"breadcrumb\":{\"@id\":\"https:\\\/\\\/blog.mnkvillas.com\\\/vacaciones-familia-menorca-cami-cavalls#breadcrumb\"},\"inLanguage\":\"es\",\"potentialAction\":[{\"@type\":\"ReadAction\",\"target\":[\"https:\\\/\\\/blog.mnkvillas.com\\\/vacaciones-familia-menorca-cami-cavalls\"]}]},{\"@type\":\"ImageObject\",\"inLanguage\":\"es\",\"@id\":\"https:\\\/\\\/blog.mnkvillas.com\\\/vacaciones-familia-menorca-cami-cavalls#primaryimage\",\"url\":\"https:\\\/\\\/blog.mnkvillas.com\\\/wp-content\\\/uploads\\\/2016\\\/09\\\/1MNKV.png\",\"contentUrl\":\"https:\\\/\\\/blog.mnkvillas.com\\\/wp-content\\\/uploads\\\/2016\\\/09\\\/1MNKV.png\",\"width\":561,\"height\":315,\"caption\":\"vacaciones en familia menorca cami de cavalls\"},{\"@type\":\"BreadcrumbList\",\"@id\":\"https:\\\/\\\/blog.mnkvillas.com\\\/vacaciones-familia-menorca-cami-cavalls#breadcrumb\",\"itemListElement\":[{\"@type\":\"ListItem\",\"position\":1,\"name\":\"Portada\",\"item\":\"https:\\\/\\\/blog.mnkvillas.com\\\/\"},{\"@type\":\"ListItem\",\"position\":2,\"name\":\"\u00bfVacaciones en familia en Menorca? \u00a1Por el Cam\u00ed de Cavalls!\"}]},{\"@type\":\"WebSite\",\"@id\":\"https:\\\/\\\/blog.mnkvillas.com\\\/#website\",\"url\":\"https:\\\/\\\/blog.mnkvillas.com\\\/\",\"name\":\"El Blog de MNK Villas\",\"description\":\"Gesti\u00f3n y comercializaci\u00f3n de casas y villas en Menorca\",\"potentialAction\":[{\"@type\":\"SearchAction\",\"target\":{\"@type\":\"EntryPoint\",\"urlTemplate\":\"https:\\\/\\\/blog.mnkvillas.com\\\/?s={search_term_string}\"},\"query-input\":{\"@type\":\"PropertyValueSpecification\",\"valueRequired\":true,\"valueName\":\"search_term_string\"}}],\"inLanguage\":\"es\"},{\"@type\":\"Person\",\"@id\":\"https:\\\/\\\/blog.mnkvillas.com\\\/#\\\/schema\\\/person\\\/5efebb89c1bdae18cb0ab6c4a34d438d\",\"name\":\"MNK Villas\",\"image\":{\"@type\":\"ImageObject\",\"inLanguage\":\"es\",\"@id\":\"https:\\\/\\\/secure.gravatar.com\\\/avatar\\\/32fd5f16b06bfc66336905f2701aff5bb0df631080894bd3d84147be1c1a1ac8?s=96&d=mm&r=g\",\"url\":\"https:\\\/\\\/secure.gravatar.com\\\/avatar\\\/32fd5f16b06bfc66336905f2701aff5bb0df631080894bd3d84147be1c1a1ac8?s=96&d=mm&r=g\",\"contentUrl\":\"https:\\\/\\\/secure.gravatar.com\\\/avatar\\\/32fd5f16b06bfc66336905f2701aff5bb0df631080894bd3d84147be1c1a1ac8?s=96&d=mm&r=g\",\"caption\":\"MNK Villas\"},\"url\":\"https:\\\/\\\/blog.mnkvillas.com\\\/author\\\/mnk-villas\"}]}<\/script>\n<!-- \/ Yoast SEO plugin. -->","yoast_head_json":{"title":"\u00bfVacaciones en familia en Menorca? \u00a1Por el Cam\u00ed de Cavalls!","description":"Septiembre es un mes extraordinario para viajar a la isla y pasar tus vacaciones en familia en Menorca. La oferta de actividades para hacer...","robots":{"index":"index","follow":"follow","max-snippet":"max-snippet:-1","max-image-preview":"max-image-preview:large","max-video-preview":"max-video-preview:-1"},"canonical":"https://www.mnkvillas.com/blog\/vacaciones-familia-menorca-cami-cavalls","og_locale":"es_ES","og_type":"article","og_title":"\u00bfVacaciones en familia en Menorca? \u00a1Por el Cam\u00ed de Cavalls!","og_description":"Septiembre es un mes extraordinario para viajar a la isla y pasar tus vacaciones en familia en Menorca. La oferta de actividades para hacer...","og_url":"https://www.mnkvillas.com/blog\/vacaciones-familia-menorca-cami-cavalls","og_site_name":"El Blog de MNK Villas","article_published_time":"2016-09-15T14:04:33+00:00","article_modified_time":"2016-09-15T14:07:49+00:00","og_image":[{"width":561,"height":315,"url":"https://www.mnkvillas.com/blog\/wp-content\/uploads\/2016\/09\/1MNKV.png","type":"image\/png"}],"author":"MNK Villas","twitter_card":"summary_large_image","twitter_misc":{"Escrito por":"MNK Villas","Tiempo de lectura":"2 minutos"},"schema":{"@context":"https:\/\/schema.org","@graph":[{"@type":"Article","@id":"https://www.mnkvillas.com/blog\/vacaciones-familia-menorca-cami-cavalls#article","isPartOf":{"@id":"https://www.mnkvillas.com/blog\/vacaciones-familia-menorca-cami-cavalls"},"author":{"name":"MNK Villas","@id":"https://www.mnkvillas.com/blog\/#\/schema\/person\/5efebb89c1bdae18cb0ab6c4a34d438d"},"headline":"\u00bfVacaciones en familia en Menorca? \u00a1Por el Cam\u00ed de Cavalls!","datePublished":"2016-09-15T14:04:33+00:00","dateModified":"2016-09-15T14:07:49+00:00","mainEntityOfPage":{"@id":"https://www.mnkvillas.com/blog\/vacaciones-familia-menorca-cami-cavalls"},"wordCount":470,"image":{"@id":"https://www.mnkvillas.com/blog\/vacaciones-familia-menorca-cami-cavalls#primaryimage"},"thumbnailUrl":"https://www.mnkvillas.com/blog\/wp-content\/uploads\/2016\/09\/1MNKV.png","keywords":["actividades para familias","Cam\u00ed de Cavalls","familia","vacaciones en Menorca"],"articleSection":["Vacaciones en Menorca"],"inLanguage":"es"},{"@type":"WebPage","@id":"https://www.mnkvillas.com/blog\/vacaciones-familia-menorca-cami-cavalls","url":"https://www.mnkvillas.com/blog\/vacaciones-familia-menorca-cami-cavalls","name":"\u00bfVacaciones en familia en Menorca? \u00a1Por el Cam\u00ed de Cavalls!","isPartOf":{"@id":"https://www.mnkvillas.com/blog\/#website"},"primaryImageOfPage":{"@id":"https://www.mnkvillas.com/blog\/vacaciones-familia-menorca-cami-cavalls#primaryimage"},"image":{"@id":"https://www.mnkvillas.com/blog\/vacaciones-familia-menorca-cami-cavalls#primaryimage"},"thumbnailUrl":"https://www.mnkvillas.com/blog\/wp-content\/uploads\/2016\/09\/1MNKV.png","datePublished":"2016-09-15T14:04:33+00:00","dateModified":"2016-09-15T14:07:49+00:00","author":{"@id":"https://www.mnkvillas.com/blog\/#\/schema\/person\/5efebb89c1bdae18cb0ab6c4a34d438d"},"description":"Septiembre es un mes extraordinario para viajar a la isla y pasar tus vacaciones en familia en Menorca. La oferta de actividades para hacer...","breadcrumb":{"@id":"https://www.mnkvillas.com/blog\/vacaciones-familia-menorca-cami-cavalls#breadcrumb"},"inLanguage":"es","potentialAction":[{"@type":"ReadAction","target":["https://www.mnkvillas.com/blog\/vacaciones-familia-menorca-cami-cavalls"]}]},{"@type":"ImageObject","inLanguage":"es","@id":"https://www.mnkvillas.com/blog\/vacaciones-familia-menorca-cami-cavalls#primaryimage","url":"https://www.mnkvillas.com/blog\/wp-content\/uploads\/2016\/09\/1MNKV.png","contentUrl":"https://www.mnkvillas.com/blog\/wp-content\/uploads\/2016\/09\/1MNKV.png","width":561,"height":315,"caption":"vacaciones en familia menorca cami de cavalls"},{"@type":"BreadcrumbList","@id":"https://www.mnkvillas.com/blog\/vacaciones-familia-menorca-cami-cavalls#breadcrumb","itemListElement":[{"@type":"ListItem","position":1,"name":"Portada","item":"https://www.mnkvillas.com/blog\/"},{"@type":"ListItem","position":2,"name":"\u00bfVacaciones en familia en Menorca? \u00a1Por el Cam\u00ed de Cavalls!"}]},{"@type":"WebSite","@id":"https://www.mnkvillas.com/blog\/#website","url":"https://www.mnkvillas.com/blog\/","name":"El Blog de MNK Villas","description":"Gesti\u00f3n y comercializaci\u00f3n de casas y villas en Menorca","potentialAction":[{"@type":"SearchAction","target":{"@type":"EntryPoint","urlTemplate":"https://www.mnkvillas.com/blog\/?s={search_term_string}"},"query-input":{"@type":"PropertyValueSpecification","valueRequired":true,"valueName":"search_term_string"}}],"inLanguage":"es"},{"@type":"Person","@id":"https://www.mnkvillas.com/blog\/#\/schema\/person\/5efebb89c1bdae18cb0ab6c4a34d438d","name":"MNK Villas","image":{"@type":"ImageObject","inLanguage":"es","@id":"https:\/\/secure.gravatar.com\/avatar\/32fd5f16b06bfc66336905f2701aff5bb0df631080894bd3d84147be1c1a1ac8?s=96&d=mm&r=g","url":"https:\/\/secure.gravatar.com\/avatar\/32fd5f16b06bfc66336905f2701aff5bb0df631080894bd3d84147be1c1a1ac8?s=96&d=mm&r=g","contentUrl":"https:\/\/secure.gravatar.com\/avatar\/32fd5f16b06bfc66336905f2701aff5bb0df631080894bd3d84147be1c1a1ac8?s=96&d=mm&r=g","caption":"MNK Villas"},"url":"https://www.mnkvillas.com/blog\/author\/mnk-villas"}]}},"_links":{"self":[{"href":"https://www.mnkvillas.com/blog\/wp-json\/wp\/v2\/posts\/1514","targetHints":{"allow":["GET"]}}],"collection":[{"href":"https://www.mnkvillas.com/blog\/wp-json\/wp\/v2\/posts"}],"about":[{"href":"https://www.mnkvillas.com/blog\/wp-json\/wp\/v2\/types\/post"}],"author":[{"embeddable":true,"href":"https://www.mnkvillas.com/blog\/wp-json\/wp\/v2\/users\/2"}],"replies":[{"embeddable":true,"href":"https://www.mnkvillas.com/blog\/wp-json\/wp\/v2\/comments?post=1514"}],"version-history":[{"count":4,"href":"https://www.mnkvillas.com/blog\/wp-json\/wp\/v2\/posts\/1514\/revisions"}],"predecessor-version":[{"id":1519,"href":"https://www.mnkvillas.com/blog\/wp-json\/wp\/v2\/posts\/1514\/revisions\/1519"}],"wp:featuredmedia":[{"embeddable":true,"href":"https://www.mnkvillas.com/blog\/wp-json\/wp\/v2\/media\/1515"}],"wp:attachment":[{"href":"https://www.mnkvillas.com/blog\/wp-json\/wp\/v2\/media?parent=1514"}],"wp:term":[{"taxonomy":"category","embeddable":true,"href":"https://www.mnkvillas.com/blog\/wp-json\/wp\/v2\/categories?post=1514"},{"taxonomy":"post_tag","embeddable":true,"href":"https://www.mnkvillas.com/blog\/wp-json\/wp\/v2\/tags?post=1514"}],"curies":[{"name":"wp","href":"https:\/\/api.w.org\/{rel}","templated":true}]}}