{"id":1414,"date":"2016-07-11T12:33:37","date_gmt":"2016-07-11T12:33:37","guid":{"rendered":"https://www.mnkvillas.com/blog\/?p=1414"},"modified":"2016-07-11T12:38:50","modified_gmt":"2016-07-11T12:38:50","slug":"que-llevar-en-maleta-viajar-menorca","status":"publish","type":"post","link":"https://www.mnkvillas.com/blog\/que-llevar-en-maleta-viajar-menorca","title":{"rendered":"Qu\u00e9 llevar en la maleta al viajar a Menorca"},"content":{"rendered":"<p align=\"center\"><span style=\"font-size: large;\">Disfrutar de unas <a href=\"https:\/\/www.mnkvillas.com\/\">vacaciones en Menorca<\/a> sin que nada te falte<\/span><\/p>\n<p>&nbsp;<\/p>\n<p align=\"justify\"><a href=\"https:\/\/www.mnkvillas.com\/\" target=\"_blank\"><img loading=\"lazy\" decoding=\"async\" class=\"aligncenter wp-image-1419 size-full\" title=\"viajar a menorca\" src=\"https://www.mnkvillas.com/blog\/wp-content\/uploads\/2016\/07\/MNKV1-1.png\" alt=\"viajar a menorca\" width=\"567\" height=\"312\" srcset=\"https://www.mnkvillas.com/blog\/wp-content\/uploads\/2016\/07\/MNKV1-1.png 567w, https://www.mnkvillas.com/blog\/wp-content\/uploads\/2016\/07\/MNKV1-1-300x165.png 300w\" sizes=\"auto, (max-width: 567px) 100vw, 567px\" \/><\/a><\/p>\n<p>&nbsp;<\/p>\n<p align=\"justify\"><span style=\"font-size: medium;\">Bikini, zapatillas de playa y sombrilla: seguramente eso sea lo primero que te venga a la cabeza cuando est\u00e9s planificando tus vacaciones a Menorca. Y s\u00ed, puede que tengas raz\u00f3n en eso de que, para viajar a Menorca, un imprescindible es visitar sus calas, algo para lo que obviamente deber\u00e1s llevar contigo ropa de playa. Pero no olvides que eso no es lo \u00fanico que har\u00e1s en esta peque\u00f1a isla con tantas actividades por hacer. Hoy, en el blog de MNK Villas, queremos ayudarte a preparar tu maleta.<\/span><\/p>\n<p>&nbsp;<\/p>\n<p align=\"justify\"><span style=\"font-size: medium; color: #00c3d8;\"><b>Consejos para preparar la maleta al viajar a Menorca<\/b><\/span><\/p>\n<p>&nbsp;<\/p>\n<p align=\"justify\"><span style=\"font-size: medium;\">Antes que nada, para prepararla debes tener en cuenta algunos aspectos como: el clima, los d\u00edas que vas a estar de viaje y el tipo de viaje que vas a hacer. Durante el verano, Menorca se caracteriza por tener un clima c\u00e1lido con altas temperaturas; por lo que, en t\u00e9rminos generales, podr\u00edamos decir que de acuerdo con esto, la ropa que llevemos ha de ser fresca. <\/span><\/p>\n<p>&nbsp;<\/p>\n<p align=\"justify\"><span style=\"font-size: medium;\">Luego, seg\u00fan el tipo de viaje, deber\u00e1s aportar un material u otro. No es lo mismo ir de turismo playero que ir de turismo rural o cultural. Aunque perfectamente pueden combinarse ambas opciones porque lo que interesa al viajar a Menorca es conocer cuanto m\u00e1s mejor, en ocasiones sucede que hay viajeros m\u00e1s interesados por las playas que por ir de visita a museos, en cuyo caso tendr\u00e1 que llevarse principalmente ropa de playa. <\/span><\/p>\n<p>&nbsp;<\/p>\n<p align=\"justify\"><span style=\"font-size: medium;\">En cualquier caso, una vez tengas claro lo que quieres hacer durante tus vacaciones en Menorca, \u00a1elabora una lista! S\u00ed, esto te servir\u00e1 para que no se te olvide nada. Claro que ello deberemos hacerlo con suficiente tiempo de antelaci\u00f3n para ir anotando todo. En MNK Villas, te hemos preparado un listado que creemos que puede ayudarte en tus vacaciones a Menorca, sea el tipo que sea el viaje: <\/span><\/p>\n<p>&nbsp;<\/p>\n<p align=\"justify\"><span style=\"font-size: medium;\">1. Estuche de aseo. \u00a1Es siempre \u00fatil!<\/span><\/p>\n<p align=\"justify\"><span style=\"font-size: medium;\">2. Ropa. Deberemos llevar tres estilos principalmente: ropa de ba\u00f1o (bikini, ba\u00f1ador); ropa ligera para ir de paseo y ropa m\u00e1s suelta, deportiva tal vez. Esta \u00faltima solo en el caso de que te apetezca hacerte una ruta por senderos por la isla. El calzado tambi\u00e9n acorde a esta l\u00ednea. <\/span><\/p>\n<p align=\"justify\"><span style=\"font-size: medium;\">3. Mapa. \u00a1Imprescindible para moverte!<\/span><\/p>\n<p align=\"justify\"><span style=\"font-size: medium;\">4. Protector solar. Muy importante hagas lo que hagas en Menorca, ya que el sol en verano suele estar fuerte.<\/span><\/p>\n<p align=\"justify\"><span style=\"font-size: medium;\">5. C\u00e1mara de fotos. \u00a1Para que retrates tus mejores momentos en la isla.<\/span><\/p>\n<p align=\"justify\"><span style=\"font-size: medium;\">6. Botiqu\u00edn b\u00e1sico: pastillas, tiritas, etc.<\/span><\/p>\n<p align=\"justify\"><span style=\"font-size: medium;\">7. Documentaci\u00f3n: DNI, tarjeta sanitaria, tarjeta de d\u00e9bito o cr\u00e9dito, detalles de los vuelos, etc.<\/span><\/p>\n<p>&nbsp;<\/p>\n<p align=\"justify\"><span style=\"font-size: medium;\">Por si a\u00fan no sabes qu\u00e9 hacer en Menorca, te invitamos a que leas nuestro post: <strong><a href=\"https://www.mnkvillas.com/blog\/vacaciones-en-menorca-ideas-para-un-verano-en-familia\">Vacaciones en Menorca: ideas para un verano en familia<\/a><\/strong>. <\/span><\/p>\n<p>&nbsp;<\/p>\n<p align=\"justify\"><span style=\"font-size: medium;\">Y si necesitas alquilar una <a href=\"https:\/\/www.mnkvillas.com\/search-p.php\">villa en Menorca<\/a>, \u00a1te esperamos!<\/span><\/p>\n<p>&nbsp;<\/p>\n<p align=\"center\"><span style=\"font-size: medium;\"><b>Y t\u00fa, \u00bfhas preparado todo ya?<\/b><\/span><\/p>\n","protected":false},"excerpt":{"rendered":"<p>Disfrutar de unas vacaciones en Menorca sin que nada te falte &nbsp; &nbsp; Bikini, zapatillas de playa y sombrilla: seguramente eso sea lo primero que te venga a la cabeza cuando est\u00e9s planificando tus vacaciones a Menorca. Y s\u00ed, puede que tengas raz\u00f3n en eso de que, para viajar a Menorca, un imprescindible es visitar &#8230; <a href=\"https://www.mnkvillas.com/blog\/que-llevar-en-maleta-viajar-menorca\">Continuar<\/a><\/p>\n","protected":false},"author":2,"featured_media":1419,"comment_status":"closed","ping_status":"open","sticky":false,"template":"","format":"standard","meta":{"footnotes":""},"categories":[11,10],"tags":[14,41],"class_list":["post-1414","post","type-post","status-publish","format-standard","has-post-thumbnail","hentry","category-vacaciones-en-menorca","category-villas-en-menorca","tag-vacaciones-en-menorca","tag-viajar-a-menorca"],"yoast_head":"<!-- This site is optimized with the Yoast SEO plugin v27.4 - https:\/\/yoast.com\/product\/yoast-seo-wordpress\/ -->\n<title>Qu\u00e9 llevar en la maleta al viajar a Menorca - El Blog de MNK Villas<\/title>\n<meta name=\"robots\" content=\"index, follow, max-snippet:-1, max-image-preview:large, max-video-preview:-1\" \/>\n<link rel=\"canonical\" href=\"https://www.mnkvillas.com/blog\/que-llevar-en-maleta-viajar-menorca\" \/>\n<meta property=\"og:locale\" content=\"es_ES\" \/>\n<meta property=\"og:type\" content=\"article\" \/>\n<meta property=\"og:title\" content=\"Qu\u00e9 llevar en la maleta al viajar a Menorca - El Blog de MNK Villas\" \/>\n<meta property=\"og:description\" content=\"Disfrutar de unas vacaciones en Menorca sin que nada te falte &nbsp; &nbsp; Bikini, zapatillas de playa y sombrilla: seguramente eso sea lo primero que te venga a la cabeza cuando est\u00e9s planificando tus vacaciones a Menorca. Y s\u00ed, puede que tengas raz\u00f3n en eso de que, para viajar a Menorca, un imprescindible es visitar ... Continuar\" \/>\n<meta property=\"og:url\" content=\"https://www.mnkvillas.com/blog\/que-llevar-en-maleta-viajar-menorca\" \/>\n<meta property=\"og:site_name\" content=\"El Blog de MNK Villas\" \/>\n<meta property=\"article:published_time\" content=\"2016-07-11T12:33:37+00:00\" \/>\n<meta property=\"article:modified_time\" content=\"2016-07-11T12:38:50+00:00\" \/>\n<meta property=\"og:image\" content=\"https://www.mnkvillas.com/blog\/wp-content\/uploads\/2016\/07\/MNKV1-1.png\" \/>\n\t<meta property=\"og:image:width\" content=\"567\" \/>\n\t<meta property=\"og:image:height\" content=\"312\" \/>\n\t<meta property=\"og:image:type\" content=\"image\/png\" \/>\n<meta name=\"author\" content=\"MNK Villas\" \/>\n<meta name=\"twitter:card\" content=\"summary_large_image\" \/>\n<meta name=\"twitter:label1\" content=\"Escrito por\" \/>\n\t<meta name=\"twitter:data1\" content=\"MNK Villas\" \/>\n\t<meta name=\"twitter:label2\" content=\"Tiempo de lectura\" \/>\n\t<meta name=\"twitter:data2\" content=\"3 minutos\" \/>\n<script type=\"application\/ld+json\" class=\"yoast-schema-graph\">{\"@context\":\"https:\\\/\\\/schema.org\",\"@graph\":[{\"@type\":\"Article\",\"@id\":\"https:\\\/\\\/blog.mnkvillas.com\\\/que-llevar-en-maleta-viajar-menorca#article\",\"isPartOf\":{\"@id\":\"https:\\\/\\\/blog.mnkvillas.com\\\/que-llevar-en-maleta-viajar-menorca\"},\"author\":{\"name\":\"MNK Villas\",\"@id\":\"https:\\\/\\\/blog.mnkvillas.com\\\/#\\\/schema\\\/person\\\/5efebb89c1bdae18cb0ab6c4a34d438d\"},\"headline\":\"Qu\u00e9 llevar en la maleta al viajar a Menorca\",\"datePublished\":\"2016-07-11T12:33:37+00:00\",\"dateModified\":\"2016-07-11T12:38:50+00:00\",\"mainEntityOfPage\":{\"@id\":\"https:\\\/\\\/blog.mnkvillas.com\\\/que-llevar-en-maleta-viajar-menorca\"},\"wordCount\":512,\"image\":{\"@id\":\"https:\\\/\\\/blog.mnkvillas.com\\\/que-llevar-en-maleta-viajar-menorca#primaryimage\"},\"thumbnailUrl\":\"https:\\\/\\\/blog.mnkvillas.com\\\/wp-content\\\/uploads\\\/2016\\\/07\\\/MNKV1-1.png\",\"keywords\":[\"vacaciones en Menorca\",\"viajar a Menorca\"],\"articleSection\":[\"Vacaciones en Menorca\",\"Villas en Menorca\"],\"inLanguage\":\"es\"},{\"@type\":\"WebPage\",\"@id\":\"https:\\\/\\\/blog.mnkvillas.com\\\/que-llevar-en-maleta-viajar-menorca\",\"url\":\"https:\\\/\\\/blog.mnkvillas.com\\\/que-llevar-en-maleta-viajar-menorca\",\"name\":\"Qu\u00e9 llevar en la maleta al viajar a Menorca - El Blog de MNK Villas\",\"isPartOf\":{\"@id\":\"https:\\\/\\\/blog.mnkvillas.com\\\/#website\"},\"primaryImageOfPage\":{\"@id\":\"https:\\\/\\\/blog.mnkvillas.com\\\/que-llevar-en-maleta-viajar-menorca#primaryimage\"},\"image\":{\"@id\":\"https:\\\/\\\/blog.mnkvillas.com\\\/que-llevar-en-maleta-viajar-menorca#primaryimage\"},\"thumbnailUrl\":\"https:\\\/\\\/blog.mnkvillas.com\\\/wp-content\\\/uploads\\\/2016\\\/07\\\/MNKV1-1.png\",\"datePublished\":\"2016-07-11T12:33:37+00:00\",\"dateModified\":\"2016-07-11T12:38:50+00:00\",\"author\":{\"@id\":\"https:\\\/\\\/blog.mnkvillas.com\\\/#\\\/schema\\\/person\\\/5efebb89c1bdae18cb0ab6c4a34d438d\"},\"breadcrumb\":{\"@id\":\"https:\\\/\\\/blog.mnkvillas.com\\\/que-llevar-en-maleta-viajar-menorca#breadcrumb\"},\"inLanguage\":\"es\",\"potentialAction\":[{\"@type\":\"ReadAction\",\"target\":[\"https:\\\/\\\/blog.mnkvillas.com\\\/que-llevar-en-maleta-viajar-menorca\"]}]},{\"@type\":\"ImageObject\",\"inLanguage\":\"es\",\"@id\":\"https:\\\/\\\/blog.mnkvillas.com\\\/que-llevar-en-maleta-viajar-menorca#primaryimage\",\"url\":\"https:\\\/\\\/blog.mnkvillas.com\\\/wp-content\\\/uploads\\\/2016\\\/07\\\/MNKV1-1.png\",\"contentUrl\":\"https:\\\/\\\/blog.mnkvillas.com\\\/wp-content\\\/uploads\\\/2016\\\/07\\\/MNKV1-1.png\",\"width\":567,\"height\":312,\"caption\":\"viajar a menorca\"},{\"@type\":\"BreadcrumbList\",\"@id\":\"https:\\\/\\\/blog.mnkvillas.com\\\/que-llevar-en-maleta-viajar-menorca#breadcrumb\",\"itemListElement\":[{\"@type\":\"ListItem\",\"position\":1,\"name\":\"Portada\",\"item\":\"https:\\\/\\\/blog.mnkvillas.com\\\/\"},{\"@type\":\"ListItem\",\"position\":2,\"name\":\"Qu\u00e9 llevar en la maleta al viajar a Menorca\"}]},{\"@type\":\"WebSite\",\"@id\":\"https:\\\/\\\/blog.mnkvillas.com\\\/#website\",\"url\":\"https:\\\/\\\/blog.mnkvillas.com\\\/\",\"name\":\"El Blog de MNK Villas\",\"description\":\"Gesti\u00f3n y comercializaci\u00f3n de casas y villas en Menorca\",\"potentialAction\":[{\"@type\":\"SearchAction\",\"target\":{\"@type\":\"EntryPoint\",\"urlTemplate\":\"https:\\\/\\\/blog.mnkvillas.com\\\/?s={search_term_string}\"},\"query-input\":{\"@type\":\"PropertyValueSpecification\",\"valueRequired\":true,\"valueName\":\"search_term_string\"}}],\"inLanguage\":\"es\"},{\"@type\":\"Person\",\"@id\":\"https:\\\/\\\/blog.mnkvillas.com\\\/#\\\/schema\\\/person\\\/5efebb89c1bdae18cb0ab6c4a34d438d\",\"name\":\"MNK Villas\",\"image\":{\"@type\":\"ImageObject\",\"inLanguage\":\"es\",\"@id\":\"https:\\\/\\\/secure.gravatar.com\\\/avatar\\\/32fd5f16b06bfc66336905f2701aff5bb0df631080894bd3d84147be1c1a1ac8?s=96&d=mm&r=g\",\"url\":\"https:\\\/\\\/secure.gravatar.com\\\/avatar\\\/32fd5f16b06bfc66336905f2701aff5bb0df631080894bd3d84147be1c1a1ac8?s=96&d=mm&r=g\",\"contentUrl\":\"https:\\\/\\\/secure.gravatar.com\\\/avatar\\\/32fd5f16b06bfc66336905f2701aff5bb0df631080894bd3d84147be1c1a1ac8?s=96&d=mm&r=g\",\"caption\":\"MNK Villas\"},\"url\":\"https:\\\/\\\/blog.mnkvillas.com\\\/author\\\/mnk-villas\"}]}<\/script>\n<!-- \/ Yoast SEO plugin. -->","yoast_head_json":{"title":"Qu\u00e9 llevar en la maleta al viajar a Menorca - El Blog de MNK Villas","robots":{"index":"index","follow":"follow","max-snippet":"max-snippet:-1","max-image-preview":"max-image-preview:large","max-video-preview":"max-video-preview:-1"},"canonical":"https://www.mnkvillas.com/blog\/que-llevar-en-maleta-viajar-menorca","og_locale":"es_ES","og_type":"article","og_title":"Qu\u00e9 llevar en la maleta al viajar a Menorca - El Blog de MNK Villas","og_description":"Disfrutar de unas vacaciones en Menorca sin que nada te falte &nbsp; &nbsp; Bikini, zapatillas de playa y sombrilla: seguramente eso sea lo primero que te venga a la cabeza cuando est\u00e9s planificando tus vacaciones a Menorca. Y s\u00ed, puede que tengas raz\u00f3n en eso de que, para viajar a Menorca, un imprescindible es visitar ... Continuar","og_url":"https://www.mnkvillas.com/blog\/que-llevar-en-maleta-viajar-menorca","og_site_name":"El Blog de MNK Villas","article_published_time":"2016-07-11T12:33:37+00:00","article_modified_time":"2016-07-11T12:38:50+00:00","og_image":[{"width":567,"height":312,"url":"https://www.mnkvillas.com/blog\/wp-content\/uploads\/2016\/07\/MNKV1-1.png","type":"image\/png"}],"author":"MNK Villas","twitter_card":"summary_large_image","twitter_misc":{"Escrito por":"MNK Villas","Tiempo de lectura":"3 minutos"},"schema":{"@context":"https:\/\/schema.org","@graph":[{"@type":"Article","@id":"https://www.mnkvillas.com/blog\/que-llevar-en-maleta-viajar-menorca#article","isPartOf":{"@id":"https://www.mnkvillas.com/blog\/que-llevar-en-maleta-viajar-menorca"},"author":{"name":"MNK Villas","@id":"https://www.mnkvillas.com/blog\/#\/schema\/person\/5efebb89c1bdae18cb0ab6c4a34d438d"},"headline":"Qu\u00e9 llevar en la maleta al viajar a Menorca","datePublished":"2016-07-11T12:33:37+00:00","dateModified":"2016-07-11T12:38:50+00:00","mainEntityOfPage":{"@id":"https://www.mnkvillas.com/blog\/que-llevar-en-maleta-viajar-menorca"},"wordCount":512,"image":{"@id":"https://www.mnkvillas.com/blog\/que-llevar-en-maleta-viajar-menorca#primaryimage"},"thumbnailUrl":"https://www.mnkvillas.com/blog\/wp-content\/uploads\/2016\/07\/MNKV1-1.png","keywords":["vacaciones en Menorca","viajar a Menorca"],"articleSection":["Vacaciones en Menorca","Villas en Menorca"],"inLanguage":"es"},{"@type":"WebPage","@id":"https://www.mnkvillas.com/blog\/que-llevar-en-maleta-viajar-menorca","url":"https://www.mnkvillas.com/blog\/que-llevar-en-maleta-viajar-menorca","name":"Qu\u00e9 llevar en la maleta al viajar a Menorca - El Blog de MNK Villas","isPartOf":{"@id":"https://www.mnkvillas.com/blog\/#website"},"primaryImageOfPage":{"@id":"https://www.mnkvillas.com/blog\/que-llevar-en-maleta-viajar-menorca#primaryimage"},"image":{"@id":"https://www.mnkvillas.com/blog\/que-llevar-en-maleta-viajar-menorca#primaryimage"},"thumbnailUrl":"https://www.mnkvillas.com/blog\/wp-content\/uploads\/2016\/07\/MNKV1-1.png","datePublished":"2016-07-11T12:33:37+00:00","dateModified":"2016-07-11T12:38:50+00:00","author":{"@id":"https://www.mnkvillas.com/blog\/#\/schema\/person\/5efebb89c1bdae18cb0ab6c4a34d438d"},"breadcrumb":{"@id":"https://www.mnkvillas.com/blog\/que-llevar-en-maleta-viajar-menorca#breadcrumb"},"inLanguage":"es","potentialAction":[{"@type":"ReadAction","target":["https://www.mnkvillas.com/blog\/que-llevar-en-maleta-viajar-menorca"]}]},{"@type":"ImageObject","inLanguage":"es","@id":"https://www.mnkvillas.com/blog\/que-llevar-en-maleta-viajar-menorca#primaryimage","url":"https://www.mnkvillas.com/blog\/wp-content\/uploads\/2016\/07\/MNKV1-1.png","contentUrl":"https://www.mnkvillas.com/blog\/wp-content\/uploads\/2016\/07\/MNKV1-1.png","width":567,"height":312,"caption":"viajar a menorca"},{"@type":"BreadcrumbList","@id":"https://www.mnkvillas.com/blog\/que-llevar-en-maleta-viajar-menorca#breadcrumb","itemListElement":[{"@type":"ListItem","position":1,"name":"Portada","item":"https://www.mnkvillas.com/blog\/"},{"@type":"ListItem","position":2,"name":"Qu\u00e9 llevar en la maleta al viajar a Menorca"}]},{"@type":"WebSite","@id":"https://www.mnkvillas.com/blog\/#website","url":"https://www.mnkvillas.com/blog\/","name":"El Blog de MNK Villas","description":"Gesti\u00f3n y comercializaci\u00f3n de casas y villas en Menorca","potentialAction":[{"@type":"SearchAction","target":{"@type":"EntryPoint","urlTemplate":"https://www.mnkvillas.com/blog\/?s={search_term_string}"},"query-input":{"@type":"PropertyValueSpecification","valueRequired":true,"valueName":"search_term_string"}}],"inLanguage":"es"},{"@type":"Person","@id":"https://www.mnkvillas.com/blog\/#\/schema\/person\/5efebb89c1bdae18cb0ab6c4a34d438d","name":"MNK Villas","image":{"@type":"ImageObject","inLanguage":"es","@id":"https:\/\/secure.gravatar.com\/avatar\/32fd5f16b06bfc66336905f2701aff5bb0df631080894bd3d84147be1c1a1ac8?s=96&d=mm&r=g","url":"https:\/\/secure.gravatar.com\/avatar\/32fd5f16b06bfc66336905f2701aff5bb0df631080894bd3d84147be1c1a1ac8?s=96&d=mm&r=g","contentUrl":"https:\/\/secure.gravatar.com\/avatar\/32fd5f16b06bfc66336905f2701aff5bb0df631080894bd3d84147be1c1a1ac8?s=96&d=mm&r=g","caption":"MNK Villas"},"url":"https://www.mnkvillas.com/blog\/author\/mnk-villas"}]}},"_links":{"self":[{"href":"https://www.mnkvillas.com/blog\/wp-json\/wp\/v2\/posts\/1414","targetHints":{"allow":["GET"]}}],"collection":[{"href":"https://www.mnkvillas.com/blog\/wp-json\/wp\/v2\/posts"}],"about":[{"href":"https://www.mnkvillas.com/blog\/wp-json\/wp\/v2\/types\/post"}],"author":[{"embeddable":true,"href":"https://www.mnkvillas.com/blog\/wp-json\/wp\/v2\/users\/2"}],"replies":[{"embeddable":true,"href":"https://www.mnkvillas.com/blog\/wp-json\/wp\/v2\/comments?post=1414"}],"version-history":[{"count":4,"href":"https://www.mnkvillas.com/blog\/wp-json\/wp\/v2\/posts\/1414\/revisions"}],"predecessor-version":[{"id":1420,"href":"https://www.mnkvillas.com/blog\/wp-json\/wp\/v2\/posts\/1414\/revisions\/1420"}],"wp:featuredmedia":[{"embeddable":true,"href":"https://www.mnkvillas.com/blog\/wp-json\/wp\/v2\/media\/1419"}],"wp:attachment":[{"href":"https://www.mnkvillas.com/blog\/wp-json\/wp\/v2\/media?parent=1414"}],"wp:term":[{"taxonomy":"category","embeddable":true,"href":"https://www.mnkvillas.com/blog\/wp-json\/wp\/v2\/categories?post=1414"},{"taxonomy":"post_tag","embeddable":true,"href":"https://www.mnkvillas.com/blog\/wp-json\/wp\/v2\/tags?post=1414"}],"curies":[{"name":"wp","href":"https:\/\/api.w.org\/{rel}","templated":true}]}}