{"id":1310,"date":"2016-04-27T10:43:46","date_gmt":"2016-04-27T10:43:46","guid":{"rendered":"https://www.mnkvillas.com/blog\/?p=1310"},"modified":"2016-04-29T10:46:11","modified_gmt":"2016-04-29T10:46:11","slug":"siete-dias-villas-en-menorca","status":"publish","type":"post","link":"https://www.mnkvillas.com/blog\/siete-dias-villas-en-menorca","title":{"rendered":"Siete d\u00edas en villas en Menorca"},"content":{"rendered":"<p align=\"center\"><span style=\"font-size: large;\">\u00a1Porque siete d\u00edas en <a href=\"https:\/\/www.mnkvillas.com\/\"><strong>villas en Menorca<\/strong><\/a> dan para contar muchas historias!<\/span><\/p>\n<p>&nbsp;<\/p>\n<p align=\"justify\"><a href=\"https:\/\/www.mnkvillas.com\/\" target=\"_blank\"><img loading=\"lazy\" decoding=\"async\" class=\"aligncenter wp-image-1311 size-full\" title=\"vacaciones en menorca\" src=\"https://www.mnkvillas.com/blog\/wp-content\/uploads\/2016\/04\/MNKV1-1.png\" alt=\"vacaciones en menorca\" width=\"558\" height=\"312\" srcset=\"https://www.mnkvillas.com/blog\/wp-content\/uploads\/2016\/04\/MNKV1-1.png 558w, https://www.mnkvillas.com/blog\/wp-content\/uploads\/2016\/04\/MNKV1-1-300x168.png 300w\" sizes=\"auto, (max-width: 558px) 100vw, 558px\" \/><\/a><\/p>\n<p>&nbsp;<\/p>\n<p align=\"justify\"><span style=\"font-size: medium;\">Siete d\u00edas en Menorca dan mucho de s\u00ed. Porque ah\u00ed donde la ves esta es la t\u00edpica isla que, pese a ser min\u00fascula en el mapa mundial y casi invisible, esconde rincones que probablemente no encontrar\u00e1s en ninguna otra regi\u00f3n del planeta, rincones que se convertir\u00e1n en experiencias inolvidables tanto para ti como para tus peque\u00f1os. En esta ocasi\u00f3n, te presentamos siete magn\u00edficas opciones que podr\u00e1s disfrutar durante tu estancia en las <a href=\"https:\/\/www.mnkvillas.com\/\"><b>villas en Menorca<\/b><\/a>:<\/span><\/p>\n<p>&nbsp;<\/p>\n<p align=\"justify\"><span style=\"font-size: medium; color: #4b96d6;\"><b>D\u00eda 1: Molinos de Menorca<\/b> <\/span><\/p>\n<p>&nbsp;<\/p>\n<p align=\"justify\"><span style=\"font-size: medium;\">Los molinos de Menorca son una visita obligatoria si viajas a Menorca y, sobre todo, si lo haces con ni\u00f1os. Cada uno de ellos tiene su historia, una historia que los hace especiales y con los que los peque\u00f1os podr\u00e1n conocer parte de la cultura isle\u00f1a. En nuestro blog, ya te hemos hablado de ellos, as\u00ed que si quieres una referencia sobre los molinos que hay y d\u00f3nde est\u00e1n, la tienes en nuestro post \u201c<a href=\"https://www.mnkvillas.com/blog\/de-paseo-por-los-molinos-de-menorca\"><b>De paseo por los molinos de Menorca<\/b><\/a>\u201d.<\/span><\/p>\n<p>&nbsp;<\/p>\n<p align=\"justify\"><span style=\"font-size: medium; color: #4b96d6;\"><b>D\u00eda 2: Cam\u00ed de Cavals y el Parque Natural S&#8217;Albufera des Grau<\/b><\/span><\/p>\n<p>&nbsp;<\/p>\n<p align=\"justify\"><span style=\"font-size: medium;\">El parque natural m\u00e1s grande de la isla, S&#8217;Albufera des Grau se extiende por gran parte de la \u00ednsula. A su paso se encuentra el Cam\u00ed de Cavals, una ruta que podr\u00e1s hacer con los peque\u00f1os tanto a pie como en bici o caballo. Sin duda alguna, ser\u00e1 una excursi\u00f3n de lo m\u00e1s divertida. <\/span><\/p>\n<p>&nbsp;<\/p>\n<p align=\"justify\"><span style=\"font-size: medium; color: #4b96d6;\"><b>D\u00eda 3: Puertos de Menorca<\/b><\/span><\/p>\n<p>&nbsp;<\/p>\n<p align=\"justify\"><span style=\"font-size: medium;\">\u00bfSab\u00edas que en Menorca se ubica uno de los puertos naturales m\u00e1s grandes del mundo? S\u00ed, el Puerto de Mah\u00f3n est\u00e1 en una de las posiciones m\u00e1s privilegiadas, \u00a1dentro del Top 10 de puertos naturales m\u00e1s largos! Te encantar\u00e1 conocerlo. <\/span><\/p>\n<p>&nbsp;<\/p>\n<p align=\"justify\"><span style=\"font-size: medium; color: #4b96d6;\"><b>D\u00eda 4: Mah\u00f3n<\/b><\/span><\/p>\n<p>&nbsp;<\/p>\n<p align=\"justify\"><span style=\"font-size: medium;\">Ya que est\u00e1s en Mah\u00f3n, \u00bfqu\u00e9 tal si disfrutas de los productos m\u00e1s t\u00edpicos de la isla? D\u00e9jate conquistar por el queso de Mah\u00f3n como entrante, una caldereta de langosta y, ya que est\u00e1s, \u00a1recorre la isla como un aut\u00e9ntico menorqu\u00edn con unas nuevas abarcas compradas aqu\u00ed mismo!<\/span><\/p>\n<p>&nbsp;<\/p>\n<p align=\"justify\"><span style=\"font-size: medium; color: #4b96d6;\"><b>D\u00eda 5: Naveta de Tudons, Taulas, Prehistoria<\/b><\/span><\/p>\n<p>&nbsp;<\/p>\n<p align=\"justify\"><span style=\"font-size: medium;\">Viaja al pasado y perm\u00edtele a tus peque\u00f1os aprender un poquito de prehistoria con una visita a la Naveta de Tudons y las Taulas de Menorca. Hay poblados prehist\u00f3ricos como el poblado de Trepuc\u00f3. Os sorprender\u00e1 a todos. <\/span><\/p>\n<p>&nbsp;<\/p>\n<p align=\"justify\"><span style=\"font-size: medium; color: #4b96d6;\"><b>D\u00eda 6: Turqueta, Mitjana, Macarella&#8230; y otras calas<\/b><\/span><\/p>\n<p>&nbsp;<\/p>\n<p align=\"justify\"><span style=\"font-size: medium;\">Bronc\u00e9ate, rel\u00e1jate, disfruta de uno de los mayores atractivos de la isla. Las calas de Menorca te esperan para acogerte como mereces, \u00a1con cari\u00f1o y unas aguas cristalinas de lo m\u00e1s calmadas!<\/span><\/p>\n<p>&nbsp;<\/p>\n<p align=\"justify\"><span style=\"font-size: medium; color: #4b96d6;\"><b>D\u00eda 7: Calles de Menorca<\/b><\/span><\/p>\n<p>&nbsp;<\/p>\n<p align=\"justify\"><span style=\"font-size: medium;\">Y, si hay algo que no puedas dejar de hacer en la isla es conocer las calles m\u00e1s t\u00edpicas de Menorca. Construcciones del pasado que hacen muy pero que muy especial el presente. <\/span><\/p>\n<p>&nbsp;<\/p>\n<p align=\"justify\"><span style=\"font-size: medium;\">Como ves, durante tu estancia en nuestras villas en Menorca, no tendr\u00e1s tiempo de aburrirte.<\/span><\/p>\n<p>&nbsp;<\/p>\n<p align=\"justify\"><a href=\"https:\/\/www.mnkvillas.com\/\" target=\"_blank\"><img loading=\"lazy\" decoding=\"async\" class=\"aligncenter wp-image-1312 size-full\" title=\"vacaciones en menorca\" src=\"https://www.mnkvillas.com/blog\/wp-content\/uploads\/2016\/04\/MNKV2.png\" alt=\"vacaciones en menorca\" width=\"898\" height=\"718\" srcset=\"https://www.mnkvillas.com/blog\/wp-content\/uploads\/2016\/04\/MNKV2.png 898w, https://www.mnkvillas.com/blog\/wp-content\/uploads\/2016\/04\/MNKV2-300x240.png 300w, https://www.mnkvillas.com/blog\/wp-content\/uploads\/2016\/04\/MNKV2-768x614.png 768w\" sizes=\"auto, (max-width: 898px) 100vw, 898px\" \/><\/a><\/p>\n<p align=\"center\"><span style=\"font-size: medium;\"><b>\u00bfHas preparado tu viaje ya? En MNK Villas te esperamos. <\/b><\/span><\/p>\n","protected":false},"excerpt":{"rendered":"<p>\u00a1Porque siete d\u00edas en villas en Menorca dan para contar muchas historias! &nbsp; &nbsp; Siete d\u00edas en Menorca dan mucho de s\u00ed. Porque ah\u00ed donde la ves esta es la t\u00edpica isla que, pese a ser min\u00fascula en el mapa mundial y casi invisible, esconde rincones que probablemente no encontrar\u00e1s en ninguna otra regi\u00f3n del &#8230; <a href=\"https://www.mnkvillas.com/blog\/siete-dias-villas-en-menorca\">Continuar<\/a><\/p>\n","protected":false},"author":2,"featured_media":1311,"comment_status":"closed","ping_status":"open","sticky":false,"template":"","format":"standard","meta":{"footnotes":""},"categories":[11,10],"tags":[64,17,18,65,66,14,41,12],"class_list":["post-1310","post","type-post","status-publish","format-standard","has-post-thumbnail","hentry","category-vacaciones-en-menorca","category-villas-en-menorca","tag-cami-de-cavals","tag-mahon","tag-puertos-de-menorca","tag-salbufera-des-grau","tag-taulas","tag-vacaciones-en-menorca","tag-viajar-a-menorca","tag-villas-en-menorca"],"yoast_head":"<!-- This site is optimized with the Yoast SEO plugin v27.5 - https:\/\/yoast.com\/product\/yoast-seo-wordpress\/ -->\n<title>Siete d\u00edas en villas en Menorca - El Blog de MNK Villas<\/title>\n<meta name=\"robots\" content=\"index, follow, max-snippet:-1, max-image-preview:large, max-video-preview:-1\" \/>\n<link rel=\"canonical\" href=\"https://www.mnkvillas.com/blog\/siete-dias-villas-en-menorca\" \/>\n<meta property=\"og:locale\" content=\"es_ES\" \/>\n<meta property=\"og:type\" content=\"article\" \/>\n<meta property=\"og:title\" content=\"Siete d\u00edas en villas en Menorca - El Blog de MNK Villas\" \/>\n<meta property=\"og:description\" content=\"\u00a1Porque siete d\u00edas en villas en Menorca dan para contar muchas historias! &nbsp; &nbsp; Siete d\u00edas en Menorca dan mucho de s\u00ed. Porque ah\u00ed donde la ves esta es la t\u00edpica isla que, pese a ser min\u00fascula en el mapa mundial y casi invisible, esconde rincones que probablemente no encontrar\u00e1s en ninguna otra regi\u00f3n del ... Continuar\" \/>\n<meta property=\"og:url\" content=\"https://www.mnkvillas.com/blog\/siete-dias-villas-en-menorca\" \/>\n<meta property=\"og:site_name\" content=\"El Blog de MNK Villas\" \/>\n<meta property=\"article:published_time\" content=\"2016-04-27T10:43:46+00:00\" \/>\n<meta property=\"article:modified_time\" content=\"2016-04-29T10:46:11+00:00\" \/>\n<meta property=\"og:image\" content=\"https://www.mnkvillas.com/blog\/wp-content\/uploads\/2016\/04\/MNKV1-1.png\" \/>\n\t<meta property=\"og:image:width\" content=\"558\" \/>\n\t<meta property=\"og:image:height\" content=\"312\" \/>\n\t<meta property=\"og:image:type\" content=\"image\/png\" \/>\n<meta name=\"author\" content=\"MNK Villas\" \/>\n<meta name=\"twitter:card\" content=\"summary_large_image\" \/>\n<meta name=\"twitter:label1\" content=\"Escrito por\" \/>\n\t<meta name=\"twitter:data1\" content=\"MNK Villas\" \/>\n\t<meta name=\"twitter:label2\" content=\"Tiempo de lectura\" \/>\n\t<meta name=\"twitter:data2\" content=\"3 minutos\" \/>\n<script type=\"application\/ld+json\" class=\"yoast-schema-graph\">{\"@context\":\"https:\\\/\\\/schema.org\",\"@graph\":[{\"@type\":\"Article\",\"@id\":\"https:\\\/\\\/blog.mnkvillas.com\\\/siete-dias-villas-en-menorca#article\",\"isPartOf\":{\"@id\":\"https:\\\/\\\/blog.mnkvillas.com\\\/siete-dias-villas-en-menorca\"},\"author\":{\"name\":\"MNK Villas\",\"@id\":\"https:\\\/\\\/blog.mnkvillas.com\\\/#\\\/schema\\\/person\\\/5efebb89c1bdae18cb0ab6c4a34d438d\"},\"headline\":\"Siete d\u00edas en villas en Menorca\",\"datePublished\":\"2016-04-27T10:43:46+00:00\",\"dateModified\":\"2016-04-29T10:46:11+00:00\",\"mainEntityOfPage\":{\"@id\":\"https:\\\/\\\/blog.mnkvillas.com\\\/siete-dias-villas-en-menorca\"},\"wordCount\":556,\"image\":{\"@id\":\"https:\\\/\\\/blog.mnkvillas.com\\\/siete-dias-villas-en-menorca#primaryimage\"},\"thumbnailUrl\":\"https:\\\/\\\/blog.mnkvillas.com\\\/wp-content\\\/uploads\\\/2016\\\/04\\\/MNKV1-1.png\",\"keywords\":[\"Cam\u00ed de Cavals\",\"Mah\u00f3n\",\"puertos de Menorca\",\"S'Albufera des Grau\",\"taulas\",\"vacaciones en Menorca\",\"viajar a Menorca\",\"villas en Menorca\"],\"articleSection\":[\"Vacaciones en Menorca\",\"Villas en Menorca\"],\"inLanguage\":\"es\"},{\"@type\":\"WebPage\",\"@id\":\"https:\\\/\\\/blog.mnkvillas.com\\\/siete-dias-villas-en-menorca\",\"url\":\"https:\\\/\\\/blog.mnkvillas.com\\\/siete-dias-villas-en-menorca\",\"name\":\"Siete d\u00edas en villas en Menorca - El Blog de MNK Villas\",\"isPartOf\":{\"@id\":\"https:\\\/\\\/blog.mnkvillas.com\\\/#website\"},\"primaryImageOfPage\":{\"@id\":\"https:\\\/\\\/blog.mnkvillas.com\\\/siete-dias-villas-en-menorca#primaryimage\"},\"image\":{\"@id\":\"https:\\\/\\\/blog.mnkvillas.com\\\/siete-dias-villas-en-menorca#primaryimage\"},\"thumbnailUrl\":\"https:\\\/\\\/blog.mnkvillas.com\\\/wp-content\\\/uploads\\\/2016\\\/04\\\/MNKV1-1.png\",\"datePublished\":\"2016-04-27T10:43:46+00:00\",\"dateModified\":\"2016-04-29T10:46:11+00:00\",\"author\":{\"@id\":\"https:\\\/\\\/blog.mnkvillas.com\\\/#\\\/schema\\\/person\\\/5efebb89c1bdae18cb0ab6c4a34d438d\"},\"breadcrumb\":{\"@id\":\"https:\\\/\\\/blog.mnkvillas.com\\\/siete-dias-villas-en-menorca#breadcrumb\"},\"inLanguage\":\"es\",\"potentialAction\":[{\"@type\":\"ReadAction\",\"target\":[\"https:\\\/\\\/blog.mnkvillas.com\\\/siete-dias-villas-en-menorca\"]}]},{\"@type\":\"ImageObject\",\"inLanguage\":\"es\",\"@id\":\"https:\\\/\\\/blog.mnkvillas.com\\\/siete-dias-villas-en-menorca#primaryimage\",\"url\":\"https:\\\/\\\/blog.mnkvillas.com\\\/wp-content\\\/uploads\\\/2016\\\/04\\\/MNKV1-1.png\",\"contentUrl\":\"https:\\\/\\\/blog.mnkvillas.com\\\/wp-content\\\/uploads\\\/2016\\\/04\\\/MNKV1-1.png\",\"width\":558,\"height\":312,\"caption\":\"vacaciones en menorca\"},{\"@type\":\"BreadcrumbList\",\"@id\":\"https:\\\/\\\/blog.mnkvillas.com\\\/siete-dias-villas-en-menorca#breadcrumb\",\"itemListElement\":[{\"@type\":\"ListItem\",\"position\":1,\"name\":\"Portada\",\"item\":\"https:\\\/\\\/blog.mnkvillas.com\\\/\"},{\"@type\":\"ListItem\",\"position\":2,\"name\":\"Siete d\u00edas en villas en Menorca\"}]},{\"@type\":\"WebSite\",\"@id\":\"https:\\\/\\\/blog.mnkvillas.com\\\/#website\",\"url\":\"https:\\\/\\\/blog.mnkvillas.com\\\/\",\"name\":\"El Blog de MNK Villas\",\"description\":\"Gesti\u00f3n y comercializaci\u00f3n de casas y villas en Menorca\",\"potentialAction\":[{\"@type\":\"SearchAction\",\"target\":{\"@type\":\"EntryPoint\",\"urlTemplate\":\"https:\\\/\\\/blog.mnkvillas.com\\\/?s={search_term_string}\"},\"query-input\":{\"@type\":\"PropertyValueSpecification\",\"valueRequired\":true,\"valueName\":\"search_term_string\"}}],\"inLanguage\":\"es\"},{\"@type\":\"Person\",\"@id\":\"https:\\\/\\\/blog.mnkvillas.com\\\/#\\\/schema\\\/person\\\/5efebb89c1bdae18cb0ab6c4a34d438d\",\"name\":\"MNK Villas\",\"image\":{\"@type\":\"ImageObject\",\"inLanguage\":\"es\",\"@id\":\"https:\\\/\\\/secure.gravatar.com\\\/avatar\\\/32fd5f16b06bfc66336905f2701aff5bb0df631080894bd3d84147be1c1a1ac8?s=96&d=mm&r=g\",\"url\":\"https:\\\/\\\/secure.gravatar.com\\\/avatar\\\/32fd5f16b06bfc66336905f2701aff5bb0df631080894bd3d84147be1c1a1ac8?s=96&d=mm&r=g\",\"contentUrl\":\"https:\\\/\\\/secure.gravatar.com\\\/avatar\\\/32fd5f16b06bfc66336905f2701aff5bb0df631080894bd3d84147be1c1a1ac8?s=96&d=mm&r=g\",\"caption\":\"MNK Villas\"},\"url\":\"https:\\\/\\\/blog.mnkvillas.com\\\/author\\\/mnk-villas\"}]}<\/script>\n<!-- \/ Yoast SEO plugin. -->","yoast_head_json":{"title":"Siete d\u00edas en villas en Menorca - El Blog de MNK Villas","robots":{"index":"index","follow":"follow","max-snippet":"max-snippet:-1","max-image-preview":"max-image-preview:large","max-video-preview":"max-video-preview:-1"},"canonical":"https://www.mnkvillas.com/blog\/siete-dias-villas-en-menorca","og_locale":"es_ES","og_type":"article","og_title":"Siete d\u00edas en villas en Menorca - El Blog de MNK Villas","og_description":"\u00a1Porque siete d\u00edas en villas en Menorca dan para contar muchas historias! &nbsp; &nbsp; Siete d\u00edas en Menorca dan mucho de s\u00ed. Porque ah\u00ed donde la ves esta es la t\u00edpica isla que, pese a ser min\u00fascula en el mapa mundial y casi invisible, esconde rincones que probablemente no encontrar\u00e1s en ninguna otra regi\u00f3n del ... Continuar","og_url":"https://www.mnkvillas.com/blog\/siete-dias-villas-en-menorca","og_site_name":"El Blog de MNK Villas","article_published_time":"2016-04-27T10:43:46+00:00","article_modified_time":"2016-04-29T10:46:11+00:00","og_image":[{"width":558,"height":312,"url":"https://www.mnkvillas.com/blog\/wp-content\/uploads\/2016\/04\/MNKV1-1.png","type":"image\/png"}],"author":"MNK Villas","twitter_card":"summary_large_image","twitter_misc":{"Escrito por":"MNK Villas","Tiempo de lectura":"3 minutos"},"schema":{"@context":"https:\/\/schema.org","@graph":[{"@type":"Article","@id":"https://www.mnkvillas.com/blog\/siete-dias-villas-en-menorca#article","isPartOf":{"@id":"https://www.mnkvillas.com/blog\/siete-dias-villas-en-menorca"},"author":{"name":"MNK Villas","@id":"https://www.mnkvillas.com/blog\/#\/schema\/person\/5efebb89c1bdae18cb0ab6c4a34d438d"},"headline":"Siete d\u00edas en villas en Menorca","datePublished":"2016-04-27T10:43:46+00:00","dateModified":"2016-04-29T10:46:11+00:00","mainEntityOfPage":{"@id":"https://www.mnkvillas.com/blog\/siete-dias-villas-en-menorca"},"wordCount":556,"image":{"@id":"https://www.mnkvillas.com/blog\/siete-dias-villas-en-menorca#primaryimage"},"thumbnailUrl":"https://www.mnkvillas.com/blog\/wp-content\/uploads\/2016\/04\/MNKV1-1.png","keywords":["Cam\u00ed de Cavals","Mah\u00f3n","puertos de Menorca","S'Albufera des Grau","taulas","vacaciones en Menorca","viajar a Menorca","villas en Menorca"],"articleSection":["Vacaciones en Menorca","Villas en Menorca"],"inLanguage":"es"},{"@type":"WebPage","@id":"https://www.mnkvillas.com/blog\/siete-dias-villas-en-menorca","url":"https://www.mnkvillas.com/blog\/siete-dias-villas-en-menorca","name":"Siete d\u00edas en villas en Menorca - El Blog de MNK Villas","isPartOf":{"@id":"https://www.mnkvillas.com/blog\/#website"},"primaryImageOfPage":{"@id":"https://www.mnkvillas.com/blog\/siete-dias-villas-en-menorca#primaryimage"},"image":{"@id":"https://www.mnkvillas.com/blog\/siete-dias-villas-en-menorca#primaryimage"},"thumbnailUrl":"https://www.mnkvillas.com/blog\/wp-content\/uploads\/2016\/04\/MNKV1-1.png","datePublished":"2016-04-27T10:43:46+00:00","dateModified":"2016-04-29T10:46:11+00:00","author":{"@id":"https://www.mnkvillas.com/blog\/#\/schema\/person\/5efebb89c1bdae18cb0ab6c4a34d438d"},"breadcrumb":{"@id":"https://www.mnkvillas.com/blog\/siete-dias-villas-en-menorca#breadcrumb"},"inLanguage":"es","potentialAction":[{"@type":"ReadAction","target":["https://www.mnkvillas.com/blog\/siete-dias-villas-en-menorca"]}]},{"@type":"ImageObject","inLanguage":"es","@id":"https://www.mnkvillas.com/blog\/siete-dias-villas-en-menorca#primaryimage","url":"https://www.mnkvillas.com/blog\/wp-content\/uploads\/2016\/04\/MNKV1-1.png","contentUrl":"https://www.mnkvillas.com/blog\/wp-content\/uploads\/2016\/04\/MNKV1-1.png","width":558,"height":312,"caption":"vacaciones en menorca"},{"@type":"BreadcrumbList","@id":"https://www.mnkvillas.com/blog\/siete-dias-villas-en-menorca#breadcrumb","itemListElement":[{"@type":"ListItem","position":1,"name":"Portada","item":"https://www.mnkvillas.com/blog\/"},{"@type":"ListItem","position":2,"name":"Siete d\u00edas en villas en Menorca"}]},{"@type":"WebSite","@id":"https://www.mnkvillas.com/blog\/#website","url":"https://www.mnkvillas.com/blog\/","name":"El Blog de MNK Villas","description":"Gesti\u00f3n y comercializaci\u00f3n de casas y villas en Menorca","potentialAction":[{"@type":"SearchAction","target":{"@type":"EntryPoint","urlTemplate":"https://www.mnkvillas.com/blog\/?s={search_term_string}"},"query-input":{"@type":"PropertyValueSpecification","valueRequired":true,"valueName":"search_term_string"}}],"inLanguage":"es"},{"@type":"Person","@id":"https://www.mnkvillas.com/blog\/#\/schema\/person\/5efebb89c1bdae18cb0ab6c4a34d438d","name":"MNK Villas","image":{"@type":"ImageObject","inLanguage":"es","@id":"https:\/\/secure.gravatar.com\/avatar\/32fd5f16b06bfc66336905f2701aff5bb0df631080894bd3d84147be1c1a1ac8?s=96&d=mm&r=g","url":"https:\/\/secure.gravatar.com\/avatar\/32fd5f16b06bfc66336905f2701aff5bb0df631080894bd3d84147be1c1a1ac8?s=96&d=mm&r=g","contentUrl":"https:\/\/secure.gravatar.com\/avatar\/32fd5f16b06bfc66336905f2701aff5bb0df631080894bd3d84147be1c1a1ac8?s=96&d=mm&r=g","caption":"MNK Villas"},"url":"https://www.mnkvillas.com/blog\/author\/mnk-villas"}]}},"_links":{"self":[{"href":"https://www.mnkvillas.com/blog\/wp-json\/wp\/v2\/posts\/1310","targetHints":{"allow":["GET"]}}],"collection":[{"href":"https://www.mnkvillas.com/blog\/wp-json\/wp\/v2\/posts"}],"about":[{"href":"https://www.mnkvillas.com/blog\/wp-json\/wp\/v2\/types\/post"}],"author":[{"embeddable":true,"href":"https://www.mnkvillas.com/blog\/wp-json\/wp\/v2\/users\/2"}],"replies":[{"embeddable":true,"href":"https://www.mnkvillas.com/blog\/wp-json\/wp\/v2\/comments?post=1310"}],"version-history":[{"count":5,"href":"https://www.mnkvillas.com/blog\/wp-json\/wp\/v2\/posts\/1310\/revisions"}],"predecessor-version":[{"id":1317,"href":"https://www.mnkvillas.com/blog\/wp-json\/wp\/v2\/posts\/1310\/revisions\/1317"}],"wp:featuredmedia":[{"embeddable":true,"href":"https://www.mnkvillas.com/blog\/wp-json\/wp\/v2\/media\/1311"}],"wp:attachment":[{"href":"https://www.mnkvillas.com/blog\/wp-json\/wp\/v2\/media?parent=1310"}],"wp:term":[{"taxonomy":"category","embeddable":true,"href":"https://www.mnkvillas.com/blog\/wp-json\/wp\/v2\/categories?post=1310"},{"taxonomy":"post_tag","embeddable":true,"href":"https://www.mnkvillas.com/blog\/wp-json\/wp\/v2\/tags?post=1310"}],"curies":[{"name":"wp","href":"https:\/\/api.w.org\/{rel}","templated":true}]}}