{"id":107,"date":"2015-05-20T10:12:22","date_gmt":"2015-05-20T10:12:22","guid":{"rendered":"https://www.mnkvillas.com/blog\/?p=107"},"modified":"2015-05-20T13:58:40","modified_gmt":"2015-05-20T13:58:40","slug":"se-acercan-las-fiestas-de-sant-joan-en-ciutadella-de-menorca","status":"publish","type":"post","link":"https://www.mnkvillas.com/blog\/se-acercan-las-fiestas-de-sant-joan-en-ciutadella-de-menorca","title":{"rendered":"Se acercan las fiestas de Sant Joan en Ciutadella de Menorca\u2026"},"content":{"rendered":"<h3 style=\"text-align: center;\">\u00a1y MNK Villas te espera!<\/h3>\n<p>Quien haya tenido la suerte de visitar Menorca, habr\u00e1 podido comprobar que Ciutadella tiene algo especial. Pero, si adem\u00e1s de recorrer el municipio en busca de sus destacadas virtudes, ha tenido la brillante oportunidad de disfrutar de las fiestas m\u00e1s populares de toda la isla, seguramente sepa ya de qu\u00e9 estamos hablando.<a href=\"https://www.mnkvillas.com/blog\/wp-content\/uploads\/2015\/05\/mnk603.jpg\"><img loading=\"lazy\" decoding=\"async\" class=\"aligncenter wp-image-112 size-large\" src=\"https://www.mnkvillas.com/blog\/wp-content\/uploads\/2015\/05\/mnk603-1024x683.jpg\" alt=\"MNK Villas Ciutadella \" width=\"940\" height=\"627\" srcset=\"https://www.mnkvillas.com/blog\/wp-content\/uploads\/2015\/05\/mnk603-1024x683.jpg 1024w, https://www.mnkvillas.com/blog\/wp-content\/uploads\/2015\/05\/mnk603-300x200.jpg 300w\" sizes=\"auto, (max-width: 940px) 100vw, 940px\" \/><\/a><\/p>\n<p>En <a href=\"https:\/\/es.wikipedia.org\/wiki\/Ciudadela_(Espa%C3%B1a)\">Ciutadella<\/a> tiene lugar la celebraci\u00f3n de la festividad m\u00e1s tradicional, emocionante, divertida y sorprendente de toda la isla de Menorca. Durante las fiestas de Sant Joan, Ciutadella se viste de color, se pone sus mejores galas y elogia a todos y cada uno de sus seguidores con actos de lo m\u00e1s inauditos en los que el caballo es el gran protagonista.<a href=\"https://www.mnkvillas.com/blog\/wp-content\/uploads\/2015\/05\/mnk440-copia.jpg\"><img loading=\"lazy\" decoding=\"async\" class=\"alignleft wp-image-113 size-thumbnail\" src=\"https://www.mnkvillas.com/blog\/wp-content\/uploads\/2015\/05\/mnk440-copia-150x150.jpg\" alt=\"MNK Villas\" width=\"150\" height=\"150\" \/><\/a><\/p>\n<p>Las fiestas de Sant Joan se remontan al siglo XIV y, si bien en un principio surgieron con motivos religiosos, lo cierto es que han tenido que adaptarse a las nuevas eras, aunque a\u00fan hoy mantienen gran parte de su tradici\u00f3n y su cultura. Si hay algo que destaque de sus fiestas, es el entusiasmo y la ilusi\u00f3n de sus gentes por poder ofrecer la combinaci\u00f3n perfecta entre costumbre y modernidad sin que ello da\u00f1e su popularidad.<a href=\"https://www.mnkvillas.com/blog\/wp-content\/uploads\/2015\/05\/mnk413.jpg\"><img loading=\"lazy\" decoding=\"async\" class=\"alignright wp-image-114 size-medium\" src=\"https://www.mnkvillas.com/blog\/wp-content\/uploads\/2015\/05\/mnk413-200x300.jpg\" alt=\"mnk413\" width=\"200\" height=\"300\" srcset=\"https://www.mnkvillas.com/blog\/wp-content\/uploads\/2015\/05\/mnk413-200x300.jpg 200w, https://www.mnkvillas.com/blog\/wp-content\/uploads\/2015\/05\/mnk413-683x1024.jpg 683w, https://www.mnkvillas.com/blog\/wp-content\/uploads\/2015\/05\/mnk413.jpg 1536w\" sizes=\"auto, (max-width: 200px) 100vw, 200px\" \/><\/a><\/p>\n<p>Por si no lo sab\u00edas, una de las peculiaridades m\u00e1s admirables de las fiestas de Sant Joan en Ciutadella es la representaci\u00f3n de los diferentes estamentos sociales que exist\u00edan en la sociedad de la \u00e9poca. El grueso de la \u201cqualcada\u201d (cabalgata o comitiva a caballo) lo forman los <em>cavallers<\/em>, que son payeses de todas las edades que trabajan en un \u201clloc\u201d el t\u00e9rmino de Ciutadella, mientras que los caixers representan los cuatro estamentos sociales de sus or\u00edgenes:<a href=\"https://www.mnkvillas.com/blog\/wp-content\/uploads\/2015\/05\/mnk425.jpg\"><img loading=\"lazy\" decoding=\"async\" class=\"alignleft wp-image-118 size-thumbnail\" src=\"https://www.mnkvillas.com/blog\/wp-content\/uploads\/2015\/05\/mnk425-150x150.jpg\" alt=\"mnk425\" width=\"150\" height=\"150\" \/><\/a> iglesia (Caixer Capell\u00e0 o Capellana), nobleza (Caixer Senyor), artesanos (Caixer Casat \u2013casado y maestro de un oficio manual- y Caixer Fadr\u00ed \u2013aprendiz, soltero, que unas veces procede del campo y otras de la ciudad-), y payeses (Caixers Pagesos). El fabioler (alguacil municipal), montado sobre la somereta (asno), gu\u00eda la <em>qualcada<\/em> al son del tambor y del <em>fabiol<\/em> (jaramillo) con unas sencillas notas inconfundibles\u2026<\/p>\n<p><a href=\"https://www.mnkvillas.com/blog\/wp-content\/uploads\/2015\/05\/mnk419.jpg\"><img loading=\"lazy\" decoding=\"async\" class=\"aligncenter wp-image-115 size-large\" src=\"https://www.mnkvillas.com/blog\/wp-content\/uploads\/2015\/05\/mnk419-1024x683.jpg\" alt=\"MNK Villas\" width=\"940\" height=\"627\" srcset=\"https://www.mnkvillas.com/blog\/wp-content\/uploads\/2015\/05\/mnk419-1024x683.jpg 1024w, https://www.mnkvillas.com/blog\/wp-content\/uploads\/2015\/05\/mnk419-300x200.jpg 300w\" sizes=\"auto, (max-width: 940px) 100vw, 940px\" \/><\/a><\/p>\n<p>Durante los d\u00edas de festividad, hay innumerables opciones de entretenimiento con las que no habr\u00e1 tiempo para aburrirse. Eso s\u00ed, conviene saber que en este periodo Ciutadella se convierte en una ciudad de bastante concurrencia, por lo que si est\u00e1s pensando en venirte a disfrutar de unas fiestas inolvidables, lo mejor ser\u00e1 que vayas buscando desde ya tu alojamiento.<\/p>\n<p>Las fiestas de Sant Joan 2015 son del 20 al 25 de junio, as\u00ed que no lo dejes para \u00faltima hora y recuerda que en MNK <em>Villas<\/em> tenemos <a title=\"villas en menorca\" href=\"https:\/\/www.mnkvillas.com\/search-p.php\"><strong>la casa para tus vacaciones en Menorca<\/strong><\/a> \u00a1para que vengas con todos tus amigos!<\/p>\n<p style=\"text-align: center;\"><strong>Y t\u00fa, \u00bfya te has decidido?<\/strong><\/p>\n","protected":false},"excerpt":{"rendered":"<p>\u00a1y MNK Villas te espera! Quien haya tenido la suerte de visitar Menorca, habr\u00e1 podido comprobar que Ciutadella tiene algo especial. Pero, si adem\u00e1s de recorrer el municipio en busca de sus destacadas virtudes, ha tenido la brillante oportunidad de disfrutar de las fiestas m\u00e1s populares de toda la isla, seguramente sepa ya de qu\u00e9 &#8230; <a href=\"https://www.mnkvillas.com/blog\/se-acercan-las-fiestas-de-sant-joan-en-ciutadella-de-menorca\">Continuar<\/a><\/p>\n","protected":false},"author":2,"featured_media":115,"comment_status":"closed","ping_status":"open","sticky":false,"template":"","format":"standard","meta":{"footnotes":""},"categories":[1],"tags":[],"class_list":["post-107","post","type-post","status-publish","format-standard","has-post-thumbnail","hentry","category-sin-categoria"],"yoast_head":"<!-- This site is optimized with the Yoast SEO plugin v27.4 - https:\/\/yoast.com\/product\/yoast-seo-wordpress\/ -->\n<title>Se acercan las fiestas de Sant Joan en Ciutadella de Menorca\u2026 - El Blog de MNK Villas<\/title>\n<meta name=\"robots\" content=\"index, follow, max-snippet:-1, max-image-preview:large, max-video-preview:-1\" \/>\n<link rel=\"canonical\" href=\"https://www.mnkvillas.com/blog\/se-acercan-las-fiestas-de-sant-joan-en-ciutadella-de-menorca\" \/>\n<meta property=\"og:locale\" content=\"es_ES\" \/>\n<meta property=\"og:type\" content=\"article\" \/>\n<meta property=\"og:title\" content=\"Se acercan las fiestas de Sant Joan en Ciutadella de Menorca\u2026 - El Blog de MNK Villas\" \/>\n<meta property=\"og:description\" content=\"\u00a1y MNK Villas te espera! Quien haya tenido la suerte de visitar Menorca, habr\u00e1 podido comprobar que Ciutadella tiene algo especial. Pero, si adem\u00e1s de recorrer el municipio en busca de sus destacadas virtudes, ha tenido la brillante oportunidad de disfrutar de las fiestas m\u00e1s populares de toda la isla, seguramente sepa ya de qu\u00e9 ... Continuar\" \/>\n<meta property=\"og:url\" content=\"https://www.mnkvillas.com/blog\/se-acercan-las-fiestas-de-sant-joan-en-ciutadella-de-menorca\" \/>\n<meta property=\"og:site_name\" content=\"El Blog de MNK Villas\" \/>\n<meta property=\"article:published_time\" content=\"2015-05-20T10:12:22+00:00\" \/>\n<meta property=\"article:modified_time\" content=\"2015-05-20T13:58:40+00:00\" \/>\n<meta property=\"og:image\" content=\"https://www.mnkvillas.com/blog\/wp-content\/uploads\/2015\/05\/mnk419.jpg\" \/>\n\t<meta property=\"og:image:width\" content=\"2304\" \/>\n\t<meta property=\"og:image:height\" content=\"1536\" \/>\n\t<meta property=\"og:image:type\" content=\"image\/jpeg\" \/>\n<meta name=\"author\" content=\"MNK Villas\" \/>\n<meta name=\"twitter:card\" content=\"summary_large_image\" \/>\n<meta name=\"twitter:label1\" content=\"Escrito por\" \/>\n\t<meta name=\"twitter:data1\" content=\"MNK Villas\" \/>\n\t<meta name=\"twitter:label2\" content=\"Tiempo de lectura\" \/>\n\t<meta name=\"twitter:data2\" content=\"2 minutos\" \/>\n<script type=\"application\/ld+json\" class=\"yoast-schema-graph\">{\"@context\":\"https:\\\/\\\/schema.org\",\"@graph\":[{\"@type\":\"Article\",\"@id\":\"https:\\\/\\\/blog.mnkvillas.com\\\/se-acercan-las-fiestas-de-sant-joan-en-ciutadella-de-menorca#article\",\"isPartOf\":{\"@id\":\"https:\\\/\\\/blog.mnkvillas.com\\\/se-acercan-las-fiestas-de-sant-joan-en-ciutadella-de-menorca\"},\"author\":{\"name\":\"MNK Villas\",\"@id\":\"https:\\\/\\\/blog.mnkvillas.com\\\/#\\\/schema\\\/person\\\/5efebb89c1bdae18cb0ab6c4a34d438d\"},\"headline\":\"Se acercan las fiestas de Sant Joan en Ciutadella de Menorca\u2026\",\"datePublished\":\"2015-05-20T10:12:22+00:00\",\"dateModified\":\"2015-05-20T13:58:40+00:00\",\"mainEntityOfPage\":{\"@id\":\"https:\\\/\\\/blog.mnkvillas.com\\\/se-acercan-las-fiestas-de-sant-joan-en-ciutadella-de-menorca\"},\"wordCount\":470,\"image\":{\"@id\":\"https:\\\/\\\/blog.mnkvillas.com\\\/se-acercan-las-fiestas-de-sant-joan-en-ciutadella-de-menorca#primaryimage\"},\"thumbnailUrl\":\"https:\\\/\\\/blog.mnkvillas.com\\\/wp-content\\\/uploads\\\/2015\\\/05\\\/mnk419.jpg\",\"inLanguage\":\"es\"},{\"@type\":\"WebPage\",\"@id\":\"https:\\\/\\\/blog.mnkvillas.com\\\/se-acercan-las-fiestas-de-sant-joan-en-ciutadella-de-menorca\",\"url\":\"https:\\\/\\\/blog.mnkvillas.com\\\/se-acercan-las-fiestas-de-sant-joan-en-ciutadella-de-menorca\",\"name\":\"Se acercan las fiestas de Sant Joan en Ciutadella de Menorca\u2026 - El Blog de MNK Villas\",\"isPartOf\":{\"@id\":\"https:\\\/\\\/blog.mnkvillas.com\\\/#website\"},\"primaryImageOfPage\":{\"@id\":\"https:\\\/\\\/blog.mnkvillas.com\\\/se-acercan-las-fiestas-de-sant-joan-en-ciutadella-de-menorca#primaryimage\"},\"image\":{\"@id\":\"https:\\\/\\\/blog.mnkvillas.com\\\/se-acercan-las-fiestas-de-sant-joan-en-ciutadella-de-menorca#primaryimage\"},\"thumbnailUrl\":\"https:\\\/\\\/blog.mnkvillas.com\\\/wp-content\\\/uploads\\\/2015\\\/05\\\/mnk419.jpg\",\"datePublished\":\"2015-05-20T10:12:22+00:00\",\"dateModified\":\"2015-05-20T13:58:40+00:00\",\"author\":{\"@id\":\"https:\\\/\\\/blog.mnkvillas.com\\\/#\\\/schema\\\/person\\\/5efebb89c1bdae18cb0ab6c4a34d438d\"},\"breadcrumb\":{\"@id\":\"https:\\\/\\\/blog.mnkvillas.com\\\/se-acercan-las-fiestas-de-sant-joan-en-ciutadella-de-menorca#breadcrumb\"},\"inLanguage\":\"es\",\"potentialAction\":[{\"@type\":\"ReadAction\",\"target\":[\"https:\\\/\\\/blog.mnkvillas.com\\\/se-acercan-las-fiestas-de-sant-joan-en-ciutadella-de-menorca\"]}]},{\"@type\":\"ImageObject\",\"inLanguage\":\"es\",\"@id\":\"https:\\\/\\\/blog.mnkvillas.com\\\/se-acercan-las-fiestas-de-sant-joan-en-ciutadella-de-menorca#primaryimage\",\"url\":\"https:\\\/\\\/blog.mnkvillas.com\\\/wp-content\\\/uploads\\\/2015\\\/05\\\/mnk419.jpg\",\"contentUrl\":\"https:\\\/\\\/blog.mnkvillas.com\\\/wp-content\\\/uploads\\\/2015\\\/05\\\/mnk419.jpg\",\"width\":2304,\"height\":1536},{\"@type\":\"BreadcrumbList\",\"@id\":\"https:\\\/\\\/blog.mnkvillas.com\\\/se-acercan-las-fiestas-de-sant-joan-en-ciutadella-de-menorca#breadcrumb\",\"itemListElement\":[{\"@type\":\"ListItem\",\"position\":1,\"name\":\"Portada\",\"item\":\"https:\\\/\\\/blog.mnkvillas.com\\\/\"},{\"@type\":\"ListItem\",\"position\":2,\"name\":\"Se acercan las fiestas de Sant Joan en Ciutadella de Menorca\u2026\"}]},{\"@type\":\"WebSite\",\"@id\":\"https:\\\/\\\/blog.mnkvillas.com\\\/#website\",\"url\":\"https:\\\/\\\/blog.mnkvillas.com\\\/\",\"name\":\"El Blog de MNK Villas\",\"description\":\"Gesti\u00f3n y comercializaci\u00f3n de casas y villas en Menorca\",\"potentialAction\":[{\"@type\":\"SearchAction\",\"target\":{\"@type\":\"EntryPoint\",\"urlTemplate\":\"https:\\\/\\\/blog.mnkvillas.com\\\/?s={search_term_string}\"},\"query-input\":{\"@type\":\"PropertyValueSpecification\",\"valueRequired\":true,\"valueName\":\"search_term_string\"}}],\"inLanguage\":\"es\"},{\"@type\":\"Person\",\"@id\":\"https:\\\/\\\/blog.mnkvillas.com\\\/#\\\/schema\\\/person\\\/5efebb89c1bdae18cb0ab6c4a34d438d\",\"name\":\"MNK Villas\",\"image\":{\"@type\":\"ImageObject\",\"inLanguage\":\"es\",\"@id\":\"https:\\\/\\\/secure.gravatar.com\\\/avatar\\\/32fd5f16b06bfc66336905f2701aff5bb0df631080894bd3d84147be1c1a1ac8?s=96&d=mm&r=g\",\"url\":\"https:\\\/\\\/secure.gravatar.com\\\/avatar\\\/32fd5f16b06bfc66336905f2701aff5bb0df631080894bd3d84147be1c1a1ac8?s=96&d=mm&r=g\",\"contentUrl\":\"https:\\\/\\\/secure.gravatar.com\\\/avatar\\\/32fd5f16b06bfc66336905f2701aff5bb0df631080894bd3d84147be1c1a1ac8?s=96&d=mm&r=g\",\"caption\":\"MNK Villas\"},\"url\":\"https:\\\/\\\/blog.mnkvillas.com\\\/author\\\/mnk-villas\"}]}<\/script>\n<!-- \/ Yoast SEO plugin. -->","yoast_head_json":{"title":"Se acercan las fiestas de Sant Joan en Ciutadella de Menorca\u2026 - El Blog de MNK Villas","robots":{"index":"index","follow":"follow","max-snippet":"max-snippet:-1","max-image-preview":"max-image-preview:large","max-video-preview":"max-video-preview:-1"},"canonical":"https://www.mnkvillas.com/blog\/se-acercan-las-fiestas-de-sant-joan-en-ciutadella-de-menorca","og_locale":"es_ES","og_type":"article","og_title":"Se acercan las fiestas de Sant Joan en Ciutadella de Menorca\u2026 - El Blog de MNK Villas","og_description":"\u00a1y MNK Villas te espera! Quien haya tenido la suerte de visitar Menorca, habr\u00e1 podido comprobar que Ciutadella tiene algo especial. Pero, si adem\u00e1s de recorrer el municipio en busca de sus destacadas virtudes, ha tenido la brillante oportunidad de disfrutar de las fiestas m\u00e1s populares de toda la isla, seguramente sepa ya de qu\u00e9 ... Continuar","og_url":"https://www.mnkvillas.com/blog\/se-acercan-las-fiestas-de-sant-joan-en-ciutadella-de-menorca","og_site_name":"El Blog de MNK Villas","article_published_time":"2015-05-20T10:12:22+00:00","article_modified_time":"2015-05-20T13:58:40+00:00","og_image":[{"width":2304,"height":1536,"url":"https://www.mnkvillas.com/blog\/wp-content\/uploads\/2015\/05\/mnk419.jpg","type":"image\/jpeg"}],"author":"MNK Villas","twitter_card":"summary_large_image","twitter_misc":{"Escrito por":"MNK Villas","Tiempo de lectura":"2 minutos"},"schema":{"@context":"https:\/\/schema.org","@graph":[{"@type":"Article","@id":"https://www.mnkvillas.com/blog\/se-acercan-las-fiestas-de-sant-joan-en-ciutadella-de-menorca#article","isPartOf":{"@id":"https://www.mnkvillas.com/blog\/se-acercan-las-fiestas-de-sant-joan-en-ciutadella-de-menorca"},"author":{"name":"MNK Villas","@id":"https://www.mnkvillas.com/blog\/#\/schema\/person\/5efebb89c1bdae18cb0ab6c4a34d438d"},"headline":"Se acercan las fiestas de Sant Joan en Ciutadella de Menorca\u2026","datePublished":"2015-05-20T10:12:22+00:00","dateModified":"2015-05-20T13:58:40+00:00","mainEntityOfPage":{"@id":"https://www.mnkvillas.com/blog\/se-acercan-las-fiestas-de-sant-joan-en-ciutadella-de-menorca"},"wordCount":470,"image":{"@id":"https://www.mnkvillas.com/blog\/se-acercan-las-fiestas-de-sant-joan-en-ciutadella-de-menorca#primaryimage"},"thumbnailUrl":"https://www.mnkvillas.com/blog\/wp-content\/uploads\/2015\/05\/mnk419.jpg","inLanguage":"es"},{"@type":"WebPage","@id":"https://www.mnkvillas.com/blog\/se-acercan-las-fiestas-de-sant-joan-en-ciutadella-de-menorca","url":"https://www.mnkvillas.com/blog\/se-acercan-las-fiestas-de-sant-joan-en-ciutadella-de-menorca","name":"Se acercan las fiestas de Sant Joan en Ciutadella de Menorca\u2026 - El Blog de MNK Villas","isPartOf":{"@id":"https://www.mnkvillas.com/blog\/#website"},"primaryImageOfPage":{"@id":"https://www.mnkvillas.com/blog\/se-acercan-las-fiestas-de-sant-joan-en-ciutadella-de-menorca#primaryimage"},"image":{"@id":"https://www.mnkvillas.com/blog\/se-acercan-las-fiestas-de-sant-joan-en-ciutadella-de-menorca#primaryimage"},"thumbnailUrl":"https://www.mnkvillas.com/blog\/wp-content\/uploads\/2015\/05\/mnk419.jpg","datePublished":"2015-05-20T10:12:22+00:00","dateModified":"2015-05-20T13:58:40+00:00","author":{"@id":"https://www.mnkvillas.com/blog\/#\/schema\/person\/5efebb89c1bdae18cb0ab6c4a34d438d"},"breadcrumb":{"@id":"https://www.mnkvillas.com/blog\/se-acercan-las-fiestas-de-sant-joan-en-ciutadella-de-menorca#breadcrumb"},"inLanguage":"es","potentialAction":[{"@type":"ReadAction","target":["https://www.mnkvillas.com/blog\/se-acercan-las-fiestas-de-sant-joan-en-ciutadella-de-menorca"]}]},{"@type":"ImageObject","inLanguage":"es","@id":"https://www.mnkvillas.com/blog\/se-acercan-las-fiestas-de-sant-joan-en-ciutadella-de-menorca#primaryimage","url":"https://www.mnkvillas.com/blog\/wp-content\/uploads\/2015\/05\/mnk419.jpg","contentUrl":"https://www.mnkvillas.com/blog\/wp-content\/uploads\/2015\/05\/mnk419.jpg","width":2304,"height":1536},{"@type":"BreadcrumbList","@id":"https://www.mnkvillas.com/blog\/se-acercan-las-fiestas-de-sant-joan-en-ciutadella-de-menorca#breadcrumb","itemListElement":[{"@type":"ListItem","position":1,"name":"Portada","item":"https://www.mnkvillas.com/blog\/"},{"@type":"ListItem","position":2,"name":"Se acercan las fiestas de Sant Joan en Ciutadella de Menorca\u2026"}]},{"@type":"WebSite","@id":"https://www.mnkvillas.com/blog\/#website","url":"https://www.mnkvillas.com/blog\/","name":"El Blog de MNK Villas","description":"Gesti\u00f3n y comercializaci\u00f3n de casas y villas en Menorca","potentialAction":[{"@type":"SearchAction","target":{"@type":"EntryPoint","urlTemplate":"https://www.mnkvillas.com/blog\/?s={search_term_string}"},"query-input":{"@type":"PropertyValueSpecification","valueRequired":true,"valueName":"search_term_string"}}],"inLanguage":"es"},{"@type":"Person","@id":"https://www.mnkvillas.com/blog\/#\/schema\/person\/5efebb89c1bdae18cb0ab6c4a34d438d","name":"MNK Villas","image":{"@type":"ImageObject","inLanguage":"es","@id":"https:\/\/secure.gravatar.com\/avatar\/32fd5f16b06bfc66336905f2701aff5bb0df631080894bd3d84147be1c1a1ac8?s=96&d=mm&r=g","url":"https:\/\/secure.gravatar.com\/avatar\/32fd5f16b06bfc66336905f2701aff5bb0df631080894bd3d84147be1c1a1ac8?s=96&d=mm&r=g","contentUrl":"https:\/\/secure.gravatar.com\/avatar\/32fd5f16b06bfc66336905f2701aff5bb0df631080894bd3d84147be1c1a1ac8?s=96&d=mm&r=g","caption":"MNK Villas"},"url":"https://www.mnkvillas.com/blog\/author\/mnk-villas"}]}},"_links":{"self":[{"href":"https://www.mnkvillas.com/blog\/wp-json\/wp\/v2\/posts\/107","targetHints":{"allow":["GET"]}}],"collection":[{"href":"https://www.mnkvillas.com/blog\/wp-json\/wp\/v2\/posts"}],"about":[{"href":"https://www.mnkvillas.com/blog\/wp-json\/wp\/v2\/types\/post"}],"author":[{"embeddable":true,"href":"https://www.mnkvillas.com/blog\/wp-json\/wp\/v2\/users\/2"}],"replies":[{"embeddable":true,"href":"https://www.mnkvillas.com/blog\/wp-json\/wp\/v2\/comments?post=107"}],"version-history":[{"count":6,"href":"https://www.mnkvillas.com/blog\/wp-json\/wp\/v2\/posts\/107\/revisions"}],"predecessor-version":[{"id":130,"href":"https://www.mnkvillas.com/blog\/wp-json\/wp\/v2\/posts\/107\/revisions\/130"}],"wp:featuredmedia":[{"embeddable":true,"href":"https://www.mnkvillas.com/blog\/wp-json\/wp\/v2\/media\/115"}],"wp:attachment":[{"href":"https://www.mnkvillas.com/blog\/wp-json\/wp\/v2\/media?parent=107"}],"wp:term":[{"taxonomy":"category","embeddable":true,"href":"https://www.mnkvillas.com/blog\/wp-json\/wp\/v2\/categories?post=107"},{"taxonomy":"post_tag","embeddable":true,"href":"https://www.mnkvillas.com/blog\/wp-json\/wp\/v2\/tags?post=107"}],"curies":[{"name":"wp","href":"https:\/\/api.w.org\/{rel}","templated":true}]}}