{"id":1053,"date":"2016-01-14T16:22:42","date_gmt":"2016-01-14T16:22:42","guid":{"rendered":"https://www.mnkvillas.com/blog\/?p=1053"},"modified":"2017-10-02T14:43:33","modified_gmt":"2017-10-02T14:43:33","slug":"menorca-estara-presente-en-fitur","status":"publish","type":"post","link":"https://www.mnkvillas.com/blog\/menorca-estara-presente-en-fitur","title":{"rendered":"Menorca estar\u00e1 presente en FITUR"},"content":{"rendered":"<p align=\"center\"><span style=\"font-size: large;\">Y las <a href=\"http:\/\/www.mnkvillas.com\/\" target=\"_blank\" rel=\"noopener\">villas de Menorca<\/a> de MNKVillas, \u00a1tambi\u00e9n!<\/span><\/p>\n<p>&nbsp;<\/p>\n<p style=\"text-align: center;\"><a href=\"https://www.mnkvillas.com/blog\/wp-content\/uploads\/2016\/01\/mnk1.jpg\" rel=\"attachment wp-att-1054\"><img loading=\"lazy\" decoding=\"async\" class=\"aligncenter size-full wp-image-1054\" src=\"https://www.mnkvillas.com/blog\/wp-content\/uploads\/2016\/01\/mnk1.jpg\" alt=\"Villas de Menorca\" width=\"800\" height=\"532\" srcset=\"https://www.mnkvillas.com/blog\/wp-content\/uploads\/2016\/01\/mnk1.jpg 800w, https://www.mnkvillas.com/blog\/wp-content\/uploads\/2016\/01\/mnk1-300x200.jpg 300w, https://www.mnkvillas.com/blog\/wp-content\/uploads\/2016\/01\/mnk1-768x511.jpg 768w\" sizes=\"auto, (max-width: 800px) 100vw, 800px\" \/><\/a><\/p>\n<p>&nbsp;<\/p>\n<p align=\"justify\"><span style=\"font-size: large;\">Durante los pr\u00f3ximos 20, 21, 22, 23 y 24 de enero se celebrar\u00e1 en Madrid la Feria Internacional del Turismo (FITUR), un evento de expectaci\u00f3n mundial y un punto de encuentro global para todos los profesionales de \u00e1mbito tur\u00edstico. En \u00e9l, agencias de viajes, compa\u00f1\u00edas de transporte, asociaciones profesionales, organismos oficiales espa\u00f1oles y extranjeros\u2026 se re\u00fanen para ofrecer las propuestas tur\u00edsticas m\u00e1s innovadoras y tentadoras del mercado. Se trata de una feria en la que se dan a conocer productos y servicios relacionados con el turismo como pudieran ser el alquiler de villas en Menorca. <\/span><\/p>\n<p>&nbsp;<\/p>\n<p align=\"justify\"><span style=\"font-size: large;\">El 21 de enero es el d\u00eda de Baleares en FITUR y, como es de esperar, Menorca tiene su parte protagonista. El turismo cultural y la gastronom\u00eda son los dos ejes centrales en torno a los que se promocionar\u00e1 la isla, los dos productos que se quieren potenciar en el mercado nacional. <\/span><\/p>\n<p>&nbsp;<\/p>\n<p style=\"text-align: justify;\"><a href=\"https://www.mnkvillas.com/blog\/wp-content\/uploads\/2016\/01\/menorca-1.jpg\" rel=\"attachment wp-att-1055\"><img loading=\"lazy\" decoding=\"async\" class=\"aligncenter size-full wp-image-1055\" src=\"https://www.mnkvillas.com/blog\/wp-content\/uploads\/2016\/01\/menorca-1.jpg\" alt=\"Villas de Menorca\" width=\"960\" height=\"640\" srcset=\"https://www.mnkvillas.com/blog\/wp-content\/uploads\/2016\/01\/menorca-1.jpg 960w, https://www.mnkvillas.com/blog\/wp-content\/uploads\/2016\/01\/menorca-1-300x200.jpg 300w, https://www.mnkvillas.com/blog\/wp-content\/uploads\/2016\/01\/menorca-1-768x512.jpg 768w\" sizes=\"auto, (max-width: 960px) 100vw, 960px\" \/><\/a><\/p>\n<p>&nbsp;<\/p>\n<p align=\"justify\"><span style=\"font-size: large;\">Las taulas de Menorca merecen un reconocimiento internacional. Por eso, uno de los objetivos es convertir a la Menorca Talay\u00f3tica en Patrimonio de la Humanidad. Con im\u00e1genes como estas, no nos dir\u00e1s que no te entran ganas de conocer una isla en la que no solo hay sol y playa y en la que no solo puede acudirse a una cala a descansar. Tambi\u00e9n se puede conocer esa parte de la \u00ednsula m\u00e1s cultural y de mayor historia. <\/span><\/p>\n<p>&nbsp;<\/p>\n<p align=\"justify\"><span style=\"font-size: large;\">La gastronom\u00eda, por su parte, es otro de los grandes incentivos de los viajeros para venir a visitar Menorca. Todos han o\u00eddo hablar del famoso gin de Menorca, del queso de Mah\u00f3n y de la ensaimada. \u00bfY qu\u00e9 decir de la Mahonesa, que tuvo su origen en la isla y que ahora ha pasado a ser una de las salsas preferidas por todos para acompa\u00f1ar a nuestros platos?<\/span><\/p>\n<p>&nbsp;<\/p>\n<p style=\"text-align: justify;\"><a href=\"https://www.mnkvillas.com/blog\/wp-content\/uploads\/2015\/12\/11.jpg\" rel=\"attachment wp-att-969\"><img loading=\"lazy\" decoding=\"async\" class=\"aligncenter wp-image-969 size-full\" src=\"https://www.mnkvillas.com/blog\/wp-content\/uploads\/2015\/12\/11.jpg\" alt=\"Gastronom\u00eda de Menorca\" width=\"753\" height=\"543\" srcset=\"https://www.mnkvillas.com/blog\/wp-content\/uploads\/2015\/12\/11.jpg 753w, https://www.mnkvillas.com/blog\/wp-content\/uploads\/2015\/12\/11-300x216.jpg 300w\" sizes=\"auto, (max-width: 753px) 100vw, 753px\" \/><\/a><\/p>\n<p>&nbsp;<\/p>\n<p align=\"justify\"><span style=\"font-size: large;\">La gastronom\u00eda de Menorca es muy variada y en FITUR, con el objetivo de resaltar las extraordinarias cualidades gastron\u00f3micas menorquinas, se podr\u00e1 degustar una gran diversidad de productos t\u00edpicos de la isla. <\/span><\/p>\n<p>&nbsp;<\/p>\n<p align=\"justify\"><span style=\"font-size: large;\">Por otro lado, el hecho de que la isla est\u00e9 presente en FITUR hace que de alguna manera aparezcan representadas las villas de Menorca de MNKVillas. Aquel turista apasionado de la naturaleza, de la buena comida y de los paisajes de ensue\u00f1o tiene lugar no solo en Menorca, tambi\u00e9n en nuestras villas de Menorca. <\/span><\/p>\n<p>&nbsp;<\/p>\n<p align=\"justify\"><span style=\"font-size: large;\">MNKVillas est\u00e1 esperando candidatos como t\u00fa que quieran pasar sus vacaciones en alg\u00fan lugar diferente, en alg\u00fan rinc\u00f3n del mundo donde se ofrezca carisma, entretenimiento y diversi\u00f3n, donde tranquilidad y descanso tengan cabida y, en definitiva, en un destino sencillamente perfecto, en Menorca. <\/span><\/p>\n<p>&nbsp;<\/p>\n<p align=\"justify\"><span style=\"font-size: large;\">Si est\u00e1s por Madrid durante esos d\u00edas, p\u00e1sate por FITUR, merodea por los stands de Baleares y conoce un poco m\u00e1s de cerca una isla que no tiene desperdicio. <\/span><\/p>\n<p>&nbsp;<\/p>\n<p style=\"text-align: center;\"><a href=\"https://www.mnkvillas.com/blog\/wp-content\/uploads\/2016\/01\/ultima-mnkcillas.jpg\" rel=\"attachment wp-att-1056\"><img loading=\"lazy\" decoding=\"async\" class=\"aligncenter wp-image-1056 size-full\" src=\"https://www.mnkvillas.com/blog\/wp-content\/uploads\/2016\/01\/ultima-mnkcillas.jpg\" alt=\"Villas de Menorca\" width=\"800\" height=\"600\" srcset=\"https://www.mnkvillas.com/blog\/wp-content\/uploads\/2016\/01\/ultima-mnkcillas.jpg 800w, https://www.mnkvillas.com/blog\/wp-content\/uploads\/2016\/01\/ultima-mnkcillas-300x225.jpg 300w, https://www.mnkvillas.com/blog\/wp-content\/uploads\/2016\/01\/ultima-mnkcillas-768x576.jpg 768w\" sizes=\"auto, (max-width: 800px) 100vw, 800px\" \/><\/a><\/p>\n<p>&nbsp;<\/p>\n<p align=\"center\"><strong><span style=\"font-size: large;\">\u00a1Y no olvides que te esperamos en villas de Menorca como estas!<\/span><\/strong><\/p>\n","protected":false},"excerpt":{"rendered":"<p>Y las villas de Menorca de MNKVillas, \u00a1tambi\u00e9n! &nbsp; &nbsp; Durante los pr\u00f3ximos 20, 21, 22, 23 y 24 de enero se celebrar\u00e1 en Madrid la Feria Internacional del Turismo (FITUR), un evento de expectaci\u00f3n mundial y un punto de encuentro global para todos los profesionales de \u00e1mbito tur\u00edstico. En \u00e9l, agencias de viajes, compa\u00f1\u00edas &#8230; <a href=\"https://www.mnkvillas.com/blog\/menorca-estara-presente-en-fitur\">Continuar<\/a><\/p>\n","protected":false},"author":2,"featured_media":1055,"comment_status":"closed","ping_status":"open","sticky":false,"template":"","format":"standard","meta":{"footnotes":""},"categories":[9,11],"tags":[],"class_list":["post-1053","post","type-post","status-publish","format-standard","has-post-thumbnail","hentry","category-turismo-en-menorca","category-vacaciones-en-menorca"],"yoast_head":"<!-- This site is optimized with the Yoast SEO plugin v27.4 - https:\/\/yoast.com\/product\/yoast-seo-wordpress\/ -->\n<title>Menorca estar\u00e1 presente en FITUR - El Blog de MNK Villas<\/title>\n<meta name=\"robots\" content=\"index, follow, max-snippet:-1, max-image-preview:large, max-video-preview:-1\" \/>\n<link rel=\"canonical\" href=\"https://www.mnkvillas.com/blog\/menorca-estara-presente-en-fitur\" \/>\n<meta property=\"og:locale\" content=\"es_ES\" \/>\n<meta property=\"og:type\" content=\"article\" \/>\n<meta property=\"og:title\" content=\"Menorca estar\u00e1 presente en FITUR - El Blog de MNK Villas\" \/>\n<meta property=\"og:description\" content=\"Y las villas de Menorca de MNKVillas, \u00a1tambi\u00e9n! &nbsp; &nbsp; Durante los pr\u00f3ximos 20, 21, 22, 23 y 24 de enero se celebrar\u00e1 en Madrid la Feria Internacional del Turismo (FITUR), un evento de expectaci\u00f3n mundial y un punto de encuentro global para todos los profesionales de \u00e1mbito tur\u00edstico. En \u00e9l, agencias de viajes, compa\u00f1\u00edas ... Continuar\" \/>\n<meta property=\"og:url\" content=\"https://www.mnkvillas.com/blog\/menorca-estara-presente-en-fitur\" \/>\n<meta property=\"og:site_name\" content=\"El Blog de MNK Villas\" \/>\n<meta property=\"article:published_time\" content=\"2016-01-14T16:22:42+00:00\" \/>\n<meta property=\"article:modified_time\" content=\"2017-10-02T14:43:33+00:00\" \/>\n<meta property=\"og:image\" content=\"https://www.mnkvillas.com/blog\/wp-content\/uploads\/2016\/01\/menorca-1.jpg\" \/>\n\t<meta property=\"og:image:width\" content=\"960\" \/>\n\t<meta property=\"og:image:height\" content=\"640\" \/>\n\t<meta property=\"og:image:type\" content=\"image\/jpeg\" \/>\n<meta name=\"author\" content=\"MNK Villas\" \/>\n<meta name=\"twitter:card\" content=\"summary_large_image\" \/>\n<meta name=\"twitter:label1\" content=\"Escrito por\" \/>\n\t<meta name=\"twitter:data1\" content=\"MNK Villas\" \/>\n\t<meta name=\"twitter:label2\" content=\"Tiempo de lectura\" \/>\n\t<meta name=\"twitter:data2\" content=\"3 minutos\" \/>\n<script type=\"application\/ld+json\" class=\"yoast-schema-graph\">{\"@context\":\"https:\\\/\\\/schema.org\",\"@graph\":[{\"@type\":\"Article\",\"@id\":\"https:\\\/\\\/blog.mnkvillas.com\\\/menorca-estara-presente-en-fitur#article\",\"isPartOf\":{\"@id\":\"https:\\\/\\\/blog.mnkvillas.com\\\/menorca-estara-presente-en-fitur\"},\"author\":{\"name\":\"MNK Villas\",\"@id\":\"https:\\\/\\\/blog.mnkvillas.com\\\/#\\\/schema\\\/person\\\/5efebb89c1bdae18cb0ab6c4a34d438d\"},\"headline\":\"Menorca estar\u00e1 presente en FITUR\",\"datePublished\":\"2016-01-14T16:22:42+00:00\",\"dateModified\":\"2017-10-02T14:43:33+00:00\",\"mainEntityOfPage\":{\"@id\":\"https:\\\/\\\/blog.mnkvillas.com\\\/menorca-estara-presente-en-fitur\"},\"wordCount\":516,\"image\":{\"@id\":\"https:\\\/\\\/blog.mnkvillas.com\\\/menorca-estara-presente-en-fitur#primaryimage\"},\"thumbnailUrl\":\"https:\\\/\\\/blog.mnkvillas.com\\\/wp-content\\\/uploads\\\/2016\\\/01\\\/menorca-1.jpg\",\"articleSection\":[\"Turismo en Menorca\",\"Vacaciones en Menorca\"],\"inLanguage\":\"es\"},{\"@type\":\"WebPage\",\"@id\":\"https:\\\/\\\/blog.mnkvillas.com\\\/menorca-estara-presente-en-fitur\",\"url\":\"https:\\\/\\\/blog.mnkvillas.com\\\/menorca-estara-presente-en-fitur\",\"name\":\"Menorca estar\u00e1 presente en FITUR - El Blog de MNK Villas\",\"isPartOf\":{\"@id\":\"https:\\\/\\\/blog.mnkvillas.com\\\/#website\"},\"primaryImageOfPage\":{\"@id\":\"https:\\\/\\\/blog.mnkvillas.com\\\/menorca-estara-presente-en-fitur#primaryimage\"},\"image\":{\"@id\":\"https:\\\/\\\/blog.mnkvillas.com\\\/menorca-estara-presente-en-fitur#primaryimage\"},\"thumbnailUrl\":\"https:\\\/\\\/blog.mnkvillas.com\\\/wp-content\\\/uploads\\\/2016\\\/01\\\/menorca-1.jpg\",\"datePublished\":\"2016-01-14T16:22:42+00:00\",\"dateModified\":\"2017-10-02T14:43:33+00:00\",\"author\":{\"@id\":\"https:\\\/\\\/blog.mnkvillas.com\\\/#\\\/schema\\\/person\\\/5efebb89c1bdae18cb0ab6c4a34d438d\"},\"breadcrumb\":{\"@id\":\"https:\\\/\\\/blog.mnkvillas.com\\\/menorca-estara-presente-en-fitur#breadcrumb\"},\"inLanguage\":\"es\",\"potentialAction\":[{\"@type\":\"ReadAction\",\"target\":[\"https:\\\/\\\/blog.mnkvillas.com\\\/menorca-estara-presente-en-fitur\"]}]},{\"@type\":\"ImageObject\",\"inLanguage\":\"es\",\"@id\":\"https:\\\/\\\/blog.mnkvillas.com\\\/menorca-estara-presente-en-fitur#primaryimage\",\"url\":\"https:\\\/\\\/blog.mnkvillas.com\\\/wp-content\\\/uploads\\\/2016\\\/01\\\/menorca-1.jpg\",\"contentUrl\":\"https:\\\/\\\/blog.mnkvillas.com\\\/wp-content\\\/uploads\\\/2016\\\/01\\\/menorca-1.jpg\",\"width\":960,\"height\":640,\"caption\":\"Villas de Menorca\"},{\"@type\":\"BreadcrumbList\",\"@id\":\"https:\\\/\\\/blog.mnkvillas.com\\\/menorca-estara-presente-en-fitur#breadcrumb\",\"itemListElement\":[{\"@type\":\"ListItem\",\"position\":1,\"name\":\"Portada\",\"item\":\"https:\\\/\\\/blog.mnkvillas.com\\\/\"},{\"@type\":\"ListItem\",\"position\":2,\"name\":\"Menorca estar\u00e1 presente en FITUR\"}]},{\"@type\":\"WebSite\",\"@id\":\"https:\\\/\\\/blog.mnkvillas.com\\\/#website\",\"url\":\"https:\\\/\\\/blog.mnkvillas.com\\\/\",\"name\":\"El Blog de MNK Villas\",\"description\":\"Gesti\u00f3n y comercializaci\u00f3n de casas y villas en Menorca\",\"potentialAction\":[{\"@type\":\"SearchAction\",\"target\":{\"@type\":\"EntryPoint\",\"urlTemplate\":\"https:\\\/\\\/blog.mnkvillas.com\\\/?s={search_term_string}\"},\"query-input\":{\"@type\":\"PropertyValueSpecification\",\"valueRequired\":true,\"valueName\":\"search_term_string\"}}],\"inLanguage\":\"es\"},{\"@type\":\"Person\",\"@id\":\"https:\\\/\\\/blog.mnkvillas.com\\\/#\\\/schema\\\/person\\\/5efebb89c1bdae18cb0ab6c4a34d438d\",\"name\":\"MNK Villas\",\"image\":{\"@type\":\"ImageObject\",\"inLanguage\":\"es\",\"@id\":\"https:\\\/\\\/secure.gravatar.com\\\/avatar\\\/32fd5f16b06bfc66336905f2701aff5bb0df631080894bd3d84147be1c1a1ac8?s=96&d=mm&r=g\",\"url\":\"https:\\\/\\\/secure.gravatar.com\\\/avatar\\\/32fd5f16b06bfc66336905f2701aff5bb0df631080894bd3d84147be1c1a1ac8?s=96&d=mm&r=g\",\"contentUrl\":\"https:\\\/\\\/secure.gravatar.com\\\/avatar\\\/32fd5f16b06bfc66336905f2701aff5bb0df631080894bd3d84147be1c1a1ac8?s=96&d=mm&r=g\",\"caption\":\"MNK Villas\"},\"url\":\"https:\\\/\\\/blog.mnkvillas.com\\\/author\\\/mnk-villas\"}]}<\/script>\n<!-- \/ Yoast SEO plugin. -->","yoast_head_json":{"title":"Menorca estar\u00e1 presente en FITUR - El Blog de MNK Villas","robots":{"index":"index","follow":"follow","max-snippet":"max-snippet:-1","max-image-preview":"max-image-preview:large","max-video-preview":"max-video-preview:-1"},"canonical":"https://www.mnkvillas.com/blog\/menorca-estara-presente-en-fitur","og_locale":"es_ES","og_type":"article","og_title":"Menorca estar\u00e1 presente en FITUR - El Blog de MNK Villas","og_description":"Y las villas de Menorca de MNKVillas, \u00a1tambi\u00e9n! &nbsp; &nbsp; Durante los pr\u00f3ximos 20, 21, 22, 23 y 24 de enero se celebrar\u00e1 en Madrid la Feria Internacional del Turismo (FITUR), un evento de expectaci\u00f3n mundial y un punto de encuentro global para todos los profesionales de \u00e1mbito tur\u00edstico. En \u00e9l, agencias de viajes, compa\u00f1\u00edas ... Continuar","og_url":"https://www.mnkvillas.com/blog\/menorca-estara-presente-en-fitur","og_site_name":"El Blog de MNK Villas","article_published_time":"2016-01-14T16:22:42+00:00","article_modified_time":"2017-10-02T14:43:33+00:00","og_image":[{"width":960,"height":640,"url":"https://www.mnkvillas.com/blog\/wp-content\/uploads\/2016\/01\/menorca-1.jpg","type":"image\/jpeg"}],"author":"MNK Villas","twitter_card":"summary_large_image","twitter_misc":{"Escrito por":"MNK Villas","Tiempo de lectura":"3 minutos"},"schema":{"@context":"https:\/\/schema.org","@graph":[{"@type":"Article","@id":"https://www.mnkvillas.com/blog\/menorca-estara-presente-en-fitur#article","isPartOf":{"@id":"https://www.mnkvillas.com/blog\/menorca-estara-presente-en-fitur"},"author":{"name":"MNK Villas","@id":"https://www.mnkvillas.com/blog\/#\/schema\/person\/5efebb89c1bdae18cb0ab6c4a34d438d"},"headline":"Menorca estar\u00e1 presente en FITUR","datePublished":"2016-01-14T16:22:42+00:00","dateModified":"2017-10-02T14:43:33+00:00","mainEntityOfPage":{"@id":"https://www.mnkvillas.com/blog\/menorca-estara-presente-en-fitur"},"wordCount":516,"image":{"@id":"https://www.mnkvillas.com/blog\/menorca-estara-presente-en-fitur#primaryimage"},"thumbnailUrl":"https://www.mnkvillas.com/blog\/wp-content\/uploads\/2016\/01\/menorca-1.jpg","articleSection":["Turismo en Menorca","Vacaciones en Menorca"],"inLanguage":"es"},{"@type":"WebPage","@id":"https://www.mnkvillas.com/blog\/menorca-estara-presente-en-fitur","url":"https://www.mnkvillas.com/blog\/menorca-estara-presente-en-fitur","name":"Menorca estar\u00e1 presente en FITUR - El Blog de MNK Villas","isPartOf":{"@id":"https://www.mnkvillas.com/blog\/#website"},"primaryImageOfPage":{"@id":"https://www.mnkvillas.com/blog\/menorca-estara-presente-en-fitur#primaryimage"},"image":{"@id":"https://www.mnkvillas.com/blog\/menorca-estara-presente-en-fitur#primaryimage"},"thumbnailUrl":"https://www.mnkvillas.com/blog\/wp-content\/uploads\/2016\/01\/menorca-1.jpg","datePublished":"2016-01-14T16:22:42+00:00","dateModified":"2017-10-02T14:43:33+00:00","author":{"@id":"https://www.mnkvillas.com/blog\/#\/schema\/person\/5efebb89c1bdae18cb0ab6c4a34d438d"},"breadcrumb":{"@id":"https://www.mnkvillas.com/blog\/menorca-estara-presente-en-fitur#breadcrumb"},"inLanguage":"es","potentialAction":[{"@type":"ReadAction","target":["https://www.mnkvillas.com/blog\/menorca-estara-presente-en-fitur"]}]},{"@type":"ImageObject","inLanguage":"es","@id":"https://www.mnkvillas.com/blog\/menorca-estara-presente-en-fitur#primaryimage","url":"https://www.mnkvillas.com/blog\/wp-content\/uploads\/2016\/01\/menorca-1.jpg","contentUrl":"https://www.mnkvillas.com/blog\/wp-content\/uploads\/2016\/01\/menorca-1.jpg","width":960,"height":640,"caption":"Villas de Menorca"},{"@type":"BreadcrumbList","@id":"https://www.mnkvillas.com/blog\/menorca-estara-presente-en-fitur#breadcrumb","itemListElement":[{"@type":"ListItem","position":1,"name":"Portada","item":"https://www.mnkvillas.com/blog\/"},{"@type":"ListItem","position":2,"name":"Menorca estar\u00e1 presente en FITUR"}]},{"@type":"WebSite","@id":"https://www.mnkvillas.com/blog\/#website","url":"https://www.mnkvillas.com/blog\/","name":"El Blog de MNK Villas","description":"Gesti\u00f3n y comercializaci\u00f3n de casas y villas en Menorca","potentialAction":[{"@type":"SearchAction","target":{"@type":"EntryPoint","urlTemplate":"https://www.mnkvillas.com/blog\/?s={search_term_string}"},"query-input":{"@type":"PropertyValueSpecification","valueRequired":true,"valueName":"search_term_string"}}],"inLanguage":"es"},{"@type":"Person","@id":"https://www.mnkvillas.com/blog\/#\/schema\/person\/5efebb89c1bdae18cb0ab6c4a34d438d","name":"MNK Villas","image":{"@type":"ImageObject","inLanguage":"es","@id":"https:\/\/secure.gravatar.com\/avatar\/32fd5f16b06bfc66336905f2701aff5bb0df631080894bd3d84147be1c1a1ac8?s=96&d=mm&r=g","url":"https:\/\/secure.gravatar.com\/avatar\/32fd5f16b06bfc66336905f2701aff5bb0df631080894bd3d84147be1c1a1ac8?s=96&d=mm&r=g","contentUrl":"https:\/\/secure.gravatar.com\/avatar\/32fd5f16b06bfc66336905f2701aff5bb0df631080894bd3d84147be1c1a1ac8?s=96&d=mm&r=g","caption":"MNK Villas"},"url":"https://www.mnkvillas.com/blog\/author\/mnk-villas"}]}},"_links":{"self":[{"href":"https://www.mnkvillas.com/blog\/wp-json\/wp\/v2\/posts\/1053","targetHints":{"allow":["GET"]}}],"collection":[{"href":"https://www.mnkvillas.com/blog\/wp-json\/wp\/v2\/posts"}],"about":[{"href":"https://www.mnkvillas.com/blog\/wp-json\/wp\/v2\/types\/post"}],"author":[{"embeddable":true,"href":"https://www.mnkvillas.com/blog\/wp-json\/wp\/v2\/users\/2"}],"replies":[{"embeddable":true,"href":"https://www.mnkvillas.com/blog\/wp-json\/wp\/v2\/comments?post=1053"}],"version-history":[{"count":9,"href":"https://www.mnkvillas.com/blog\/wp-json\/wp\/v2\/posts\/1053\/revisions"}],"predecessor-version":[{"id":2364,"href":"https://www.mnkvillas.com/blog\/wp-json\/wp\/v2\/posts\/1053\/revisions\/2364"}],"wp:featuredmedia":[{"embeddable":true,"href":"https://www.mnkvillas.com/blog\/wp-json\/wp\/v2\/media\/1055"}],"wp:attachment":[{"href":"https://www.mnkvillas.com/blog\/wp-json\/wp\/v2\/media?parent=1053"}],"wp:term":[{"taxonomy":"category","embeddable":true,"href":"https://www.mnkvillas.com/blog\/wp-json\/wp\/v2\/categories?post=1053"},{"taxonomy":"post_tag","embeddable":true,"href":"https://www.mnkvillas.com/blog\/wp-json\/wp\/v2\/tags?post=1053"}],"curies":[{"name":"wp","href":"https:\/\/api.w.org\/{rel}","templated":true}]}}