{"id":1017,"date":"2015-12-23T16:58:32","date_gmt":"2015-12-23T16:58:32","guid":{"rendered":"https://www.mnkvillas.com/blog\/?p=1017"},"modified":"2017-10-02T14:37:26","modified_gmt":"2017-10-02T14:37:26","slug":"primeras-vacaciones-del-ano-en-una-de-las-villas-en-menorca","status":"publish","type":"post","link":"https://www.mnkvillas.com/blog\/primeras-vacaciones-del-ano-en-una-de-las-villas-en-menorca","title":{"rendered":"\u00bfPrimeras vacaciones del a\u00f1o? \u00a1en una de las villas en Menorca!"},"content":{"rendered":"<p style=\"text-align: center;\" align=\"justify\"><strong>P\u00eddeselo a los Reyes Magos \u00a1y disfruta en Baleares!<\/strong><\/p>\n<p>&nbsp;<\/p>\n<p><a href=\"https://www.mnkvillas.com/blog\/wp-content\/uploads\/2015\/12\/Imagen-introduccion-MNKVillas.jpg\" rel=\"attachment wp-att-1018\"><img loading=\"lazy\" decoding=\"async\" class=\"aligncenter size-full wp-image-1018\" src=\"https://www.mnkvillas.com/blog\/wp-content\/uploads\/2015\/12\/Imagen-introduccion-MNKVillas.jpg\" alt=\"Villas en Menorca\" width=\"800\" height=\"600\" srcset=\"https://www.mnkvillas.com/blog\/wp-content\/uploads\/2015\/12\/Imagen-introduccion-MNKVillas.jpg 800w, https://www.mnkvillas.com/blog\/wp-content\/uploads\/2015\/12\/Imagen-introduccion-MNKVillas-300x225.jpg 300w, https://www.mnkvillas.com/blog\/wp-content\/uploads\/2015\/12\/Imagen-introduccion-MNKVillas-768x576.jpg 768w\" sizes=\"auto, (max-width: 800px) 100vw, 800px\" \/><\/a><\/p>\n<p>&nbsp;<\/p>\n<p align=\"justify\"><span style=\"font-size: medium;\">En enero, todav\u00eda hay quienes salen de vacaciones. Y no, no se trata precisamente de las vacaciones del nuevo a\u00f1o 2016, sino que, quienes disfrutan de su merecido descanso en enero son m\u00e1s bien aquellos a los que les quedan d\u00edas libres, d\u00edas que seguramente querr\u00e1n aprovechar para hacer esas cositas que habitualmente no pueden hacer, entre ellas, darse el capricho de viajar. \u00bfY qu\u00e9 mejor lugar al que trasladarse por unos d\u00edas que las Baleares?, \u00bfy qu\u00e9 mejor que alojarse en unas <strong><a href=\"http:\/\/www.mnkvillas.com\/\" target=\"_blank\" rel=\"noopener\">villas en Menorca<\/a><\/strong> de aut\u00e9ntico lujo?<br \/>\n<\/span><\/p>\n<p>&nbsp;<\/p>\n<p align=\"justify\"><span style=\"font-size: medium;\">Y si no&#8230; imag\u00ednate tus primeras vacaciones del a\u00f1o as\u00ed: <\/span><\/p>\n<p>&nbsp;<\/p>\n<p><a href=\"https://www.mnkvillas.com/blog\/wp-content\/uploads\/2015\/12\/Imagen-1-MNKVillas.jpg\" rel=\"attachment wp-att-1019\"><img loading=\"lazy\" decoding=\"async\" class=\"aligncenter size-full wp-image-1019\" src=\"https://www.mnkvillas.com/blog\/wp-content\/uploads\/2015\/12\/Imagen-1-MNKVillas.jpg\" alt=\"Villas en Menorca\" width=\"800\" height=\"600\" srcset=\"https://www.mnkvillas.com/blog\/wp-content\/uploads\/2015\/12\/Imagen-1-MNKVillas.jpg 800w, https://www.mnkvillas.com/blog\/wp-content\/uploads\/2015\/12\/Imagen-1-MNKVillas-300x225.jpg 300w, https://www.mnkvillas.com/blog\/wp-content\/uploads\/2015\/12\/Imagen-1-MNKVillas-768x576.jpg 768w\" sizes=\"auto, (max-width: 800px) 100vw, 800px\" \/><\/a><\/p>\n<p>&nbsp;<\/p>\n<p align=\"justify\"><span style=\"font-size: medium;\">En un rinc\u00f3n de Menorca, en un entorno tan entra\u00f1able como seductor, se encuentra el segundo puerto natural m\u00e1s grande del mundo. Imagina despertar en una zona privilegiada del Puerto de Mah\u00f3n. Imagina despertar y tener, a tus pies, una peque\u00f1a cala en donde t\u00fa y tus acompa\u00f1antes podr\u00e1n tomar el desayuno pl\u00e1cidamente. Un amanecer con unas vistas de esc\u00e1ndalo desde la Villa de lujo Port Palmera no tiene precio. <\/span><\/p>\n<p>&nbsp;<\/p>\n<p><a href=\"https://www.mnkvillas.com/blog\/wp-content\/uploads\/2015\/12\/Imagen-2-MNKVillas.jpg\" rel=\"attachment wp-att-1020\"><img loading=\"lazy\" decoding=\"async\" class=\"aligncenter size-full wp-image-1020\" src=\"https://www.mnkvillas.com/blog\/wp-content\/uploads\/2015\/12\/Imagen-2-MNKVillas.jpg\" alt=\"Villas en Menorca\" width=\"800\" height=\"600\" srcset=\"https://www.mnkvillas.com/blog\/wp-content\/uploads\/2015\/12\/Imagen-2-MNKVillas.jpg 800w, https://www.mnkvillas.com/blog\/wp-content\/uploads\/2015\/12\/Imagen-2-MNKVillas-300x225.jpg 300w, https://www.mnkvillas.com/blog\/wp-content\/uploads\/2015\/12\/Imagen-2-MNKVillas-768x576.jpg 768w\" sizes=\"auto, (max-width: 800px) 100vw, 800px\" \/><\/a><\/p>\n<p>&nbsp;<\/p>\n<p align=\"justify\"><span style=\"font-size: medium;\">Ya desayunados y si el tiempo te lo permite, imag\u00ednate disfrutando de un ba\u00f1o en este espectacular espacio privado. Tendr\u00e1s una piscina en la que poder relajarte. Al salir, tendr\u00e1s una tumbona en la que poder sentarte a tomar el sol. \u00a1Un poco de vitamina C nunca viene mal! Y encima, seguir\u00e1s teniendo unas vistas maravillosas. <\/span><\/p>\n<p>&nbsp;<\/p>\n<p><a href=\"https://www.mnkvillas.com/blog\/wp-content\/uploads\/2015\/12\/Imagen-3-MNKVillas.jpg\" rel=\"attachment wp-att-1021\"><img loading=\"lazy\" decoding=\"async\" class=\"aligncenter size-full wp-image-1021\" src=\"https://www.mnkvillas.com/blog\/wp-content\/uploads\/2015\/12\/Imagen-3-MNKVillas.jpg\" alt=\"Villas en Menorca\" width=\"800\" height=\"600\" srcset=\"https://www.mnkvillas.com/blog\/wp-content\/uploads\/2015\/12\/Imagen-3-MNKVillas.jpg 800w, https://www.mnkvillas.com/blog\/wp-content\/uploads\/2015\/12\/Imagen-3-MNKVillas-300x225.jpg 300w, https://www.mnkvillas.com/blog\/wp-content\/uploads\/2015\/12\/Imagen-3-MNKVillas-768x576.jpg 768w\" sizes=\"auto, (max-width: 800px) 100vw, 800px\" \/><\/a><\/p>\n<p>&nbsp;<\/p>\n<p align=\"justify\"><span style=\"font-size: medium;\">\u00bfQue hace mucho calor?, \u00bfque te has cansado de estar en la piscina?, \u00bfque te apetece ver una pel\u00edcula o simplemente conversar con tus acompa\u00f1antes mientras toman algo? He aqu\u00ed un espacio ideal para hacerlo. El sal\u00f3n de la Villa Port Palmera es amplio, sus tonos blanquecinos inspiran tranquilidad y sus preciosas vistas al mar te llevan a un mundo diferente donde creer\u00e1s estar viviendo una realidad paralela de ensue\u00f1o. <\/span><\/p>\n<p>&nbsp;<\/p>\n<p><a href=\"https://www.mnkvillas.com/blog\/wp-content\/uploads\/2015\/12\/Imagen-4-MNKVillas.jpg\" rel=\"attachment wp-att-1023\"><img loading=\"lazy\" decoding=\"async\" class=\"aligncenter size-full wp-image-1023\" src=\"https://www.mnkvillas.com/blog\/wp-content\/uploads\/2015\/12\/Imagen-4-MNKVillas.jpg\" alt=\"Villas en Menorca\" width=\"800\" height=\"600\" srcset=\"https://www.mnkvillas.com/blog\/wp-content\/uploads\/2015\/12\/Imagen-4-MNKVillas.jpg 800w, https://www.mnkvillas.com/blog\/wp-content\/uploads\/2015\/12\/Imagen-4-MNKVillas-300x225.jpg 300w, https://www.mnkvillas.com/blog\/wp-content\/uploads\/2015\/12\/Imagen-4-MNKVillas-768x576.jpg 768w\" sizes=\"auto, (max-width: 800px) 100vw, 800px\" \/><\/a><\/p>\n<p>&nbsp;<\/p>\n<p align=\"justify\"><span style=\"font-size: medium;\">En tu viaje imaginario, ya entrada la tarde, encontrar\u00e1s un lugar para tu intimidad, un sitio donde trasladar tu mente y sumergirte en una historia que no es tuya, pero que sientes como tal. Porque disfrutar de una lectura profunda es muy f\u00e1cil teniendo a mano un espacio chill out como este. Porque leer aqu\u00ed te permitir\u00e1 despejarte como nunca antes lo hayas hecho.<\/span><\/p>\n<p>&nbsp;<\/p>\n<p><a href=\"https://www.mnkvillas.com/blog\/wp-content\/uploads\/2015\/12\/Imagen-5-MNKVillas.jpg\" rel=\"attachment wp-att-1024\"><img loading=\"lazy\" decoding=\"async\" class=\"aligncenter size-full wp-image-1024\" src=\"https://www.mnkvillas.com/blog\/wp-content\/uploads\/2015\/12\/Imagen-5-MNKVillas.jpg\" alt=\"Villas en Menorca\" width=\"800\" height=\"600\" srcset=\"https://www.mnkvillas.com/blog\/wp-content\/uploads\/2015\/12\/Imagen-5-MNKVillas.jpg 800w, https://www.mnkvillas.com/blog\/wp-content\/uploads\/2015\/12\/Imagen-5-MNKVillas-300x225.jpg 300w, https://www.mnkvillas.com/blog\/wp-content\/uploads\/2015\/12\/Imagen-5-MNKVillas-768x576.jpg 768w\" sizes=\"auto, (max-width: 800px) 100vw, 800px\" \/><\/a><\/p>\n<p>&nbsp;<\/p>\n<p align=\"justify\"><span style=\"font-size: medium;\">Tras un recorrido por el puerto de Mah\u00f3n y por alg\u00fan pueblecito de Menorca donde seguramente te parar\u00e1s a degustar alguno de los platos t\u00edpicos de la isla, ya solo queda darse un ba\u00f1o. Pero es que una ducha no te sabr\u00e1 en ning\u00fan lugar del mundo como aqu\u00ed, donde todo es lujo y confort, donde relajarse es tan sumamente f\u00e1cil. <\/span><\/p>\n<p>&nbsp;<\/p>\n<p><a href=\"https://www.mnkvillas.com/blog\/wp-content\/uploads\/2015\/12\/Imagen-6-MNKVillas.jpg\" rel=\"attachment wp-att-1025\"><img loading=\"lazy\" decoding=\"async\" class=\"aligncenter size-full wp-image-1025\" src=\"https://www.mnkvillas.com/blog\/wp-content\/uploads\/2015\/12\/Imagen-6-MNKVillas.jpg\" alt=\"Villas en Menorca\" width=\"800\" height=\"600\" srcset=\"https://www.mnkvillas.com/blog\/wp-content\/uploads\/2015\/12\/Imagen-6-MNKVillas.jpg 800w, https://www.mnkvillas.com/blog\/wp-content\/uploads\/2015\/12\/Imagen-6-MNKVillas-300x225.jpg 300w, https://www.mnkvillas.com/blog\/wp-content\/uploads\/2015\/12\/Imagen-6-MNKVillas-768x576.jpg 768w\" sizes=\"auto, (max-width: 800px) 100vw, 800px\" \/><\/a><\/p>\n<p>&nbsp;<\/p>\n<p align=\"justify\"><span style=\"font-size: medium;\">Y hablando de descanso, es esta la habitaci\u00f3n en la que lo has estado haciendo durante tu viaje imaginario. Ahora despierta. Y empieza a organizar tu viaje para hacer realidad tu sue\u00f1o. <\/span><\/p>\n<p>&nbsp;<\/p>\n<p style=\"text-align: center;\" align=\"justify\"><strong>Te esperamos en una de las villas en Menorca de MNKVillas. <\/strong><\/p>\n<p style=\"text-align: center;\" align=\"justify\"><strong>Porque en ellas, tus sue\u00f1os se hacen realidad.<\/strong><\/p>\n<p>&nbsp;<\/p>\n","protected":false},"excerpt":{"rendered":"<p>P\u00eddeselo a los Reyes Magos \u00a1y disfruta en Baleares! &nbsp; &nbsp; En enero, todav\u00eda hay quienes salen de vacaciones. Y no, no se trata precisamente de las vacaciones del nuevo a\u00f1o 2016, sino que, quienes disfrutan de su merecido descanso en enero son m\u00e1s bien aquellos a los que les quedan d\u00edas libres, d\u00edas que &#8230; <a href=\"https://www.mnkvillas.com/blog\/primeras-vacaciones-del-ano-en-una-de-las-villas-en-menorca\">Continuar<\/a><\/p>\n","protected":false},"author":2,"featured_media":1019,"comment_status":"closed","ping_status":"open","sticky":false,"template":"","format":"standard","meta":{"footnotes":""},"categories":[8],"tags":[],"class_list":["post-1017","post","type-post","status-publish","format-standard","has-post-thumbnail","hentry","category-villas-de-lujo-en-menorca"],"yoast_head":"<!-- This site is optimized with the Yoast SEO plugin v27.4 - https:\/\/yoast.com\/product\/yoast-seo-wordpress\/ -->\n<title>\u00bfPrimeras vacaciones del a\u00f1o? \u00a1en una de las villas en Menorca! - El Blog de MNK Villas<\/title>\n<meta name=\"robots\" content=\"index, follow, max-snippet:-1, max-image-preview:large, max-video-preview:-1\" \/>\n<link rel=\"canonical\" href=\"https://www.mnkvillas.com/blog\/primeras-vacaciones-del-ano-en-una-de-las-villas-en-menorca\" \/>\n<meta property=\"og:locale\" content=\"es_ES\" \/>\n<meta property=\"og:type\" content=\"article\" \/>\n<meta property=\"og:title\" content=\"\u00bfPrimeras vacaciones del a\u00f1o? \u00a1en una de las villas en Menorca! - El Blog de MNK Villas\" \/>\n<meta property=\"og:description\" content=\"P\u00eddeselo a los Reyes Magos \u00a1y disfruta en Baleares! &nbsp; &nbsp; En enero, todav\u00eda hay quienes salen de vacaciones. Y no, no se trata precisamente de las vacaciones del nuevo a\u00f1o 2016, sino que, quienes disfrutan de su merecido descanso en enero son m\u00e1s bien aquellos a los que les quedan d\u00edas libres, d\u00edas que ... Continuar\" \/>\n<meta property=\"og:url\" content=\"https://www.mnkvillas.com/blog\/primeras-vacaciones-del-ano-en-una-de-las-villas-en-menorca\" \/>\n<meta property=\"og:site_name\" content=\"El Blog de MNK Villas\" \/>\n<meta property=\"article:published_time\" content=\"2015-12-23T16:58:32+00:00\" \/>\n<meta property=\"article:modified_time\" content=\"2017-10-02T14:37:26+00:00\" \/>\n<meta property=\"og:image\" content=\"https://www.mnkvillas.com/blog\/wp-content\/uploads\/2015\/12\/Imagen-1-MNKVillas.jpg\" \/>\n\t<meta property=\"og:image:width\" content=\"800\" \/>\n\t<meta property=\"og:image:height\" content=\"600\" \/>\n\t<meta property=\"og:image:type\" content=\"image\/jpeg\" \/>\n<meta name=\"author\" content=\"MNK Villas\" \/>\n<meta name=\"twitter:card\" content=\"summary_large_image\" \/>\n<meta name=\"twitter:label1\" content=\"Escrito por\" \/>\n\t<meta name=\"twitter:data1\" content=\"MNK Villas\" \/>\n\t<meta name=\"twitter:label2\" content=\"Tiempo de lectura\" \/>\n\t<meta name=\"twitter:data2\" content=\"3 minutos\" \/>\n<script type=\"application\/ld+json\" class=\"yoast-schema-graph\">{\"@context\":\"https:\\\/\\\/schema.org\",\"@graph\":[{\"@type\":\"Article\",\"@id\":\"https:\\\/\\\/blog.mnkvillas.com\\\/primeras-vacaciones-del-ano-en-una-de-las-villas-en-menorca#article\",\"isPartOf\":{\"@id\":\"https:\\\/\\\/blog.mnkvillas.com\\\/primeras-vacaciones-del-ano-en-una-de-las-villas-en-menorca\"},\"author\":{\"name\":\"MNK Villas\",\"@id\":\"https:\\\/\\\/blog.mnkvillas.com\\\/#\\\/schema\\\/person\\\/5efebb89c1bdae18cb0ab6c4a34d438d\"},\"headline\":\"\u00bfPrimeras vacaciones del a\u00f1o? \u00a1en una de las villas en Menorca!\",\"datePublished\":\"2015-12-23T16:58:32+00:00\",\"dateModified\":\"2017-10-02T14:37:26+00:00\",\"mainEntityOfPage\":{\"@id\":\"https:\\\/\\\/blog.mnkvillas.com\\\/primeras-vacaciones-del-ano-en-una-de-las-villas-en-menorca\"},\"wordCount\":550,\"image\":{\"@id\":\"https:\\\/\\\/blog.mnkvillas.com\\\/primeras-vacaciones-del-ano-en-una-de-las-villas-en-menorca#primaryimage\"},\"thumbnailUrl\":\"https:\\\/\\\/blog.mnkvillas.com\\\/wp-content\\\/uploads\\\/2015\\\/12\\\/Imagen-1-MNKVillas.jpg\",\"articleSection\":[\"Villas de lujo en Menorca\"],\"inLanguage\":\"es\"},{\"@type\":\"WebPage\",\"@id\":\"https:\\\/\\\/blog.mnkvillas.com\\\/primeras-vacaciones-del-ano-en-una-de-las-villas-en-menorca\",\"url\":\"https:\\\/\\\/blog.mnkvillas.com\\\/primeras-vacaciones-del-ano-en-una-de-las-villas-en-menorca\",\"name\":\"\u00bfPrimeras vacaciones del a\u00f1o? \u00a1en una de las villas en Menorca! - El Blog de MNK Villas\",\"isPartOf\":{\"@id\":\"https:\\\/\\\/blog.mnkvillas.com\\\/#website\"},\"primaryImageOfPage\":{\"@id\":\"https:\\\/\\\/blog.mnkvillas.com\\\/primeras-vacaciones-del-ano-en-una-de-las-villas-en-menorca#primaryimage\"},\"image\":{\"@id\":\"https:\\\/\\\/blog.mnkvillas.com\\\/primeras-vacaciones-del-ano-en-una-de-las-villas-en-menorca#primaryimage\"},\"thumbnailUrl\":\"https:\\\/\\\/blog.mnkvillas.com\\\/wp-content\\\/uploads\\\/2015\\\/12\\\/Imagen-1-MNKVillas.jpg\",\"datePublished\":\"2015-12-23T16:58:32+00:00\",\"dateModified\":\"2017-10-02T14:37:26+00:00\",\"author\":{\"@id\":\"https:\\\/\\\/blog.mnkvillas.com\\\/#\\\/schema\\\/person\\\/5efebb89c1bdae18cb0ab6c4a34d438d\"},\"breadcrumb\":{\"@id\":\"https:\\\/\\\/blog.mnkvillas.com\\\/primeras-vacaciones-del-ano-en-una-de-las-villas-en-menorca#breadcrumb\"},\"inLanguage\":\"es\",\"potentialAction\":[{\"@type\":\"ReadAction\",\"target\":[\"https:\\\/\\\/blog.mnkvillas.com\\\/primeras-vacaciones-del-ano-en-una-de-las-villas-en-menorca\"]}]},{\"@type\":\"ImageObject\",\"inLanguage\":\"es\",\"@id\":\"https:\\\/\\\/blog.mnkvillas.com\\\/primeras-vacaciones-del-ano-en-una-de-las-villas-en-menorca#primaryimage\",\"url\":\"https:\\\/\\\/blog.mnkvillas.com\\\/wp-content\\\/uploads\\\/2015\\\/12\\\/Imagen-1-MNKVillas.jpg\",\"contentUrl\":\"https:\\\/\\\/blog.mnkvillas.com\\\/wp-content\\\/uploads\\\/2015\\\/12\\\/Imagen-1-MNKVillas.jpg\",\"width\":800,\"height\":600,\"caption\":\"Villas en Menorca\"},{\"@type\":\"BreadcrumbList\",\"@id\":\"https:\\\/\\\/blog.mnkvillas.com\\\/primeras-vacaciones-del-ano-en-una-de-las-villas-en-menorca#breadcrumb\",\"itemListElement\":[{\"@type\":\"ListItem\",\"position\":1,\"name\":\"Portada\",\"item\":\"https:\\\/\\\/blog.mnkvillas.com\\\/\"},{\"@type\":\"ListItem\",\"position\":2,\"name\":\"\u00bfPrimeras vacaciones del a\u00f1o? \u00a1en una de las villas en Menorca!\"}]},{\"@type\":\"WebSite\",\"@id\":\"https:\\\/\\\/blog.mnkvillas.com\\\/#website\",\"url\":\"https:\\\/\\\/blog.mnkvillas.com\\\/\",\"name\":\"El Blog de MNK Villas\",\"description\":\"Gesti\u00f3n y comercializaci\u00f3n de casas y villas en Menorca\",\"potentialAction\":[{\"@type\":\"SearchAction\",\"target\":{\"@type\":\"EntryPoint\",\"urlTemplate\":\"https:\\\/\\\/blog.mnkvillas.com\\\/?s={search_term_string}\"},\"query-input\":{\"@type\":\"PropertyValueSpecification\",\"valueRequired\":true,\"valueName\":\"search_term_string\"}}],\"inLanguage\":\"es\"},{\"@type\":\"Person\",\"@id\":\"https:\\\/\\\/blog.mnkvillas.com\\\/#\\\/schema\\\/person\\\/5efebb89c1bdae18cb0ab6c4a34d438d\",\"name\":\"MNK Villas\",\"image\":{\"@type\":\"ImageObject\",\"inLanguage\":\"es\",\"@id\":\"https:\\\/\\\/secure.gravatar.com\\\/avatar\\\/32fd5f16b06bfc66336905f2701aff5bb0df631080894bd3d84147be1c1a1ac8?s=96&d=mm&r=g\",\"url\":\"https:\\\/\\\/secure.gravatar.com\\\/avatar\\\/32fd5f16b06bfc66336905f2701aff5bb0df631080894bd3d84147be1c1a1ac8?s=96&d=mm&r=g\",\"contentUrl\":\"https:\\\/\\\/secure.gravatar.com\\\/avatar\\\/32fd5f16b06bfc66336905f2701aff5bb0df631080894bd3d84147be1c1a1ac8?s=96&d=mm&r=g\",\"caption\":\"MNK Villas\"},\"url\":\"https:\\\/\\\/blog.mnkvillas.com\\\/author\\\/mnk-villas\"}]}<\/script>\n<!-- \/ Yoast SEO plugin. -->","yoast_head_json":{"title":"\u00bfPrimeras vacaciones del a\u00f1o? \u00a1en una de las villas en Menorca! - El Blog de MNK Villas","robots":{"index":"index","follow":"follow","max-snippet":"max-snippet:-1","max-image-preview":"max-image-preview:large","max-video-preview":"max-video-preview:-1"},"canonical":"https://www.mnkvillas.com/blog\/primeras-vacaciones-del-ano-en-una-de-las-villas-en-menorca","og_locale":"es_ES","og_type":"article","og_title":"\u00bfPrimeras vacaciones del a\u00f1o? \u00a1en una de las villas en Menorca! - El Blog de MNK Villas","og_description":"P\u00eddeselo a los Reyes Magos \u00a1y disfruta en Baleares! &nbsp; &nbsp; En enero, todav\u00eda hay quienes salen de vacaciones. Y no, no se trata precisamente de las vacaciones del nuevo a\u00f1o 2016, sino que, quienes disfrutan de su merecido descanso en enero son m\u00e1s bien aquellos a los que les quedan d\u00edas libres, d\u00edas que ... Continuar","og_url":"https://www.mnkvillas.com/blog\/primeras-vacaciones-del-ano-en-una-de-las-villas-en-menorca","og_site_name":"El Blog de MNK Villas","article_published_time":"2015-12-23T16:58:32+00:00","article_modified_time":"2017-10-02T14:37:26+00:00","og_image":[{"width":800,"height":600,"url":"https://www.mnkvillas.com/blog\/wp-content\/uploads\/2015\/12\/Imagen-1-MNKVillas.jpg","type":"image\/jpeg"}],"author":"MNK Villas","twitter_card":"summary_large_image","twitter_misc":{"Escrito por":"MNK Villas","Tiempo de lectura":"3 minutos"},"schema":{"@context":"https:\/\/schema.org","@graph":[{"@type":"Article","@id":"https://www.mnkvillas.com/blog\/primeras-vacaciones-del-ano-en-una-de-las-villas-en-menorca#article","isPartOf":{"@id":"https://www.mnkvillas.com/blog\/primeras-vacaciones-del-ano-en-una-de-las-villas-en-menorca"},"author":{"name":"MNK Villas","@id":"https://www.mnkvillas.com/blog\/#\/schema\/person\/5efebb89c1bdae18cb0ab6c4a34d438d"},"headline":"\u00bfPrimeras vacaciones del a\u00f1o? \u00a1en una de las villas en Menorca!","datePublished":"2015-12-23T16:58:32+00:00","dateModified":"2017-10-02T14:37:26+00:00","mainEntityOfPage":{"@id":"https://www.mnkvillas.com/blog\/primeras-vacaciones-del-ano-en-una-de-las-villas-en-menorca"},"wordCount":550,"image":{"@id":"https://www.mnkvillas.com/blog\/primeras-vacaciones-del-ano-en-una-de-las-villas-en-menorca#primaryimage"},"thumbnailUrl":"https://www.mnkvillas.com/blog\/wp-content\/uploads\/2015\/12\/Imagen-1-MNKVillas.jpg","articleSection":["Villas de lujo en Menorca"],"inLanguage":"es"},{"@type":"WebPage","@id":"https://www.mnkvillas.com/blog\/primeras-vacaciones-del-ano-en-una-de-las-villas-en-menorca","url":"https://www.mnkvillas.com/blog\/primeras-vacaciones-del-ano-en-una-de-las-villas-en-menorca","name":"\u00bfPrimeras vacaciones del a\u00f1o? \u00a1en una de las villas en Menorca! - El Blog de MNK Villas","isPartOf":{"@id":"https://www.mnkvillas.com/blog\/#website"},"primaryImageOfPage":{"@id":"https://www.mnkvillas.com/blog\/primeras-vacaciones-del-ano-en-una-de-las-villas-en-menorca#primaryimage"},"image":{"@id":"https://www.mnkvillas.com/blog\/primeras-vacaciones-del-ano-en-una-de-las-villas-en-menorca#primaryimage"},"thumbnailUrl":"https://www.mnkvillas.com/blog\/wp-content\/uploads\/2015\/12\/Imagen-1-MNKVillas.jpg","datePublished":"2015-12-23T16:58:32+00:00","dateModified":"2017-10-02T14:37:26+00:00","author":{"@id":"https://www.mnkvillas.com/blog\/#\/schema\/person\/5efebb89c1bdae18cb0ab6c4a34d438d"},"breadcrumb":{"@id":"https://www.mnkvillas.com/blog\/primeras-vacaciones-del-ano-en-una-de-las-villas-en-menorca#breadcrumb"},"inLanguage":"es","potentialAction":[{"@type":"ReadAction","target":["https://www.mnkvillas.com/blog\/primeras-vacaciones-del-ano-en-una-de-las-villas-en-menorca"]}]},{"@type":"ImageObject","inLanguage":"es","@id":"https://www.mnkvillas.com/blog\/primeras-vacaciones-del-ano-en-una-de-las-villas-en-menorca#primaryimage","url":"https://www.mnkvillas.com/blog\/wp-content\/uploads\/2015\/12\/Imagen-1-MNKVillas.jpg","contentUrl":"https://www.mnkvillas.com/blog\/wp-content\/uploads\/2015\/12\/Imagen-1-MNKVillas.jpg","width":800,"height":600,"caption":"Villas en Menorca"},{"@type":"BreadcrumbList","@id":"https://www.mnkvillas.com/blog\/primeras-vacaciones-del-ano-en-una-de-las-villas-en-menorca#breadcrumb","itemListElement":[{"@type":"ListItem","position":1,"name":"Portada","item":"https://www.mnkvillas.com/blog\/"},{"@type":"ListItem","position":2,"name":"\u00bfPrimeras vacaciones del a\u00f1o? \u00a1en una de las villas en Menorca!"}]},{"@type":"WebSite","@id":"https://www.mnkvillas.com/blog\/#website","url":"https://www.mnkvillas.com/blog\/","name":"El Blog de MNK Villas","description":"Gesti\u00f3n y comercializaci\u00f3n de casas y villas en Menorca","potentialAction":[{"@type":"SearchAction","target":{"@type":"EntryPoint","urlTemplate":"https://www.mnkvillas.com/blog\/?s={search_term_string}"},"query-input":{"@type":"PropertyValueSpecification","valueRequired":true,"valueName":"search_term_string"}}],"inLanguage":"es"},{"@type":"Person","@id":"https://www.mnkvillas.com/blog\/#\/schema\/person\/5efebb89c1bdae18cb0ab6c4a34d438d","name":"MNK Villas","image":{"@type":"ImageObject","inLanguage":"es","@id":"https:\/\/secure.gravatar.com\/avatar\/32fd5f16b06bfc66336905f2701aff5bb0df631080894bd3d84147be1c1a1ac8?s=96&d=mm&r=g","url":"https:\/\/secure.gravatar.com\/avatar\/32fd5f16b06bfc66336905f2701aff5bb0df631080894bd3d84147be1c1a1ac8?s=96&d=mm&r=g","contentUrl":"https:\/\/secure.gravatar.com\/avatar\/32fd5f16b06bfc66336905f2701aff5bb0df631080894bd3d84147be1c1a1ac8?s=96&d=mm&r=g","caption":"MNK Villas"},"url":"https://www.mnkvillas.com/blog\/author\/mnk-villas"}]}},"_links":{"self":[{"href":"https://www.mnkvillas.com/blog\/wp-json\/wp\/v2\/posts\/1017","targetHints":{"allow":["GET"]}}],"collection":[{"href":"https://www.mnkvillas.com/blog\/wp-json\/wp\/v2\/posts"}],"about":[{"href":"https://www.mnkvillas.com/blog\/wp-json\/wp\/v2\/types\/post"}],"author":[{"embeddable":true,"href":"https://www.mnkvillas.com/blog\/wp-json\/wp\/v2\/users\/2"}],"replies":[{"embeddable":true,"href":"https://www.mnkvillas.com/blog\/wp-json\/wp\/v2\/comments?post=1017"}],"version-history":[{"count":7,"href":"https://www.mnkvillas.com/blog\/wp-json\/wp\/v2\/posts\/1017\/revisions"}],"predecessor-version":[{"id":2360,"href":"https://www.mnkvillas.com/blog\/wp-json\/wp\/v2\/posts\/1017\/revisions\/2360"}],"wp:featuredmedia":[{"embeddable":true,"href":"https://www.mnkvillas.com/blog\/wp-json\/wp\/v2\/media\/1019"}],"wp:attachment":[{"href":"https://www.mnkvillas.com/blog\/wp-json\/wp\/v2\/media?parent=1017"}],"wp:term":[{"taxonomy":"category","embeddable":true,"href":"https://www.mnkvillas.com/blog\/wp-json\/wp\/v2\/categories?post=1017"},{"taxonomy":"post_tag","embeddable":true,"href":"https://www.mnkvillas.com/blog\/wp-json\/wp\/v2\/tags?post=1017"}],"curies":[{"name":"wp","href":"https:\/\/api.w.org\/{rel}","templated":true}]}}